{"id":37583,"date":"2024-10-20T05:22:38","date_gmt":"2024-10-20T03:22:38","guid":{"rendered":"https:\/\/www.rwg-bayreuth.de\/home\/?p=37583"},"modified":"2025-01-19T07:23:13","modified_gmt":"2025-01-19T06:23:13","slug":"weimarfahrt-der-deutschkurse","status":"publish","type":"post","link":"https:\/\/www.rwg-bayreuth.de\/home\/?p=37583","title":{"rendered":"Weimarfahrt der Deutschkurse"},"content":{"rendered":"<p><a href=\"https:\/\/www.rwg-bayreuth.de\/home\/wp-content\/uploads\/2024\/12\/24-25-Weihmarfahrt-Gruppenbild.jpg\"><img loading=\"lazy\" decoding=\"async\" src=\"https:\/\/www.rwg-bayreuth.de\/home\/wp-content\/uploads\/2024\/12\/24-25-Weihmarfahrt-Gruppenbild.jpg\" alt=\"\" width=\"1024\" height=\"459\" class=\"aligncenter size-full wp-image-37584 crop219bottom\" srcset=\"https:\/\/www.rwg-bayreuth.de\/home\/wp-content\/uploads\/2024\/12\/24-25-Weihmarfahrt-Gruppenbild.jpg 1024w, https:\/\/www.rwg-bayreuth.de\/home\/wp-content\/uploads\/2024\/12\/24-25-Weihmarfahrt-Gruppenbild-150x67.jpg 150w, https:\/\/www.rwg-bayreuth.de\/home\/wp-content\/uploads\/2024\/12\/24-25-Weihmarfahrt-Gruppenbild-450x202.jpg 450w, https:\/\/www.rwg-bayreuth.de\/home\/wp-content\/uploads\/2024\/12\/24-25-Weihmarfahrt-Gruppenbild-768x344.jpg 768w, https:\/\/www.rwg-bayreuth.de\/home\/wp-content\/uploads\/2024\/12\/24-25-Weihmarfahrt-Gruppenbild-250x112.jpg 250w\" sizes=\"(max-width: 1024px) 100vw, 1024px\" \/><\/a><\/p>\n<p>Strahlender Sonnenschein und angenehm warme Temperaturen begr\u00fc\u00dften die Sch\u00fclerinnen und Sch\u00fcler der Q12 und zwei Lehrerinnen, als sie am Freitag, den 18. Oktober, noch etwas verschlafen aus dem Bus stiegen. Vom modernen Atrium aus ging es direkt in die historische Altstadt und dort zum ber\u00fchmten Haus am Frauenplan. Goethes Wohnhaus, von dem der Dichter bereits zu Lebzeiten Pl\u00e4ne f\u00fcr eine sp\u00e4tere Nutzung als Museum gemacht hatte, konnte mit einem Audioguide individuell erkundet werden. Besonders beeindruckten dabei die bunten Farben in den gro\u00dfen R\u00e4umen sowie die vielen Kunstgegenst\u00e4nde und Sammlungen, welche die mannigfaltigen Interessen Goethes spiegeln. Das sch\u00f6ne Wetter lud im Anschluss daran noch zu einem l\u00e4ngeren Aufenthalt im Garten des Hauses ein.<\/p>\n<div class=\"su-image-carousel  clear su-image-carousel-columns-4 su-image-carousel-has-spacing su-image-carousel-crop su-image-carousel-crop-3-4 su-image-carousel-has-lightbox su-image-carousel-has-outline su-image-carousel-slides-style-minimal su-image-carousel-controls-style-light su-image-carousel-align-center\" style=\"\" data-flickity-options='{\"groupCells\":true,\"cellSelector\":\".su-image-carousel-item\",\"adaptiveHeight\":false,\"cellAlign\":\"left\",\"prevNextButtons\":true,\"pageDots\":false,\"autoPlay\":4000,\"imagesLoaded\":true,\"contain\":true,\"selectedAttraction\":0.025000000000000001,\"friction\":0.28000000000000003}' id=\"su_image_carousel_69f1ca1ce5c86\"><div class=\"su-image-carousel-item\"><div class=\"su-image-carousel-item-content\"><a href=\"https:\/\/www.rwg-bayreuth.de\/home\/wp-content\/uploads\/2024\/12\/24-25-Weihmarfahrt-Goethes-Wohnhaus-1.jpg\" data-caption=\"\"><img loading=\"lazy\" decoding=\"async\" width=\"768\" height=\"1024\" src=\"https:\/\/www.rwg-bayreuth.de\/home\/wp-content\/uploads\/2024\/12\/24-25-Weihmarfahrt-Goethes-Wohnhaus-1.jpg\" class=\"\" alt=\"\" srcset=\"https:\/\/www.rwg-bayreuth.de\/home\/wp-content\/uploads\/2024\/12\/24-25-Weihmarfahrt-Goethes-Wohnhaus-1.jpg 768w, https:\/\/www.rwg-bayreuth.de\/home\/wp-content\/uploads\/2024\/12\/24-25-Weihmarfahrt-Goethes-Wohnhaus-1-113x150.jpg 113w, https:\/\/www.rwg-bayreuth.de\/home\/wp-content\/uploads\/2024\/12\/24-25-Weihmarfahrt-Goethes-Wohnhaus-1-338x450.jpg 338w, https:\/\/www.rwg-bayreuth.de\/home\/wp-content\/uploads\/2024\/12\/24-25-Weihmarfahrt-Goethes-Wohnhaus-1-250x333.jpg 250w\" sizes=\"(max-width: 768px) 100vw, 768px\" \/><\/a><\/div><\/div><div class=\"su-image-carousel-item\"><div class=\"su-image-carousel-item-content\"><a href=\"https:\/\/www.rwg-bayreuth.de\/home\/wp-content\/uploads\/2024\/12\/24-25-Weihmarfahrt-Goethes-Wohnhaus-2.jpg\" data-caption=\"\"><img loading=\"lazy\" decoding=\"async\" width=\"459\" height=\"1024\" src=\"https:\/\/www.rwg-bayreuth.de\/home\/wp-content\/uploads\/2024\/12\/24-25-Weihmarfahrt-Goethes-Wohnhaus-2.jpg\" class=\"\" alt=\"\" srcset=\"https:\/\/www.rwg-bayreuth.de\/home\/wp-content\/uploads\/2024\/12\/24-25-Weihmarfahrt-Goethes-Wohnhaus-2.jpg 459w, https:\/\/www.rwg-bayreuth.de\/home\/wp-content\/uploads\/2024\/12\/24-25-Weihmarfahrt-Goethes-Wohnhaus-2-67x150.jpg 67w, https:\/\/www.rwg-bayreuth.de\/home\/wp-content\/uploads\/2024\/12\/24-25-Weihmarfahrt-Goethes-Wohnhaus-2-202x450.jpg 202w, https:\/\/www.rwg-bayreuth.de\/home\/wp-content\/uploads\/2024\/12\/24-25-Weihmarfahrt-Goethes-Wohnhaus-2-250x558.jpg 250w\" sizes=\"(max-width: 459px) 100vw, 459px\" \/><\/a><\/div><\/div><div class=\"su-image-carousel-item\"><div class=\"su-image-carousel-item-content\"><a href=\"https:\/\/www.rwg-bayreuth.de\/home\/wp-content\/uploads\/2024\/12\/24-25-Weihmarfahrt-Geologische-Sammlung.jpg\" data-caption=\"\"><img loading=\"lazy\" decoding=\"async\" width=\"826\" height=\"1024\" src=\"https:\/\/www.rwg-bayreuth.de\/home\/wp-content\/uploads\/2024\/12\/24-25-Weihmarfahrt-Geologische-Sammlung.jpg\" class=\"\" alt=\"\" srcset=\"https:\/\/www.rwg-bayreuth.de\/home\/wp-content\/uploads\/2024\/12\/24-25-Weihmarfahrt-Geologische-Sammlung.jpg 826w, https:\/\/www.rwg-bayreuth.de\/home\/wp-content\/uploads\/2024\/12\/24-25-Weihmarfahrt-Geologische-Sammlung-121x150.jpg 121w, https:\/\/www.rwg-bayreuth.de\/home\/wp-content\/uploads\/2024\/12\/24-25-Weihmarfahrt-Geologische-Sammlung-363x450.jpg 363w, https:\/\/www.rwg-bayreuth.de\/home\/wp-content\/uploads\/2024\/12\/24-25-Weihmarfahrt-Geologische-Sammlung-768x952.jpg 768w, https:\/\/www.rwg-bayreuth.de\/home\/wp-content\/uploads\/2024\/12\/24-25-Weihmarfahrt-Geologische-Sammlung-250x310.jpg 250w\" sizes=\"(max-width: 826px) 100vw, 826px\" \/><\/a><\/div><\/div><div class=\"su-image-carousel-item\"><div class=\"su-image-carousel-item-content\"><a href=\"https:\/\/www.rwg-bayreuth.de\/home\/wp-content\/uploads\/2024\/12\/24-25-Weihmarfahrt-Goethes-Arbeitszimmer.jpg\" data-caption=\"\"><img loading=\"lazy\" decoding=\"async\" width=\"768\" height=\"1024\" src=\"https:\/\/www.rwg-bayreuth.de\/home\/wp-content\/uploads\/2024\/12\/24-25-Weihmarfahrt-Goethes-Arbeitszimmer.jpg\" class=\"\" alt=\"\" srcset=\"https:\/\/www.rwg-bayreuth.de\/home\/wp-content\/uploads\/2024\/12\/24-25-Weihmarfahrt-Goethes-Arbeitszimmer.jpg 768w, https:\/\/www.rwg-bayreuth.de\/home\/wp-content\/uploads\/2024\/12\/24-25-Weihmarfahrt-Goethes-Arbeitszimmer-113x150.jpg 113w, https:\/\/www.rwg-bayreuth.de\/home\/wp-content\/uploads\/2024\/12\/24-25-Weihmarfahrt-Goethes-Arbeitszimmer-338x450.jpg 338w, https:\/\/www.rwg-bayreuth.de\/home\/wp-content\/uploads\/2024\/12\/24-25-Weihmarfahrt-Goethes-Arbeitszimmer-250x333.jpg 250w\" sizes=\"(max-width: 768px) 100vw, 768px\" \/><\/a><\/div><\/div><div class=\"su-image-carousel-item\"><div class=\"su-image-carousel-item-content\"><a href=\"https:\/\/www.rwg-bayreuth.de\/home\/wp-content\/uploads\/2024\/12\/24-25-Weihmarfahrt-Garten-Goethes-Wohnhaus.jpg\" data-caption=\"\"><img loading=\"lazy\" decoding=\"async\" width=\"768\" height=\"1024\" src=\"https:\/\/www.rwg-bayreuth.de\/home\/wp-content\/uploads\/2024\/12\/24-25-Weihmarfahrt-Garten-Goethes-Wohnhaus.jpg\" class=\"\" alt=\"\" srcset=\"https:\/\/www.rwg-bayreuth.de\/home\/wp-content\/uploads\/2024\/12\/24-25-Weihmarfahrt-Garten-Goethes-Wohnhaus.jpg 768w, https:\/\/www.rwg-bayreuth.de\/home\/wp-content\/uploads\/2024\/12\/24-25-Weihmarfahrt-Garten-Goethes-Wohnhaus-113x150.jpg 113w, https:\/\/www.rwg-bayreuth.de\/home\/wp-content\/uploads\/2024\/12\/24-25-Weihmarfahrt-Garten-Goethes-Wohnhaus-338x450.jpg 338w, https:\/\/www.rwg-bayreuth.de\/home\/wp-content\/uploads\/2024\/12\/24-25-Weihmarfahrt-Garten-Goethes-Wohnhaus-250x333.jpg 250w\" sizes=\"(max-width: 768px) 100vw, 768px\" \/><\/a><\/div><\/div><\/div><script id=\"su_image_carousel_69f1ca1ce5c86_script\">if(window.SUImageCarousel){setTimeout(function() {window.SUImageCarousel.initGallery(document.getElementById(\"su_image_carousel_69f1ca1ce5c86\"))}, 0);}var su_image_carousel_69f1ca1ce5c86_script=document.getElementById(\"su_image_carousel_69f1ca1ce5c86_script\");if(su_image_carousel_69f1ca1ce5c86_script){su_image_carousel_69f1ca1ce5c86_script.parentNode.removeChild(su_image_carousel_69f1ca1ce5c86_script);}<\/script>\n<p>Bei der F\u00fchrung im angrenzenden Museum konnten von privaten Kleidungsst\u00fccken \u00fcber pers\u00f6nliche Briefe bis hin zu naturwissenschaftlichen Untersuchungsgegenst\u00e4nden wie Sch\u00e4delknochen und Mineralien unz\u00e4hlige Ausstellungsst\u00fccke besichtigt werden. Wir erfuhren hier, dass der uns vor allem als Autor vieler Gedichte und Dramen bekannte Goethe auch viele offizielle \u00c4mter als Geheimrat und Staatsminister unter dem Erbprinzen Carl August von Sachsen-Weimar-Eisenach bekleiden musste. <\/p>\n<div class=\"su-image-carousel  clear su-image-carousel-columns-3 su-image-carousel-has-spacing su-image-carousel-crop su-image-carousel-crop-4-3 su-image-carousel-has-lightbox su-image-carousel-has-outline su-image-carousel-slides-style-minimal su-image-carousel-controls-style-light su-image-carousel-align-center\" style=\"\" data-flickity-options='{\"groupCells\":true,\"cellSelector\":\".su-image-carousel-item\",\"adaptiveHeight\":false,\"cellAlign\":\"left\",\"prevNextButtons\":true,\"pageDots\":false,\"autoPlay\":4000,\"imagesLoaded\":true,\"contain\":true,\"selectedAttraction\":0.025000000000000001,\"friction\":0.28000000000000003}' id=\"su_image_carousel_69f1ca1ce5f12\"><div class=\"su-image-carousel-item\"><div class=\"su-image-carousel-item-content\"><a href=\"https:\/\/www.rwg-bayreuth.de\/home\/wp-content\/uploads\/2024\/12\/24-25-Weihmarfahrt-Schillers-Schreibtisch.jpg\" data-caption=\"\"><img loading=\"lazy\" decoding=\"async\" width=\"1024\" height=\"459\" src=\"https:\/\/www.rwg-bayreuth.de\/home\/wp-content\/uploads\/2024\/12\/24-25-Weihmarfahrt-Schillers-Schreibtisch.jpg\" class=\"\" alt=\"\" srcset=\"https:\/\/www.rwg-bayreuth.de\/home\/wp-content\/uploads\/2024\/12\/24-25-Weihmarfahrt-Schillers-Schreibtisch.jpg 1024w, https:\/\/www.rwg-bayreuth.de\/home\/wp-content\/uploads\/2024\/12\/24-25-Weihmarfahrt-Schillers-Schreibtisch-150x67.jpg 150w, https:\/\/www.rwg-bayreuth.de\/home\/wp-content\/uploads\/2024\/12\/24-25-Weihmarfahrt-Schillers-Schreibtisch-450x202.jpg 450w, https:\/\/www.rwg-bayreuth.de\/home\/wp-content\/uploads\/2024\/12\/24-25-Weihmarfahrt-Schillers-Schreibtisch-768x344.jpg 768w, https:\/\/www.rwg-bayreuth.de\/home\/wp-content\/uploads\/2024\/12\/24-25-Weihmarfahrt-Schillers-Schreibtisch-250x112.jpg 250w\" sizes=\"(max-width: 1024px) 100vw, 1024px\" \/><\/a><\/div><\/div><div class=\"su-image-carousel-item\"><div class=\"su-image-carousel-item-content\"><a href=\"https:\/\/www.rwg-bayreuth.de\/home\/wp-content\/uploads\/2024\/12\/24-25-Weihmarfahrt-vor-Schillers-Wohnhaus-2.jpg\" data-caption=\"\"><img loading=\"lazy\" decoding=\"async\" width=\"1024\" height=\"768\" src=\"https:\/\/www.rwg-bayreuth.de\/home\/wp-content\/uploads\/2024\/12\/24-25-Weihmarfahrt-vor-Schillers-Wohnhaus-2.jpg\" class=\"\" alt=\"\" srcset=\"https:\/\/www.rwg-bayreuth.de\/home\/wp-content\/uploads\/2024\/12\/24-25-Weihmarfahrt-vor-Schillers-Wohnhaus-2.jpg 1024w, https:\/\/www.rwg-bayreuth.de\/home\/wp-content\/uploads\/2024\/12\/24-25-Weihmarfahrt-vor-Schillers-Wohnhaus-2-150x113.jpg 150w, https:\/\/www.rwg-bayreuth.de\/home\/wp-content\/uploads\/2024\/12\/24-25-Weihmarfahrt-vor-Schillers-Wohnhaus-2-450x338.jpg 450w, https:\/\/www.rwg-bayreuth.de\/home\/wp-content\/uploads\/2024\/12\/24-25-Weihmarfahrt-vor-Schillers-Wohnhaus-2-768x576.jpg 768w, https:\/\/www.rwg-bayreuth.de\/home\/wp-content\/uploads\/2024\/12\/24-25-Weihmarfahrt-vor-Schillers-Wohnhaus-2-250x188.jpg 250w\" sizes=\"(max-width: 1024px) 100vw, 1024px\" \/><\/a><\/div><\/div><\/div><script id=\"su_image_carousel_69f1ca1ce5f12_script\">if(window.SUImageCarousel){setTimeout(function() {window.SUImageCarousel.initGallery(document.getElementById(\"su_image_carousel_69f1ca1ce5f12\"))}, 0);}var su_image_carousel_69f1ca1ce5f12_script=document.getElementById(\"su_image_carousel_69f1ca1ce5f12_script\");if(su_image_carousel_69f1ca1ce5f12_script){su_image_carousel_69f1ca1ce5f12_script.parentNode.removeChild(su_image_carousel_69f1ca1ce5f12_script);}<\/script>\n<p>Als dritte Station besichtigten wir das ebenfalls zu einem Museum umgebaute Wohnhaus Schillers. In den R\u00e4umen, in denen teilweise noch originale M\u00f6bel und Alltagsgegenst\u00e4nde ausgestellt sind, konnten wir einen authentischen Eindruck vom Leben des zweiten ber\u00fchmten Vertreters der Weimarer Klassik gewinnen. Einige Sch\u00fclerinnen und Sch\u00fcler nutzten dort auch die Gelegenheit, sich wie Schiller und Goethe mit Tinte und Feder an der Kurrentschrift zu versuchen. <\/p>\n<div class=\"su-image-carousel  clear su-image-carousel-columns-4 su-image-carousel-has-spacing su-image-carousel-crop su-image-carousel-crop-3-4 su-image-carousel-has-lightbox su-image-carousel-has-outline su-image-carousel-slides-style-minimal su-image-carousel-controls-style-light su-image-carousel-align-center\" style=\"\" data-flickity-options='{\"groupCells\":true,\"cellSelector\":\".su-image-carousel-item\",\"adaptiveHeight\":false,\"cellAlign\":\"left\",\"prevNextButtons\":true,\"pageDots\":false,\"autoPlay\":4000,\"imagesLoaded\":true,\"contain\":true,\"selectedAttraction\":0.025000000000000001,\"friction\":0.28000000000000003}' id=\"su_image_carousel_69f1ca1ce61a4\"><div class=\"su-image-carousel-item\"><div class=\"su-image-carousel-item-content\"><a href=\"https:\/\/www.rwg-bayreuth.de\/home\/wp-content\/uploads\/2024\/12\/24-25-Weihmarfahrt-Kurrentschrift-mit-Feder-und-Tinte-1.jpg\" data-caption=\"\"><img loading=\"lazy\" decoding=\"async\" width=\"768\" height=\"1024\" src=\"https:\/\/www.rwg-bayreuth.de\/home\/wp-content\/uploads\/2024\/12\/24-25-Weihmarfahrt-Kurrentschrift-mit-Feder-und-Tinte-1.jpg\" class=\"\" alt=\"\" srcset=\"https:\/\/www.rwg-bayreuth.de\/home\/wp-content\/uploads\/2024\/12\/24-25-Weihmarfahrt-Kurrentschrift-mit-Feder-und-Tinte-1.jpg 768w, https:\/\/www.rwg-bayreuth.de\/home\/wp-content\/uploads\/2024\/12\/24-25-Weihmarfahrt-Kurrentschrift-mit-Feder-und-Tinte-1-113x150.jpg 113w, https:\/\/www.rwg-bayreuth.de\/home\/wp-content\/uploads\/2024\/12\/24-25-Weihmarfahrt-Kurrentschrift-mit-Feder-und-Tinte-1-338x450.jpg 338w, https:\/\/www.rwg-bayreuth.de\/home\/wp-content\/uploads\/2024\/12\/24-25-Weihmarfahrt-Kurrentschrift-mit-Feder-und-Tinte-1-250x333.jpg 250w\" sizes=\"(max-width: 768px) 100vw, 768px\" \/><\/a><\/div><\/div><div class=\"su-image-carousel-item\"><div class=\"su-image-carousel-item-content\"><a href=\"https:\/\/www.rwg-bayreuth.de\/home\/wp-content\/uploads\/2024\/12\/24-25-Weihmarfahrt-Kurrentschrift-mit-Feder-und-Tinte-2.jpg\" data-caption=\"\"><img loading=\"lazy\" decoding=\"async\" width=\"768\" height=\"1024\" src=\"https:\/\/www.rwg-bayreuth.de\/home\/wp-content\/uploads\/2024\/12\/24-25-Weihmarfahrt-Kurrentschrift-mit-Feder-und-Tinte-2.jpg\" class=\"\" alt=\"\" srcset=\"https:\/\/www.rwg-bayreuth.de\/home\/wp-content\/uploads\/2024\/12\/24-25-Weihmarfahrt-Kurrentschrift-mit-Feder-und-Tinte-2.jpg 768w, https:\/\/www.rwg-bayreuth.de\/home\/wp-content\/uploads\/2024\/12\/24-25-Weihmarfahrt-Kurrentschrift-mit-Feder-und-Tinte-2-113x150.jpg 113w, https:\/\/www.rwg-bayreuth.de\/home\/wp-content\/uploads\/2024\/12\/24-25-Weihmarfahrt-Kurrentschrift-mit-Feder-und-Tinte-2-338x450.jpg 338w, https:\/\/www.rwg-bayreuth.de\/home\/wp-content\/uploads\/2024\/12\/24-25-Weihmarfahrt-Kurrentschrift-mit-Feder-und-Tinte-2-250x333.jpg 250w\" sizes=\"(max-width: 768px) 100vw, 768px\" \/><\/a><\/div><\/div><\/div><script id=\"su_image_carousel_69f1ca1ce61a4_script\">if(window.SUImageCarousel){setTimeout(function() {window.SUImageCarousel.initGallery(document.getElementById(\"su_image_carousel_69f1ca1ce61a4\"))}, 0);}var su_image_carousel_69f1ca1ce61a4_script=document.getElementById(\"su_image_carousel_69f1ca1ce61a4_script\");if(su_image_carousel_69f1ca1ce61a4_script){su_image_carousel_69f1ca1ce61a4_script.parentNode.removeChild(su_image_carousel_69f1ca1ce61a4_script);}<\/script>\n<p>Die Freizeit bis zur R\u00fcckfahrt wurde genutzt, um die Caf\u00e9- und Restaurantszene des St\u00e4dtchens Weimars kennenzulernen. Die vielen neuen Erkenntnissen und Eindr\u00fccke &#8211; auch kulinarischer Art &#8211; wurden auf der R\u00fcckreise im Bus ausf\u00fchrlich besprochen.<br \/>\nZuletzt ergeht noch ein Dank an Frau Track, die durch die sorgf\u00e4ltige Planung der Exkursion einen reibungslosen Ablauf erm\u00f6glicht hat und ein weiteres Dankesch\u00f6n an Frau Fr\u00f6ber daf\u00fcr, dass sie uns begleitet hat. <\/p>\n<p><em>Corinna Heberle<\/em><\/p>\n","protected":false},"excerpt":{"rendered":"<p>Strahlender Sonnenschein und angenehm warme Temperaturen begr\u00fc\u00dften die Sch\u00fclerinnen und Sch\u00fcler der Q12 und zwei Lehrerinnen, als sie am Freitag, den 18. Oktober, noch etwas verschlafen aus dem Bus stiegen. Vom modernen Atrium aus ging es direkt in die historische Altstadt und dort zum ber\u00fchmten Haus am Frauenplan. Goethes Wohnhaus, von dem der Dichter bereits&hellip;<\/p>\n","protected":false},"author":11,"featured_media":37596,"comment_status":"closed","ping_status":"closed","sticky":false,"template":"","format":"standard","meta":{"footnotes":""},"categories":[1],"tags":[59,51],"_links":{"self":[{"href":"https:\/\/www.rwg-bayreuth.de\/home\/index.php?rest_route=\/wp\/v2\/posts\/37583"}],"collection":[{"href":"https:\/\/www.rwg-bayreuth.de\/home\/index.php?rest_route=\/wp\/v2\/posts"}],"about":[{"href":"https:\/\/www.rwg-bayreuth.de\/home\/index.php?rest_route=\/wp\/v2\/types\/post"}],"author":[{"embeddable":true,"href":"https:\/\/www.rwg-bayreuth.de\/home\/index.php?rest_route=\/wp\/v2\/users\/11"}],"replies":[{"embeddable":true,"href":"https:\/\/www.rwg-bayreuth.de\/home\/index.php?rest_route=%2Fwp%2Fv2%2Fcomments&post=37583"}],"version-history":[{"count":6,"href":"https:\/\/www.rwg-bayreuth.de\/home\/index.php?rest_route=\/wp\/v2\/posts\/37583\/revisions"}],"predecessor-version":[{"id":37975,"href":"https:\/\/www.rwg-bayreuth.de\/home\/index.php?rest_route=\/wp\/v2\/posts\/37583\/revisions\/37975"}],"wp:featuredmedia":[{"embeddable":true,"href":"https:\/\/www.rwg-bayreuth.de\/home\/index.php?rest_route=\/wp\/v2\/media\/37596"}],"wp:attachment":[{"href":"https:\/\/www.rwg-bayreuth.de\/home\/index.php?rest_route=%2Fwp%2Fv2%2Fmedia&parent=37583"}],"wp:term":[{"taxonomy":"category","embeddable":true,"href":"https:\/\/www.rwg-bayreuth.de\/home\/index.php?rest_route=%2Fwp%2Fv2%2Fcategories&post=37583"},{"taxonomy":"post_tag","embeddable":true,"href":"https:\/\/www.rwg-bayreuth.de\/home\/index.php?rest_route=%2Fwp%2Fv2%2Ftags&post=37583"}],"curies":[{"name":"wp","href":"https:\/\/api.w.org\/{rel}","templated":true}]}}