{"id":37448,"date":"2024-11-29T05:49:22","date_gmt":"2024-11-29T04:49:22","guid":{"rendered":"https:\/\/www.rwg-bayreuth.de\/home\/?p=37448"},"modified":"2025-01-09T15:28:22","modified_gmt":"2025-01-09T14:28:22","slug":"latine-loquamur-wir-wagen-das-experiment","status":"publish","type":"post","link":"https:\/\/www.rwg-bayreuth.de\/home\/?p=37448","title":{"rendered":"Latine loquamur! Wir wagen das Experiment"},"content":{"rendered":"<p><a href=\"https:\/\/www.rwg-bayreuth.de\/home\/wp-content\/uploads\/2024\/12\/24-25-Begabtenfoerderung-Gruppenbild.jpg\"><img decoding=\"async\" src=\"https:\/\/www.rwg-bayreuth.de\/home\/wp-content\/uploads\/2024\/12\/24-25-Begabtenfoerderung-Gruppenbild.jpg\" alt=\"\" width=\"100%\" height=\"auto\" class=\"aligncenter size-full wp-image-37449 crop219\" srcset=\"https:\/\/www.rwg-bayreuth.de\/home\/wp-content\/uploads\/2024\/12\/24-25-Begabtenfoerderung-Gruppenbild.jpg 1024w, https:\/\/www.rwg-bayreuth.de\/home\/wp-content\/uploads\/2024\/12\/24-25-Begabtenfoerderung-Gruppenbild-150x75.jpg 150w, https:\/\/www.rwg-bayreuth.de\/home\/wp-content\/uploads\/2024\/12\/24-25-Begabtenfoerderung-Gruppenbild-450x225.jpg 450w, https:\/\/www.rwg-bayreuth.de\/home\/wp-content\/uploads\/2024\/12\/24-25-Begabtenfoerderung-Gruppenbild-768x384.jpg 768w, https:\/\/www.rwg-bayreuth.de\/home\/wp-content\/uploads\/2024\/12\/24-25-Begabtenfoerderung-Gruppenbild-250x125.jpg 250w\" sizes=\"(max-width: 1024px) 100vw, 1024px\" \/><\/a><br \/>\nEnde November fand der erste Kurstag der Begabtenf\u00f6rderung Latein\/Alte Geschichte am RWG statt \u2013 insgesamt 13 Sch\u00fcler\/-innen, mehrheitlich vom RWG sowie zwei externe Teilnehmerinnen aus Bamberg und Pegnitz, kamen einen Vormittag lang im lesenden Klassenzimmer zusammen. Die Altersgruppe der Sch\u00fcler reichte von der 7. bis zur 10.&nbsp;Klasse, was f\u00fcr eine spannende und dynamische Atmosph\u00e4re sorgte.<\/p>\n<p>Der Tag begann in medias res mit einer einf\u00fchrenden Diskussion \u00fcber die o.g. Frage: \u201eWo(zu) spricht \/ braucht man heute eigentlich noch Latein?&#8220; Die Sch\u00fcler\/-innen hatten die M\u00f6glichkeit, ihre eigenen Gedanken und Erfahrungen einzubringen. Sagt man doch der lateinischen Sprache nicht selten nach, sie sei eben keine \u201alebende\u2018, moderne Fremdsprache und daher nicht (mehr) zum Sprechen geeignet\u2026<br \/>\nTrotzdem waren die Teilnehmer\/-innen dann doch nicht allzu sehr \u00fcberrascht, wie relevant Latein in der modernen Welt ist, sei es in der Medizin, der Rechtswissenschaft oder der Wissenschaft im Allgemeinen. Sie erkannten, dass Latein alles andere als eine tote Sprache ist, sondern vielmehr als Schl\u00fcssel zu vielen modernen Sprachen und Fachtermini (=termini technici) dient. Und schlie\u00dflich sollte im Laufe des Vormittags ja sogar (de facto \ud83d\ude42 ) der Versuch gewagt werden, wirklich Lateinisch zu sprechen.<\/p>\n<div class=\"su-image-carousel  clear su-image-carousel-columns-3 su-image-carousel-has-spacing su-image-carousel-crop su-image-carousel-crop-4-3 su-image-carousel-has-lightbox su-image-carousel-has-outline su-image-carousel-slides-style-minimal su-image-carousel-controls-style-light su-image-carousel-align-center\" style=\"\" data-flickity-options='{\"groupCells\":true,\"cellSelector\":\".su-image-carousel-item\",\"adaptiveHeight\":false,\"cellAlign\":\"left\",\"prevNextButtons\":true,\"pageDots\":false,\"autoPlay\":4000,\"imagesLoaded\":true,\"contain\":true,\"selectedAttraction\":0.025000000000000001,\"friction\":0.28000000000000003}' id=\"su_image_carousel_69f1b24b63463\"><div class=\"su-image-carousel-item\"><div class=\"su-image-carousel-item-content\"><a href=\"https:\/\/www.rwg-bayreuth.de\/home\/wp-content\/uploads\/2024\/12\/24-25-Begabtenfoerderung-Foto1.jpg\" data-caption=\"\"><img loading=\"lazy\" decoding=\"async\" width=\"1024\" height=\"768\" src=\"https:\/\/www.rwg-bayreuth.de\/home\/wp-content\/uploads\/2024\/12\/24-25-Begabtenfoerderung-Foto1.jpg\" class=\"\" alt=\"\" srcset=\"https:\/\/www.rwg-bayreuth.de\/home\/wp-content\/uploads\/2024\/12\/24-25-Begabtenfoerderung-Foto1.jpg 1024w, https:\/\/www.rwg-bayreuth.de\/home\/wp-content\/uploads\/2024\/12\/24-25-Begabtenfoerderung-Foto1-150x113.jpg 150w, https:\/\/www.rwg-bayreuth.de\/home\/wp-content\/uploads\/2024\/12\/24-25-Begabtenfoerderung-Foto1-450x338.jpg 450w, https:\/\/www.rwg-bayreuth.de\/home\/wp-content\/uploads\/2024\/12\/24-25-Begabtenfoerderung-Foto1-768x576.jpg 768w, https:\/\/www.rwg-bayreuth.de\/home\/wp-content\/uploads\/2024\/12\/24-25-Begabtenfoerderung-Foto1-250x188.jpg 250w\" sizes=\"(max-width: 1024px) 100vw, 1024px\" \/><\/a><\/div><\/div><div class=\"su-image-carousel-item\"><div class=\"su-image-carousel-item-content\"><a href=\"https:\/\/www.rwg-bayreuth.de\/home\/wp-content\/uploads\/2024\/12\/24-25-Begabtenfoerderung-Foto2.jpg\" data-caption=\"\"><img loading=\"lazy\" decoding=\"async\" width=\"1024\" height=\"768\" src=\"https:\/\/www.rwg-bayreuth.de\/home\/wp-content\/uploads\/2024\/12\/24-25-Begabtenfoerderung-Foto2.jpg\" class=\"\" alt=\"\" srcset=\"https:\/\/www.rwg-bayreuth.de\/home\/wp-content\/uploads\/2024\/12\/24-25-Begabtenfoerderung-Foto2.jpg 1024w, https:\/\/www.rwg-bayreuth.de\/home\/wp-content\/uploads\/2024\/12\/24-25-Begabtenfoerderung-Foto2-150x113.jpg 150w, https:\/\/www.rwg-bayreuth.de\/home\/wp-content\/uploads\/2024\/12\/24-25-Begabtenfoerderung-Foto2-450x338.jpg 450w, https:\/\/www.rwg-bayreuth.de\/home\/wp-content\/uploads\/2024\/12\/24-25-Begabtenfoerderung-Foto2-768x576.jpg 768w, https:\/\/www.rwg-bayreuth.de\/home\/wp-content\/uploads\/2024\/12\/24-25-Begabtenfoerderung-Foto2-250x188.jpg 250w\" sizes=\"(max-width: 1024px) 100vw, 1024px\" \/><\/a><\/div><\/div><div class=\"su-image-carousel-item\"><div class=\"su-image-carousel-item-content\"><a href=\"https:\/\/www.rwg-bayreuth.de\/home\/wp-content\/uploads\/2024\/12\/24-25-Begabtenfoerderung-Foto3.jpg\" data-caption=\"\"><img loading=\"lazy\" decoding=\"async\" width=\"1024\" height=\"768\" src=\"https:\/\/www.rwg-bayreuth.de\/home\/wp-content\/uploads\/2024\/12\/24-25-Begabtenfoerderung-Foto3.jpg\" class=\"\" alt=\"\" srcset=\"https:\/\/www.rwg-bayreuth.de\/home\/wp-content\/uploads\/2024\/12\/24-25-Begabtenfoerderung-Foto3.jpg 1024w, https:\/\/www.rwg-bayreuth.de\/home\/wp-content\/uploads\/2024\/12\/24-25-Begabtenfoerderung-Foto3-150x113.jpg 150w, https:\/\/www.rwg-bayreuth.de\/home\/wp-content\/uploads\/2024\/12\/24-25-Begabtenfoerderung-Foto3-450x338.jpg 450w, https:\/\/www.rwg-bayreuth.de\/home\/wp-content\/uploads\/2024\/12\/24-25-Begabtenfoerderung-Foto3-768x576.jpg 768w, https:\/\/www.rwg-bayreuth.de\/home\/wp-content\/uploads\/2024\/12\/24-25-Begabtenfoerderung-Foto3-250x188.jpg 250w\" sizes=\"(max-width: 1024px) 100vw, 1024px\" \/><\/a><\/div><\/div><\/div><script id=\"su_image_carousel_69f1b24b63463_script\">if(window.SUImageCarousel){setTimeout(function() {window.SUImageCarousel.initGallery(document.getElementById(\"su_image_carousel_69f1b24b63463\"))}, 0);}var su_image_carousel_69f1b24b63463_script=document.getElementById(\"su_image_carousel_69f1b24b63463_script\");if(su_image_carousel_69f1b24b63463_script){su_image_carousel_69f1b24b63463_script.parentNode.removeChild(su_image_carousel_69f1b24b63463_script);}<\/script>\n<p>Nach der theoretischen Einf\u00fchrung folgte ein praxisorientierter Workshop, der sich dem lat. Vokabeltraining und Sprechanl\u00e4ssen widmete. Die Sch\u00fcler\/-innen probierten sich im Team beim Verben-Memory aus und hatten die M\u00f6glichkeit, ihre Kenntnisse zu vertiefen oder gar erst neue lateinische W\u00f6rter spielerisch zu lernen. Durch verschiedene \u00dcbungen und spa\u00dfige \u201aTrainingsrunden\u2018 wurde das Vokabular gefestigt und die Freude an der Sprache geweckt.<\/p>\n<p>Ein besonderer Fokus lag auf Sprechanl\u00e4ssen, bei denen die Teilnehmer in Rollenspielen und kleinen Dialogen ein richtiges \u201aLatine loqui\u2018, also das Sich-Unterhalten wie in jeder anderen Fremdsprache anwenden konnten. Diese Elemente sorgten nicht nur f\u00fcr ein besseres Verst\u00e4ndnis der Sprache, sondern auch f\u00fcr ein Gef\u00fchl der Gemeinschaft innerhalb der Gruppe; integriert wurden dabei auch lustige Videos des Lateinlehrers und TikTokers \u201aMagister Kupfer\u2018, der auf social media in zahlreichen Beitr\u00e4gen beweist, wie das \u201aLatine loqui\u2018 tats\u00e4chlich funktionieren kann \u2013 auch au\u00dferhalb des regul\u00e4ren  Unterrichts. \ud83d\ude42<\/p>\n<div class=\"su-image-carousel  clear su-image-carousel-columns-3 su-image-carousel-has-spacing su-image-carousel-crop su-image-carousel-crop-4-3 su-image-carousel-has-lightbox su-image-carousel-has-outline su-image-carousel-slides-style-minimal su-image-carousel-controls-style-light su-image-carousel-align-center\" style=\"\" data-flickity-options='{\"groupCells\":true,\"cellSelector\":\".su-image-carousel-item\",\"adaptiveHeight\":false,\"cellAlign\":\"left\",\"prevNextButtons\":true,\"pageDots\":false,\"autoPlay\":4000,\"imagesLoaded\":true,\"contain\":true,\"selectedAttraction\":0.025000000000000001,\"friction\":0.28000000000000003}' id=\"su_image_carousel_69f1b24b6382d\"><div class=\"su-image-carousel-item\"><div class=\"su-image-carousel-item-content\"><a href=\"https:\/\/www.rwg-bayreuth.de\/home\/wp-content\/uploads\/2024\/12\/24-25-Begabtenfoerderung-Foto4.jpg\" data-caption=\"\"><img loading=\"lazy\" decoding=\"async\" width=\"1024\" height=\"768\" src=\"https:\/\/www.rwg-bayreuth.de\/home\/wp-content\/uploads\/2024\/12\/24-25-Begabtenfoerderung-Foto4.jpg\" class=\"\" alt=\"\" srcset=\"https:\/\/www.rwg-bayreuth.de\/home\/wp-content\/uploads\/2024\/12\/24-25-Begabtenfoerderung-Foto4.jpg 1024w, https:\/\/www.rwg-bayreuth.de\/home\/wp-content\/uploads\/2024\/12\/24-25-Begabtenfoerderung-Foto4-150x113.jpg 150w, https:\/\/www.rwg-bayreuth.de\/home\/wp-content\/uploads\/2024\/12\/24-25-Begabtenfoerderung-Foto4-450x338.jpg 450w, https:\/\/www.rwg-bayreuth.de\/home\/wp-content\/uploads\/2024\/12\/24-25-Begabtenfoerderung-Foto4-768x576.jpg 768w, https:\/\/www.rwg-bayreuth.de\/home\/wp-content\/uploads\/2024\/12\/24-25-Begabtenfoerderung-Foto4-250x188.jpg 250w\" sizes=\"(max-width: 1024px) 100vw, 1024px\" \/><\/a><\/div><\/div><div class=\"su-image-carousel-item\"><div class=\"su-image-carousel-item-content\"><a href=\"https:\/\/www.rwg-bayreuth.de\/home\/wp-content\/uploads\/2024\/12\/24-25-Begabtenfoerderung-Foto5.jpg\" data-caption=\"\"><img loading=\"lazy\" decoding=\"async\" width=\"1024\" height=\"768\" src=\"https:\/\/www.rwg-bayreuth.de\/home\/wp-content\/uploads\/2024\/12\/24-25-Begabtenfoerderung-Foto5.jpg\" class=\"\" alt=\"\" srcset=\"https:\/\/www.rwg-bayreuth.de\/home\/wp-content\/uploads\/2024\/12\/24-25-Begabtenfoerderung-Foto5.jpg 1024w, https:\/\/www.rwg-bayreuth.de\/home\/wp-content\/uploads\/2024\/12\/24-25-Begabtenfoerderung-Foto5-150x113.jpg 150w, https:\/\/www.rwg-bayreuth.de\/home\/wp-content\/uploads\/2024\/12\/24-25-Begabtenfoerderung-Foto5-450x338.jpg 450w, https:\/\/www.rwg-bayreuth.de\/home\/wp-content\/uploads\/2024\/12\/24-25-Begabtenfoerderung-Foto5-768x576.jpg 768w, https:\/\/www.rwg-bayreuth.de\/home\/wp-content\/uploads\/2024\/12\/24-25-Begabtenfoerderung-Foto5-250x188.jpg 250w\" sizes=\"(max-width: 1024px) 100vw, 1024px\" \/><\/a><\/div><\/div><div class=\"su-image-carousel-item\"><div class=\"su-image-carousel-item-content\"><a href=\"https:\/\/www.rwg-bayreuth.de\/home\/wp-content\/uploads\/2024\/12\/24-25-Begabtenfoerderung-Foto6.jpg\" data-caption=\"\"><img loading=\"lazy\" decoding=\"async\" width=\"1024\" height=\"768\" src=\"https:\/\/www.rwg-bayreuth.de\/home\/wp-content\/uploads\/2024\/12\/24-25-Begabtenfoerderung-Foto6.jpg\" class=\"\" alt=\"\" srcset=\"https:\/\/www.rwg-bayreuth.de\/home\/wp-content\/uploads\/2024\/12\/24-25-Begabtenfoerderung-Foto6.jpg 1024w, https:\/\/www.rwg-bayreuth.de\/home\/wp-content\/uploads\/2024\/12\/24-25-Begabtenfoerderung-Foto6-150x113.jpg 150w, https:\/\/www.rwg-bayreuth.de\/home\/wp-content\/uploads\/2024\/12\/24-25-Begabtenfoerderung-Foto6-450x338.jpg 450w, https:\/\/www.rwg-bayreuth.de\/home\/wp-content\/uploads\/2024\/12\/24-25-Begabtenfoerderung-Foto6-768x576.jpg 768w, https:\/\/www.rwg-bayreuth.de\/home\/wp-content\/uploads\/2024\/12\/24-25-Begabtenfoerderung-Foto6-250x188.jpg 250w\" sizes=\"(max-width: 1024px) 100vw, 1024px\" \/><\/a><\/div><\/div><div class=\"su-image-carousel-item\"><div class=\"su-image-carousel-item-content\"><a href=\"https:\/\/www.rwg-bayreuth.de\/home\/wp-content\/uploads\/2024\/12\/24-25-Begabtenfoerderung-Foto7.jpg\" data-caption=\"\"><img loading=\"lazy\" decoding=\"async\" width=\"1024\" height=\"768\" src=\"https:\/\/www.rwg-bayreuth.de\/home\/wp-content\/uploads\/2024\/12\/24-25-Begabtenfoerderung-Foto7.jpg\" class=\"\" alt=\"\" srcset=\"https:\/\/www.rwg-bayreuth.de\/home\/wp-content\/uploads\/2024\/12\/24-25-Begabtenfoerderung-Foto7.jpg 1024w, https:\/\/www.rwg-bayreuth.de\/home\/wp-content\/uploads\/2024\/12\/24-25-Begabtenfoerderung-Foto7-150x113.jpg 150w, https:\/\/www.rwg-bayreuth.de\/home\/wp-content\/uploads\/2024\/12\/24-25-Begabtenfoerderung-Foto7-450x338.jpg 450w, https:\/\/www.rwg-bayreuth.de\/home\/wp-content\/uploads\/2024\/12\/24-25-Begabtenfoerderung-Foto7-768x576.jpg 768w, https:\/\/www.rwg-bayreuth.de\/home\/wp-content\/uploads\/2024\/12\/24-25-Begabtenfoerderung-Foto7-250x188.jpg 250w\" sizes=\"(max-width: 1024px) 100vw, 1024px\" \/><\/a><\/div><\/div><\/div><script id=\"su_image_carousel_69f1b24b6382d_script\">if(window.SUImageCarousel){setTimeout(function() {window.SUImageCarousel.initGallery(document.getElementById(\"su_image_carousel_69f1b24b6382d\"))}, 0);}var su_image_carousel_69f1b24b6382d_script=document.getElementById(\"su_image_carousel_69f1b24b6382d_script\");if(su_image_carousel_69f1b24b6382d_script){su_image_carousel_69f1b24b6382d_script.parentNode.removeChild(su_image_carousel_69f1b24b6382d_script);}<\/script>\n<p>In einem weiteren Schritt wagten sich die Sechst- bis Zehntkl\u00e4ssler\/-innen dann an die Vorbereitung eines m\u00f6glichen Gruppenbeitrags zum Bundeswettbewerb Fremdsprachen. Die Sch\u00fcler\/-innen teilten sich selbst ihre (potentiellen) Rollen zu und begannen, Ideen zu entwickeln, die sie in ihrem Beitrag umsetzen wollten. Dabei wurden kreative Ans\u00e4tze gesucht, um das Thema &#8222;Latein in der modernen Welt&#8220; auf ansprechende Weise zu pr\u00e4sentieren. Die Vorfreude auf den Wettbewerb und die M\u00f6glichkeit, ihr Wissen und ihre Kreativit\u00e4t unter Beweis stellen zu k\u00f6nnen \u2013 auch in Kombination mit Kenntnissen in weiteren romanischen Sprachen \u2013, war dabei stets sp\u00fcrbar.<\/p>\n<p>Die Sch\u00fcler verlie\u00dfen am Ende des ersten Kurstages das lesende Klassenzimmer mit neuen Erkenntnissen, hochmotiviert und gespannt auf die n\u00e4chsten Schritte in ihrer \u201aLateinreise durch Epochen und Zeiten\u2018.<\/p>\n<p><em>S. Track<\/em><\/p>\n","protected":false},"excerpt":{"rendered":"<p>Ende November fand der erste Kurstag der Begabtenf\u00f6rderung Latein\/Alte Geschichte am RWG statt \u2013 insgesamt 13 Sch\u00fcler\/-innen, mehrheitlich vom RWG sowie zwei externe Teilnehmerinnen aus Bamberg und Pegnitz, kamen einen Vormittag lang im lesenden Klassenzimmer zusammen. Die Altersgruppe der Sch\u00fcler reichte von der 7. bis zur 10.&nbsp;Klasse, was f\u00fcr eine spannende und dynamische Atmosph\u00e4re sorgte.&hellip;<\/p>\n","protected":false},"author":11,"featured_media":37457,"comment_status":"closed","ping_status":"closed","sticky":false,"template":"","format":"standard","meta":{"footnotes":""},"categories":[1],"tags":[51,67],"_links":{"self":[{"href":"https:\/\/www.rwg-bayreuth.de\/home\/index.php?rest_route=\/wp\/v2\/posts\/37448"}],"collection":[{"href":"https:\/\/www.rwg-bayreuth.de\/home\/index.php?rest_route=\/wp\/v2\/posts"}],"about":[{"href":"https:\/\/www.rwg-bayreuth.de\/home\/index.php?rest_route=\/wp\/v2\/types\/post"}],"author":[{"embeddable":true,"href":"https:\/\/www.rwg-bayreuth.de\/home\/index.php?rest_route=\/wp\/v2\/users\/11"}],"replies":[{"embeddable":true,"href":"https:\/\/www.rwg-bayreuth.de\/home\/index.php?rest_route=%2Fwp%2Fv2%2Fcomments&post=37448"}],"version-history":[{"count":6,"href":"https:\/\/www.rwg-bayreuth.de\/home\/index.php?rest_route=\/wp\/v2\/posts\/37448\/revisions"}],"predecessor-version":[{"id":37803,"href":"https:\/\/www.rwg-bayreuth.de\/home\/index.php?rest_route=\/wp\/v2\/posts\/37448\/revisions\/37803"}],"wp:featuredmedia":[{"embeddable":true,"href":"https:\/\/www.rwg-bayreuth.de\/home\/index.php?rest_route=\/wp\/v2\/media\/37457"}],"wp:attachment":[{"href":"https:\/\/www.rwg-bayreuth.de\/home\/index.php?rest_route=%2Fwp%2Fv2%2Fmedia&parent=37448"}],"wp:term":[{"taxonomy":"category","embeddable":true,"href":"https:\/\/www.rwg-bayreuth.de\/home\/index.php?rest_route=%2Fwp%2Fv2%2Fcategories&post=37448"},{"taxonomy":"post_tag","embeddable":true,"href":"https:\/\/www.rwg-bayreuth.de\/home\/index.php?rest_route=%2Fwp%2Fv2%2Ftags&post=37448"}],"curies":[{"name":"wp","href":"https:\/\/api.w.org\/{rel}","templated":true}]}}