{"id":37217,"date":"2024-10-17T06:07:25","date_gmt":"2024-10-17T04:07:25","guid":{"rendered":"https:\/\/www.rwg-bayreuth.de\/home\/?p=37217"},"modified":"2025-01-30T15:35:01","modified_gmt":"2025-01-30T14:35:01","slug":"besuch-von-unserer-partnerschule-aus-pardubitz","status":"publish","type":"post","link":"https:\/\/www.rwg-bayreuth.de\/home\/?p=37217","title":{"rendered":"Besuch von unserer Partnerschule aus Pardubitz"},"content":{"rendered":"<p><a href=\"https:\/\/www.rwg-bayreuth.de\/home\/wp-content\/uploads\/2024\/11\/24-25-Tschechienaustausch-1-Unsere-tschechischen-Freunde-in-der-Aula.jpg\"><img decoding=\"async\" src=\"https:\/\/www.rwg-bayreuth.de\/home\/wp-content\/uploads\/2024\/11\/24-25-Tschechienaustausch-1-Unsere-tschechischen-Freunde-in-der-Aula.jpg\" alt=\"\" width=\"100%\" height=\"auto\" class=\"aligncenter size-full wp-image-37218 crop219\" srcset=\"https:\/\/www.rwg-bayreuth.de\/home\/wp-content\/uploads\/2024\/11\/24-25-Tschechienaustausch-1-Unsere-tschechischen-Freunde-in-der-Aula.jpg 1024w, https:\/\/www.rwg-bayreuth.de\/home\/wp-content\/uploads\/2024\/11\/24-25-Tschechienaustausch-1-Unsere-tschechischen-Freunde-in-der-Aula-150x76.jpg 150w, https:\/\/www.rwg-bayreuth.de\/home\/wp-content\/uploads\/2024\/11\/24-25-Tschechienaustausch-1-Unsere-tschechischen-Freunde-in-der-Aula-450x228.jpg 450w, https:\/\/www.rwg-bayreuth.de\/home\/wp-content\/uploads\/2024\/11\/24-25-Tschechienaustausch-1-Unsere-tschechischen-Freunde-in-der-Aula-768x389.jpg 768w, https:\/\/www.rwg-bayreuth.de\/home\/wp-content\/uploads\/2024\/11\/24-25-Tschechienaustausch-1-Unsere-tschechischen-Freunde-in-der-Aula-250x127.jpg 250w\" sizes=\"(max-width: 1024px) 100vw, 1024px\" \/><\/a><\/p>\n<p>Unsere 22 Partnersch\u00fcler und Sch\u00fclerinnen besuchten uns vom 7. bis 14. Oktober 2024 in Bayreuth<\/p>\n<p>Auch in diesem Jahr kamen unsere Austauschpartner aus dem sch\u00f6nen Pardubitz an der Elbe zu Besuch. Bereits am Montagabend wurden die G\u00e4ste von unseren Sch\u00fclern am Flixbus in Empfang genommen. <\/p>\n<p>Nachdem sie am Dienstag von der Schulleiterin Frau Graf in der Aula begr\u00fc\u00dft wurden, konnte das Programm auch schon beginnen. Einige unserer Sch\u00fclerinnen f\u00fchrten die Gruppen in englischer Sprache durch das Schulgeb\u00e4ude, wobei das wiederer\u00f6ffnete Schulmuseum auf reges Interesse stie\u00df. Bereits zur Mittagszeit, nach einer kleinen St\u00e4rkung in der Stadt, startete die tschechischsprachige F\u00fchrung durch die Altstadt Bayreuths. Die obligatorische Schlossturmbesteigung sowie der abschlie\u00dfende Besuch des Museums im Opernhaus gaben den G\u00e4sten einen ersten Einblick in die Geschichte Bayreuths.<\/p>\n<div class=\"su-image-carousel  clear su-image-carousel-columns-3 su-image-carousel-has-spacing su-image-carousel-crop su-image-carousel-crop-4-3 su-image-carousel-has-lightbox su-image-carousel-has-outline su-image-carousel-slides-style-minimal su-image-carousel-controls-style-light su-image-carousel-align-center\" style=\"\" data-flickity-options='{\"groupCells\":true,\"cellSelector\":\".su-image-carousel-item\",\"adaptiveHeight\":false,\"cellAlign\":\"left\",\"prevNextButtons\":true,\"pageDots\":false,\"autoPlay\":4000,\"imagesLoaded\":true,\"contain\":true,\"selectedAttraction\":0.025000000000000001,\"friction\":0.28000000000000003}' id=\"su_image_carousel_69f1c15d1dcc6\"><div class=\"su-image-carousel-item\"><div class=\"su-image-carousel-item-content\"><a href=\"https:\/\/www.rwg-bayreuth.de\/home\/wp-content\/uploads\/2024\/11\/24-25-Tschechienaustausch-1-Besichtigung-des-Opernhauses.jpg\" data-caption=\"\"><img loading=\"lazy\" decoding=\"async\" width=\"1024\" height=\"768\" src=\"https:\/\/www.rwg-bayreuth.de\/home\/wp-content\/uploads\/2024\/11\/24-25-Tschechienaustausch-1-Besichtigung-des-Opernhauses.jpg\" class=\"\" alt=\"\" srcset=\"https:\/\/www.rwg-bayreuth.de\/home\/wp-content\/uploads\/2024\/11\/24-25-Tschechienaustausch-1-Besichtigung-des-Opernhauses.jpg 1024w, https:\/\/www.rwg-bayreuth.de\/home\/wp-content\/uploads\/2024\/11\/24-25-Tschechienaustausch-1-Besichtigung-des-Opernhauses-150x113.jpg 150w, https:\/\/www.rwg-bayreuth.de\/home\/wp-content\/uploads\/2024\/11\/24-25-Tschechienaustausch-1-Besichtigung-des-Opernhauses-450x338.jpg 450w, https:\/\/www.rwg-bayreuth.de\/home\/wp-content\/uploads\/2024\/11\/24-25-Tschechienaustausch-1-Besichtigung-des-Opernhauses-768x576.jpg 768w, https:\/\/www.rwg-bayreuth.de\/home\/wp-content\/uploads\/2024\/11\/24-25-Tschechienaustausch-1-Besichtigung-des-Opernhauses-250x188.jpg 250w\" sizes=\"(max-width: 1024px) 100vw, 1024px\" \/><\/a><\/div><\/div><\/div><script id=\"su_image_carousel_69f1c15d1dcc6_script\">if(window.SUImageCarousel){setTimeout(function() {window.SUImageCarousel.initGallery(document.getElementById(\"su_image_carousel_69f1c15d1dcc6\"))}, 0);}var su_image_carousel_69f1c15d1dcc6_script=document.getElementById(\"su_image_carousel_69f1c15d1dcc6_script\");if(su_image_carousel_69f1c15d1dcc6_script){su_image_carousel_69f1c15d1dcc6_script.parentNode.removeChild(su_image_carousel_69f1c15d1dcc6_script);}<\/script>\n<p>Am Mittwoch besuchten die G\u00e4ste den Unterricht und nahmen am sp\u00e4ten Vormittag an der gemeinsamen Sprachanimation in der Aula und auf dem Pausenhof teil. So konnten erste Sprachbarrieren abgebaut werden. Beim geselligen Beisammensein am Abend in der Schulk\u00fcche wurde beim Pizzaessen einiges vom Gelernten angewendet und man verstand sich schon gut. <\/p>\n<div class=\"su-image-carousel  clear su-image-carousel-columns-3 su-image-carousel-has-spacing su-image-carousel-crop su-image-carousel-crop-4-3 su-image-carousel-has-lightbox su-image-carousel-has-outline su-image-carousel-slides-style-minimal su-image-carousel-controls-style-light su-image-carousel-align-center\" style=\"\" data-flickity-options='{\"groupCells\":true,\"cellSelector\":\".su-image-carousel-item\",\"adaptiveHeight\":false,\"cellAlign\":\"left\",\"prevNextButtons\":true,\"pageDots\":false,\"autoPlay\":4000,\"imagesLoaded\":true,\"contain\":true,\"selectedAttraction\":0.025000000000000001,\"friction\":0.28000000000000003}' id=\"su_image_carousel_69f1c15d1dfff\"><div class=\"su-image-carousel-item\"><div class=\"su-image-carousel-item-content\"><a href=\"https:\/\/www.rwg-bayreuth.de\/home\/wp-content\/uploads\/2024\/11\/24-25-Tschechienaustausch-2-Sprache-ist-wie-ein-fliegender-Teppich-Tandem-Animation-auf-dem-Pausenhof.jpg\" data-caption=\"\"><img loading=\"lazy\" decoding=\"async\" width=\"768\" height=\"1024\" src=\"https:\/\/www.rwg-bayreuth.de\/home\/wp-content\/uploads\/2024\/11\/24-25-Tschechienaustausch-2-Sprache-ist-wie-ein-fliegender-Teppich-Tandem-Animation-auf-dem-Pausenhof.jpg\" class=\"\" alt=\"\" srcset=\"https:\/\/www.rwg-bayreuth.de\/home\/wp-content\/uploads\/2024\/11\/24-25-Tschechienaustausch-2-Sprache-ist-wie-ein-fliegender-Teppich-Tandem-Animation-auf-dem-Pausenhof.jpg 768w, https:\/\/www.rwg-bayreuth.de\/home\/wp-content\/uploads\/2024\/11\/24-25-Tschechienaustausch-2-Sprache-ist-wie-ein-fliegender-Teppich-Tandem-Animation-auf-dem-Pausenhof-113x150.jpg 113w, https:\/\/www.rwg-bayreuth.de\/home\/wp-content\/uploads\/2024\/11\/24-25-Tschechienaustausch-2-Sprache-ist-wie-ein-fliegender-Teppich-Tandem-Animation-auf-dem-Pausenhof-338x450.jpg 338w, https:\/\/www.rwg-bayreuth.de\/home\/wp-content\/uploads\/2024\/11\/24-25-Tschechienaustausch-2-Sprache-ist-wie-ein-fliegender-Teppich-Tandem-Animation-auf-dem-Pausenhof-250x333.jpg 250w\" sizes=\"(max-width: 768px) 100vw, 768px\" \/><\/a><\/div><\/div><div class=\"su-image-carousel-item\"><div class=\"su-image-carousel-item-content\"><a href=\"https:\/\/www.rwg-bayreuth.de\/home\/wp-content\/uploads\/2024\/11\/24-25-Tschechienaustausch-2-Tschechisch-Deutsche-Sprachanimation-in-der-Aula.jpg\" data-caption=\"\"><img loading=\"lazy\" decoding=\"async\" width=\"1024\" height=\"768\" src=\"https:\/\/www.rwg-bayreuth.de\/home\/wp-content\/uploads\/2024\/11\/24-25-Tschechienaustausch-2-Tschechisch-Deutsche-Sprachanimation-in-der-Aula.jpg\" class=\"\" alt=\"\" srcset=\"https:\/\/www.rwg-bayreuth.de\/home\/wp-content\/uploads\/2024\/11\/24-25-Tschechienaustausch-2-Tschechisch-Deutsche-Sprachanimation-in-der-Aula.jpg 1024w, https:\/\/www.rwg-bayreuth.de\/home\/wp-content\/uploads\/2024\/11\/24-25-Tschechienaustausch-2-Tschechisch-Deutsche-Sprachanimation-in-der-Aula-150x113.jpg 150w, https:\/\/www.rwg-bayreuth.de\/home\/wp-content\/uploads\/2024\/11\/24-25-Tschechienaustausch-2-Tschechisch-Deutsche-Sprachanimation-in-der-Aula-450x338.jpg 450w, https:\/\/www.rwg-bayreuth.de\/home\/wp-content\/uploads\/2024\/11\/24-25-Tschechienaustausch-2-Tschechisch-Deutsche-Sprachanimation-in-der-Aula-768x576.jpg 768w, https:\/\/www.rwg-bayreuth.de\/home\/wp-content\/uploads\/2024\/11\/24-25-Tschechienaustausch-2-Tschechisch-Deutsche-Sprachanimation-in-der-Aula-250x188.jpg 250w\" sizes=\"(max-width: 1024px) 100vw, 1024px\" \/><\/a><\/div><\/div><div class=\"su-image-carousel-item\"><div class=\"su-image-carousel-item-content\"><a href=\"https:\/\/www.rwg-bayreuth.de\/home\/wp-content\/uploads\/2024\/11\/24-25-Tschechienaustausch-2-Wir-backen-gemeinsam-Pizza.jpg\" data-caption=\"\"><img loading=\"lazy\" decoding=\"async\" width=\"768\" height=\"1024\" src=\"https:\/\/www.rwg-bayreuth.de\/home\/wp-content\/uploads\/2024\/11\/24-25-Tschechienaustausch-2-Wir-backen-gemeinsam-Pizza.jpg\" class=\"\" alt=\"\" srcset=\"https:\/\/www.rwg-bayreuth.de\/home\/wp-content\/uploads\/2024\/11\/24-25-Tschechienaustausch-2-Wir-backen-gemeinsam-Pizza.jpg 768w, https:\/\/www.rwg-bayreuth.de\/home\/wp-content\/uploads\/2024\/11\/24-25-Tschechienaustausch-2-Wir-backen-gemeinsam-Pizza-113x150.jpg 113w, https:\/\/www.rwg-bayreuth.de\/home\/wp-content\/uploads\/2024\/11\/24-25-Tschechienaustausch-2-Wir-backen-gemeinsam-Pizza-338x450.jpg 338w, https:\/\/www.rwg-bayreuth.de\/home\/wp-content\/uploads\/2024\/11\/24-25-Tschechienaustausch-2-Wir-backen-gemeinsam-Pizza-250x333.jpg 250w\" sizes=\"(max-width: 768px) 100vw, 768px\" \/><\/a><\/div><\/div><\/div><script id=\"su_image_carousel_69f1c15d1dfff_script\">if(window.SUImageCarousel){setTimeout(function() {window.SUImageCarousel.initGallery(document.getElementById(\"su_image_carousel_69f1c15d1dfff\"))}, 0);}var su_image_carousel_69f1c15d1dfff_script=document.getElementById(\"su_image_carousel_69f1c15d1dfff_script\");if(su_image_carousel_69f1c15d1dfff_script){su_image_carousel_69f1c15d1dfff_script.parentNode.removeChild(su_image_carousel_69f1c15d1dfff_script);}<\/script>\n<p>Am Donnerstag wurde ein Ausflug in das historische St\u00e4dtchen Bamberg unternommen. Eine Dombesichtigung und das selbstst\u00e4ndige Erkunden der Stadt standen auf dem Programm. F\u00fcr die n\u00f6tigen Informationen sorgten unsere Sch\u00fcler, die ein Stadtquiz vorbereitet hatten.<\/p>\n<div class=\"su-image-carousel  clear su-image-carousel-columns-3 su-image-carousel-has-spacing su-image-carousel-crop su-image-carousel-crop-4-3 su-image-carousel-has-lightbox su-image-carousel-has-outline su-image-carousel-slides-style-minimal su-image-carousel-controls-style-light su-image-carousel-align-center\" style=\"\" data-flickity-options='{\"groupCells\":true,\"cellSelector\":\".su-image-carousel-item\",\"adaptiveHeight\":false,\"cellAlign\":\"left\",\"prevNextButtons\":true,\"pageDots\":false,\"autoPlay\":4000,\"imagesLoaded\":true,\"contain\":true,\"selectedAttraction\":0.025000000000000001,\"friction\":0.28000000000000003}' id=\"su_image_carousel_69f1c15d1e208\"><div class=\"su-image-carousel-item\"><div class=\"su-image-carousel-item-content\"><a href=\"https:\/\/www.rwg-bayreuth.de\/home\/wp-content\/uploads\/2024\/11\/24-25-Tschechienaustausch-3-Besuch-in-Bamberg-bei-bedecktem-Wetter.jpg\" data-caption=\"\"><img loading=\"lazy\" decoding=\"async\" width=\"1024\" height=\"768\" src=\"https:\/\/www.rwg-bayreuth.de\/home\/wp-content\/uploads\/2024\/11\/24-25-Tschechienaustausch-3-Besuch-in-Bamberg-bei-bedecktem-Wetter.jpg\" class=\"\" alt=\"\" srcset=\"https:\/\/www.rwg-bayreuth.de\/home\/wp-content\/uploads\/2024\/11\/24-25-Tschechienaustausch-3-Besuch-in-Bamberg-bei-bedecktem-Wetter.jpg 1024w, https:\/\/www.rwg-bayreuth.de\/home\/wp-content\/uploads\/2024\/11\/24-25-Tschechienaustausch-3-Besuch-in-Bamberg-bei-bedecktem-Wetter-150x113.jpg 150w, https:\/\/www.rwg-bayreuth.de\/home\/wp-content\/uploads\/2024\/11\/24-25-Tschechienaustausch-3-Besuch-in-Bamberg-bei-bedecktem-Wetter-450x338.jpg 450w, https:\/\/www.rwg-bayreuth.de\/home\/wp-content\/uploads\/2024\/11\/24-25-Tschechienaustausch-3-Besuch-in-Bamberg-bei-bedecktem-Wetter-768x576.jpg 768w, https:\/\/www.rwg-bayreuth.de\/home\/wp-content\/uploads\/2024\/11\/24-25-Tschechienaustausch-3-Besuch-in-Bamberg-bei-bedecktem-Wetter-250x188.jpg 250w\" sizes=\"(max-width: 1024px) 100vw, 1024px\" \/><\/a><\/div><\/div><\/div><script id=\"su_image_carousel_69f1c15d1e208_script\">if(window.SUImageCarousel){setTimeout(function() {window.SUImageCarousel.initGallery(document.getElementById(\"su_image_carousel_69f1c15d1e208\"))}, 0);}var su_image_carousel_69f1c15d1e208_script=document.getElementById(\"su_image_carousel_69f1c15d1e208_script\");if(su_image_carousel_69f1c15d1e208_script){su_image_carousel_69f1c15d1e208_script.parentNode.removeChild(su_image_carousel_69f1c15d1e208_script);}<\/script>\n<p>Am Freitag erwartete die Gruppe nach dem ersten Teil des Vormittagsunterrichts eine F\u00fchrung zu Goya und Grosz im Kunstmuseum. Die Selbstdarstellung im eigenst\u00e4ndigen Malen rundete den Atelierbesuch ab. <\/p>\n<div class=\"su-image-carousel  clear su-image-carousel-columns-3 su-image-carousel-has-spacing su-image-carousel-crop su-image-carousel-crop-4-3 su-image-carousel-has-lightbox su-image-carousel-has-outline su-image-carousel-slides-style-minimal su-image-carousel-controls-style-light su-image-carousel-align-center\" style=\"\" data-flickity-options='{\"groupCells\":true,\"cellSelector\":\".su-image-carousel-item\",\"adaptiveHeight\":false,\"cellAlign\":\"left\",\"prevNextButtons\":true,\"pageDots\":false,\"autoPlay\":4000,\"imagesLoaded\":true,\"contain\":true,\"selectedAttraction\":0.025000000000000001,\"friction\":0.28000000000000003}' id=\"su_image_carousel_69f1c15d1e49d\"><div class=\"su-image-carousel-item\"><div class=\"su-image-carousel-item-content\"><a href=\"https:\/\/www.rwg-bayreuth.de\/home\/wp-content\/uploads\/2024\/11\/24-25-Tschechienaustausch-4-Besuch-im-Kunstmuseum-Goya-Grosz.jpg\" data-caption=\"\"><img loading=\"lazy\" decoding=\"async\" width=\"1024\" height=\"768\" src=\"https:\/\/www.rwg-bayreuth.de\/home\/wp-content\/uploads\/2024\/11\/24-25-Tschechienaustausch-4-Besuch-im-Kunstmuseum-Goya-Grosz.jpg\" class=\"\" alt=\"\" srcset=\"https:\/\/www.rwg-bayreuth.de\/home\/wp-content\/uploads\/2024\/11\/24-25-Tschechienaustausch-4-Besuch-im-Kunstmuseum-Goya-Grosz.jpg 1024w, https:\/\/www.rwg-bayreuth.de\/home\/wp-content\/uploads\/2024\/11\/24-25-Tschechienaustausch-4-Besuch-im-Kunstmuseum-Goya-Grosz-150x113.jpg 150w, https:\/\/www.rwg-bayreuth.de\/home\/wp-content\/uploads\/2024\/11\/24-25-Tschechienaustausch-4-Besuch-im-Kunstmuseum-Goya-Grosz-450x338.jpg 450w, https:\/\/www.rwg-bayreuth.de\/home\/wp-content\/uploads\/2024\/11\/24-25-Tschechienaustausch-4-Besuch-im-Kunstmuseum-Goya-Grosz-768x576.jpg 768w, https:\/\/www.rwg-bayreuth.de\/home\/wp-content\/uploads\/2024\/11\/24-25-Tschechienaustausch-4-Besuch-im-Kunstmuseum-Goya-Grosz-250x188.jpg 250w\" sizes=\"(max-width: 1024px) 100vw, 1024px\" \/><\/a><\/div><\/div><div class=\"su-image-carousel-item\"><div class=\"su-image-carousel-item-content\"><a href=\"https:\/\/www.rwg-bayreuth.de\/home\/wp-content\/uploads\/2024\/11\/24-25-Tschechienaustausch-4-Mitmachaktion-im-Kunstmuseum-Ergebnisse.jpg\" data-caption=\"\"><img loading=\"lazy\" decoding=\"async\" width=\"1024\" height=\"768\" src=\"https:\/\/www.rwg-bayreuth.de\/home\/wp-content\/uploads\/2024\/11\/24-25-Tschechienaustausch-4-Mitmachaktion-im-Kunstmuseum-Ergebnisse.jpg\" class=\"\" alt=\"\" srcset=\"https:\/\/www.rwg-bayreuth.de\/home\/wp-content\/uploads\/2024\/11\/24-25-Tschechienaustausch-4-Mitmachaktion-im-Kunstmuseum-Ergebnisse.jpg 1024w, https:\/\/www.rwg-bayreuth.de\/home\/wp-content\/uploads\/2024\/11\/24-25-Tschechienaustausch-4-Mitmachaktion-im-Kunstmuseum-Ergebnisse-150x113.jpg 150w, https:\/\/www.rwg-bayreuth.de\/home\/wp-content\/uploads\/2024\/11\/24-25-Tschechienaustausch-4-Mitmachaktion-im-Kunstmuseum-Ergebnisse-450x338.jpg 450w, https:\/\/www.rwg-bayreuth.de\/home\/wp-content\/uploads\/2024\/11\/24-25-Tschechienaustausch-4-Mitmachaktion-im-Kunstmuseum-Ergebnisse-768x576.jpg 768w, https:\/\/www.rwg-bayreuth.de\/home\/wp-content\/uploads\/2024\/11\/24-25-Tschechienaustausch-4-Mitmachaktion-im-Kunstmuseum-Ergebnisse-250x188.jpg 250w\" sizes=\"(max-width: 1024px) 100vw, 1024px\" \/><\/a><\/div><\/div><\/div><script id=\"su_image_carousel_69f1c15d1e49d_script\">if(window.SUImageCarousel){setTimeout(function() {window.SUImageCarousel.initGallery(document.getElementById(\"su_image_carousel_69f1c15d1e49d\"))}, 0);}var su_image_carousel_69f1c15d1e49d_script=document.getElementById(\"su_image_carousel_69f1c15d1e49d_script\");if(su_image_carousel_69f1c15d1e49d_script){su_image_carousel_69f1c15d1e49d_script.parentNode.removeChild(su_image_carousel_69f1c15d1e49d_script);}<\/script>\n<p>Am Samstag stand der Besuch des Dokumentationszentrums in N\u00fcrnberg auf dem Programm. Hier erfuhren die Teilnehmerinnen und Teilnehmer viel \u00fcber die Inszenierung der NS-Diktatur. Ein Besuch bei Agnes D\u00fcrer neben der N\u00fcrnberger Burg im D\u00fcrerhaus rundete die kulturellen Veranstaltungen der Woche ab. Gemeinsam mit den Partnern starteten die Austauschsch\u00fcler in das gemeinsame Wochenende in den Familien.<br \/>\n<div class=\"su-image-carousel  clear su-image-carousel-columns-3 su-image-carousel-has-spacing su-image-carousel-crop su-image-carousel-crop-4-3 su-image-carousel-has-lightbox su-image-carousel-has-outline su-image-carousel-slides-style-minimal su-image-carousel-controls-style-light su-image-carousel-align-center\" style=\"\" data-flickity-options='{\"groupCells\":true,\"cellSelector\":\".su-image-carousel-item\",\"adaptiveHeight\":false,\"cellAlign\":\"left\",\"prevNextButtons\":true,\"pageDots\":false,\"autoPlay\":4000,\"imagesLoaded\":true,\"contain\":true,\"selectedAttraction\":0.025000000000000001,\"friction\":0.28000000000000003}' id=\"su_image_carousel_69f1c15d1e734\"><div class=\"su-image-carousel-item\"><div class=\"su-image-carousel-item-content\"><a href=\"https:\/\/www.rwg-bayreuth.de\/home\/wp-content\/uploads\/2024\/11\/24-25-Tschechienaustausch-5-Fuehrung-auf-dem-Reichsparteitagsgelaende.jpg\" data-caption=\"\"><img loading=\"lazy\" decoding=\"async\" width=\"1024\" height=\"768\" src=\"https:\/\/www.rwg-bayreuth.de\/home\/wp-content\/uploads\/2024\/11\/24-25-Tschechienaustausch-5-Fuehrung-auf-dem-Reichsparteitagsgelaende.jpg\" class=\"\" alt=\"\" srcset=\"https:\/\/www.rwg-bayreuth.de\/home\/wp-content\/uploads\/2024\/11\/24-25-Tschechienaustausch-5-Fuehrung-auf-dem-Reichsparteitagsgelaende.jpg 1024w, https:\/\/www.rwg-bayreuth.de\/home\/wp-content\/uploads\/2024\/11\/24-25-Tschechienaustausch-5-Fuehrung-auf-dem-Reichsparteitagsgelaende-150x113.jpg 150w, https:\/\/www.rwg-bayreuth.de\/home\/wp-content\/uploads\/2024\/11\/24-25-Tschechienaustausch-5-Fuehrung-auf-dem-Reichsparteitagsgelaende-450x338.jpg 450w, https:\/\/www.rwg-bayreuth.de\/home\/wp-content\/uploads\/2024\/11\/24-25-Tschechienaustausch-5-Fuehrung-auf-dem-Reichsparteitagsgelaende-768x576.jpg 768w, https:\/\/www.rwg-bayreuth.de\/home\/wp-content\/uploads\/2024\/11\/24-25-Tschechienaustausch-5-Fuehrung-auf-dem-Reichsparteitagsgelaende-250x188.jpg 250w\" sizes=\"(max-width: 1024px) 100vw, 1024px\" \/><\/a><\/div><\/div><div class=\"su-image-carousel-item\"><div class=\"su-image-carousel-item-content\"><a href=\"https:\/\/www.rwg-bayreuth.de\/home\/wp-content\/uploads\/2024\/11\/24-25-Tschechienaustausch-6-Abschied-am-Flixbus.jpg\" data-caption=\"\"><img loading=\"lazy\" decoding=\"async\" width=\"1024\" height=\"768\" src=\"https:\/\/www.rwg-bayreuth.de\/home\/wp-content\/uploads\/2024\/11\/24-25-Tschechienaustausch-6-Abschied-am-Flixbus.jpg\" class=\"\" alt=\"\" srcset=\"https:\/\/www.rwg-bayreuth.de\/home\/wp-content\/uploads\/2024\/11\/24-25-Tschechienaustausch-6-Abschied-am-Flixbus.jpg 1024w, https:\/\/www.rwg-bayreuth.de\/home\/wp-content\/uploads\/2024\/11\/24-25-Tschechienaustausch-6-Abschied-am-Flixbus-150x113.jpg 150w, https:\/\/www.rwg-bayreuth.de\/home\/wp-content\/uploads\/2024\/11\/24-25-Tschechienaustausch-6-Abschied-am-Flixbus-450x338.jpg 450w, https:\/\/www.rwg-bayreuth.de\/home\/wp-content\/uploads\/2024\/11\/24-25-Tschechienaustausch-6-Abschied-am-Flixbus-768x576.jpg 768w, https:\/\/www.rwg-bayreuth.de\/home\/wp-content\/uploads\/2024\/11\/24-25-Tschechienaustausch-6-Abschied-am-Flixbus-250x188.jpg 250w\" sizes=\"(max-width: 1024px) 100vw, 1024px\" \/><\/a><\/div><\/div><\/div><script id=\"su_image_carousel_69f1c15d1e734_script\">if(window.SUImageCarousel){setTimeout(function() {window.SUImageCarousel.initGallery(document.getElementById(\"su_image_carousel_69f1c15d1e734\"))}, 0);}var su_image_carousel_69f1c15d1e734_script=document.getElementById(\"su_image_carousel_69f1c15d1e734_script\");if(su_image_carousel_69f1c15d1e734_script){su_image_carousel_69f1c15d1e734_script.parentNode.removeChild(su_image_carousel_69f1c15d1e734_script);}<\/script>\n<p>Nach einem Unterrichtsbesuch in unserer Schule hie\u00df es am Montagnachmittag Abschied nehmen. Man hatte sich sehr gut verstanden und freut sich nun auf den Gegenbesuch in Tschechien.<\/p>\n<p><a href=\"https:\/\/www.rwg-bayreuth.de\/home\/wp-content\/uploads\/2024\/04\/24-25-Austausch-Logo-DTZF.jpg\"><img loading=\"lazy\" decoding=\"async\" src=\"https:\/\/www.rwg-bayreuth.de\/home\/wp-content\/uploads\/2024\/04\/24-25-Austausch-Logo-DTZF.jpg\" alt=\"\" width=\"1024\" height=\"642\" class=\"alignright size-full wp-image-38082\" style=\"max-width: 25%;\" srcset=\"https:\/\/www.rwg-bayreuth.de\/home\/wp-content\/uploads\/2024\/04\/24-25-Austausch-Logo-DTZF.jpg 1024w, https:\/\/www.rwg-bayreuth.de\/home\/wp-content\/uploads\/2024\/04\/24-25-Austausch-Logo-DTZF-150x94.jpg 150w, https:\/\/www.rwg-bayreuth.de\/home\/wp-content\/uploads\/2024\/04\/24-25-Austausch-Logo-DTZF-450x282.jpg 450w, https:\/\/www.rwg-bayreuth.de\/home\/wp-content\/uploads\/2024\/04\/24-25-Austausch-Logo-DTZF-768x482.jpg 768w, https:\/\/www.rwg-bayreuth.de\/home\/wp-content\/uploads\/2024\/04\/24-25-Austausch-Logo-DTZF-250x157.jpg 250w\" sizes=\"(max-width: 1024px) 100vw, 1024px\" \/><\/a>Der Austausch wurde gef\u00f6rdert durch den Deutsch Tschechischen Zukunftsfonds.<\/p>\n<p><em>A. Gerdes<\/em><\/p>\n","protected":false},"excerpt":{"rendered":"<p>Unsere 22 Partnersch\u00fcler und Sch\u00fclerinnen besuchten uns vom 7. bis 14. Oktober 2024 in Bayreuth Auch in diesem Jahr kamen unsere Austauschpartner aus dem sch\u00f6nen Pardubitz an der Elbe zu Besuch. Bereits am Montagabend wurden die G\u00e4ste von unseren Sch\u00fclern am Flixbus in Empfang genommen. Nachdem sie am Dienstag von der Schulleiterin Frau Graf in&hellip;<\/p>\n","protected":false},"author":11,"featured_media":37229,"comment_status":"closed","ping_status":"closed","sticky":false,"template":"","format":"standard","meta":{"footnotes":""},"categories":[1],"tags":[51,108],"_links":{"self":[{"href":"https:\/\/www.rwg-bayreuth.de\/home\/index.php?rest_route=\/wp\/v2\/posts\/37217"}],"collection":[{"href":"https:\/\/www.rwg-bayreuth.de\/home\/index.php?rest_route=\/wp\/v2\/posts"}],"about":[{"href":"https:\/\/www.rwg-bayreuth.de\/home\/index.php?rest_route=\/wp\/v2\/types\/post"}],"author":[{"embeddable":true,"href":"https:\/\/www.rwg-bayreuth.de\/home\/index.php?rest_route=\/wp\/v2\/users\/11"}],"replies":[{"embeddable":true,"href":"https:\/\/www.rwg-bayreuth.de\/home\/index.php?rest_route=%2Fwp%2Fv2%2Fcomments&post=37217"}],"version-history":[{"count":4,"href":"https:\/\/www.rwg-bayreuth.de\/home\/index.php?rest_route=\/wp\/v2\/posts\/37217\/revisions"}],"predecessor-version":[{"id":38087,"href":"https:\/\/www.rwg-bayreuth.de\/home\/index.php?rest_route=\/wp\/v2\/posts\/37217\/revisions\/38087"}],"wp:featuredmedia":[{"embeddable":true,"href":"https:\/\/www.rwg-bayreuth.de\/home\/index.php?rest_route=\/wp\/v2\/media\/37229"}],"wp:attachment":[{"href":"https:\/\/www.rwg-bayreuth.de\/home\/index.php?rest_route=%2Fwp%2Fv2%2Fmedia&parent=37217"}],"wp:term":[{"taxonomy":"category","embeddable":true,"href":"https:\/\/www.rwg-bayreuth.de\/home\/index.php?rest_route=%2Fwp%2Fv2%2Fcategories&post=37217"},{"taxonomy":"post_tag","embeddable":true,"href":"https:\/\/www.rwg-bayreuth.de\/home\/index.php?rest_route=%2Fwp%2Fv2%2Ftags&post=37217"}],"curies":[{"name":"wp","href":"https:\/\/api.w.org\/{rel}","templated":true}]}}