{"id":37197,"date":"2024-10-25T22:56:34","date_gmt":"2024-10-25T20:56:34","guid":{"rendered":"https:\/\/www.rwg-bayreuth.de\/home\/?p=37197"},"modified":"2025-01-09T15:34:19","modified_gmt":"2025-01-09T14:34:19","slug":"stimmen-der-demokratie-radio-mainwelle-zu-besuch-am-rwg","status":"publish","type":"post","link":"https:\/\/www.rwg-bayreuth.de\/home\/?p=37197","title":{"rendered":"Stimmen der Demokratie &#8211; Radio Mainwelle zu Besuch am RWG"},"content":{"rendered":"<p><em>Gemeinsam mit Radio Mainwelle hat der Stadtjugendring Bayreuth das Projekt \u201eStimmen der Demokratie\u201c ins Leben gerufen. <\/em><\/p>\n<p><a href=\"https:\/\/www.rwg-bayreuth.de\/home\/wp-content\/uploads\/2024\/11\/24-25-Stimmen-der-Demokratie-3.jpg\"><img decoding=\"async\" src=\"https:\/\/www.rwg-bayreuth.de\/home\/wp-content\/uploads\/2024\/11\/24-25-Stimmen-der-Demokratie-3.jpg\" alt=\"\" width=\"100%\" height=\"auto\" class=\"aligncenter size-medium wp-image-37211 crop219\" srcset=\"https:\/\/www.rwg-bayreuth.de\/home\/wp-content\/uploads\/2024\/11\/24-25-Stimmen-der-Demokratie-3.jpg 1024w, https:\/\/www.rwg-bayreuth.de\/home\/wp-content\/uploads\/2024\/11\/24-25-Stimmen-der-Demokratie-3-150x113.jpg 150w, https:\/\/www.rwg-bayreuth.de\/home\/wp-content\/uploads\/2024\/11\/24-25-Stimmen-der-Demokratie-3-450x338.jpg 450w, https:\/\/www.rwg-bayreuth.de\/home\/wp-content\/uploads\/2024\/11\/24-25-Stimmen-der-Demokratie-3-768x576.jpg 768w, https:\/\/www.rwg-bayreuth.de\/home\/wp-content\/uploads\/2024\/11\/24-25-Stimmen-der-Demokratie-3-250x188.jpg 250w\" sizes=\"(max-width: 1024px) 100vw, 1024px\" \/><\/a><\/p>\n<p>\u201eStimmen der Demokratie\u201c soll die Demokratiekompetenz junger Menschen aus der Region st\u00e4rken. Es bietet eine Plattform f\u00fcr junge Stimmen, um Gedanken, Meinungen und kreative Arbeiten zur Demokratie zu teilen. Das Projekt kombiniert informative Sendungen, interaktive Diskussionen und kreative Beitr\u00e4ge, um kognitive F\u00e4higkeiten, geschichtliches Wissen, Reflexionsverm\u00f6gen sowie praktisch-instrumentelle und affektiv-moralische Fertigkeiten zu f\u00f6rdern. Was w\u00e4re zum Beispiel, wenn einer \u00fcber alle Gesetze bestimmen d\u00fcrfte? Und bedeutet Meinungsfreiheit eigentlich, dass mich niemand wegen meiner Meinung anders behandeln darf?<\/p>\n<p>Diese und viele weitere Fragen stellten sich am Mittwoch, dem 23.10.2024, die Klasse 11b. In einem Workshop mit Radio Mainwelle suchten die Sch\u00fclerinnen und Sch\u00fcler nach Antworten, indem sie Experten, aber auch ihre Lehrer und Mitsch\u00fcler befragten. Mittels echtem Radiohandwerk gingen sie den Fragen auf den Grund. <\/p>\n<div class=\"su-image-carousel  clear su-image-carousel-columns-3 su-image-carousel-has-spacing su-image-carousel-crop su-image-carousel-crop-4-3 su-image-carousel-has-lightbox su-image-carousel-has-outline su-image-carousel-slides-style-minimal su-image-carousel-controls-style-light su-image-carousel-align-center\" style=\"\" data-flickity-options='{\"groupCells\":true,\"cellSelector\":\".su-image-carousel-item\",\"adaptiveHeight\":false,\"cellAlign\":\"left\",\"prevNextButtons\":true,\"pageDots\":false,\"autoPlay\":4000,\"imagesLoaded\":true,\"contain\":true,\"selectedAttraction\":0.025000000000000001,\"friction\":0.28000000000000003}' id=\"su_image_carousel_69f1cc34214a0\"><div class=\"su-image-carousel-item\"><div class=\"su-image-carousel-item-content\"><a href=\"https:\/\/www.rwg-bayreuth.de\/home\/wp-content\/uploads\/2024\/11\/24-25-Stimmen-der-Demokratie-1.jpg\" data-caption=\"\"><img loading=\"lazy\" decoding=\"async\" width=\"1024\" height=\"768\" src=\"https:\/\/www.rwg-bayreuth.de\/home\/wp-content\/uploads\/2024\/11\/24-25-Stimmen-der-Demokratie-1.jpg\" class=\"\" alt=\"\" srcset=\"https:\/\/www.rwg-bayreuth.de\/home\/wp-content\/uploads\/2024\/11\/24-25-Stimmen-der-Demokratie-1.jpg 1024w, https:\/\/www.rwg-bayreuth.de\/home\/wp-content\/uploads\/2024\/11\/24-25-Stimmen-der-Demokratie-1-150x113.jpg 150w, https:\/\/www.rwg-bayreuth.de\/home\/wp-content\/uploads\/2024\/11\/24-25-Stimmen-der-Demokratie-1-450x338.jpg 450w, https:\/\/www.rwg-bayreuth.de\/home\/wp-content\/uploads\/2024\/11\/24-25-Stimmen-der-Demokratie-1-768x576.jpg 768w, https:\/\/www.rwg-bayreuth.de\/home\/wp-content\/uploads\/2024\/11\/24-25-Stimmen-der-Demokratie-1-250x188.jpg 250w\" sizes=\"(max-width: 1024px) 100vw, 1024px\" \/><\/a><\/div><\/div><div class=\"su-image-carousel-item\"><div class=\"su-image-carousel-item-content\"><a href=\"https:\/\/www.rwg-bayreuth.de\/home\/wp-content\/uploads\/2024\/11\/24-25-Stimmen-der-Demokratie-2.jpg\" data-caption=\"\"><img loading=\"lazy\" decoding=\"async\" width=\"1024\" height=\"768\" src=\"https:\/\/www.rwg-bayreuth.de\/home\/wp-content\/uploads\/2024\/11\/24-25-Stimmen-der-Demokratie-2.jpg\" class=\"\" alt=\"\" srcset=\"https:\/\/www.rwg-bayreuth.de\/home\/wp-content\/uploads\/2024\/11\/24-25-Stimmen-der-Demokratie-2.jpg 1024w, https:\/\/www.rwg-bayreuth.de\/home\/wp-content\/uploads\/2024\/11\/24-25-Stimmen-der-Demokratie-2-150x113.jpg 150w, https:\/\/www.rwg-bayreuth.de\/home\/wp-content\/uploads\/2024\/11\/24-25-Stimmen-der-Demokratie-2-450x338.jpg 450w, https:\/\/www.rwg-bayreuth.de\/home\/wp-content\/uploads\/2024\/11\/24-25-Stimmen-der-Demokratie-2-768x576.jpg 768w, https:\/\/www.rwg-bayreuth.de\/home\/wp-content\/uploads\/2024\/11\/24-25-Stimmen-der-Demokratie-2-250x188.jpg 250w\" sizes=\"(max-width: 1024px) 100vw, 1024px\" \/><\/a><\/div><\/div><div class=\"su-image-carousel-item\"><div class=\"su-image-carousel-item-content\"><a href=\"https:\/\/www.rwg-bayreuth.de\/home\/wp-content\/uploads\/2024\/11\/24-25-Stimmen-der-Demokratie-4.jpg\" data-caption=\"\"><img loading=\"lazy\" decoding=\"async\" width=\"1024\" height=\"768\" src=\"https:\/\/www.rwg-bayreuth.de\/home\/wp-content\/uploads\/2024\/11\/24-25-Stimmen-der-Demokratie-4.jpg\" class=\"\" alt=\"\" srcset=\"https:\/\/www.rwg-bayreuth.de\/home\/wp-content\/uploads\/2024\/11\/24-25-Stimmen-der-Demokratie-4.jpg 1024w, https:\/\/www.rwg-bayreuth.de\/home\/wp-content\/uploads\/2024\/11\/24-25-Stimmen-der-Demokratie-4-150x113.jpg 150w, https:\/\/www.rwg-bayreuth.de\/home\/wp-content\/uploads\/2024\/11\/24-25-Stimmen-der-Demokratie-4-450x338.jpg 450w, https:\/\/www.rwg-bayreuth.de\/home\/wp-content\/uploads\/2024\/11\/24-25-Stimmen-der-Demokratie-4-768x576.jpg 768w, https:\/\/www.rwg-bayreuth.de\/home\/wp-content\/uploads\/2024\/11\/24-25-Stimmen-der-Demokratie-4-250x188.jpg 250w\" sizes=\"(max-width: 1024px) 100vw, 1024px\" \/><\/a><\/div><\/div><\/div><script id=\"su_image_carousel_69f1cc34214a0_script\">if(window.SUImageCarousel){setTimeout(function() {window.SUImageCarousel.initGallery(document.getElementById(\"su_image_carousel_69f1cc34214a0\"))}, 0);}var su_image_carousel_69f1cc34214a0_script=document.getElementById(\"su_image_carousel_69f1cc34214a0_script\");if(su_image_carousel_69f1cc34214a0_script){su_image_carousel_69f1cc34214a0_script.parentNode.removeChild(su_image_carousel_69f1cc34214a0_script);}<\/script>\n<p>Das Ergebnis, ein Radiobeitrag f\u00fcr Radio Mainwelle, wird vom 4. bis 9. November im Rahmen einer Themenwoche ausgestrahlt, in der unter anderem auch die erarbeiteten Beitr\u00e4ge im Radio gesendet werden.<\/p>\n<p>Vielen Dank an Joshua Tsakmakidis von Radio Mainwelle f\u00fcr den gewinnbringenden und toll organisierten Tag. <\/p>\n","protected":false},"excerpt":{"rendered":"<p>Gemeinsam mit Radio Mainwelle hat der Stadtjugendring Bayreuth das Projekt \u201eStimmen der Demokratie\u201c ins Leben gerufen. \u201eStimmen der Demokratie\u201c soll die Demokratiekompetenz junger Menschen aus der Region st\u00e4rken. Es bietet eine Plattform f\u00fcr junge Stimmen, um Gedanken, Meinungen und kreative Arbeiten zur Demokratie zu teilen. Das Projekt kombiniert informative Sendungen, interaktive Diskussionen und kreative Beitr\u00e4ge,&hellip;<\/p>\n","protected":false},"author":11,"featured_media":37215,"comment_status":"closed","ping_status":"closed","sticky":false,"template":"","format":"standard","meta":{"footnotes":""},"categories":[1],"tags":[59,51],"_links":{"self":[{"href":"https:\/\/www.rwg-bayreuth.de\/home\/index.php?rest_route=\/wp\/v2\/posts\/37197"}],"collection":[{"href":"https:\/\/www.rwg-bayreuth.de\/home\/index.php?rest_route=\/wp\/v2\/posts"}],"about":[{"href":"https:\/\/www.rwg-bayreuth.de\/home\/index.php?rest_route=\/wp\/v2\/types\/post"}],"author":[{"embeddable":true,"href":"https:\/\/www.rwg-bayreuth.de\/home\/index.php?rest_route=\/wp\/v2\/users\/11"}],"replies":[{"embeddable":true,"href":"https:\/\/www.rwg-bayreuth.de\/home\/index.php?rest_route=%2Fwp%2Fv2%2Fcomments&post=37197"}],"version-history":[{"count":6,"href":"https:\/\/www.rwg-bayreuth.de\/home\/index.php?rest_route=\/wp\/v2\/posts\/37197\/revisions"}],"predecessor-version":[{"id":37809,"href":"https:\/\/www.rwg-bayreuth.de\/home\/index.php?rest_route=\/wp\/v2\/posts\/37197\/revisions\/37809"}],"wp:featuredmedia":[{"embeddable":true,"href":"https:\/\/www.rwg-bayreuth.de\/home\/index.php?rest_route=\/wp\/v2\/media\/37215"}],"wp:attachment":[{"href":"https:\/\/www.rwg-bayreuth.de\/home\/index.php?rest_route=%2Fwp%2Fv2%2Fmedia&parent=37197"}],"wp:term":[{"taxonomy":"category","embeddable":true,"href":"https:\/\/www.rwg-bayreuth.de\/home\/index.php?rest_route=%2Fwp%2Fv2%2Fcategories&post=37197"},{"taxonomy":"post_tag","embeddable":true,"href":"https:\/\/www.rwg-bayreuth.de\/home\/index.php?rest_route=%2Fwp%2Fv2%2Ftags&post=37197"}],"curies":[{"name":"wp","href":"https:\/\/api.w.org\/{rel}","templated":true}]}}