{"id":37152,"date":"2024-08-21T05:20:07","date_gmt":"2024-08-21T03:20:07","guid":{"rendered":"https:\/\/www.rwg-bayreuth.de\/home\/?p=37152"},"modified":"2025-05-20T23:04:30","modified_gmt":"2025-05-20T21:04:30","slug":"kraut-und-rueben-projekt-bei-tvo","status":"publish","type":"post","link":"https:\/\/www.rwg-bayreuth.de\/home\/?p=37152","title":{"rendered":"Kraut und R\u00fcben-Projekt bei TVO"},"content":{"rendered":"<p><a href=\"https:\/\/www.rwg-bayreuth.de\/home\/wp-content\/uploads\/2024\/11\/23-24-KrautUndRueben-Abschluss.jpg\"><img decoding=\"async\" src=\"https:\/\/www.rwg-bayreuth.de\/home\/wp-content\/uploads\/2024\/11\/23-24-KrautUndRueben-Abschluss.jpg\" alt=\"\" width=\"1024\" height=\"auto\" class=\"aligncenter size-medium wp-image-37154 crop219\" srcset=\"https:\/\/www.rwg-bayreuth.de\/home\/wp-content\/uploads\/2024\/11\/23-24-KrautUndRueben-Abschluss.jpg 1024w, https:\/\/www.rwg-bayreuth.de\/home\/wp-content\/uploads\/2024\/11\/23-24-KrautUndRueben-Abschluss-150x113.jpg 150w, https:\/\/www.rwg-bayreuth.de\/home\/wp-content\/uploads\/2024\/11\/23-24-KrautUndRueben-Abschluss-450x338.jpg 450w, https:\/\/www.rwg-bayreuth.de\/home\/wp-content\/uploads\/2024\/11\/23-24-KrautUndRueben-Abschluss-768x576.jpg 768w, https:\/\/www.rwg-bayreuth.de\/home\/wp-content\/uploads\/2024\/11\/23-24-KrautUndRueben-Abschluss-250x188.jpg 250w\" sizes=\"(max-width: 1024px) 100vw, 1024px\" \/><\/a><\/p>\n<p>Mit dem Ende des Schuljahres 2023\/24 konnten unsere Sch\u00fclerinnen und Sch\u00fcler aus den f\u00fcnften Klassen im wahrsten Sinne des Wortes sehen, dass ihre Arbeit Fr\u00fcchte tr\u00e4gt: Im Projekt \u201eKraut und R\u00fcben\u201c begann die Erntezeit. Im verlinkten Beitrag von TVO k\u00f6nnen Sie ab 8min 30sec sehen, wie es den Kindern der Klasse 5a dabei ergangen ist. Vielleicht haben Sie sich ja aber auch selbst auf unserem Schulfest die ein oder andere Kostprobe schmecken lassen. <\/p>\n<ul class=\"linkliste\">\n<li><a href=\"https:\/\/www.tvo.de\/mediathek\/video\/der-bezirk-das-magazin-der-fischotter-auf-dem-vormarsch\/\" rel=\"noopener noreferrer\" target=\"_blank\">Link zum Beitrag von TVO<\/a><\/li>\n<\/ul>\n<p>Wir bedanken uns ganz herzlich bei Johannes Kempf und Tina Miehe vom Museum f\u00fcr b\u00e4uerliche Arbeitsger\u00e4te f\u00fcr die tolle Zusammenarbeit und freuen uns schon darauf, wenn das Projekt ab Februar mit unseren neuen f\u00fcnften Klassen in die zweite Runde geht.<\/p>\n","protected":false},"excerpt":{"rendered":"<p>Mit dem Ende des Schuljahres 2023\/24 konnten unsere Sch\u00fclerinnen und Sch\u00fcler aus den f\u00fcnften Klassen im wahrsten Sinne des Wortes sehen, dass ihre Arbeit Fr\u00fcchte tr\u00e4gt: Im Projekt \u201eKraut und R\u00fcben\u201c begann die Erntezeit. Im verlinkten Beitrag von TVO k\u00f6nnen Sie ab 8min 30sec sehen, wie es den Kindern der Klasse 5a dabei ergangen ist.&hellip;<\/p>\n","protected":false},"author":11,"featured_media":37153,"comment_status":"closed","ping_status":"closed","sticky":false,"template":"","format":"standard","meta":{"footnotes":""},"categories":[1],"tags":[47,111,51,109,96],"_links":{"self":[{"href":"https:\/\/www.rwg-bayreuth.de\/home\/index.php?rest_route=\/wp\/v2\/posts\/37152"}],"collection":[{"href":"https:\/\/www.rwg-bayreuth.de\/home\/index.php?rest_route=\/wp\/v2\/posts"}],"about":[{"href":"https:\/\/www.rwg-bayreuth.de\/home\/index.php?rest_route=\/wp\/v2\/types\/post"}],"author":[{"embeddable":true,"href":"https:\/\/www.rwg-bayreuth.de\/home\/index.php?rest_route=\/wp\/v2\/users\/11"}],"replies":[{"embeddable":true,"href":"https:\/\/www.rwg-bayreuth.de\/home\/index.php?rest_route=%2Fwp%2Fv2%2Fcomments&post=37152"}],"version-history":[{"count":4,"href":"https:\/\/www.rwg-bayreuth.de\/home\/index.php?rest_route=\/wp\/v2\/posts\/37152\/revisions"}],"predecessor-version":[{"id":37824,"href":"https:\/\/www.rwg-bayreuth.de\/home\/index.php?rest_route=\/wp\/v2\/posts\/37152\/revisions\/37824"}],"wp:featuredmedia":[{"embeddable":true,"href":"https:\/\/www.rwg-bayreuth.de\/home\/index.php?rest_route=\/wp\/v2\/media\/37153"}],"wp:attachment":[{"href":"https:\/\/www.rwg-bayreuth.de\/home\/index.php?rest_route=%2Fwp%2Fv2%2Fmedia&parent=37152"}],"wp:term":[{"taxonomy":"category","embeddable":true,"href":"https:\/\/www.rwg-bayreuth.de\/home\/index.php?rest_route=%2Fwp%2Fv2%2Fcategories&post=37152"},{"taxonomy":"post_tag","embeddable":true,"href":"https:\/\/www.rwg-bayreuth.de\/home\/index.php?rest_route=%2Fwp%2Fv2%2Ftags&post=37152"}],"curies":[{"name":"wp","href":"https:\/\/api.w.org\/{rel}","templated":true}]}}