{"id":37056,"date":"2024-07-23T06:32:34","date_gmt":"2024-07-23T04:32:34","guid":{"rendered":"https:\/\/www.rwg-bayreuth.de\/home\/?p=37056"},"modified":"2025-01-09T15:58:19","modified_gmt":"2025-01-09T14:58:19","slug":"projekttage-der-8-klassen-wir-fuer-die-gemeinschaft","status":"publish","type":"post","link":"https:\/\/www.rwg-bayreuth.de\/home\/?p=37056","title":{"rendered":"Projekttage der 8. Klassen \u2013 Wir f\u00fcr die Gemeinschaft"},"content":{"rendered":"<p><a href=\"https:\/\/www.rwg-bayreuth.de\/home\/wp-content\/uploads\/2024\/11\/23-24-Projekttage8-Bild-nach-Ueberschrift.jpg\"><img decoding=\"async\" src=\"https:\/\/www.rwg-bayreuth.de\/home\/wp-content\/uploads\/2024\/11\/23-24-Projekttage8-Bild-nach-Ueberschrift.jpg\" alt=\"\" width=\"100%\" height=\"auto\" class=\"aligncenter size-medium wp-image-37057 crop219\" srcset=\"https:\/\/www.rwg-bayreuth.de\/home\/wp-content\/uploads\/2024\/11\/23-24-Projekttage8-Bild-nach-Ueberschrift.jpg 1024w, https:\/\/www.rwg-bayreuth.de\/home\/wp-content\/uploads\/2024\/11\/23-24-Projekttage8-Bild-nach-Ueberschrift-150x113.jpg 150w, https:\/\/www.rwg-bayreuth.de\/home\/wp-content\/uploads\/2024\/11\/23-24-Projekttage8-Bild-nach-Ueberschrift-450x338.jpg 450w, https:\/\/www.rwg-bayreuth.de\/home\/wp-content\/uploads\/2024\/11\/23-24-Projekttage8-Bild-nach-Ueberschrift-768x576.jpg 768w, https:\/\/www.rwg-bayreuth.de\/home\/wp-content\/uploads\/2024\/11\/23-24-Projekttage8-Bild-nach-Ueberschrift-250x188.jpg 250w\" sizes=\"(max-width: 1024px) 100vw, 1024px\" \/><\/a><\/p>\n<p>Jedes Jahr w\u00e4hrend unserer RWG-Fahrtenwoche wird es ziemlich still im Schulhaus. Viele Klassen sind eine ganze Woche unterwegs, andere unternehmen eint\u00e4gige Ausfl\u00fcge zu den unterschiedlichsten Zielen. Um auch den achten Klassen ein interessantes Programm zu bieten, wurde kurzerhand ein zweit\u00e4tiges Projekt auf die Beine gestellt, bei dem die Sch\u00fclerinnen und Sch\u00fcler aus einem vielf\u00e4ltigen Angebot w\u00e4hlen konnten. Ziel war es, die Alltagskompetenzen der Jugendlichen zu st\u00e4rken, Ideen f\u00fcr einen nachhaltigeren Lebensstil umzusetzen und sich tatkr\u00e4ftig f\u00fcr die Schulfamilie einsetzen zu k\u00f6nnen. <\/p>\n<p>So gab es Upcycling-Projekte in mehreren Klassenzimmern. Aus Altpapier, aussortierten B\u00fcchern, Tapeten- und Wollresten wurden Geschenket\u00fcten in allen m\u00f6glichen Gr\u00f6\u00dfen, Formen und Farben sowie sch\u00f6ne Notizhefte hergestellt. Einzigartige Designobjekte, die auch als Vasen genutzt werden k\u00f6nnen, entstanden aus aussortierten B\u00fcchern. Kerzenreste, Eierkartons und S\u00e4gesp\u00e4ne wurden zu nicht nur praktischen, sondern auch duftenden Ofenanz\u00fcndern verarbeitet. Besonders kreative Sch\u00fclerinnen und Sch\u00fcler bastelten Wimpelgirlanden und bemalten Kieselsteine als Willkommensgeschenke f\u00fcr die neuen F\u00fcnftkl\u00e4ssler. Auch in unserer Schulk\u00fcche und den Handarbeitsr\u00e4umen ging es hei\u00df her. Es wurde Marmelade eingekocht, Limonadenrezepte wurden ausprobiert. Muskelkraft, Geschick und teilweise auch Fingerspitzengef\u00fchl waren schlie\u00dflich bei der Aktion \u201ePimp my Schulgarten\u201c gefragt. Hier k\u00fcmmerten sich flei\u00dfige G\u00e4rtnerinnen und G\u00e4rtner um die Gr\u00fcnanlagen im Pausenhof und lernten nebenbei etwas \u00fcber das richtige Schneiden von Hecken und B\u00e4umen sowie das Bepflanzen von Beeten. <\/p>\n<div class=\"su-image-carousel  clear su-image-carousel-columns-3 su-image-carousel-has-spacing su-image-carousel-crop su-image-carousel-crop-4-3 su-image-carousel-has-lightbox su-image-carousel-has-outline su-image-carousel-slides-style-minimal su-image-carousel-controls-style-light su-image-carousel-align-center\" style=\"\" data-flickity-options='{\"groupCells\":true,\"cellSelector\":\".su-image-carousel-item\",\"adaptiveHeight\":false,\"cellAlign\":\"left\",\"prevNextButtons\":true,\"pageDots\":false,\"autoPlay\":4000,\"imagesLoaded\":true,\"contain\":true,\"selectedAttraction\":0.025000000000000001,\"friction\":0.28000000000000003}' id=\"su_image_carousel_69f1be38b55e2\"><div class=\"su-image-carousel-item\"><div class=\"su-image-carousel-item-content\"><a href=\"https:\/\/www.rwg-bayreuth.de\/home\/wp-content\/uploads\/2024\/11\/23-24-Projekttage8-Buecher1.jpg\" data-caption=\"\"><img loading=\"lazy\" decoding=\"async\" width=\"1024\" height=\"768\" src=\"https:\/\/www.rwg-bayreuth.de\/home\/wp-content\/uploads\/2024\/11\/23-24-Projekttage8-Buecher1.jpg\" class=\"\" alt=\"\" srcset=\"https:\/\/www.rwg-bayreuth.de\/home\/wp-content\/uploads\/2024\/11\/23-24-Projekttage8-Buecher1.jpg 1024w, https:\/\/www.rwg-bayreuth.de\/home\/wp-content\/uploads\/2024\/11\/23-24-Projekttage8-Buecher1-150x113.jpg 150w, https:\/\/www.rwg-bayreuth.de\/home\/wp-content\/uploads\/2024\/11\/23-24-Projekttage8-Buecher1-450x338.jpg 450w, https:\/\/www.rwg-bayreuth.de\/home\/wp-content\/uploads\/2024\/11\/23-24-Projekttage8-Buecher1-768x576.jpg 768w, https:\/\/www.rwg-bayreuth.de\/home\/wp-content\/uploads\/2024\/11\/23-24-Projekttage8-Buecher1-250x188.jpg 250w\" sizes=\"(max-width: 1024px) 100vw, 1024px\" \/><\/a><\/div><\/div><div class=\"su-image-carousel-item\"><div class=\"su-image-carousel-item-content\"><a href=\"https:\/\/www.rwg-bayreuth.de\/home\/wp-content\/uploads\/2024\/11\/23-24-Projekttage8-Buecher2.jpg\" data-caption=\"\"><img loading=\"lazy\" decoding=\"async\" width=\"1024\" height=\"768\" src=\"https:\/\/www.rwg-bayreuth.de\/home\/wp-content\/uploads\/2024\/11\/23-24-Projekttage8-Buecher2.jpg\" class=\"\" alt=\"\" srcset=\"https:\/\/www.rwg-bayreuth.de\/home\/wp-content\/uploads\/2024\/11\/23-24-Projekttage8-Buecher2.jpg 1024w, https:\/\/www.rwg-bayreuth.de\/home\/wp-content\/uploads\/2024\/11\/23-24-Projekttage8-Buecher2-150x113.jpg 150w, https:\/\/www.rwg-bayreuth.de\/home\/wp-content\/uploads\/2024\/11\/23-24-Projekttage8-Buecher2-450x338.jpg 450w, https:\/\/www.rwg-bayreuth.de\/home\/wp-content\/uploads\/2024\/11\/23-24-Projekttage8-Buecher2-768x576.jpg 768w, https:\/\/www.rwg-bayreuth.de\/home\/wp-content\/uploads\/2024\/11\/23-24-Projekttage8-Buecher2-250x188.jpg 250w\" sizes=\"(max-width: 1024px) 100vw, 1024px\" \/><\/a><\/div><\/div><div class=\"su-image-carousel-item\"><div class=\"su-image-carousel-item-content\"><a href=\"https:\/\/www.rwg-bayreuth.de\/home\/wp-content\/uploads\/2024\/11\/23-24-Projekttage8-Buecher3.jpg\" data-caption=\"\"><img loading=\"lazy\" decoding=\"async\" width=\"1024\" height=\"768\" src=\"https:\/\/www.rwg-bayreuth.de\/home\/wp-content\/uploads\/2024\/11\/23-24-Projekttage8-Buecher3.jpg\" class=\"\" alt=\"\" srcset=\"https:\/\/www.rwg-bayreuth.de\/home\/wp-content\/uploads\/2024\/11\/23-24-Projekttage8-Buecher3.jpg 1024w, https:\/\/www.rwg-bayreuth.de\/home\/wp-content\/uploads\/2024\/11\/23-24-Projekttage8-Buecher3-150x113.jpg 150w, https:\/\/www.rwg-bayreuth.de\/home\/wp-content\/uploads\/2024\/11\/23-24-Projekttage8-Buecher3-450x338.jpg 450w, https:\/\/www.rwg-bayreuth.de\/home\/wp-content\/uploads\/2024\/11\/23-24-Projekttage8-Buecher3-768x576.jpg 768w, https:\/\/www.rwg-bayreuth.de\/home\/wp-content\/uploads\/2024\/11\/23-24-Projekttage8-Buecher3-250x188.jpg 250w\" sizes=\"(max-width: 1024px) 100vw, 1024px\" \/><\/a><\/div><\/div><div class=\"su-image-carousel-item\"><div class=\"su-image-carousel-item-content\"><a href=\"https:\/\/www.rwg-bayreuth.de\/home\/wp-content\/uploads\/2024\/11\/23-24-Projekttage8-Buecher4.jpg\" data-caption=\"\"><img loading=\"lazy\" decoding=\"async\" width=\"1024\" height=\"768\" src=\"https:\/\/www.rwg-bayreuth.de\/home\/wp-content\/uploads\/2024\/11\/23-24-Projekttage8-Buecher4.jpg\" class=\"\" alt=\"\" srcset=\"https:\/\/www.rwg-bayreuth.de\/home\/wp-content\/uploads\/2024\/11\/23-24-Projekttage8-Buecher4.jpg 1024w, https:\/\/www.rwg-bayreuth.de\/home\/wp-content\/uploads\/2024\/11\/23-24-Projekttage8-Buecher4-150x113.jpg 150w, https:\/\/www.rwg-bayreuth.de\/home\/wp-content\/uploads\/2024\/11\/23-24-Projekttage8-Buecher4-450x338.jpg 450w, https:\/\/www.rwg-bayreuth.de\/home\/wp-content\/uploads\/2024\/11\/23-24-Projekttage8-Buecher4-768x576.jpg 768w, https:\/\/www.rwg-bayreuth.de\/home\/wp-content\/uploads\/2024\/11\/23-24-Projekttage8-Buecher4-250x188.jpg 250w\" sizes=\"(max-width: 1024px) 100vw, 1024px\" \/><\/a><\/div><\/div><div class=\"su-image-carousel-item\"><div class=\"su-image-carousel-item-content\"><a href=\"https:\/\/www.rwg-bayreuth.de\/home\/wp-content\/uploads\/2024\/11\/23-24-Projekttage8-Krea1.jpg\" data-caption=\"\"><img loading=\"lazy\" decoding=\"async\" width=\"768\" height=\"1024\" src=\"https:\/\/www.rwg-bayreuth.de\/home\/wp-content\/uploads\/2024\/11\/23-24-Projekttage8-Krea1.jpg\" class=\"\" alt=\"\" srcset=\"https:\/\/www.rwg-bayreuth.de\/home\/wp-content\/uploads\/2024\/11\/23-24-Projekttage8-Krea1.jpg 768w, https:\/\/www.rwg-bayreuth.de\/home\/wp-content\/uploads\/2024\/11\/23-24-Projekttage8-Krea1-113x150.jpg 113w, https:\/\/www.rwg-bayreuth.de\/home\/wp-content\/uploads\/2024\/11\/23-24-Projekttage8-Krea1-338x450.jpg 338w, https:\/\/www.rwg-bayreuth.de\/home\/wp-content\/uploads\/2024\/11\/23-24-Projekttage8-Krea1-250x333.jpg 250w\" sizes=\"(max-width: 768px) 100vw, 768px\" \/><\/a><\/div><\/div><div class=\"su-image-carousel-item\"><div class=\"su-image-carousel-item-content\"><a href=\"https:\/\/www.rwg-bayreuth.de\/home\/wp-content\/uploads\/2024\/11\/23-24-Projekttage8-Krea2.jpg\" data-caption=\"\"><img loading=\"lazy\" decoding=\"async\" width=\"1024\" height=\"768\" src=\"https:\/\/www.rwg-bayreuth.de\/home\/wp-content\/uploads\/2024\/11\/23-24-Projekttage8-Krea2.jpg\" class=\"\" alt=\"\" srcset=\"https:\/\/www.rwg-bayreuth.de\/home\/wp-content\/uploads\/2024\/11\/23-24-Projekttage8-Krea2.jpg 1024w, https:\/\/www.rwg-bayreuth.de\/home\/wp-content\/uploads\/2024\/11\/23-24-Projekttage8-Krea2-150x113.jpg 150w, https:\/\/www.rwg-bayreuth.de\/home\/wp-content\/uploads\/2024\/11\/23-24-Projekttage8-Krea2-450x338.jpg 450w, https:\/\/www.rwg-bayreuth.de\/home\/wp-content\/uploads\/2024\/11\/23-24-Projekttage8-Krea2-768x576.jpg 768w, https:\/\/www.rwg-bayreuth.de\/home\/wp-content\/uploads\/2024\/11\/23-24-Projekttage8-Krea2-250x188.jpg 250w\" sizes=\"(max-width: 1024px) 100vw, 1024px\" \/><\/a><\/div><\/div><div class=\"su-image-carousel-item\"><div class=\"su-image-carousel-item-content\"><a href=\"https:\/\/www.rwg-bayreuth.de\/home\/wp-content\/uploads\/2024\/11\/23-24-Projekttage8-Krea3.jpg\" data-caption=\"\"><img loading=\"lazy\" decoding=\"async\" width=\"768\" height=\"1024\" src=\"https:\/\/www.rwg-bayreuth.de\/home\/wp-content\/uploads\/2024\/11\/23-24-Projekttage8-Krea3.jpg\" class=\"\" alt=\"\" srcset=\"https:\/\/www.rwg-bayreuth.de\/home\/wp-content\/uploads\/2024\/11\/23-24-Projekttage8-Krea3.jpg 768w, https:\/\/www.rwg-bayreuth.de\/home\/wp-content\/uploads\/2024\/11\/23-24-Projekttage8-Krea3-113x150.jpg 113w, https:\/\/www.rwg-bayreuth.de\/home\/wp-content\/uploads\/2024\/11\/23-24-Projekttage8-Krea3-338x450.jpg 338w, https:\/\/www.rwg-bayreuth.de\/home\/wp-content\/uploads\/2024\/11\/23-24-Projekttage8-Krea3-250x333.jpg 250w\" sizes=\"(max-width: 768px) 100vw, 768px\" \/><\/a><\/div><\/div><div class=\"su-image-carousel-item\"><div class=\"su-image-carousel-item-content\"><a href=\"https:\/\/www.rwg-bayreuth.de\/home\/wp-content\/uploads\/2024\/11\/23-24-Projekttage8-Kueche1.jpg\" data-caption=\"\"><img loading=\"lazy\" decoding=\"async\" width=\"1024\" height=\"768\" src=\"https:\/\/www.rwg-bayreuth.de\/home\/wp-content\/uploads\/2024\/11\/23-24-Projekttage8-Kueche1.jpg\" class=\"\" alt=\"\" srcset=\"https:\/\/www.rwg-bayreuth.de\/home\/wp-content\/uploads\/2024\/11\/23-24-Projekttage8-Kueche1.jpg 1024w, https:\/\/www.rwg-bayreuth.de\/home\/wp-content\/uploads\/2024\/11\/23-24-Projekttage8-Kueche1-150x113.jpg 150w, https:\/\/www.rwg-bayreuth.de\/home\/wp-content\/uploads\/2024\/11\/23-24-Projekttage8-Kueche1-450x338.jpg 450w, https:\/\/www.rwg-bayreuth.de\/home\/wp-content\/uploads\/2024\/11\/23-24-Projekttage8-Kueche1-768x576.jpg 768w, https:\/\/www.rwg-bayreuth.de\/home\/wp-content\/uploads\/2024\/11\/23-24-Projekttage8-Kueche1-250x188.jpg 250w\" sizes=\"(max-width: 1024px) 100vw, 1024px\" \/><\/a><\/div><\/div><div class=\"su-image-carousel-item\"><div class=\"su-image-carousel-item-content\"><a href=\"https:\/\/www.rwg-bayreuth.de\/home\/wp-content\/uploads\/2024\/11\/23-24-Projekttage8-Kueche2.jpg\" data-caption=\"\"><img loading=\"lazy\" decoding=\"async\" width=\"1024\" height=\"768\" src=\"https:\/\/www.rwg-bayreuth.de\/home\/wp-content\/uploads\/2024\/11\/23-24-Projekttage8-Kueche2.jpg\" class=\"\" alt=\"\" srcset=\"https:\/\/www.rwg-bayreuth.de\/home\/wp-content\/uploads\/2024\/11\/23-24-Projekttage8-Kueche2.jpg 1024w, https:\/\/www.rwg-bayreuth.de\/home\/wp-content\/uploads\/2024\/11\/23-24-Projekttage8-Kueche2-150x113.jpg 150w, https:\/\/www.rwg-bayreuth.de\/home\/wp-content\/uploads\/2024\/11\/23-24-Projekttage8-Kueche2-450x338.jpg 450w, https:\/\/www.rwg-bayreuth.de\/home\/wp-content\/uploads\/2024\/11\/23-24-Projekttage8-Kueche2-768x576.jpg 768w, https:\/\/www.rwg-bayreuth.de\/home\/wp-content\/uploads\/2024\/11\/23-24-Projekttage8-Kueche2-250x188.jpg 250w\" sizes=\"(max-width: 1024px) 100vw, 1024px\" \/><\/a><\/div><\/div><div class=\"su-image-carousel-item\"><div class=\"su-image-carousel-item-content\"><a href=\"https:\/\/www.rwg-bayreuth.de\/home\/wp-content\/uploads\/2024\/11\/23-24-Projekttage8-Kueche3.jpg\" data-caption=\"\"><img loading=\"lazy\" decoding=\"async\" width=\"1024\" height=\"768\" src=\"https:\/\/www.rwg-bayreuth.de\/home\/wp-content\/uploads\/2024\/11\/23-24-Projekttage8-Kueche3.jpg\" class=\"\" alt=\"\" srcset=\"https:\/\/www.rwg-bayreuth.de\/home\/wp-content\/uploads\/2024\/11\/23-24-Projekttage8-Kueche3.jpg 1024w, https:\/\/www.rwg-bayreuth.de\/home\/wp-content\/uploads\/2024\/11\/23-24-Projekttage8-Kueche3-150x113.jpg 150w, https:\/\/www.rwg-bayreuth.de\/home\/wp-content\/uploads\/2024\/11\/23-24-Projekttage8-Kueche3-450x338.jpg 450w, https:\/\/www.rwg-bayreuth.de\/home\/wp-content\/uploads\/2024\/11\/23-24-Projekttage8-Kueche3-768x576.jpg 768w, https:\/\/www.rwg-bayreuth.de\/home\/wp-content\/uploads\/2024\/11\/23-24-Projekttage8-Kueche3-250x188.jpg 250w\" sizes=\"(max-width: 1024px) 100vw, 1024px\" \/><\/a><\/div><\/div><div class=\"su-image-carousel-item\"><div class=\"su-image-carousel-item-content\"><a href=\"https:\/\/www.rwg-bayreuth.de\/home\/wp-content\/uploads\/2024\/11\/23-24-Projekttage8-Kueche4.jpg\" data-caption=\"\"><img loading=\"lazy\" decoding=\"async\" width=\"1024\" height=\"768\" src=\"https:\/\/www.rwg-bayreuth.de\/home\/wp-content\/uploads\/2024\/11\/23-24-Projekttage8-Kueche4.jpg\" class=\"\" alt=\"\" srcset=\"https:\/\/www.rwg-bayreuth.de\/home\/wp-content\/uploads\/2024\/11\/23-24-Projekttage8-Kueche4.jpg 1024w, https:\/\/www.rwg-bayreuth.de\/home\/wp-content\/uploads\/2024\/11\/23-24-Projekttage8-Kueche4-150x113.jpg 150w, https:\/\/www.rwg-bayreuth.de\/home\/wp-content\/uploads\/2024\/11\/23-24-Projekttage8-Kueche4-450x338.jpg 450w, https:\/\/www.rwg-bayreuth.de\/home\/wp-content\/uploads\/2024\/11\/23-24-Projekttage8-Kueche4-768x576.jpg 768w, https:\/\/www.rwg-bayreuth.de\/home\/wp-content\/uploads\/2024\/11\/23-24-Projekttage8-Kueche4-250x188.jpg 250w\" sizes=\"(max-width: 1024px) 100vw, 1024px\" \/><\/a><\/div><\/div><div class=\"su-image-carousel-item\"><div class=\"su-image-carousel-item-content\"><a href=\"https:\/\/www.rwg-bayreuth.de\/home\/wp-content\/uploads\/2024\/11\/23-24-Projekttage8-Kueche5.jpg\" data-caption=\"\"><img loading=\"lazy\" decoding=\"async\" width=\"1024\" height=\"768\" src=\"https:\/\/www.rwg-bayreuth.de\/home\/wp-content\/uploads\/2024\/11\/23-24-Projekttage8-Kueche5.jpg\" class=\"\" alt=\"\" srcset=\"https:\/\/www.rwg-bayreuth.de\/home\/wp-content\/uploads\/2024\/11\/23-24-Projekttage8-Kueche5.jpg 1024w, https:\/\/www.rwg-bayreuth.de\/home\/wp-content\/uploads\/2024\/11\/23-24-Projekttage8-Kueche5-150x113.jpg 150w, https:\/\/www.rwg-bayreuth.de\/home\/wp-content\/uploads\/2024\/11\/23-24-Projekttage8-Kueche5-450x338.jpg 450w, https:\/\/www.rwg-bayreuth.de\/home\/wp-content\/uploads\/2024\/11\/23-24-Projekttage8-Kueche5-768x576.jpg 768w, https:\/\/www.rwg-bayreuth.de\/home\/wp-content\/uploads\/2024\/11\/23-24-Projekttage8-Kueche5-250x188.jpg 250w\" sizes=\"(max-width: 1024px) 100vw, 1024px\" \/><\/a><\/div><\/div><div class=\"su-image-carousel-item\"><div class=\"su-image-carousel-item-content\"><a href=\"https:\/\/www.rwg-bayreuth.de\/home\/wp-content\/uploads\/2024\/11\/23-24-Projekttage8-Garten1.jpg\" data-caption=\"\"><img loading=\"lazy\" decoding=\"async\" width=\"1024\" height=\"768\" src=\"https:\/\/www.rwg-bayreuth.de\/home\/wp-content\/uploads\/2024\/11\/23-24-Projekttage8-Garten1.jpg\" class=\"\" alt=\"\" srcset=\"https:\/\/www.rwg-bayreuth.de\/home\/wp-content\/uploads\/2024\/11\/23-24-Projekttage8-Garten1.jpg 1024w, https:\/\/www.rwg-bayreuth.de\/home\/wp-content\/uploads\/2024\/11\/23-24-Projekttage8-Garten1-150x113.jpg 150w, https:\/\/www.rwg-bayreuth.de\/home\/wp-content\/uploads\/2024\/11\/23-24-Projekttage8-Garten1-450x338.jpg 450w, https:\/\/www.rwg-bayreuth.de\/home\/wp-content\/uploads\/2024\/11\/23-24-Projekttage8-Garten1-768x576.jpg 768w, https:\/\/www.rwg-bayreuth.de\/home\/wp-content\/uploads\/2024\/11\/23-24-Projekttage8-Garten1-250x188.jpg 250w\" sizes=\"(max-width: 1024px) 100vw, 1024px\" \/><\/a><\/div><\/div><div class=\"su-image-carousel-item\"><div class=\"su-image-carousel-item-content\"><a href=\"https:\/\/www.rwg-bayreuth.de\/home\/wp-content\/uploads\/2024\/11\/23-24-Projekttage8-Garten2.jpg\" data-caption=\"\"><img loading=\"lazy\" decoding=\"async\" width=\"768\" height=\"1024\" src=\"https:\/\/www.rwg-bayreuth.de\/home\/wp-content\/uploads\/2024\/11\/23-24-Projekttage8-Garten2.jpg\" class=\"\" alt=\"\" srcset=\"https:\/\/www.rwg-bayreuth.de\/home\/wp-content\/uploads\/2024\/11\/23-24-Projekttage8-Garten2.jpg 768w, https:\/\/www.rwg-bayreuth.de\/home\/wp-content\/uploads\/2024\/11\/23-24-Projekttage8-Garten2-113x150.jpg 113w, https:\/\/www.rwg-bayreuth.de\/home\/wp-content\/uploads\/2024\/11\/23-24-Projekttage8-Garten2-338x450.jpg 338w, https:\/\/www.rwg-bayreuth.de\/home\/wp-content\/uploads\/2024\/11\/23-24-Projekttage8-Garten2-250x333.jpg 250w\" sizes=\"(max-width: 768px) 100vw, 768px\" \/><\/a><\/div><\/div><div class=\"su-image-carousel-item\"><div class=\"su-image-carousel-item-content\"><a href=\"https:\/\/www.rwg-bayreuth.de\/home\/wp-content\/uploads\/2024\/11\/23-24-Projekttage8-Garten3.jpg\" data-caption=\"\"><img loading=\"lazy\" decoding=\"async\" width=\"1024\" height=\"768\" src=\"https:\/\/www.rwg-bayreuth.de\/home\/wp-content\/uploads\/2024\/11\/23-24-Projekttage8-Garten3.jpg\" class=\"\" alt=\"\" srcset=\"https:\/\/www.rwg-bayreuth.de\/home\/wp-content\/uploads\/2024\/11\/23-24-Projekttage8-Garten3.jpg 1024w, https:\/\/www.rwg-bayreuth.de\/home\/wp-content\/uploads\/2024\/11\/23-24-Projekttage8-Garten3-150x113.jpg 150w, https:\/\/www.rwg-bayreuth.de\/home\/wp-content\/uploads\/2024\/11\/23-24-Projekttage8-Garten3-450x338.jpg 450w, https:\/\/www.rwg-bayreuth.de\/home\/wp-content\/uploads\/2024\/11\/23-24-Projekttage8-Garten3-768x576.jpg 768w, https:\/\/www.rwg-bayreuth.de\/home\/wp-content\/uploads\/2024\/11\/23-24-Projekttage8-Garten3-250x188.jpg 250w\" sizes=\"(max-width: 1024px) 100vw, 1024px\" \/><\/a><\/div><\/div><\/div><script id=\"su_image_carousel_69f1be38b55e2_script\">if(window.SUImageCarousel){setTimeout(function() {window.SUImageCarousel.initGallery(document.getElementById(\"su_image_carousel_69f1be38b55e2\"))}, 0);}var su_image_carousel_69f1be38b55e2_script=document.getElementById(\"su_image_carousel_69f1be38b55e2_script\");if(su_image_carousel_69f1be38b55e2_script){su_image_carousel_69f1be38b55e2_script.parentNode.removeChild(su_image_carousel_69f1be38b55e2_script);}<\/script>\n<p>Trotz der kurzen Vorbereitungszeit entpuppten sich die Projekttage als voller Erfolg, bei dem nicht nur unsere begeisterungsf\u00e4higen Sch\u00fclerinnen und Sch\u00fcler, sondern auch einige engagierte Kolleginnen und Kollegen unerwartete Talente entdeckten. Und nicht zuletzt wurden alle mit dem tollen Gef\u00fchl belohnt, etwas f\u00fcr die Schulgemeinschaft zu tun.<\/p>\n<p>All dies bot schon einmal einen kleinen Vorgeschmack auf die Weltfair\u00e4nderer-Woche, die vom 16. bis zum 20. September 2024 am RWG stattfinden wird. Dort gibt es dann auch die Gelegenheit, die entstandenen Produkte zu kleinen Preisen zu erwerben. <\/p>\n","protected":false},"excerpt":{"rendered":"<p>Jedes Jahr w\u00e4hrend unserer RWG-Fahrtenwoche wird es ziemlich still im Schulhaus. Viele Klassen sind eine ganze Woche unterwegs, andere unternehmen eint\u00e4gige Ausfl\u00fcge zu den unterschiedlichsten Zielen. Um auch den achten Klassen ein interessantes Programm zu bieten, wurde kurzerhand ein zweit\u00e4tiges Projekt auf die Beine gestellt, bei dem die Sch\u00fclerinnen und Sch\u00fcler aus einem vielf\u00e4ltigen Angebot&hellip;<\/p>\n","protected":false},"author":11,"featured_media":37073,"comment_status":"closed","ping_status":"closed","sticky":false,"template":"","format":"standard","meta":{"footnotes":""},"categories":[1],"tags":[51],"_links":{"self":[{"href":"https:\/\/www.rwg-bayreuth.de\/home\/index.php?rest_route=\/wp\/v2\/posts\/37056"}],"collection":[{"href":"https:\/\/www.rwg-bayreuth.de\/home\/index.php?rest_route=\/wp\/v2\/posts"}],"about":[{"href":"https:\/\/www.rwg-bayreuth.de\/home\/index.php?rest_route=\/wp\/v2\/types\/post"}],"author":[{"embeddable":true,"href":"https:\/\/www.rwg-bayreuth.de\/home\/index.php?rest_route=\/wp\/v2\/users\/11"}],"replies":[{"embeddable":true,"href":"https:\/\/www.rwg-bayreuth.de\/home\/index.php?rest_route=%2Fwp%2Fv2%2Fcomments&post=37056"}],"version-history":[{"count":4,"href":"https:\/\/www.rwg-bayreuth.de\/home\/index.php?rest_route=\/wp\/v2\/posts\/37056\/revisions"}],"predecessor-version":[{"id":37838,"href":"https:\/\/www.rwg-bayreuth.de\/home\/index.php?rest_route=\/wp\/v2\/posts\/37056\/revisions\/37838"}],"wp:featuredmedia":[{"embeddable":true,"href":"https:\/\/www.rwg-bayreuth.de\/home\/index.php?rest_route=\/wp\/v2\/media\/37073"}],"wp:attachment":[{"href":"https:\/\/www.rwg-bayreuth.de\/home\/index.php?rest_route=%2Fwp%2Fv2%2Fmedia&parent=37056"}],"wp:term":[{"taxonomy":"category","embeddable":true,"href":"https:\/\/www.rwg-bayreuth.de\/home\/index.php?rest_route=%2Fwp%2Fv2%2Fcategories&post=37056"},{"taxonomy":"post_tag","embeddable":true,"href":"https:\/\/www.rwg-bayreuth.de\/home\/index.php?rest_route=%2Fwp%2Fv2%2Ftags&post=37056"}],"curies":[{"name":"wp","href":"https:\/\/api.w.org\/{rel}","templated":true}]}}