{"id":37050,"date":"2024-07-15T06:07:49","date_gmt":"2024-07-15T04:07:49","guid":{"rendered":"https:\/\/www.rwg-bayreuth.de\/home\/?p=37050"},"modified":"2025-03-06T09:29:53","modified_gmt":"2025-03-06T08:29:53","slug":"tag-der-begabtenfoerderung-auf-kloster-banz","status":"publish","type":"post","link":"https:\/\/www.rwg-bayreuth.de\/home\/?p=37050","title":{"rendered":"Tag der Begabtenf\u00f6rderung auf Kloster Banz"},"content":{"rendered":"<p><a href=\"https:\/\/www.rwg-bayreuth.de\/home\/wp-content\/uploads\/2024\/11\/23-24-Begabtenfoerderrung-Banz-Gruppenfoto.jpg\"><img decoding=\"async\" src=\"https:\/\/www.rwg-bayreuth.de\/home\/wp-content\/uploads\/2024\/11\/23-24-Begabtenfoerderrung-Banz-Gruppenfoto.jpg\" alt=\"\" width=\"100%\" height=\"auto\" class=\"aligncenter size-medium wp-image-37051 crop219\" srcset=\"https:\/\/www.rwg-bayreuth.de\/home\/wp-content\/uploads\/2024\/11\/23-24-Begabtenfoerderrung-Banz-Gruppenfoto.jpg 1024w, https:\/\/www.rwg-bayreuth.de\/home\/wp-content\/uploads\/2024\/11\/23-24-Begabtenfoerderrung-Banz-Gruppenfoto-150x113.jpg 150w, https:\/\/www.rwg-bayreuth.de\/home\/wp-content\/uploads\/2024\/11\/23-24-Begabtenfoerderrung-Banz-Gruppenfoto-450x338.jpg 450w, https:\/\/www.rwg-bayreuth.de\/home\/wp-content\/uploads\/2024\/11\/23-24-Begabtenfoerderrung-Banz-Gruppenfoto-768x576.jpg 768w, https:\/\/www.rwg-bayreuth.de\/home\/wp-content\/uploads\/2024\/11\/23-24-Begabtenfoerderrung-Banz-Gruppenfoto-250x188.jpg 250w\" sizes=\"(max-width: 1024px) 100vw, 1024px\" \/><\/a><\/p>\n<p>Traditionell Mitte Juli fand auch im zur\u00fcckliegenden Schuljahr 2023\/24 der der allj\u00e4hrliche Tag der Begabtenf\u00f6rderung statt, zu dem mehrere Hundert Sch\u00fcler\/-innen aus den verschiedenen oberfr\u00e4nkischen Begabtenf\u00f6rderungskursen geladen waren \u2013 unter die Teilnehmer\/-innen mischte sich dabei auch eine kleine, aber feine Delegation des RWG!<\/p>\n<p>Die f\u00fcnf RWGler\/-innen nutzten den Veranstaltungstag nicht nur, um den eigenen Horizont rund um spannende Themen unserer modernen bzw. digitalen Welt zu erweitern, sondern nat\u00fcrlich auch, um mit anderen talentierten Sch\u00fcler(inne)n aus ganz Oberfranken in Kontakt zu kommen bzw. sich \u00fcber gemeinsame Interessen auszutauschen.<br \/>\nVor Ort folgte nach einer kurzen Begr\u00fc\u00dfung aller Teilnehmenden ein Dialogvortrag im Plenum; im Anschluss fanden sich die Sch\u00fcler\/-innen in Workshops zusammen, bei denen gemeinsam \u00fcber interessante Fragestellungen geforscht und get\u00fcftelt werden konnte: So widmeten sich einige u.a. der Frage nach den Aliens und der Wissenschaft oder befassten sich bspw. mit der Programmierung von Lego-Spike Robotern; ebenso besch\u00e4ftigten sich die Jugendlichen mit aktuellen Themen der KI oder aber virtual reality u.v.m.<\/p>\n<div class=\"su-image-carousel  clear su-image-carousel-columns-2 su-image-carousel-has-spacing su-image-carousel-crop su-image-carousel-crop-4-3 su-image-carousel-has-lightbox su-image-carousel-has-outline su-image-carousel-slides-style-minimal su-image-carousel-controls-style-light su-image-carousel-align-center\" style=\"\" data-flickity-options='{\"groupCells\":true,\"cellSelector\":\".su-image-carousel-item\",\"adaptiveHeight\":false,\"cellAlign\":\"left\",\"prevNextButtons\":true,\"pageDots\":false,\"autoPlay\":4000,\"imagesLoaded\":true,\"contain\":true,\"selectedAttraction\":0.025000000000000001,\"friction\":0.28000000000000003}' id=\"su_image_carousel_69f1b26d70b5e\"><div class=\"su-image-carousel-item\"><div class=\"su-image-carousel-item-content\"><a href=\"https:\/\/www.rwg-bayreuth.de\/home\/wp-content\/uploads\/2024\/11\/23-24-Begabtenfoerderrung-Banz-1.jpg\" data-caption=\"\"><img loading=\"lazy\" decoding=\"async\" width=\"1024\" height=\"768\" src=\"https:\/\/www.rwg-bayreuth.de\/home\/wp-content\/uploads\/2024\/11\/23-24-Begabtenfoerderrung-Banz-1.jpg\" class=\"\" alt=\"\" srcset=\"https:\/\/www.rwg-bayreuth.de\/home\/wp-content\/uploads\/2024\/11\/23-24-Begabtenfoerderrung-Banz-1.jpg 1024w, https:\/\/www.rwg-bayreuth.de\/home\/wp-content\/uploads\/2024\/11\/23-24-Begabtenfoerderrung-Banz-1-150x113.jpg 150w, https:\/\/www.rwg-bayreuth.de\/home\/wp-content\/uploads\/2024\/11\/23-24-Begabtenfoerderrung-Banz-1-450x338.jpg 450w, https:\/\/www.rwg-bayreuth.de\/home\/wp-content\/uploads\/2024\/11\/23-24-Begabtenfoerderrung-Banz-1-768x576.jpg 768w, https:\/\/www.rwg-bayreuth.de\/home\/wp-content\/uploads\/2024\/11\/23-24-Begabtenfoerderrung-Banz-1-250x188.jpg 250w\" sizes=\"(max-width: 1024px) 100vw, 1024px\" \/><\/a><\/div><\/div><div class=\"su-image-carousel-item\"><div class=\"su-image-carousel-item-content\"><a href=\"https:\/\/www.rwg-bayreuth.de\/home\/wp-content\/uploads\/2024\/11\/23-24-Begabtenfoerderrung-Banz-2.jpg\" data-caption=\"\"><img loading=\"lazy\" decoding=\"async\" width=\"1024\" height=\"768\" src=\"https:\/\/www.rwg-bayreuth.de\/home\/wp-content\/uploads\/2024\/11\/23-24-Begabtenfoerderrung-Banz-2.jpg\" class=\"\" alt=\"\" srcset=\"https:\/\/www.rwg-bayreuth.de\/home\/wp-content\/uploads\/2024\/11\/23-24-Begabtenfoerderrung-Banz-2.jpg 1024w, https:\/\/www.rwg-bayreuth.de\/home\/wp-content\/uploads\/2024\/11\/23-24-Begabtenfoerderrung-Banz-2-150x113.jpg 150w, https:\/\/www.rwg-bayreuth.de\/home\/wp-content\/uploads\/2024\/11\/23-24-Begabtenfoerderrung-Banz-2-450x338.jpg 450w, https:\/\/www.rwg-bayreuth.de\/home\/wp-content\/uploads\/2024\/11\/23-24-Begabtenfoerderrung-Banz-2-768x576.jpg 768w, https:\/\/www.rwg-bayreuth.de\/home\/wp-content\/uploads\/2024\/11\/23-24-Begabtenfoerderrung-Banz-2-250x188.jpg 250w\" sizes=\"(max-width: 1024px) 100vw, 1024px\" \/><\/a><\/div><\/div><\/div><script id=\"su_image_carousel_69f1b26d70b5e_script\">if(window.SUImageCarousel){setTimeout(function() {window.SUImageCarousel.initGallery(document.getElementById(\"su_image_carousel_69f1b26d70b5e\"))}, 0);}var su_image_carousel_69f1b26d70b5e_script=document.getElementById(\"su_image_carousel_69f1b26d70b5e_script\");if(su_image_carousel_69f1b26d70b5e_script){su_image_carousel_69f1b26d70b5e_script.parentNode.removeChild(su_image_carousel_69f1b26d70b5e_script);}<\/script>\n<p>Unterbrochen wurde das intensive und konzentrierte Arbeiten der Teilnehmer\/-innen lediglich von einer kommunikativen Mittagspause in Form eines \u2013 wie immer \u2013 leckeren Buffets. Wer wollte, konnte au\u00dferdem auf dem imposanten Gel\u00e4nde einen Spaziergang mit herrlichem Ausblick in die Landschaft des Maintals unternehmen \u2013 alles in allem war die Veranstaltung auch in diesem Jahr wieder hervorragend organisiert und rundum gelungen, wie die zufriedenen Gesichter aller Teilnehmenden auf der R\u00fcckfahrt nach Bayreuth erahnen lie\u00dfen.<\/p>\n<p><em>S. Track<\/em><\/p>\n","protected":false},"excerpt":{"rendered":"<p>Traditionell Mitte Juli fand auch im zur\u00fcckliegenden Schuljahr 2023\/24 der der allj\u00e4hrliche Tag der Begabtenf\u00f6rderung statt, zu dem mehrere Hundert Sch\u00fcler\/-innen aus den verschiedenen oberfr\u00e4nkischen Begabtenf\u00f6rderungskursen geladen waren \u2013 unter die Teilnehmer\/-innen mischte sich dabei auch eine kleine, aber feine Delegation des RWG! Die f\u00fcnf RWGler\/-innen nutzten den Veranstaltungstag nicht nur, um den eigenen Horizont&hellip;<\/p>\n","protected":false},"author":11,"featured_media":37052,"comment_status":"closed","ping_status":"closed","sticky":false,"template":"","format":"standard","meta":{"footnotes":""},"categories":[1],"tags":[155,51,67],"_links":{"self":[{"href":"https:\/\/www.rwg-bayreuth.de\/home\/index.php?rest_route=\/wp\/v2\/posts\/37050"}],"collection":[{"href":"https:\/\/www.rwg-bayreuth.de\/home\/index.php?rest_route=\/wp\/v2\/posts"}],"about":[{"href":"https:\/\/www.rwg-bayreuth.de\/home\/index.php?rest_route=\/wp\/v2\/types\/post"}],"author":[{"embeddable":true,"href":"https:\/\/www.rwg-bayreuth.de\/home\/index.php?rest_route=\/wp\/v2\/users\/11"}],"replies":[{"embeddable":true,"href":"https:\/\/www.rwg-bayreuth.de\/home\/index.php?rest_route=%2Fwp%2Fv2%2Fcomments&post=37050"}],"version-history":[{"count":5,"href":"https:\/\/www.rwg-bayreuth.de\/home\/index.php?rest_route=\/wp\/v2\/posts\/37050\/revisions"}],"predecessor-version":[{"id":37879,"href":"https:\/\/www.rwg-bayreuth.de\/home\/index.php?rest_route=\/wp\/v2\/posts\/37050\/revisions\/37879"}],"wp:featuredmedia":[{"embeddable":true,"href":"https:\/\/www.rwg-bayreuth.de\/home\/index.php?rest_route=\/wp\/v2\/media\/37052"}],"wp:attachment":[{"href":"https:\/\/www.rwg-bayreuth.de\/home\/index.php?rest_route=%2Fwp%2Fv2%2Fmedia&parent=37050"}],"wp:term":[{"taxonomy":"category","embeddable":true,"href":"https:\/\/www.rwg-bayreuth.de\/home\/index.php?rest_route=%2Fwp%2Fv2%2Fcategories&post=37050"},{"taxonomy":"post_tag","embeddable":true,"href":"https:\/\/www.rwg-bayreuth.de\/home\/index.php?rest_route=%2Fwp%2Fv2%2Ftags&post=37050"}],"curies":[{"name":"wp","href":"https:\/\/api.w.org\/{rel}","templated":true}]}}