{"id":37026,"date":"2024-07-24T05:04:24","date_gmt":"2024-07-24T03:04:24","guid":{"rendered":"https:\/\/www.rwg-bayreuth.de\/home\/?p=37026"},"modified":"2025-01-09T15:57:49","modified_gmt":"2025-01-09T14:57:49","slug":"auf-den-spuren-der-roemer-im-altmuehltal","status":"publish","type":"post","link":"https:\/\/www.rwg-bayreuth.de\/home\/?p=37026","title":{"rendered":"Auf den Spuren der R\u00f6mer im Altm\u00fchltal"},"content":{"rendered":"<p><a href=\"https:\/\/www.rwg-bayreuth.de\/home\/wp-content\/uploads\/2024\/11\/23-24-ThementageRoemer-Gruppenfoto.jpg\"><img decoding=\"async\" src=\"https:\/\/www.rwg-bayreuth.de\/home\/wp-content\/uploads\/2024\/11\/23-24-ThementageRoemer-B.jpg\" alt=\"\" width=\"100%\" height=\"auto\" class=\"aligncenter size-medium wp-image-37027 crop219\" \/><\/a><\/p>\n<p>Bereits in der 3. Auflage fanden auch am Ende des diesj\u00e4hrigen Schuljahres Thementage f\u00fcr unsere Sechstkl\u00e4ssler\/-innen statt: Jeweils drei vollst\u00e4ndige Schultage waren dabei dem f\u00e4cher\u00fcbergreifenden Projekt gewidmet, das sich mit den Spuren der R\u00f6mer in Bayern befasste \u2013 ein Thema, das also sowohl Teil des Lehrplanes im Fach Geschichte als auch Latein ist: Immerhin erstreckte sich einst die Grenzlinie des r\u00f6mischen Imperiums bis zu eben jenem typischen Wall des sog. Limes, von dem heute neben zahlreichen Relikten entlang des Flusslaufes von Rhein und Donau ebenso noch \u00dcberreste im Altm\u00fchltal zu finden sind. <\/p>\n<p>Zu Beginn der Thementage gab es zun\u00e4chst f\u00fcr alle Gruppen eine theoretische Einf\u00fchrung, in der es z.B. darum ging, den geographischen Verlauf des antiken Limes einzuordnen bzw. den generellen Aufbau des kilometerlangen Grenzwalls nachzuvollziehen, der r\u00f6misches Gebiet von dem als \u201abarbarisch\u2018 betitelten germanischen Feindesland abgrenzte: Hierzu bot v.a. interessantes Videomaterial, teils auch in 3D-Animationen, einen lehrreichen Einblick.<br \/>\nIm Anschluss wurden die Sch\u00fcler\/-innen dann selbst t\u00e4tig und machten sich ans t\u00fcchtige Basteln, indem einerseits der typische r\u00f6mische Wachturm nachgebaut wurde, der sich von Ortschaft zu Ortschaft durch das Gel\u00e4nde zog und die r\u00f6mischen Soldaten untereinander in Kontakt stehen lie\u00df.<\/p>\n<p>Zum anderen wurden mit Hilfe von passenden Schnittmustern, Stoffen und Kordel die traditionellen R\u00f6mersandalen aus Leder angefertigt, die nat\u00fcrlich gleich darauf auch f\u00fcr eine Anprobe und ein regelrechtes \u201aSchaulaufen\u2018 herhalten mussten \ud83d\ude42<\/p>\n<div class=\"su-image-carousel  clear su-image-carousel-columns-3 su-image-carousel-has-spacing su-image-carousel-crop su-image-carousel-crop-4-3 su-image-carousel-has-lightbox su-image-carousel-has-outline su-image-carousel-slides-style-minimal su-image-carousel-controls-style-light su-image-carousel-align-center\" style=\"\" data-flickity-options='{\"groupCells\":true,\"cellSelector\":\".su-image-carousel-item\",\"adaptiveHeight\":false,\"cellAlign\":\"left\",\"prevNextButtons\":true,\"pageDots\":false,\"autoPlay\":4000,\"imagesLoaded\":true,\"contain\":true,\"selectedAttraction\":0.025000000000000001,\"friction\":0.28000000000000003}' id=\"su_image_carousel_69f1b2aa84946\"><div class=\"su-image-carousel-item\"><div class=\"su-image-carousel-item-content\"><a href=\"https:\/\/www.rwg-bayreuth.de\/home\/wp-content\/uploads\/2024\/11\/23-24-ThementageRoemer-Sandale1.jpg\" data-caption=\"\"><img loading=\"lazy\" decoding=\"async\" width=\"1024\" height=\"768\" src=\"https:\/\/www.rwg-bayreuth.de\/home\/wp-content\/uploads\/2024\/11\/23-24-ThementageRoemer-Sandale1.jpg\" class=\"\" alt=\"\" srcset=\"https:\/\/www.rwg-bayreuth.de\/home\/wp-content\/uploads\/2024\/11\/23-24-ThementageRoemer-Sandale1.jpg 1024w, https:\/\/www.rwg-bayreuth.de\/home\/wp-content\/uploads\/2024\/11\/23-24-ThementageRoemer-Sandale1-150x113.jpg 150w, https:\/\/www.rwg-bayreuth.de\/home\/wp-content\/uploads\/2024\/11\/23-24-ThementageRoemer-Sandale1-450x338.jpg 450w, https:\/\/www.rwg-bayreuth.de\/home\/wp-content\/uploads\/2024\/11\/23-24-ThementageRoemer-Sandale1-768x576.jpg 768w, https:\/\/www.rwg-bayreuth.de\/home\/wp-content\/uploads\/2024\/11\/23-24-ThementageRoemer-Sandale1-250x188.jpg 250w\" sizes=\"(max-width: 1024px) 100vw, 1024px\" \/><\/a><\/div><\/div><div class=\"su-image-carousel-item\"><div class=\"su-image-carousel-item-content\"><a href=\"https:\/\/www.rwg-bayreuth.de\/home\/wp-content\/uploads\/2024\/11\/23-24-ThementageRoemer-Sandale2.jpg\" data-caption=\"\"><img loading=\"lazy\" decoding=\"async\" width=\"1024\" height=\"768\" src=\"https:\/\/www.rwg-bayreuth.de\/home\/wp-content\/uploads\/2024\/11\/23-24-ThementageRoemer-Sandale2.jpg\" class=\"\" alt=\"\" srcset=\"https:\/\/www.rwg-bayreuth.de\/home\/wp-content\/uploads\/2024\/11\/23-24-ThementageRoemer-Sandale2.jpg 1024w, https:\/\/www.rwg-bayreuth.de\/home\/wp-content\/uploads\/2024\/11\/23-24-ThementageRoemer-Sandale2-150x113.jpg 150w, https:\/\/www.rwg-bayreuth.de\/home\/wp-content\/uploads\/2024\/11\/23-24-ThementageRoemer-Sandale2-450x338.jpg 450w, https:\/\/www.rwg-bayreuth.de\/home\/wp-content\/uploads\/2024\/11\/23-24-ThementageRoemer-Sandale2-768x576.jpg 768w, https:\/\/www.rwg-bayreuth.de\/home\/wp-content\/uploads\/2024\/11\/23-24-ThementageRoemer-Sandale2-250x188.jpg 250w\" sizes=\"(max-width: 1024px) 100vw, 1024px\" \/><\/a><\/div><\/div><div class=\"su-image-carousel-item\"><div class=\"su-image-carousel-item-content\"><a href=\"https:\/\/www.rwg-bayreuth.de\/home\/wp-content\/uploads\/2024\/11\/23-24-ThementageRoemer-Sandale3.jpg\" data-caption=\"\"><img loading=\"lazy\" decoding=\"async\" width=\"1024\" height=\"768\" src=\"https:\/\/www.rwg-bayreuth.de\/home\/wp-content\/uploads\/2024\/11\/23-24-ThementageRoemer-Sandale3.jpg\" class=\"\" alt=\"\" srcset=\"https:\/\/www.rwg-bayreuth.de\/home\/wp-content\/uploads\/2024\/11\/23-24-ThementageRoemer-Sandale3.jpg 1024w, https:\/\/www.rwg-bayreuth.de\/home\/wp-content\/uploads\/2024\/11\/23-24-ThementageRoemer-Sandale3-150x113.jpg 150w, https:\/\/www.rwg-bayreuth.de\/home\/wp-content\/uploads\/2024\/11\/23-24-ThementageRoemer-Sandale3-450x338.jpg 450w, https:\/\/www.rwg-bayreuth.de\/home\/wp-content\/uploads\/2024\/11\/23-24-ThementageRoemer-Sandale3-768x576.jpg 768w, https:\/\/www.rwg-bayreuth.de\/home\/wp-content\/uploads\/2024\/11\/23-24-ThementageRoemer-Sandale3-250x188.jpg 250w\" sizes=\"(max-width: 1024px) 100vw, 1024px\" \/><\/a><\/div><\/div><div class=\"su-image-carousel-item\"><div class=\"su-image-carousel-item-content\"><a href=\"https:\/\/www.rwg-bayreuth.de\/home\/wp-content\/uploads\/2024\/11\/23-24-ThementageRoemer-Sandale4.jpg\" data-caption=\"\"><img loading=\"lazy\" decoding=\"async\" width=\"1024\" height=\"768\" src=\"https:\/\/www.rwg-bayreuth.de\/home\/wp-content\/uploads\/2024\/11\/23-24-ThementageRoemer-Sandale4.jpg\" class=\"\" alt=\"\" srcset=\"https:\/\/www.rwg-bayreuth.de\/home\/wp-content\/uploads\/2024\/11\/23-24-ThementageRoemer-Sandale4.jpg 1024w, https:\/\/www.rwg-bayreuth.de\/home\/wp-content\/uploads\/2024\/11\/23-24-ThementageRoemer-Sandale4-150x113.jpg 150w, https:\/\/www.rwg-bayreuth.de\/home\/wp-content\/uploads\/2024\/11\/23-24-ThementageRoemer-Sandale4-450x338.jpg 450w, https:\/\/www.rwg-bayreuth.de\/home\/wp-content\/uploads\/2024\/11\/23-24-ThementageRoemer-Sandale4-768x576.jpg 768w, https:\/\/www.rwg-bayreuth.de\/home\/wp-content\/uploads\/2024\/11\/23-24-ThementageRoemer-Sandale4-250x188.jpg 250w\" sizes=\"(max-width: 1024px) 100vw, 1024px\" \/><\/a><\/div><\/div><div class=\"su-image-carousel-item\"><div class=\"su-image-carousel-item-content\"><a href=\"https:\/\/www.rwg-bayreuth.de\/home\/wp-content\/uploads\/2024\/11\/23-24-ThementageRoemer-Sandale5.jpg\" data-caption=\"\"><img loading=\"lazy\" decoding=\"async\" width=\"1024\" height=\"768\" src=\"https:\/\/www.rwg-bayreuth.de\/home\/wp-content\/uploads\/2024\/11\/23-24-ThementageRoemer-Sandale5.jpg\" class=\"\" alt=\"\" srcset=\"https:\/\/www.rwg-bayreuth.de\/home\/wp-content\/uploads\/2024\/11\/23-24-ThementageRoemer-Sandale5.jpg 1024w, https:\/\/www.rwg-bayreuth.de\/home\/wp-content\/uploads\/2024\/11\/23-24-ThementageRoemer-Sandale5-150x113.jpg 150w, https:\/\/www.rwg-bayreuth.de\/home\/wp-content\/uploads\/2024\/11\/23-24-ThementageRoemer-Sandale5-450x338.jpg 450w, https:\/\/www.rwg-bayreuth.de\/home\/wp-content\/uploads\/2024\/11\/23-24-ThementageRoemer-Sandale5-768x576.jpg 768w, https:\/\/www.rwg-bayreuth.de\/home\/wp-content\/uploads\/2024\/11\/23-24-ThementageRoemer-Sandale5-250x188.jpg 250w\" sizes=\"(max-width: 1024px) 100vw, 1024px\" \/><\/a><\/div><\/div><div class=\"su-image-carousel-item\"><div class=\"su-image-carousel-item-content\"><a href=\"https:\/\/www.rwg-bayreuth.de\/home\/wp-content\/uploads\/2024\/11\/23-24-ThementageRoemer-Sandale6.jpg\" data-caption=\"\"><img loading=\"lazy\" decoding=\"async\" width=\"1024\" height=\"768\" src=\"https:\/\/www.rwg-bayreuth.de\/home\/wp-content\/uploads\/2024\/11\/23-24-ThementageRoemer-Sandale6.jpg\" class=\"\" alt=\"\" srcset=\"https:\/\/www.rwg-bayreuth.de\/home\/wp-content\/uploads\/2024\/11\/23-24-ThementageRoemer-Sandale6.jpg 1024w, https:\/\/www.rwg-bayreuth.de\/home\/wp-content\/uploads\/2024\/11\/23-24-ThementageRoemer-Sandale6-150x113.jpg 150w, https:\/\/www.rwg-bayreuth.de\/home\/wp-content\/uploads\/2024\/11\/23-24-ThementageRoemer-Sandale6-450x338.jpg 450w, https:\/\/www.rwg-bayreuth.de\/home\/wp-content\/uploads\/2024\/11\/23-24-ThementageRoemer-Sandale6-768x576.jpg 768w, https:\/\/www.rwg-bayreuth.de\/home\/wp-content\/uploads\/2024\/11\/23-24-ThementageRoemer-Sandale6-250x188.jpg 250w\" sizes=\"(max-width: 1024px) 100vw, 1024px\" \/><\/a><\/div><\/div><div class=\"su-image-carousel-item\"><div class=\"su-image-carousel-item-content\"><a href=\"https:\/\/www.rwg-bayreuth.de\/home\/wp-content\/uploads\/2024\/11\/23-24-ThementageRoemer-Wachturm1.jpg\" data-caption=\"\"><img loading=\"lazy\" decoding=\"async\" width=\"1024\" height=\"768\" src=\"https:\/\/www.rwg-bayreuth.de\/home\/wp-content\/uploads\/2024\/11\/23-24-ThementageRoemer-Wachturm1.jpg\" class=\"\" alt=\"\" srcset=\"https:\/\/www.rwg-bayreuth.de\/home\/wp-content\/uploads\/2024\/11\/23-24-ThementageRoemer-Wachturm1.jpg 1024w, https:\/\/www.rwg-bayreuth.de\/home\/wp-content\/uploads\/2024\/11\/23-24-ThementageRoemer-Wachturm1-150x113.jpg 150w, https:\/\/www.rwg-bayreuth.de\/home\/wp-content\/uploads\/2024\/11\/23-24-ThementageRoemer-Wachturm1-450x338.jpg 450w, https:\/\/www.rwg-bayreuth.de\/home\/wp-content\/uploads\/2024\/11\/23-24-ThementageRoemer-Wachturm1-768x576.jpg 768w, https:\/\/www.rwg-bayreuth.de\/home\/wp-content\/uploads\/2024\/11\/23-24-ThementageRoemer-Wachturm1-250x188.jpg 250w\" sizes=\"(max-width: 1024px) 100vw, 1024px\" \/><\/a><\/div><\/div><div class=\"su-image-carousel-item\"><div class=\"su-image-carousel-item-content\"><a href=\"https:\/\/www.rwg-bayreuth.de\/home\/wp-content\/uploads\/2024\/11\/23-24-ThementageRoemer-Wachturm2.jpg\" data-caption=\"\"><img loading=\"lazy\" decoding=\"async\" width=\"1024\" height=\"768\" src=\"https:\/\/www.rwg-bayreuth.de\/home\/wp-content\/uploads\/2024\/11\/23-24-ThementageRoemer-Wachturm2.jpg\" class=\"\" alt=\"\" srcset=\"https:\/\/www.rwg-bayreuth.de\/home\/wp-content\/uploads\/2024\/11\/23-24-ThementageRoemer-Wachturm2.jpg 1024w, https:\/\/www.rwg-bayreuth.de\/home\/wp-content\/uploads\/2024\/11\/23-24-ThementageRoemer-Wachturm2-150x113.jpg 150w, https:\/\/www.rwg-bayreuth.de\/home\/wp-content\/uploads\/2024\/11\/23-24-ThementageRoemer-Wachturm2-450x338.jpg 450w, https:\/\/www.rwg-bayreuth.de\/home\/wp-content\/uploads\/2024\/11\/23-24-ThementageRoemer-Wachturm2-768x576.jpg 768w, https:\/\/www.rwg-bayreuth.de\/home\/wp-content\/uploads\/2024\/11\/23-24-ThementageRoemer-Wachturm2-250x188.jpg 250w\" sizes=\"(max-width: 1024px) 100vw, 1024px\" \/><\/a><\/div><\/div><\/div><script id=\"su_image_carousel_69f1b2aa84946_script\">if(window.SUImageCarousel){setTimeout(function() {window.SUImageCarousel.initGallery(document.getElementById(\"su_image_carousel_69f1b2aa84946\"))}, 0);}var su_image_carousel_69f1b2aa84946_script=document.getElementById(\"su_image_carousel_69f1b2aa84946_script\");if(su_image_carousel_69f1b2aa84946_script){su_image_carousel_69f1b2aa84946_script.parentNode.removeChild(su_image_carousel_69f1b2aa84946_script);}<\/script>\n<p>An einem weiteren Tag folgte dann die Exkursion ins R\u00f6mer-und Bajuwarenmuseum nach Kipfenberg, wo f\u00fcr alle Teilnehmer\/-innen eine fachkundige F\u00fchrung durch die sehr informativ und anschaulich gestalteten Ausstellungsr\u00e4ume auf dem Programm stand: Hier erfuhren wir nicht nur allerlei Wissenswertes \u00fcber das Alltagsleben eines am Limes stationierten r\u00f6mischen Soldaten, sondern durften sogar an verschiedenen Stationen auch in die Rolle eines solchen miles schl\u00fcpfen!<\/p>\n<div class=\"su-image-carousel  clear su-image-carousel-columns-3 su-image-carousel-has-spacing su-image-carousel-crop su-image-carousel-crop-4-3 su-image-carousel-has-lightbox su-image-carousel-has-outline su-image-carousel-slides-style-minimal su-image-carousel-controls-style-light su-image-carousel-align-center\" style=\"\" data-flickity-options='{\"groupCells\":true,\"cellSelector\":\".su-image-carousel-item\",\"adaptiveHeight\":false,\"cellAlign\":\"left\",\"prevNextButtons\":true,\"pageDots\":false,\"autoPlay\":4000,\"imagesLoaded\":true,\"contain\":true,\"selectedAttraction\":0.025000000000000001,\"friction\":0.28000000000000003}' id=\"su_image_carousel_69f1b2aa84e3b\"><div class=\"su-image-carousel-item\"><div class=\"su-image-carousel-item-content\"><a href=\"https:\/\/www.rwg-bayreuth.de\/home\/wp-content\/uploads\/2024\/11\/23-24-ThementageRoemer-Museum1.jpg\" data-caption=\"\"><img loading=\"lazy\" decoding=\"async\" width=\"1024\" height=\"768\" src=\"https:\/\/www.rwg-bayreuth.de\/home\/wp-content\/uploads\/2024\/11\/23-24-ThementageRoemer-Museum1.jpg\" class=\"\" alt=\"\" srcset=\"https:\/\/www.rwg-bayreuth.de\/home\/wp-content\/uploads\/2024\/11\/23-24-ThementageRoemer-Museum1.jpg 1024w, https:\/\/www.rwg-bayreuth.de\/home\/wp-content\/uploads\/2024\/11\/23-24-ThementageRoemer-Museum1-150x113.jpg 150w, https:\/\/www.rwg-bayreuth.de\/home\/wp-content\/uploads\/2024\/11\/23-24-ThementageRoemer-Museum1-450x338.jpg 450w, https:\/\/www.rwg-bayreuth.de\/home\/wp-content\/uploads\/2024\/11\/23-24-ThementageRoemer-Museum1-768x576.jpg 768w, https:\/\/www.rwg-bayreuth.de\/home\/wp-content\/uploads\/2024\/11\/23-24-ThementageRoemer-Museum1-250x188.jpg 250w\" sizes=\"(max-width: 1024px) 100vw, 1024px\" \/><\/a><\/div><\/div><div class=\"su-image-carousel-item\"><div class=\"su-image-carousel-item-content\"><a href=\"https:\/\/www.rwg-bayreuth.de\/home\/wp-content\/uploads\/2024\/11\/23-24-ThementageRoemer-Museum2.jpg\" data-caption=\"\"><img loading=\"lazy\" decoding=\"async\" width=\"1024\" height=\"768\" src=\"https:\/\/www.rwg-bayreuth.de\/home\/wp-content\/uploads\/2024\/11\/23-24-ThementageRoemer-Museum2.jpg\" class=\"\" alt=\"\" srcset=\"https:\/\/www.rwg-bayreuth.de\/home\/wp-content\/uploads\/2024\/11\/23-24-ThementageRoemer-Museum2.jpg 1024w, https:\/\/www.rwg-bayreuth.de\/home\/wp-content\/uploads\/2024\/11\/23-24-ThementageRoemer-Museum2-150x113.jpg 150w, https:\/\/www.rwg-bayreuth.de\/home\/wp-content\/uploads\/2024\/11\/23-24-ThementageRoemer-Museum2-450x338.jpg 450w, https:\/\/www.rwg-bayreuth.de\/home\/wp-content\/uploads\/2024\/11\/23-24-ThementageRoemer-Museum2-768x576.jpg 768w, https:\/\/www.rwg-bayreuth.de\/home\/wp-content\/uploads\/2024\/11\/23-24-ThementageRoemer-Museum2-250x188.jpg 250w\" sizes=\"(max-width: 1024px) 100vw, 1024px\" \/><\/a><\/div><\/div><div class=\"su-image-carousel-item\"><div class=\"su-image-carousel-item-content\"><a href=\"https:\/\/www.rwg-bayreuth.de\/home\/wp-content\/uploads\/2024\/11\/23-24-ThementageRoemer-Museum3.jpg\" data-caption=\"\"><img loading=\"lazy\" decoding=\"async\" width=\"1024\" height=\"768\" src=\"https:\/\/www.rwg-bayreuth.de\/home\/wp-content\/uploads\/2024\/11\/23-24-ThementageRoemer-Museum3.jpg\" class=\"\" alt=\"\" srcset=\"https:\/\/www.rwg-bayreuth.de\/home\/wp-content\/uploads\/2024\/11\/23-24-ThementageRoemer-Museum3.jpg 1024w, https:\/\/www.rwg-bayreuth.de\/home\/wp-content\/uploads\/2024\/11\/23-24-ThementageRoemer-Museum3-150x113.jpg 150w, https:\/\/www.rwg-bayreuth.de\/home\/wp-content\/uploads\/2024\/11\/23-24-ThementageRoemer-Museum3-450x338.jpg 450w, https:\/\/www.rwg-bayreuth.de\/home\/wp-content\/uploads\/2024\/11\/23-24-ThementageRoemer-Museum3-768x576.jpg 768w, https:\/\/www.rwg-bayreuth.de\/home\/wp-content\/uploads\/2024\/11\/23-24-ThementageRoemer-Museum3-250x188.jpg 250w\" sizes=\"(max-width: 1024px) 100vw, 1024px\" \/><\/a><\/div><\/div><div class=\"su-image-carousel-item\"><div class=\"su-image-carousel-item-content\"><a href=\"https:\/\/www.rwg-bayreuth.de\/home\/wp-content\/uploads\/2024\/11\/23-24-ThementageRoemer-Museum4.jpg\" data-caption=\"\"><img loading=\"lazy\" decoding=\"async\" width=\"1024\" height=\"768\" src=\"https:\/\/www.rwg-bayreuth.de\/home\/wp-content\/uploads\/2024\/11\/23-24-ThementageRoemer-Museum4.jpg\" class=\"\" alt=\"\" srcset=\"https:\/\/www.rwg-bayreuth.de\/home\/wp-content\/uploads\/2024\/11\/23-24-ThementageRoemer-Museum4.jpg 1024w, https:\/\/www.rwg-bayreuth.de\/home\/wp-content\/uploads\/2024\/11\/23-24-ThementageRoemer-Museum4-150x113.jpg 150w, https:\/\/www.rwg-bayreuth.de\/home\/wp-content\/uploads\/2024\/11\/23-24-ThementageRoemer-Museum4-450x338.jpg 450w, https:\/\/www.rwg-bayreuth.de\/home\/wp-content\/uploads\/2024\/11\/23-24-ThementageRoemer-Museum4-768x576.jpg 768w, https:\/\/www.rwg-bayreuth.de\/home\/wp-content\/uploads\/2024\/11\/23-24-ThementageRoemer-Museum4-250x188.jpg 250w\" sizes=\"(max-width: 1024px) 100vw, 1024px\" \/><\/a><\/div><\/div><div class=\"su-image-carousel-item\"><div class=\"su-image-carousel-item-content\"><a href=\"https:\/\/www.rwg-bayreuth.de\/home\/wp-content\/uploads\/2024\/11\/23-24-ThementageRoemer-Museum5.jpg\" data-caption=\"\"><img loading=\"lazy\" decoding=\"async\" width=\"768\" height=\"1024\" src=\"https:\/\/www.rwg-bayreuth.de\/home\/wp-content\/uploads\/2024\/11\/23-24-ThementageRoemer-Museum5.jpg\" class=\"\" alt=\"\" srcset=\"https:\/\/www.rwg-bayreuth.de\/home\/wp-content\/uploads\/2024\/11\/23-24-ThementageRoemer-Museum5.jpg 768w, https:\/\/www.rwg-bayreuth.de\/home\/wp-content\/uploads\/2024\/11\/23-24-ThementageRoemer-Museum5-113x150.jpg 113w, https:\/\/www.rwg-bayreuth.de\/home\/wp-content\/uploads\/2024\/11\/23-24-ThementageRoemer-Museum5-338x450.jpg 338w, https:\/\/www.rwg-bayreuth.de\/home\/wp-content\/uploads\/2024\/11\/23-24-ThementageRoemer-Museum5-250x333.jpg 250w\" sizes=\"(max-width: 768px) 100vw, 768px\" \/><\/a><\/div><\/div><div class=\"su-image-carousel-item\"><div class=\"su-image-carousel-item-content\"><a href=\"https:\/\/www.rwg-bayreuth.de\/home\/wp-content\/uploads\/2024\/11\/23-24-ThementageRoemer-Museum6.jpg\" data-caption=\"\"><img loading=\"lazy\" decoding=\"async\" width=\"1024\" height=\"768\" src=\"https:\/\/www.rwg-bayreuth.de\/home\/wp-content\/uploads\/2024\/11\/23-24-ThementageRoemer-Museum6.jpg\" class=\"\" alt=\"\" srcset=\"https:\/\/www.rwg-bayreuth.de\/home\/wp-content\/uploads\/2024\/11\/23-24-ThementageRoemer-Museum6.jpg 1024w, https:\/\/www.rwg-bayreuth.de\/home\/wp-content\/uploads\/2024\/11\/23-24-ThementageRoemer-Museum6-150x113.jpg 150w, https:\/\/www.rwg-bayreuth.de\/home\/wp-content\/uploads\/2024\/11\/23-24-ThementageRoemer-Museum6-450x338.jpg 450w, https:\/\/www.rwg-bayreuth.de\/home\/wp-content\/uploads\/2024\/11\/23-24-ThementageRoemer-Museum6-768x576.jpg 768w, https:\/\/www.rwg-bayreuth.de\/home\/wp-content\/uploads\/2024\/11\/23-24-ThementageRoemer-Museum6-250x188.jpg 250w\" sizes=\"(max-width: 1024px) 100vw, 1024px\" \/><\/a><\/div><\/div><\/div><script id=\"su_image_carousel_69f1b2aa84e3b_script\">if(window.SUImageCarousel){setTimeout(function() {window.SUImageCarousel.initGallery(document.getElementById(\"su_image_carousel_69f1b2aa84e3b\"))}, 0);}var su_image_carousel_69f1b2aa84e3b_script=document.getElementById(\"su_image_carousel_69f1b2aa84e3b_script\");if(su_image_carousel_69f1b2aa84e3b_script){su_image_carousel_69f1b2aa84e3b_script.parentNode.removeChild(su_image_carousel_69f1b2aa84e3b_script);}<\/script>\n<p>Als zweites Highlight an dem Tag erfolgte im Anschluss an die Museumsf\u00fchrung der kurzweilige Fu\u00dfmarsch zu einem heute \u2013 normalerweise \u2013  noch begehbaren h\u00f6lzernen Wachturm, der eines der Patrouillenziele am Limes im Altm\u00fchltal markierte \u2013 schade nur, dass uns diesmal ein Wespenschwarm einen Strich durch die Rechnung machte, der den Turm f\u00fcr sich okkupiert hatte und daher eine Turmerklimmung unm\u00f6glich machte! Aber dennoch konnte man sich sicherlich auch so ein gutes Bild vor Ort machen, bevor ein abschlie\u00dfender kurzer Besuch auf dem Limesspielplatz in Kipfenberg einen rundum gelungenen Ausflug abrundete.<\/p>\n<div class=\"su-image-carousel  clear su-image-carousel-columns-3 su-image-carousel-has-spacing su-image-carousel-crop su-image-carousel-crop-4-3 su-image-carousel-has-lightbox su-image-carousel-has-outline su-image-carousel-slides-style-minimal su-image-carousel-controls-style-light su-image-carousel-align-center\" style=\"\" data-flickity-options='{\"groupCells\":true,\"cellSelector\":\".su-image-carousel-item\",\"adaptiveHeight\":false,\"cellAlign\":\"left\",\"prevNextButtons\":true,\"pageDots\":false,\"autoPlay\":4000,\"imagesLoaded\":true,\"contain\":true,\"selectedAttraction\":0.025000000000000001,\"friction\":0.28000000000000003}' id=\"su_image_carousel_69f1b2aa8516c\"><div class=\"su-image-carousel-item\"><div class=\"su-image-carousel-item-content\"><a href=\"https:\/\/www.rwg-bayreuth.de\/home\/wp-content\/uploads\/2024\/11\/23-24-ThementageRoemer-Turm1.jpg\" data-caption=\"\"><img loading=\"lazy\" decoding=\"async\" width=\"1024\" height=\"768\" src=\"https:\/\/www.rwg-bayreuth.de\/home\/wp-content\/uploads\/2024\/11\/23-24-ThementageRoemer-Turm1.jpg\" class=\"\" alt=\"\" srcset=\"https:\/\/www.rwg-bayreuth.de\/home\/wp-content\/uploads\/2024\/11\/23-24-ThementageRoemer-Turm1.jpg 1024w, https:\/\/www.rwg-bayreuth.de\/home\/wp-content\/uploads\/2024\/11\/23-24-ThementageRoemer-Turm1-150x113.jpg 150w, https:\/\/www.rwg-bayreuth.de\/home\/wp-content\/uploads\/2024\/11\/23-24-ThementageRoemer-Turm1-450x338.jpg 450w, https:\/\/www.rwg-bayreuth.de\/home\/wp-content\/uploads\/2024\/11\/23-24-ThementageRoemer-Turm1-768x576.jpg 768w, https:\/\/www.rwg-bayreuth.de\/home\/wp-content\/uploads\/2024\/11\/23-24-ThementageRoemer-Turm1-250x188.jpg 250w\" sizes=\"(max-width: 1024px) 100vw, 1024px\" \/><\/a><\/div><\/div><div class=\"su-image-carousel-item\"><div class=\"su-image-carousel-item-content\"><a href=\"https:\/\/www.rwg-bayreuth.de\/home\/wp-content\/uploads\/2024\/11\/23-24-ThementageRoemer-Turm2.jpg\" data-caption=\"\"><img loading=\"lazy\" decoding=\"async\" width=\"768\" height=\"1024\" src=\"https:\/\/www.rwg-bayreuth.de\/home\/wp-content\/uploads\/2024\/11\/23-24-ThementageRoemer-Turm2.jpg\" class=\"\" alt=\"\" srcset=\"https:\/\/www.rwg-bayreuth.de\/home\/wp-content\/uploads\/2024\/11\/23-24-ThementageRoemer-Turm2.jpg 768w, https:\/\/www.rwg-bayreuth.de\/home\/wp-content\/uploads\/2024\/11\/23-24-ThementageRoemer-Turm2-113x150.jpg 113w, https:\/\/www.rwg-bayreuth.de\/home\/wp-content\/uploads\/2024\/11\/23-24-ThementageRoemer-Turm2-338x450.jpg 338w, https:\/\/www.rwg-bayreuth.de\/home\/wp-content\/uploads\/2024\/11\/23-24-ThementageRoemer-Turm2-250x333.jpg 250w\" sizes=\"(max-width: 768px) 100vw, 768px\" \/><\/a><\/div><\/div><div class=\"su-image-carousel-item\"><div class=\"su-image-carousel-item-content\"><a href=\"https:\/\/www.rwg-bayreuth.de\/home\/wp-content\/uploads\/2024\/11\/23-24-ThementageRoemer-Turm3.jpg\" data-caption=\"\"><img loading=\"lazy\" decoding=\"async\" width=\"1024\" height=\"768\" src=\"https:\/\/www.rwg-bayreuth.de\/home\/wp-content\/uploads\/2024\/11\/23-24-ThementageRoemer-Turm3.jpg\" class=\"\" alt=\"\" srcset=\"https:\/\/www.rwg-bayreuth.de\/home\/wp-content\/uploads\/2024\/11\/23-24-ThementageRoemer-Turm3.jpg 1024w, https:\/\/www.rwg-bayreuth.de\/home\/wp-content\/uploads\/2024\/11\/23-24-ThementageRoemer-Turm3-150x113.jpg 150w, https:\/\/www.rwg-bayreuth.de\/home\/wp-content\/uploads\/2024\/11\/23-24-ThementageRoemer-Turm3-450x338.jpg 450w, https:\/\/www.rwg-bayreuth.de\/home\/wp-content\/uploads\/2024\/11\/23-24-ThementageRoemer-Turm3-768x576.jpg 768w, https:\/\/www.rwg-bayreuth.de\/home\/wp-content\/uploads\/2024\/11\/23-24-ThementageRoemer-Turm3-250x188.jpg 250w\" sizes=\"(max-width: 1024px) 100vw, 1024px\" \/><\/a><\/div><\/div><\/div><script id=\"su_image_carousel_69f1b2aa8516c_script\">if(window.SUImageCarousel){setTimeout(function() {window.SUImageCarousel.initGallery(document.getElementById(\"su_image_carousel_69f1b2aa8516c\"))}, 0);}var su_image_carousel_69f1b2aa8516c_script=document.getElementById(\"su_image_carousel_69f1b2aa8516c_script\");if(su_image_carousel_69f1b2aa8516c_script){su_image_carousel_69f1b2aa8516c_script.parentNode.removeChild(su_image_carousel_69f1b2aa8516c_script);}<\/script>\n<p>Unter dem Titel \u201aHelden, G\u00f6tter, Geister\u2018 durften die Sechstkl\u00e4ssler\/-innen an ihrem letzten Tag der jeweils halben Schulwoche eine F\u00fchrung im Neuen Schloss in Bayreuth erleben, das sich bekannterma\u00dfen in unmittelbarer N\u00e4he zum RWG befindet. Hierbei ging es u.a. um sagenhafte Inhalte antik-r\u00f6mischer Mythen und Gestalten, wie sie u.a. f\u00fcr das Selbstverst\u00e4ndnis der R\u00f6mer von wichtiger Bedeutung waren und bis in die Neuzeit immer wieder auch von anderen europ\u00e4ischen Kulturen tradiert wurden. So gab es in etlichen R\u00e4umen des Schlosses die beeindruckend kunstvolle Raumdekoration, Wandmalereien u.v.m. zu bestaunen, wobei anhand der inhaltlichen Gestaltung immer wieder Parallelen zu antiken Mythen gezogen werden konnten.<br \/>\nMit einer kurzen Besichtigung der etwas versteckt gelegenen Grotte endete der Besuch an diesem Tag.<\/p>\n<div class=\"su-image-carousel  clear su-image-carousel-columns-3 su-image-carousel-has-spacing su-image-carousel-crop su-image-carousel-crop-4-3 su-image-carousel-has-lightbox su-image-carousel-has-outline su-image-carousel-slides-style-minimal su-image-carousel-controls-style-light su-image-carousel-align-center\" style=\"\" data-flickity-options='{\"groupCells\":true,\"cellSelector\":\".su-image-carousel-item\",\"adaptiveHeight\":false,\"cellAlign\":\"left\",\"prevNextButtons\":true,\"pageDots\":false,\"autoPlay\":4000,\"imagesLoaded\":true,\"contain\":true,\"selectedAttraction\":0.025000000000000001,\"friction\":0.28000000000000003}' id=\"su_image_carousel_69f1b2aa85411\"><div class=\"su-image-carousel-item\"><div class=\"su-image-carousel-item-content\"><a href=\"https:\/\/www.rwg-bayreuth.de\/home\/wp-content\/uploads\/2024\/11\/23-24-ThementageRoemer-Schloss1.jpg\" data-caption=\"\"><img loading=\"lazy\" decoding=\"async\" width=\"1024\" height=\"768\" src=\"https:\/\/www.rwg-bayreuth.de\/home\/wp-content\/uploads\/2024\/11\/23-24-ThementageRoemer-Schloss1.jpg\" class=\"\" alt=\"\" srcset=\"https:\/\/www.rwg-bayreuth.de\/home\/wp-content\/uploads\/2024\/11\/23-24-ThementageRoemer-Schloss1.jpg 1024w, https:\/\/www.rwg-bayreuth.de\/home\/wp-content\/uploads\/2024\/11\/23-24-ThementageRoemer-Schloss1-150x113.jpg 150w, https:\/\/www.rwg-bayreuth.de\/home\/wp-content\/uploads\/2024\/11\/23-24-ThementageRoemer-Schloss1-450x338.jpg 450w, https:\/\/www.rwg-bayreuth.de\/home\/wp-content\/uploads\/2024\/11\/23-24-ThementageRoemer-Schloss1-768x576.jpg 768w, https:\/\/www.rwg-bayreuth.de\/home\/wp-content\/uploads\/2024\/11\/23-24-ThementageRoemer-Schloss1-250x188.jpg 250w\" sizes=\"(max-width: 1024px) 100vw, 1024px\" \/><\/a><\/div><\/div><div class=\"su-image-carousel-item\"><div class=\"su-image-carousel-item-content\"><a href=\"https:\/\/www.rwg-bayreuth.de\/home\/wp-content\/uploads\/2024\/11\/23-24-ThementageRoemer-Schloss2.jpg\" data-caption=\"\"><img loading=\"lazy\" decoding=\"async\" width=\"768\" height=\"1024\" src=\"https:\/\/www.rwg-bayreuth.de\/home\/wp-content\/uploads\/2024\/11\/23-24-ThementageRoemer-Schloss2.jpg\" class=\"\" alt=\"\" srcset=\"https:\/\/www.rwg-bayreuth.de\/home\/wp-content\/uploads\/2024\/11\/23-24-ThementageRoemer-Schloss2.jpg 768w, https:\/\/www.rwg-bayreuth.de\/home\/wp-content\/uploads\/2024\/11\/23-24-ThementageRoemer-Schloss2-113x150.jpg 113w, https:\/\/www.rwg-bayreuth.de\/home\/wp-content\/uploads\/2024\/11\/23-24-ThementageRoemer-Schloss2-338x450.jpg 338w, https:\/\/www.rwg-bayreuth.de\/home\/wp-content\/uploads\/2024\/11\/23-24-ThementageRoemer-Schloss2-250x333.jpg 250w\" sizes=\"(max-width: 768px) 100vw, 768px\" \/><\/a><\/div><\/div><\/div><script id=\"su_image_carousel_69f1b2aa85411_script\">if(window.SUImageCarousel){setTimeout(function() {window.SUImageCarousel.initGallery(document.getElementById(\"su_image_carousel_69f1b2aa85411\"))}, 0);}var su_image_carousel_69f1b2aa85411_script=document.getElementById(\"su_image_carousel_69f1b2aa85411_script\");if(su_image_carousel_69f1b2aa85411_script){su_image_carousel_69f1b2aa85411_script.parentNode.removeChild(su_image_carousel_69f1b2aa85411_script);}<\/script>\n<p>Insgesamt war das Programm zum Thema \u201aR\u00f6mer \u2013 R\u00e4uber \u2013 Rabauken\u2018 wieder vielschichtig und abwechslungsreich gestaltet und bot neben allerlei Lehrreichem an vielen Stellen die M\u00f6glichkeit, aus dem normalen Unterrichtsbetrieb herauszukommen und an au\u00dferschulischen Lernorten sich mit dem Lehrplanthema des Lebens in der r\u00f6mischen Provinzverwaltung zu befassen \u2013 sicherlich ein sch\u00f6nes Erlebnis f\u00fcr alle Beteiligten!<\/p>\n<p><em>S. Track <\/em><\/p>\n","protected":false},"excerpt":{"rendered":"<p>Bereits in der 3. Auflage fanden auch am Ende des diesj\u00e4hrigen Schuljahres Thementage f\u00fcr unsere Sechstkl\u00e4ssler\/-innen statt: Jeweils drei vollst\u00e4ndige Schultage waren dabei dem f\u00e4cher\u00fcbergreifenden Projekt gewidmet, das sich mit den Spuren der R\u00f6mer in Bayern befasste \u2013 ein Thema, das also sowohl Teil des Lehrplanes im Fach Geschichte als auch Latein ist: Immerhin erstreckte&hellip;<\/p>\n","protected":false},"author":11,"featured_media":37028,"comment_status":"closed","ping_status":"closed","sticky":false,"template":"","format":"standard","meta":{"footnotes":""},"categories":[1],"tags":[51,67,121],"_links":{"self":[{"href":"https:\/\/www.rwg-bayreuth.de\/home\/index.php?rest_route=\/wp\/v2\/posts\/37026"}],"collection":[{"href":"https:\/\/www.rwg-bayreuth.de\/home\/index.php?rest_route=\/wp\/v2\/posts"}],"about":[{"href":"https:\/\/www.rwg-bayreuth.de\/home\/index.php?rest_route=\/wp\/v2\/types\/post"}],"author":[{"embeddable":true,"href":"https:\/\/www.rwg-bayreuth.de\/home\/index.php?rest_route=\/wp\/v2\/users\/11"}],"replies":[{"embeddable":true,"href":"https:\/\/www.rwg-bayreuth.de\/home\/index.php?rest_route=%2Fwp%2Fv2%2Fcomments&post=37026"}],"version-history":[{"count":6,"href":"https:\/\/www.rwg-bayreuth.de\/home\/index.php?rest_route=\/wp\/v2\/posts\/37026\/revisions"}],"predecessor-version":[{"id":37837,"href":"https:\/\/www.rwg-bayreuth.de\/home\/index.php?rest_route=\/wp\/v2\/posts\/37026\/revisions\/37837"}],"wp:featuredmedia":[{"embeddable":true,"href":"https:\/\/www.rwg-bayreuth.de\/home\/index.php?rest_route=\/wp\/v2\/media\/37028"}],"wp:attachment":[{"href":"https:\/\/www.rwg-bayreuth.de\/home\/index.php?rest_route=%2Fwp%2Fv2%2Fmedia&parent=37026"}],"wp:term":[{"taxonomy":"category","embeddable":true,"href":"https:\/\/www.rwg-bayreuth.de\/home\/index.php?rest_route=%2Fwp%2Fv2%2Fcategories&post=37026"},{"taxonomy":"post_tag","embeddable":true,"href":"https:\/\/www.rwg-bayreuth.de\/home\/index.php?rest_route=%2Fwp%2Fv2%2Ftags&post=37026"}],"curies":[{"name":"wp","href":"https:\/\/api.w.org\/{rel}","templated":true}]}}