{"id":36881,"date":"2024-04-05T05:46:28","date_gmt":"2024-04-05T03:46:28","guid":{"rendered":"https:\/\/www.rwg-bayreuth.de\/home\/?p=36881"},"modified":"2025-01-09T16:25:14","modified_gmt":"2025-01-09T15:25:14","slug":"umweltwoche-die-ii-am-rwg","status":"publish","type":"post","link":"https:\/\/www.rwg-bayreuth.de\/home\/?p=36881","title":{"rendered":"Zweite Umweltwoche am RWG"},"content":{"rendered":"<p><a href=\"https:\/\/www.rwg-bayreuth.de\/home\/wp-content\/uploads\/2024\/07\/23-24-Umweltwoche-2024.jpg\"><img decoding=\"async\" src=\"https:\/\/www.rwg-bayreuth.de\/home\/wp-content\/uploads\/2024\/07\/23-24-Umweltwoche-2024.jpg\" alt=\"\" width=\"1024\" height=\"auto\" class=\"aligncenter size-medium wp-image-36891 crop219top\" srcset=\"https:\/\/www.rwg-bayreuth.de\/home\/wp-content\/uploads\/2024\/07\/23-24-Umweltwoche-2024.jpg 1035w, https:\/\/www.rwg-bayreuth.de\/home\/wp-content\/uploads\/2024\/07\/23-24-Umweltwoche-2024-150x112.jpg 150w, https:\/\/www.rwg-bayreuth.de\/home\/wp-content\/uploads\/2024\/07\/23-24-Umweltwoche-2024-450x337.jpg 450w, https:\/\/www.rwg-bayreuth.de\/home\/wp-content\/uploads\/2024\/07\/23-24-Umweltwoche-2024-768x576.jpg 768w, https:\/\/www.rwg-bayreuth.de\/home\/wp-content\/uploads\/2024\/07\/23-24-Umweltwoche-2024-1024x768.jpg 1024w, https:\/\/www.rwg-bayreuth.de\/home\/wp-content\/uploads\/2024\/07\/23-24-Umweltwoche-2024-250x187.jpg 250w\" sizes=\"(max-width: 1035px) 100vw, 1035px\" \/><\/a><\/p>\n<p>Vom 20.11. bis zum 25.11.2023 fand am RWG die Umweltwoche statt. Zum zweiten Mal freuten sich sowohl die Sch\u00fcler als auch die Lehrer auf diese fantastischen f\u00fcnf Tage. Wir fragten uns, was die Umweltwoche sei und diese bei uns Sch\u00fclern bewirken solle. Deshalb interviewten wir unsere begeisterte Bio- und Chemielehrerin und gleichzeitig die Initiatorin der Umweltwoche, Frau Fr\u00f6ber.<br \/>\nDiese berichtete uns voller Tatendrang, die Woche bringe den Sch\u00fclern bei, mehr Aufmerksamkeit und Wert auf die Umwelt zu legen.<br \/>\nAls Highlight der f\u00fcnf Tage fand in der Turnhalle der 2. Marktplatz der Nachhaltigkeit statt. Dort wurden unter anderem vegane Spezialit\u00e4ten von der Q12 angeboten und an einem B\u00fccherbasar konnte man ebenfalls mitwirken.<br \/>\nWir interviewten verschiedene Mitwirkende, darunter Lehrer und Sch\u00fcler bzw. SMV-Mitglieder, wie zum Beispiel Herrn Thiele (zum Interview \u2192 <a href=\"https:\/\/www.youtube-nocookie.com\/embed\/WZMUr1xp60c?controls=1&#038;showinfo=0&#038;rel=0&#038;vq=hd720&#038;color=white&#038;iv_load_policy=3\" rel=\"noopener\" target=\"_blank\">https:\/\/youtu.be\/WZMUr1xp60c<\/a>), Frau Klamt (\u2192&nbsp;<a href=\"https:\/\/www.youtube-nocookie.com\/embed\/DNflzhpzsRA?controls=1&#038;showinfo=0&#038;rel=0&#038;vq=hd720&#038;color=white&#038;iv_load_policy=3\" rel=\"noopener\" target=\"_blank\">https:\/\/youtu.be\/DNflzhpzsRA<\/a>) und Rosalie Jakob, ein begeistertes Mitglied des Umweltteams (\u2192&nbsp;<a href=\"https:\/\/www.youtube-nocookie.com\/embed\/z2yC59d2a8E?controls=1&#038;showinfo=0&#038;rel=0&#038;vq=hd720&#038;color=white&#038;iv_load_policy=3\" rel=\"noopener\" target=\"_blank\">https:\/\/youtu.be\/z2yC59d2a8E<\/a>).<br \/>\nNat\u00fcrlich haben wir auch die Meinung zweier Nicht-Mitwirkenden erfragt, und zwar die des Musiklehrers, Herrn Pfisters (\u2192&nbsp;<a href=\"https:\/\/www.youtube-nocookie.com\/embed\/sS9zdzNdVPk?controls=1&#038;showinfo=0&#038;rel=0&#038;vq=hd720&#038;color=white&#038;iv_load_policy=3\" rel=\"noopener\" target=\"_blank\">https:\/\/youtu.be\/sS9zdzNdVPk<\/a>) und des Sch\u00fclers, Jakob Kesslers aus der 8a (\u2192&nbsp;<a href=\"https:\/\/www.youtube-nocookie.com\/embed\/mGjH6Hs3QSA?controls=1&#038;showinfo=0&#038;rel=0&#038;vq=hd720&#038;color=white&#038;iv_load_policy=3\" rel=\"noopener\" target=\"_blank\">https:\/\/youtu.be\/mGjH6Hs3QSA<\/a>).<\/p>\n<p>Wir hoffen, dass dieses Event bald ein fester Bestandteil des RWG-Kalenders wird.<\/p>\n<p><em>Marit und Eva f\u00fcr<\/em><br \/>\n<a href=\"https:\/\/www.rwg-bayreuth.de\/home\/wp-content\/uploads\/2024\/07\/Logo_Schuelerzeitung.jpg\"><img loading=\"lazy\" decoding=\"async\" src=\"https:\/\/www.rwg-bayreuth.de\/home\/wp-content\/uploads\/2024\/07\/Logo_Schuelerzeitung-450x209.jpg\" alt=\"\" width=\"450\" height=\"209\" class=\"aligncenter size-medium wp-image-36888\" style=\"max-width: 60%\" srcset=\"https:\/\/www.rwg-bayreuth.de\/home\/wp-content\/uploads\/2024\/07\/Logo_Schuelerzeitung-450x209.jpg 450w, https:\/\/www.rwg-bayreuth.de\/home\/wp-content\/uploads\/2024\/07\/Logo_Schuelerzeitung-150x70.jpg 150w, https:\/\/www.rwg-bayreuth.de\/home\/wp-content\/uploads\/2024\/07\/Logo_Schuelerzeitung-768x357.jpg 768w, https:\/\/www.rwg-bayreuth.de\/home\/wp-content\/uploads\/2024\/07\/Logo_Schuelerzeitung-250x116.jpg 250w, https:\/\/www.rwg-bayreuth.de\/home\/wp-content\/uploads\/2024\/07\/Logo_Schuelerzeitung-600x279.jpg 600w, https:\/\/www.rwg-bayreuth.de\/home\/wp-content\/uploads\/2024\/07\/Logo_Schuelerzeitung.jpg 808w\" sizes=\"(max-width: 450px) 100vw, 450px\" \/><\/a><\/p>\n","protected":false},"excerpt":{"rendered":"<p>Vom 20.11. bis zum 25.11.2023 fand am RWG die Umweltwoche statt. Zum zweiten Mal freuten sich sowohl die Sch\u00fcler als auch die Lehrer auf diese fantastischen f\u00fcnf Tage. Wir fragten uns, was die Umweltwoche sei und diese bei uns Sch\u00fclern bewirken solle. Deshalb interviewten wir unsere begeisterte Bio- und Chemielehrerin und gleichzeitig die Initiatorin der&hellip;<\/p>\n","protected":false},"author":11,"featured_media":36892,"comment_status":"closed","ping_status":"closed","sticky":false,"template":"","format":"standard","meta":{"footnotes":""},"categories":[149],"tags":[51,136],"_links":{"self":[{"href":"https:\/\/www.rwg-bayreuth.de\/home\/index.php?rest_route=\/wp\/v2\/posts\/36881"}],"collection":[{"href":"https:\/\/www.rwg-bayreuth.de\/home\/index.php?rest_route=\/wp\/v2\/posts"}],"about":[{"href":"https:\/\/www.rwg-bayreuth.de\/home\/index.php?rest_route=\/wp\/v2\/types\/post"}],"author":[{"embeddable":true,"href":"https:\/\/www.rwg-bayreuth.de\/home\/index.php?rest_route=\/wp\/v2\/users\/11"}],"replies":[{"embeddable":true,"href":"https:\/\/www.rwg-bayreuth.de\/home\/index.php?rest_route=%2Fwp%2Fv2%2Fcomments&post=36881"}],"version-history":[{"count":13,"href":"https:\/\/www.rwg-bayreuth.de\/home\/index.php?rest_route=\/wp\/v2\/posts\/36881\/revisions"}],"predecessor-version":[{"id":37876,"href":"https:\/\/www.rwg-bayreuth.de\/home\/index.php?rest_route=\/wp\/v2\/posts\/36881\/revisions\/37876"}],"wp:featuredmedia":[{"embeddable":true,"href":"https:\/\/www.rwg-bayreuth.de\/home\/index.php?rest_route=\/wp\/v2\/media\/36892"}],"wp:attachment":[{"href":"https:\/\/www.rwg-bayreuth.de\/home\/index.php?rest_route=%2Fwp%2Fv2%2Fmedia&parent=36881"}],"wp:term":[{"taxonomy":"category","embeddable":true,"href":"https:\/\/www.rwg-bayreuth.de\/home\/index.php?rest_route=%2Fwp%2Fv2%2Fcategories&post=36881"},{"taxonomy":"post_tag","embeddable":true,"href":"https:\/\/www.rwg-bayreuth.de\/home\/index.php?rest_route=%2Fwp%2Fv2%2Ftags&post=36881"}],"curies":[{"name":"wp","href":"https:\/\/api.w.org\/{rel}","templated":true}]}}