{"id":36861,"date":"2024-07-27T05:47:42","date_gmt":"2024-07-27T03:47:42","guid":{"rendered":"https:\/\/www.rwg-bayreuth.de\/home\/?p=36861"},"modified":"2025-01-09T15:48:46","modified_gmt":"2025-01-09T14:48:46","slug":"wie-sieht-wirtschaftsunterricht-in-der-praxis-aus","status":"publish","type":"post","link":"https:\/\/www.rwg-bayreuth.de\/home\/?p=36861","title":{"rendered":"Wie sieht Wirtschaftsunterricht in der Praxis aus?"},"content":{"rendered":"<p>Das konnten die Sch\u00fclerinnen und Sch\u00fcler des Wirschaftszweiges der 9.&nbsp;Klassen gleich zweimal in diesem Schuljahr erleben.<\/p>\n<div class=\"blatt\">\n<h2>Ausflug zu Faber-Castell nach Stein<\/h2>\n<p><a href=\"https:\/\/www.rwg-bayreuth.de\/home\/wp-content\/uploads\/2024\/07\/23-24-WR-Faber-Castell.jpg\"><img decoding=\"async\" src=\"https:\/\/www.rwg-bayreuth.de\/home\/wp-content\/uploads\/2024\/07\/23-24-WR-Faber-Castell.jpg\" alt=\"\" width=\"100%\" height=\"auto\" class=\"aligncenter size-medium wp-image-36862 crop219\" srcset=\"https:\/\/www.rwg-bayreuth.de\/home\/wp-content\/uploads\/2024\/07\/23-24-WR-Faber-Castell.jpg 1024w, https:\/\/www.rwg-bayreuth.de\/home\/wp-content\/uploads\/2024\/07\/23-24-WR-Faber-Castell-150x113.jpg 150w, https:\/\/www.rwg-bayreuth.de\/home\/wp-content\/uploads\/2024\/07\/23-24-WR-Faber-Castell-450x338.jpg 450w, https:\/\/www.rwg-bayreuth.de\/home\/wp-content\/uploads\/2024\/07\/23-24-WR-Faber-Castell-768x576.jpg 768w, https:\/\/www.rwg-bayreuth.de\/home\/wp-content\/uploads\/2024\/07\/23-24-WR-Faber-Castell-250x188.jpg 250w\" sizes=\"(max-width: 1024px) 100vw, 1024px\" \/><\/a><\/p>\n<p>Am 4.12.23 hie\u00df es f\u00fcr den Wirschaftszweig der neunten Jahrgangsstufe auf nach Stein. Nach einer nie langweilig werdenden Bus- und Bahnfahrt und einem kurzen Spaziergang sind alle RWG-Sch\u00fclerinnen und Sch\u00fcler in der Werkfertigung von dem bekanntesten Stiftehersteller Deutschlands FABER CASTELL angekommen. Dort gab es zu Beginn einen kurzen Crashkurs \u00fcber Stifte im Allgemeinen und au\u00dferdem die weitreichende Familiengeschichte wie durch den jungen Kasper Faber, seiner Familie und der Idee zur Bleistiftfabrikation ein heute so bekanntes Unternehmen entstehen konnte. Anschlie\u00dfend bekamen die Sch\u00fcler und Sch\u00fclerinnen eine sehr interessante F\u00fchrung durch den gesamten Herstellungsprozess von Bleistiften, Buntstiften, Kugelschreibern und vielem mehr. Genau diese Prozesse wurden im Vorfeld bereits im Unterricht besprochen. Die Jugendlichen waren \u00fcberrascht und doch begeistert, was tats\u00e4chlich alles hinter solch einem scheinbar ganz gew\u00f6hnlichen Alltagsgegenstand steckt und wie viele Unterschiede und Besonderheiten jeder mit sich bringt. Als dann der Wissensdurst gestillt war, hatten alle noch Zeit sich im Shop nach neuen Schreib- und Malwerkzeugen umzuschauen, wobei selbst die Sch\u00fcler und Sch\u00fclerinnen, welche nichts f\u00fcr sich gefunden hatten, nicht leer ausgingen, denn es gab f\u00fcr alle zwei Bleistifte als Souvenir geschenkt. Daraufhin war auch dieser Ausflug wieder einmal viel zu schnell beendet und es ging im Zug zur\u00fcck nach Hause.  <\/p>\n<p><em>Lilli F., 9a<\/em><\/p>\n<\/div>\n<p>&nbsp;<\/p>\n<div class=\"blatt\">\n<h2>Zu Gast bei Maisel<\/h2>\n<p><a href=\"https:\/\/www.rwg-bayreuth.de\/home\/wp-content\/uploads\/2024\/07\/23-24-WR-Maisel.jpg\"><img decoding=\"async\" src=\"https:\/\/www.rwg-bayreuth.de\/home\/wp-content\/uploads\/2024\/07\/23-24-WR-Maisel.jpg\" alt=\"\" width=\"100%\" height=\"auto\" class=\"aligncenter size-medium wp-image-36863 crop219\" srcset=\"https:\/\/www.rwg-bayreuth.de\/home\/wp-content\/uploads\/2024\/07\/23-24-WR-Maisel.jpg 1024w, https:\/\/www.rwg-bayreuth.de\/home\/wp-content\/uploads\/2024\/07\/23-24-WR-Maisel-150x113.jpg 150w, https:\/\/www.rwg-bayreuth.de\/home\/wp-content\/uploads\/2024\/07\/23-24-WR-Maisel-450x338.jpg 450w, https:\/\/www.rwg-bayreuth.de\/home\/wp-content\/uploads\/2024\/07\/23-24-WR-Maisel-768x576.jpg 768w, https:\/\/www.rwg-bayreuth.de\/home\/wp-content\/uploads\/2024\/07\/23-24-WR-Maisel-250x188.jpg 250w\" sizes=\"(max-width: 1024px) 100vw, 1024px\" \/><\/a><\/p>\n<p>Dieses Jahr hatten wir, die neunten Klassen des wirtschaftswissenschaftlichen Zweiges, au\u00dferdem die M\u00f6glichkeit Genaueres \u00fcber das Unternehmen Maisel zu erfahren. Es erg\u00e4nzte sich perfekt zu unseren Themen davor und zu unserer eigenen Unternehmensplanung, die wir im Unterricht in Gruppen entwickelt haben. Mit Frau Dietel und Frau Schmidt fanden wir uns am Montagmorgen vor dem Liebesbier zusammen ein. Schon beim Eintreffen wurden wir freundlich von Michael Feuerstein (Gesch\u00e4ftsfeldleiter Kultur &#038; Tourismus) empfangen. Gemeinsam liefen wir durch die alte Brauerei, die jetzt f\u00fcr Veranstaltungszwecke genutzt wird. Der eigentliche Vortrag fand dann im alten Labor statt. Zun\u00e4chst einmal wurde uns etwas \u00fcber die Gr\u00fcndung von Maisel erz\u00e4hlt, wobei sehr traditionsbewusst vorgegangen wird. Das Unternehmen ist bereits in der 4. Generation im Familienbesitz. Angefangen hat alles mit der Brauerei und mitlerweile gibt es vier S\u00e4ulen. Dazu gekommen sind Erlebnis &#038; Tourismus mit F\u00fchrungen und der Bier-Erlebniswelt, Logistik mit verschiedenen Immobilien und Hotel &#038; Gastronomie. Das Urban Art Hotel und das Liebesbier zeichnen sich vor allem durch die beeindruckenden Kunstwerke von unterschiedlichsten K\u00fcnstlern aus, wobei auch auf Trends und Umweltbewusstsein geachtet wird. Allgemein steht das Unternehmen f\u00fcr positive Werte ein und ist immer offen f\u00fcr neue Ideen. Aus diesen heraus entwickelten sich bereits mit Freunden zusammen Maisel &#038; Friends und das Crazy Sheep; au\u00dferdem sind weiter Projekte in Planung. Am Schluss war noch gen\u00fcgend Zeit f\u00fcr unsere Fragen, die er gerne beantwortet hat.<\/p>\n<p><em>Emely H., Mia D. &#038; Katharina A., 9b<\/em>\n<\/div>\n","protected":false},"excerpt":{"rendered":"<p>Das konnten die Sch\u00fclerinnen und Sch\u00fcler des Wirschaftszweiges der 9.&nbsp;Klassen gleich zweimal in diesem Schuljahr erleben. Ausflug zu Faber-Castell nach Stein Am 4.12.23 hie\u00df es f\u00fcr den Wirschaftszweig der neunten Jahrgangsstufe auf nach Stein. Nach einer nie langweilig werdenden Bus- und Bahnfahrt und einem kurzen Spaziergang sind alle RWG-Sch\u00fclerinnen und Sch\u00fcler in der Werkfertigung von&hellip;<\/p>\n","protected":false},"author":11,"featured_media":36866,"comment_status":"closed","ping_status":"closed","sticky":false,"template":"","format":"standard","meta":{"footnotes":""},"categories":[1],"tags":[51,53],"_links":{"self":[{"href":"https:\/\/www.rwg-bayreuth.de\/home\/index.php?rest_route=\/wp\/v2\/posts\/36861"}],"collection":[{"href":"https:\/\/www.rwg-bayreuth.de\/home\/index.php?rest_route=\/wp\/v2\/posts"}],"about":[{"href":"https:\/\/www.rwg-bayreuth.de\/home\/index.php?rest_route=\/wp\/v2\/types\/post"}],"author":[{"embeddable":true,"href":"https:\/\/www.rwg-bayreuth.de\/home\/index.php?rest_route=\/wp\/v2\/users\/11"}],"replies":[{"embeddable":true,"href":"https:\/\/www.rwg-bayreuth.de\/home\/index.php?rest_route=%2Fwp%2Fv2%2Fcomments&post=36861"}],"version-history":[{"count":7,"href":"https:\/\/www.rwg-bayreuth.de\/home\/index.php?rest_route=\/wp\/v2\/posts\/36861\/revisions"}],"predecessor-version":[{"id":37830,"href":"https:\/\/www.rwg-bayreuth.de\/home\/index.php?rest_route=\/wp\/v2\/posts\/36861\/revisions\/37830"}],"wp:featuredmedia":[{"embeddable":true,"href":"https:\/\/www.rwg-bayreuth.de\/home\/index.php?rest_route=\/wp\/v2\/media\/36866"}],"wp:attachment":[{"href":"https:\/\/www.rwg-bayreuth.de\/home\/index.php?rest_route=%2Fwp%2Fv2%2Fmedia&parent=36861"}],"wp:term":[{"taxonomy":"category","embeddable":true,"href":"https:\/\/www.rwg-bayreuth.de\/home\/index.php?rest_route=%2Fwp%2Fv2%2Fcategories&post=36861"},{"taxonomy":"post_tag","embeddable":true,"href":"https:\/\/www.rwg-bayreuth.de\/home\/index.php?rest_route=%2Fwp%2Fv2%2Ftags&post=36861"}],"curies":[{"name":"wp","href":"https:\/\/api.w.org\/{rel}","templated":true}]}}