{"id":36769,"date":"2024-07-01T11:02:02","date_gmt":"2024-07-01T09:02:02","guid":{"rendered":"https:\/\/www.rwg-bayreuth.de\/home\/?p=36769"},"modified":"2025-01-09T16:10:40","modified_gmt":"2025-01-09T15:10:40","slug":"bundeswettbewerb-fremdsprachen-2-platz-fuer-finja-koerber","status":"publish","type":"post","link":"https:\/\/www.rwg-bayreuth.de\/home\/?p=36769","title":{"rendered":"Bundeswettbewerb Fremdsprachen \u2013 2.&nbsp;Platz f\u00fcr Finja K\u00f6rber!"},"content":{"rendered":"<p><a href=\"https:\/\/www.rwg-bayreuth.de\/home\/wp-content\/uploads\/2024\/07\/23-24-BundeswettbewerbFremdsprachen-4.jpg\"><img decoding=\"async\" src=\"https:\/\/www.rwg-bayreuth.de\/home\/wp-content\/uploads\/2024\/07\/23-24-BundeswettbewerbFremdsprachen-4.jpg\" alt=\"\" width=\"1024\" height=\"auto\" class=\"aligncenter size-medium wp-image-36773 crop219\" srcset=\"https:\/\/www.rwg-bayreuth.de\/home\/wp-content\/uploads\/2024\/07\/23-24-BundeswettbewerbFremdsprachen-4.jpg 1024w, https:\/\/www.rwg-bayreuth.de\/home\/wp-content\/uploads\/2024\/07\/23-24-BundeswettbewerbFremdsprachen-4-150x100.jpg 150w, https:\/\/www.rwg-bayreuth.de\/home\/wp-content\/uploads\/2024\/07\/23-24-BundeswettbewerbFremdsprachen-4-450x300.jpg 450w, https:\/\/www.rwg-bayreuth.de\/home\/wp-content\/uploads\/2024\/07\/23-24-BundeswettbewerbFremdsprachen-4-768x512.jpg 768w, https:\/\/www.rwg-bayreuth.de\/home\/wp-content\/uploads\/2024\/07\/23-24-BundeswettbewerbFremdsprachen-4-250x167.jpg 250w, https:\/\/www.rwg-bayreuth.de\/home\/wp-content\/uploads\/2024\/07\/23-24-BundeswettbewerbFremdsprachen-4-900x600.jpg 900w\" sizes=\"(max-width: 1024px) 100vw, 1024px\" \/><\/a><\/p>\n<p>In diesem Schuljahr erfreut sich die Fachschaft der Fremdsprachen an einer regen Teilnahme am Bundeswettbewerb Fremdsprachen in der Kategorie SOLO. Dank der Unterst\u00fctzung durch alle Fremdsprachenlehrkr\u00e4fte durfte das Organisationsteam rund um Frau Ackermann, Frau Friedrich und Frau Westfeld sieben sprachbegeisterte Kandidatinnen aus den Jahrgangsstufen 8 bis 10 in den bundesweiten Wettbewerb schicken, bei welchem es darum geht, sprachliches K\u00f6nnen in einer selbstgew\u00e4hlten Fremdsprache unter Beweis zu stellen. Der diesj\u00e4hrige Wettbewerb trug das Motto \u201eDie Grenzen meiner Sprache bedeuten die Grenzen meiner Welt\u201c. <\/p>\n<p>In der Wettbewerbssprache Englisch traten Hanna Exner (8a), Finja K\u00f6rber (8a), Lena Maisel (8b), Lara Hofmann (8b) und Laura Popp (10a) an und in Franz\u00f6sisch wurde das RWG durch Maxima Ritter (9a) und Johanna Kramer (10c) vertreten. Besonders hervorzuheben sind die gute Leistung von Hanna Exner (75 %+) und die herausragende Leistung von Finja K\u00f6rber (90 %+). Finja erzielte sogar den 2. Platz auf Landesebene! F\u00fcr die feierliche Verleihung der Landesurkunde sowie das Preisgeld von 100 Euro durfte Finja am 27.&nbsp;Juni sogar in die M\u00fcnchner Residenz reisen.  Gratulation \u2013 congratulations \u2013 f\u00e9licitations! <\/p>\n<div class=\"su-image-carousel  clear su-image-carousel-columns-3 su-image-carousel-has-spacing su-image-carousel-crop su-image-carousel-crop-4-3 su-image-carousel-has-lightbox su-image-carousel-has-outline su-image-carousel-slides-style-minimal su-image-carousel-controls-style-light su-image-carousel-align-center\" style=\"\" data-flickity-options='{\"groupCells\":true,\"cellSelector\":\".su-image-carousel-item\",\"adaptiveHeight\":false,\"cellAlign\":\"left\",\"prevNextButtons\":true,\"pageDots\":false,\"autoPlay\":4000,\"imagesLoaded\":true,\"contain\":true,\"selectedAttraction\":0.025000000000000001,\"friction\":0.28000000000000003}' id=\"su_image_carousel_69f1ce92a0f1a\"><div class=\"su-image-carousel-item\"><div class=\"su-image-carousel-item-content\"><a href=\"https:\/\/www.rwg-bayreuth.de\/home\/wp-content\/uploads\/2024\/07\/23-24-BundeswettbewerbFremdsprachen-1.jpg\" data-caption=\"\"><img loading=\"lazy\" decoding=\"async\" width=\"768\" height=\"1024\" src=\"https:\/\/www.rwg-bayreuth.de\/home\/wp-content\/uploads\/2024\/07\/23-24-BundeswettbewerbFremdsprachen-1.jpg\" class=\"\" alt=\"\" srcset=\"https:\/\/www.rwg-bayreuth.de\/home\/wp-content\/uploads\/2024\/07\/23-24-BundeswettbewerbFremdsprachen-1.jpg 768w, https:\/\/www.rwg-bayreuth.de\/home\/wp-content\/uploads\/2024\/07\/23-24-BundeswettbewerbFremdsprachen-1-113x150.jpg 113w, https:\/\/www.rwg-bayreuth.de\/home\/wp-content\/uploads\/2024\/07\/23-24-BundeswettbewerbFremdsprachen-1-338x450.jpg 338w, https:\/\/www.rwg-bayreuth.de\/home\/wp-content\/uploads\/2024\/07\/23-24-BundeswettbewerbFremdsprachen-1-250x333.jpg 250w\" sizes=\"(max-width: 768px) 100vw, 768px\" \/><\/a><\/div><\/div><div class=\"su-image-carousel-item\"><div class=\"su-image-carousel-item-content\"><a href=\"https:\/\/www.rwg-bayreuth.de\/home\/wp-content\/uploads\/2024\/07\/23-24-BundeswettbewerbFremdsprachen-3.jpg\" data-caption=\"Finja K\u00f6rber (Richard-Wagner-Gymnasium Bayreuth), Dr. Wolfgang Mutter, Landespreisverleihung Bayern, Bundeswettbewerb Fremdsprachen, Max-Joseph-Saal der Residenz, M\u00fcnchen, 27. Juni 2024, Foto: Jens Hartmann\/Bayerisches Staatsministerium f\u00fcr Unterricht und Kultus\"><img loading=\"lazy\" decoding=\"async\" width=\"1024\" height=\"683\" src=\"https:\/\/www.rwg-bayreuth.de\/home\/wp-content\/uploads\/2024\/07\/23-24-BundeswettbewerbFremdsprachen-3.jpg\" class=\"\" alt=\"\" srcset=\"https:\/\/www.rwg-bayreuth.de\/home\/wp-content\/uploads\/2024\/07\/23-24-BundeswettbewerbFremdsprachen-3.jpg 1024w, https:\/\/www.rwg-bayreuth.de\/home\/wp-content\/uploads\/2024\/07\/23-24-BundeswettbewerbFremdsprachen-3-150x100.jpg 150w, https:\/\/www.rwg-bayreuth.de\/home\/wp-content\/uploads\/2024\/07\/23-24-BundeswettbewerbFremdsprachen-3-450x300.jpg 450w, https:\/\/www.rwg-bayreuth.de\/home\/wp-content\/uploads\/2024\/07\/23-24-BundeswettbewerbFremdsprachen-3-768x512.jpg 768w, https:\/\/www.rwg-bayreuth.de\/home\/wp-content\/uploads\/2024\/07\/23-24-BundeswettbewerbFremdsprachen-3-250x167.jpg 250w, https:\/\/www.rwg-bayreuth.de\/home\/wp-content\/uploads\/2024\/07\/23-24-BundeswettbewerbFremdsprachen-3-900x600.jpg 900w\" sizes=\"(max-width: 1024px) 100vw, 1024px\" \/><\/a><\/div><\/div><div class=\"su-image-carousel-item\"><div class=\"su-image-carousel-item-content\"><a href=\"https:\/\/www.rwg-bayreuth.de\/home\/wp-content\/uploads\/2024\/07\/23-24-BundeswettbewerbFremdsprachen-2.jpg\" data-caption=\"Finja K\u00f6rber (Richard-Wagner-Gymnasium Bayreuth), Dr. Wolfgang Mutter, Landespreisverleihung Bayern, Bundeswettbewerb Fremdsprachen, Max-Joseph-Saal der Residenz, M\u00fcnchen, 27. Juni 2024, Foto: Jens Hartmann\/Bayerisches Staatsministerium f\u00fcr Unterricht und Kultus\"><img loading=\"lazy\" decoding=\"async\" width=\"1024\" height=\"683\" src=\"https:\/\/www.rwg-bayreuth.de\/home\/wp-content\/uploads\/2024\/07\/23-24-BundeswettbewerbFremdsprachen-2.jpg\" class=\"\" alt=\"\" srcset=\"https:\/\/www.rwg-bayreuth.de\/home\/wp-content\/uploads\/2024\/07\/23-24-BundeswettbewerbFremdsprachen-2.jpg 1024w, https:\/\/www.rwg-bayreuth.de\/home\/wp-content\/uploads\/2024\/07\/23-24-BundeswettbewerbFremdsprachen-2-150x100.jpg 150w, https:\/\/www.rwg-bayreuth.de\/home\/wp-content\/uploads\/2024\/07\/23-24-BundeswettbewerbFremdsprachen-2-450x300.jpg 450w, https:\/\/www.rwg-bayreuth.de\/home\/wp-content\/uploads\/2024\/07\/23-24-BundeswettbewerbFremdsprachen-2-768x512.jpg 768w, https:\/\/www.rwg-bayreuth.de\/home\/wp-content\/uploads\/2024\/07\/23-24-BundeswettbewerbFremdsprachen-2-250x167.jpg 250w, https:\/\/www.rwg-bayreuth.de\/home\/wp-content\/uploads\/2024\/07\/23-24-BundeswettbewerbFremdsprachen-2-900x600.jpg 900w\" sizes=\"(max-width: 1024px) 100vw, 1024px\" \/><\/a><\/div><\/div><\/div><script id=\"su_image_carousel_69f1ce92a0f1a_script\">if(window.SUImageCarousel){setTimeout(function() {window.SUImageCarousel.initGallery(document.getElementById(\"su_image_carousel_69f1ce92a0f1a\"))}, 0);}var su_image_carousel_69f1ce92a0f1a_script=document.getElementById(\"su_image_carousel_69f1ce92a0f1a_script\");if(su_image_carousel_69f1ce92a0f1a_script){su_image_carousel_69f1ce92a0f1a_script.parentNode.removeChild(su_image_carousel_69f1ce92a0f1a_script);}<\/script>\n<p>Die Teilnahme am Wettbewerb war freiwillig und f\u00fcr die Kandidatinnen mit Aufwand zus\u00e4tzlich zu den schulischen Pflichten verbunden. Umso mehr geb\u00fchrt allen Teilnehmerinnen gro\u00dfes Lob f\u00fcr ihre erbrachten Leistungen und die Motivation sich \u00fcber das in der Schule Geforderte hinaus zu engagieren und die eigenen (sprachlichen) Grenzen auszuloten. <\/p>\n<p>Zun\u00e4chst drehten die Teilnehmerinnen jeweils ein dreimin\u00fctiges Video zum Thema \u201eMein pers\u00f6nlicher Preis geht an meinen pers\u00f6nlichen Alltagsheld\/meine pers\u00f6nliche Alltagsheldin\u201c. Einige der Kandidatinnen entschlossen sich hierbei dazu, das fremdsprachliche Video ihrer Mama oder ihrer besten Freundin zu widmen.<br \/>\nNachdem die erste H\u00fcrde geschafft war, stellten die Teilnehmerinnen im Januar ihr K\u00f6nnen in einer am RWG stattfindenden Pr\u00fcfung in der gew\u00e4hlten Wettbewerbssprache unter Beweis. Die Sch\u00fclerinnen absolvierten Aufgaben in den drei Bereichen kreatives Schreiben, Worterg\u00e4nzung\/Landeskunde\/Leseverstehen und H\u00f6rverstehen. <\/p>\n<p>Nach einer solch erfolgreichen Teilnahme freuen wir uns auf motivierte Sch\u00fclerinnen und Sch\u00fcler, die auch im kommenden Schuljahr am Wettbewerb teilnehmen wollen, Lust auf Neues haben oder ganz einfach mit ihrer Begabung in einer Fremdsprache gl\u00e4nzen wollen. Mitmachen darf jeder: sowohl Teams in den Klassen 6-10 wie auch Einzelpersonen in den Klassen 8-10 oder Jugendliche der Klassen 10-13 in zwei Sprachen in der Kategorie Solo PLUS. Interessierte wenden sich bitte an ihre jeweilige Fremdsprachenlehrkraft oder direkt an Frau Friedrich, die den Wettbewerb n\u00e4chstes Schuljahr leiten wird. <\/p>\n<p>J. Ackermann <\/p>\n","protected":false},"excerpt":{"rendered":"<p>In diesem Schuljahr erfreut sich die Fachschaft der Fremdsprachen an einer regen Teilnahme am Bundeswettbewerb Fremdsprachen in der Kategorie SOLO. Dank der Unterst\u00fctzung durch alle Fremdsprachenlehrkr\u00e4fte durfte das Organisationsteam rund um Frau Ackermann, Frau Friedrich und Frau Westfeld sieben sprachbegeisterte Kandidatinnen aus den Jahrgangsstufen 8 bis 10 in den bundesweiten Wettbewerb schicken, bei welchem es&hellip;<\/p>\n","protected":false},"author":11,"featured_media":36771,"comment_status":"closed","ping_status":"closed","sticky":false,"template":"","format":"standard","meta":{"footnotes":""},"categories":[1],"tags":[88,51],"_links":{"self":[{"href":"https:\/\/www.rwg-bayreuth.de\/home\/index.php?rest_route=\/wp\/v2\/posts\/36769"}],"collection":[{"href":"https:\/\/www.rwg-bayreuth.de\/home\/index.php?rest_route=\/wp\/v2\/posts"}],"about":[{"href":"https:\/\/www.rwg-bayreuth.de\/home\/index.php?rest_route=\/wp\/v2\/types\/post"}],"author":[{"embeddable":true,"href":"https:\/\/www.rwg-bayreuth.de\/home\/index.php?rest_route=\/wp\/v2\/users\/11"}],"replies":[{"embeddable":true,"href":"https:\/\/www.rwg-bayreuth.de\/home\/index.php?rest_route=%2Fwp%2Fv2%2Fcomments&post=36769"}],"version-history":[{"count":7,"href":"https:\/\/www.rwg-bayreuth.de\/home\/index.php?rest_route=\/wp\/v2\/posts\/36769\/revisions"}],"predecessor-version":[{"id":37851,"href":"https:\/\/www.rwg-bayreuth.de\/home\/index.php?rest_route=\/wp\/v2\/posts\/36769\/revisions\/37851"}],"wp:featuredmedia":[{"embeddable":true,"href":"https:\/\/www.rwg-bayreuth.de\/home\/index.php?rest_route=\/wp\/v2\/media\/36771"}],"wp:attachment":[{"href":"https:\/\/www.rwg-bayreuth.de\/home\/index.php?rest_route=%2Fwp%2Fv2%2Fmedia&parent=36769"}],"wp:term":[{"taxonomy":"category","embeddable":true,"href":"https:\/\/www.rwg-bayreuth.de\/home\/index.php?rest_route=%2Fwp%2Fv2%2Fcategories&post=36769"},{"taxonomy":"post_tag","embeddable":true,"href":"https:\/\/www.rwg-bayreuth.de\/home\/index.php?rest_route=%2Fwp%2Fv2%2Ftags&post=36769"}],"curies":[{"name":"wp","href":"https:\/\/api.w.org\/{rel}","templated":true}]}}