{"id":36720,"date":"2024-06-19T21:57:27","date_gmt":"2024-06-19T19:57:27","guid":{"rendered":"https:\/\/www.rwg-bayreuth.de\/home\/?p=36720"},"modified":"2024-06-19T21:57:27","modified_gmt":"2024-06-19T19:57:27","slug":"einladung-zum-sommerkonzert","status":"publish","type":"post","link":"https:\/\/www.rwg-bayreuth.de\/home\/?p=36720","title":{"rendered":"Einladung zum Sommerkonzert"},"content":{"rendered":"<p><img loading=\"lazy\" decoding=\"async\" src=\"https:\/\/www.rwg-bayreuth.de\/home\/wp-content\/uploads\/2024\/06\/23-24-EinladungSommerkonzert-1.jpg\" alt=\"\" width=\"1024\" height=\"507\" class=\"aligncenter size-full wp-image-36724\" srcset=\"https:\/\/www.rwg-bayreuth.de\/home\/wp-content\/uploads\/2024\/06\/23-24-EinladungSommerkonzert-1.jpg 1024w, https:\/\/www.rwg-bayreuth.de\/home\/wp-content\/uploads\/2024\/06\/23-24-EinladungSommerkonzert-1-150x74.jpg 150w, https:\/\/www.rwg-bayreuth.de\/home\/wp-content\/uploads\/2024\/06\/23-24-EinladungSommerkonzert-1-450x223.jpg 450w, https:\/\/www.rwg-bayreuth.de\/home\/wp-content\/uploads\/2024\/06\/23-24-EinladungSommerkonzert-1-768x380.jpg 768w, https:\/\/www.rwg-bayreuth.de\/home\/wp-content\/uploads\/2024\/06\/23-24-EinladungSommerkonzert-1-250x124.jpg 250w\" sizes=\"(max-width: 1024px) 100vw, 1024px\" \/><\/p>\n<p>Liebe Eltern, Kolleginnen und Kollegen, Sch\u00fclerinnen und Sch\u00fcler, liebe Schulfamilie,<\/p>\n<p>auch in diesem Jahr wollen wir die sch\u00f6ne, warme Jahreszeit mit unserem SOMMERKONZERT am Mittwoch, 26. Juni um 19 Uhr im Zentrum, \u00c4u\u00dfere Badstra\u00dfe 7a, 95448 Bayreuth begr\u00fc\u00dfen.<\/p>\n<p>Unsere mitwirkenden Sch\u00fclerinnen und Sch\u00fcler haben ein gemischtes Gute-Laune-Programm von Klassik bis Pop\/Rock einstudiert und freuen sich gemeinsam mit der Fachschaft Musik auf Euer\/Ihr Kommen.<\/p>\n","protected":false},"excerpt":{"rendered":"<p>Liebe Eltern, Kolleginnen und Kollegen, Sch\u00fclerinnen und Sch\u00fcler, liebe Schulfamilie, auch in diesem Jahr wollen wir die sch\u00f6ne, warme Jahreszeit mit unserem SOMMERKONZERT am Mittwoch, 26. Juni um 19 Uhr im Zentrum, \u00c4u\u00dfere Badstra\u00dfe 7a, 95448 Bayreuth begr\u00fc\u00dfen. Unsere mitwirkenden Sch\u00fclerinnen und Sch\u00fcler haben ein gemischtes Gute-Laune-Programm von Klassik bis Pop\/Rock einstudiert und freuen sich&hellip;<\/p>\n","protected":false},"author":11,"featured_media":36722,"comment_status":"closed","ping_status":"closed","sticky":false,"template":"","format":"standard","meta":{"footnotes":""},"categories":[1],"tags":[44],"_links":{"self":[{"href":"https:\/\/www.rwg-bayreuth.de\/home\/index.php?rest_route=\/wp\/v2\/posts\/36720"}],"collection":[{"href":"https:\/\/www.rwg-bayreuth.de\/home\/index.php?rest_route=\/wp\/v2\/posts"}],"about":[{"href":"https:\/\/www.rwg-bayreuth.de\/home\/index.php?rest_route=\/wp\/v2\/types\/post"}],"author":[{"embeddable":true,"href":"https:\/\/www.rwg-bayreuth.de\/home\/index.php?rest_route=\/wp\/v2\/users\/11"}],"replies":[{"embeddable":true,"href":"https:\/\/www.rwg-bayreuth.de\/home\/index.php?rest_route=%2Fwp%2Fv2%2Fcomments&post=36720"}],"version-history":[{"count":5,"href":"https:\/\/www.rwg-bayreuth.de\/home\/index.php?rest_route=\/wp\/v2\/posts\/36720\/revisions"}],"predecessor-version":[{"id":37855,"href":"https:\/\/www.rwg-bayreuth.de\/home\/index.php?rest_route=\/wp\/v2\/posts\/36720\/revisions\/37855"}],"wp:featuredmedia":[{"embeddable":true,"href":"https:\/\/www.rwg-bayreuth.de\/home\/index.php?rest_route=\/wp\/v2\/media\/36722"}],"wp:attachment":[{"href":"https:\/\/www.rwg-bayreuth.de\/home\/index.php?rest_route=%2Fwp%2Fv2%2Fmedia&parent=36720"}],"wp:term":[{"taxonomy":"category","embeddable":true,"href":"https:\/\/www.rwg-bayreuth.de\/home\/index.php?rest_route=%2Fwp%2Fv2%2Fcategories&post=36720"},{"taxonomy":"post_tag","embeddable":true,"href":"https:\/\/www.rwg-bayreuth.de\/home\/index.php?rest_route=%2Fwp%2Fv2%2Ftags&post=36720"}],"curies":[{"name":"wp","href":"https:\/\/api.w.org\/{rel}","templated":true}]}}