{"id":36655,"date":"2024-05-20T05:42:54","date_gmt":"2024-05-20T03:42:54","guid":{"rendered":"https:\/\/www.rwg-bayreuth.de\/home\/?p=36655"},"modified":"2024-07-12T12:30:30","modified_gmt":"2024-07-12T10:30:30","slug":"preistraeger-beim-schreibwettbewerb","status":"publish","type":"post","link":"https:\/\/www.rwg-bayreuth.de\/home\/?p=36655","title":{"rendered":"Preistr\u00e4ger beim Schreibwettbewerb"},"content":{"rendered":"<p><a href=\"https:\/\/www.rwg-bayreuth.de\/home\/wp-content\/uploads\/2024\/06\/23-24-Schreibwettbewerb-Preistraeger.jpg\"><img loading=\"lazy\" decoding=\"async\" src=\"https:\/\/www.rwg-bayreuth.de\/home\/wp-content\/uploads\/2024\/06\/23-24-Schreibwettbewerb-Preistraeger-338x450.jpg\" alt=\"\" width=\"338\" height=\"450\" class=\"alignright size-medium wp-image-36656\" style=\"max-width: 40%\" srcset=\"https:\/\/www.rwg-bayreuth.de\/home\/wp-content\/uploads\/2024\/06\/23-24-Schreibwettbewerb-Preistraeger-338x450.jpg 338w, https:\/\/www.rwg-bayreuth.de\/home\/wp-content\/uploads\/2024\/06\/23-24-Schreibwettbewerb-Preistraeger-113x150.jpg 113w, https:\/\/www.rwg-bayreuth.de\/home\/wp-content\/uploads\/2024\/06\/23-24-Schreibwettbewerb-Preistraeger-250x333.jpg 250w, https:\/\/www.rwg-bayreuth.de\/home\/wp-content\/uploads\/2024\/06\/23-24-Schreibwettbewerb-Preistraeger.jpg 768w\" sizes=\"(max-width: 338px) 100vw, 338px\" \/><\/a>Beim Schreibwettbewerb der Hanns-Seidel Stiftung zum Thema \u201eGrenzenlos\u201c wurde Hannes Bauer aus der 6b zu einem der 39 Preistr\u00e4ger gek\u00fcrt.<\/p>\n<p>In diesem Rahmen erhielt er eine Einladung nach M\u00fcnchen, wo am 17.05. eine feierliche Ehrung stattfand. Neben einer Urkunde erhielt Hannes ein Preisgeld von 100 Euro sowie einen Platz im Seminar \u201eKreatives Schreiben\u201c auf Kloster Banz. Dar\u00fcber hinaus wird seine Geschichte im Sammelband \u201eDie Feder 2024\u201c ver\u00f6ffentlicht.<\/p>\n<p>Herzlichen Gl\u00fcckwunsch!<\/p>\n","protected":false},"excerpt":{"rendered":"<p>Beim Schreibwettbewerb der Hanns-Seidel Stiftung zum Thema \u201eGrenzenlos\u201c wurde Hannes Bauer aus der 6b zu einem der 39 Preistr\u00e4ger gek\u00fcrt. In diesem Rahmen erhielt er eine Einladung nach M\u00fcnchen, wo am 17.05. eine feierliche Ehrung stattfand. Neben einer Urkunde erhielt Hannes ein Preisgeld von 100 Euro sowie einen Platz im Seminar \u201eKreatives Schreiben\u201c auf Kloster&hellip;<\/p>\n","protected":false},"author":11,"featured_media":36659,"comment_status":"closed","ping_status":"closed","sticky":false,"template":"","format":"standard","meta":{"footnotes":""},"categories":[1],"tags":[59,51,71],"_links":{"self":[{"href":"https:\/\/www.rwg-bayreuth.de\/home\/index.php?rest_route=\/wp\/v2\/posts\/36655"}],"collection":[{"href":"https:\/\/www.rwg-bayreuth.de\/home\/index.php?rest_route=\/wp\/v2\/posts"}],"about":[{"href":"https:\/\/www.rwg-bayreuth.de\/home\/index.php?rest_route=\/wp\/v2\/types\/post"}],"author":[{"embeddable":true,"href":"https:\/\/www.rwg-bayreuth.de\/home\/index.php?rest_route=\/wp\/v2\/users\/11"}],"replies":[{"embeddable":true,"href":"https:\/\/www.rwg-bayreuth.de\/home\/index.php?rest_route=%2Fwp%2Fv2%2Fcomments&post=36655"}],"version-history":[{"count":2,"href":"https:\/\/www.rwg-bayreuth.de\/home\/index.php?rest_route=\/wp\/v2\/posts\/36655\/revisions"}],"predecessor-version":[{"id":36658,"href":"https:\/\/www.rwg-bayreuth.de\/home\/index.php?rest_route=\/wp\/v2\/posts\/36655\/revisions\/36658"}],"wp:featuredmedia":[{"embeddable":true,"href":"https:\/\/www.rwg-bayreuth.de\/home\/index.php?rest_route=\/wp\/v2\/media\/36659"}],"wp:attachment":[{"href":"https:\/\/www.rwg-bayreuth.de\/home\/index.php?rest_route=%2Fwp%2Fv2%2Fmedia&parent=36655"}],"wp:term":[{"taxonomy":"category","embeddable":true,"href":"https:\/\/www.rwg-bayreuth.de\/home\/index.php?rest_route=%2Fwp%2Fv2%2Fcategories&post=36655"},{"taxonomy":"post_tag","embeddable":true,"href":"https:\/\/www.rwg-bayreuth.de\/home\/index.php?rest_route=%2Fwp%2Fv2%2Ftags&post=36655"}],"curies":[{"name":"wp","href":"https:\/\/api.w.org\/{rel}","templated":true}]}}