{"id":36546,"date":"2024-05-07T06:19:52","date_gmt":"2024-05-07T04:19:52","guid":{"rendered":"https:\/\/www.rwg-bayreuth.de\/home\/?p=36546"},"modified":"2026-03-06T15:02:33","modified_gmt":"2026-03-06T14:02:33","slug":"neue-kontakte-und-gewinnbringende-informationen-medienscouts-des-rwg-bei-der-bundesjugendkonferenz-medien-in-rostock","status":"publish","type":"post","link":"https:\/\/www.rwg-bayreuth.de\/home\/?p=36546","title":{"rendered":"Neue Kontakte und gewinnbringende Informationen \u2013 Medienscouts des RWG bei der Bundesjugendkonferenz-Medien in Rostock"},"content":{"rendered":"<p><a href=\"https:\/\/www.rwg-bayreuth.de\/home\/wp-content\/uploads\/2024\/05\/23-24-Bundesjugendkonferenz-Medien-1.jpg\"><img decoding=\"async\" src=\"https:\/\/www.rwg-bayreuth.de\/home\/wp-content\/uploads\/2024\/05\/23-24-Bundesjugendkonferenz-Medien-1.jpg\" alt=\"\" width=\"1024\" height=\"auto\" class=\"aligncenter size-medium wp-image-36547 crop219\" srcset=\"https:\/\/www.rwg-bayreuth.de\/home\/wp-content\/uploads\/2024\/05\/23-24-Bundesjugendkonferenz-Medien-1.jpg 1024w, https:\/\/www.rwg-bayreuth.de\/home\/wp-content\/uploads\/2024\/05\/23-24-Bundesjugendkonferenz-Medien-1-150x100.jpg 150w, https:\/\/www.rwg-bayreuth.de\/home\/wp-content\/uploads\/2024\/05\/23-24-Bundesjugendkonferenz-Medien-1-450x300.jpg 450w, https:\/\/www.rwg-bayreuth.de\/home\/wp-content\/uploads\/2024\/05\/23-24-Bundesjugendkonferenz-Medien-1-768x512.jpg 768w, https:\/\/www.rwg-bayreuth.de\/home\/wp-content\/uploads\/2024\/05\/23-24-Bundesjugendkonferenz-Medien-1-250x167.jpg 250w, https:\/\/www.rwg-bayreuth.de\/home\/wp-content\/uploads\/2024\/05\/23-24-Bundesjugendkonferenz-Medien-1-900x600.jpg 900w\" sizes=\"(max-width: 1024px) 100vw, 1024px\" \/><\/a><\/p>\n<p>Vom 2. bis zum 5. Mai 2024 hatten 7 Sch\u00fclerinnen und Sch\u00fcler des Richard-Wagner-Gymnasiums das Privileg, an der Bundesjugendkonferenz-Medien (BJKM) in Rostock teilzunehmen. Die 4-t\u00e4gige Medienkonferenz fand im 4-Sterne Hotel \u201eRadisson Blu\u201c in Rostock statt und bot nicht nur informative Workshops von hochkar\u00e4tigen Referenten, sondern auch eine exzellente Verpflegung und ein luxuri\u00f6ses Ambiente.<br \/>\nEin H\u00f6hepunkt der Konferenz war der intensive Austausch mit Medienscouts anderer Schulen aus ganz Deutschland, der zu einer angenehmen und inspirierenden Atmosph\u00e4re beitrug. Zudem unternahmen wir einen wundersch\u00f6nen Ausflug nach Warnem\u00fcnde, wo wir nicht nur die frische Seeluft genossen, sondern auch den Strand besuchten.<br \/>\nDie zahlreichen Workshops zu verschiedenen Themen wie beispielsweise \u201eWirkung von K\u00f6rpersprache\u201c, \u201eGewinnbringende Anwendungsm\u00f6glichkeiten von KI\u201c und \u201eGesunde Balance zwischen Realit\u00e4t und Social Media\u201c waren \u00e4u\u00dferst lehrreich und interessant. Wir konnten viel Neues lernen und wertvolle Erkenntnisse gewinnen, die wir nun unseren Mitsch\u00fclerinnen und Mitsch\u00fclern am RWG weitergeben.<br \/>\nBesonders m\u00f6chten wir uns bei unserem Lehrer, Herrn Bauer, bedanken, der uns begleitete und zu einer tollen gemeinsamen Zeit beitrug.<\/p>\n<p>Insgesamt war der Ausflug zur BJKM in Rostock ein voller Erfolg und wir sind dankbar f\u00fcr die wertvollen Erfahrungen und Erinnerungen, die wir mit nach Hause nehmen konnten.<\/p>\n<div class=\"su-image-carousel  clear su-image-carousel-columns-3 su-image-carousel-has-spacing su-image-carousel-crop su-image-carousel-crop-4-3 su-image-carousel-has-lightbox su-image-carousel-has-outline su-image-carousel-slides-style-minimal su-image-carousel-controls-style-light su-image-carousel-align-center\" style=\"\" data-flickity-options='{\"groupCells\":true,\"cellSelector\":\".su-image-carousel-item\",\"adaptiveHeight\":false,\"cellAlign\":\"left\",\"prevNextButtons\":true,\"pageDots\":false,\"autoPlay\":4000,\"imagesLoaded\":true,\"contain\":true,\"selectedAttraction\":0.025000000000000001,\"friction\":0.28000000000000003}' id=\"su_image_carousel_69f1c1c63354a\"><div class=\"su-image-carousel-item\"><div class=\"su-image-carousel-item-content\"><a href=\"https:\/\/www.rwg-bayreuth.de\/home\/wp-content\/uploads\/2024\/05\/23-24-Bundesjugendkonferenz-Medien-2.jpg\" data-caption=\"\"><img loading=\"lazy\" decoding=\"async\" width=\"1024\" height=\"768\" src=\"https:\/\/www.rwg-bayreuth.de\/home\/wp-content\/uploads\/2024\/05\/23-24-Bundesjugendkonferenz-Medien-2.jpg\" class=\"\" alt=\"\" srcset=\"https:\/\/www.rwg-bayreuth.de\/home\/wp-content\/uploads\/2024\/05\/23-24-Bundesjugendkonferenz-Medien-2.jpg 1024w, https:\/\/www.rwg-bayreuth.de\/home\/wp-content\/uploads\/2024\/05\/23-24-Bundesjugendkonferenz-Medien-2-150x113.jpg 150w, https:\/\/www.rwg-bayreuth.de\/home\/wp-content\/uploads\/2024\/05\/23-24-Bundesjugendkonferenz-Medien-2-450x338.jpg 450w, https:\/\/www.rwg-bayreuth.de\/home\/wp-content\/uploads\/2024\/05\/23-24-Bundesjugendkonferenz-Medien-2-768x576.jpg 768w, https:\/\/www.rwg-bayreuth.de\/home\/wp-content\/uploads\/2024\/05\/23-24-Bundesjugendkonferenz-Medien-2-250x188.jpg 250w\" sizes=\"(max-width: 1024px) 100vw, 1024px\" \/><\/a><\/div><\/div><div class=\"su-image-carousel-item\"><div class=\"su-image-carousel-item-content\"><a href=\"https:\/\/www.rwg-bayreuth.de\/home\/wp-content\/uploads\/2024\/05\/23-24-Bundesjugendkonferenz-Medien-3.jpg\" data-caption=\"\"><img loading=\"lazy\" decoding=\"async\" width=\"768\" height=\"1024\" src=\"https:\/\/www.rwg-bayreuth.de\/home\/wp-content\/uploads\/2024\/05\/23-24-Bundesjugendkonferenz-Medien-3.jpg\" class=\"\" alt=\"\" srcset=\"https:\/\/www.rwg-bayreuth.de\/home\/wp-content\/uploads\/2024\/05\/23-24-Bundesjugendkonferenz-Medien-3.jpg 768w, https:\/\/www.rwg-bayreuth.de\/home\/wp-content\/uploads\/2024\/05\/23-24-Bundesjugendkonferenz-Medien-3-113x150.jpg 113w, https:\/\/www.rwg-bayreuth.de\/home\/wp-content\/uploads\/2024\/05\/23-24-Bundesjugendkonferenz-Medien-3-338x450.jpg 338w, https:\/\/www.rwg-bayreuth.de\/home\/wp-content\/uploads\/2024\/05\/23-24-Bundesjugendkonferenz-Medien-3-250x333.jpg 250w\" sizes=\"(max-width: 768px) 100vw, 768px\" \/><\/a><\/div><\/div><div class=\"su-image-carousel-item\"><div class=\"su-image-carousel-item-content\"><a href=\"https:\/\/www.rwg-bayreuth.de\/home\/wp-content\/uploads\/2024\/05\/23-24-Bundesjugendkonferenz-Medien-4.jpg\" data-caption=\"\"><img loading=\"lazy\" decoding=\"async\" width=\"768\" height=\"1024\" src=\"https:\/\/www.rwg-bayreuth.de\/home\/wp-content\/uploads\/2024\/05\/23-24-Bundesjugendkonferenz-Medien-4.jpg\" class=\"\" alt=\"\" srcset=\"https:\/\/www.rwg-bayreuth.de\/home\/wp-content\/uploads\/2024\/05\/23-24-Bundesjugendkonferenz-Medien-4.jpg 768w, https:\/\/www.rwg-bayreuth.de\/home\/wp-content\/uploads\/2024\/05\/23-24-Bundesjugendkonferenz-Medien-4-113x150.jpg 113w, https:\/\/www.rwg-bayreuth.de\/home\/wp-content\/uploads\/2024\/05\/23-24-Bundesjugendkonferenz-Medien-4-338x450.jpg 338w, https:\/\/www.rwg-bayreuth.de\/home\/wp-content\/uploads\/2024\/05\/23-24-Bundesjugendkonferenz-Medien-4-250x333.jpg 250w\" sizes=\"(max-width: 768px) 100vw, 768px\" \/><\/a><\/div><\/div><div class=\"su-image-carousel-item\"><div class=\"su-image-carousel-item-content\"><a href=\"https:\/\/www.rwg-bayreuth.de\/home\/wp-content\/uploads\/2024\/05\/23-24-Bundesjugendkonferenz-Medien-5.jpg\" data-caption=\"\"><img loading=\"lazy\" decoding=\"async\" width=\"768\" height=\"1024\" src=\"https:\/\/www.rwg-bayreuth.de\/home\/wp-content\/uploads\/2024\/05\/23-24-Bundesjugendkonferenz-Medien-5.jpg\" class=\"\" alt=\"\" srcset=\"https:\/\/www.rwg-bayreuth.de\/home\/wp-content\/uploads\/2024\/05\/23-24-Bundesjugendkonferenz-Medien-5.jpg 768w, https:\/\/www.rwg-bayreuth.de\/home\/wp-content\/uploads\/2024\/05\/23-24-Bundesjugendkonferenz-Medien-5-113x150.jpg 113w, https:\/\/www.rwg-bayreuth.de\/home\/wp-content\/uploads\/2024\/05\/23-24-Bundesjugendkonferenz-Medien-5-338x450.jpg 338w, https:\/\/www.rwg-bayreuth.de\/home\/wp-content\/uploads\/2024\/05\/23-24-Bundesjugendkonferenz-Medien-5-250x333.jpg 250w\" sizes=\"(max-width: 768px) 100vw, 768px\" \/><\/a><\/div><\/div><div class=\"su-image-carousel-item\"><div class=\"su-image-carousel-item-content\"><a href=\"https:\/\/www.rwg-bayreuth.de\/home\/wp-content\/uploads\/2024\/05\/23-24-Bundesjugendkonferenz-Medien-6.jpg\" data-caption=\"\"><img loading=\"lazy\" decoding=\"async\" width=\"1024\" height=\"768\" src=\"https:\/\/www.rwg-bayreuth.de\/home\/wp-content\/uploads\/2024\/05\/23-24-Bundesjugendkonferenz-Medien-6.jpg\" class=\"\" alt=\"\" srcset=\"https:\/\/www.rwg-bayreuth.de\/home\/wp-content\/uploads\/2024\/05\/23-24-Bundesjugendkonferenz-Medien-6.jpg 1024w, https:\/\/www.rwg-bayreuth.de\/home\/wp-content\/uploads\/2024\/05\/23-24-Bundesjugendkonferenz-Medien-6-150x113.jpg 150w, https:\/\/www.rwg-bayreuth.de\/home\/wp-content\/uploads\/2024\/05\/23-24-Bundesjugendkonferenz-Medien-6-450x338.jpg 450w, https:\/\/www.rwg-bayreuth.de\/home\/wp-content\/uploads\/2024\/05\/23-24-Bundesjugendkonferenz-Medien-6-768x576.jpg 768w, https:\/\/www.rwg-bayreuth.de\/home\/wp-content\/uploads\/2024\/05\/23-24-Bundesjugendkonferenz-Medien-6-250x188.jpg 250w\" sizes=\"(max-width: 1024px) 100vw, 1024px\" \/><\/a><\/div><\/div><div class=\"su-image-carousel-item\"><div class=\"su-image-carousel-item-content\"><a href=\"https:\/\/www.rwg-bayreuth.de\/home\/wp-content\/uploads\/2024\/05\/23-24-Bundesjugendkonferenz-Medien-7.jpg\" data-caption=\"\"><img loading=\"lazy\" decoding=\"async\" width=\"1024\" height=\"768\" src=\"https:\/\/www.rwg-bayreuth.de\/home\/wp-content\/uploads\/2024\/05\/23-24-Bundesjugendkonferenz-Medien-7.jpg\" class=\"\" alt=\"\" srcset=\"https:\/\/www.rwg-bayreuth.de\/home\/wp-content\/uploads\/2024\/05\/23-24-Bundesjugendkonferenz-Medien-7.jpg 1024w, https:\/\/www.rwg-bayreuth.de\/home\/wp-content\/uploads\/2024\/05\/23-24-Bundesjugendkonferenz-Medien-7-150x113.jpg 150w, https:\/\/www.rwg-bayreuth.de\/home\/wp-content\/uploads\/2024\/05\/23-24-Bundesjugendkonferenz-Medien-7-450x338.jpg 450w, https:\/\/www.rwg-bayreuth.de\/home\/wp-content\/uploads\/2024\/05\/23-24-Bundesjugendkonferenz-Medien-7-768x576.jpg 768w, https:\/\/www.rwg-bayreuth.de\/home\/wp-content\/uploads\/2024\/05\/23-24-Bundesjugendkonferenz-Medien-7-250x188.jpg 250w\" sizes=\"(max-width: 1024px) 100vw, 1024px\" \/><\/a><\/div><\/div><div class=\"su-image-carousel-item\"><div class=\"su-image-carousel-item-content\"><a href=\"https:\/\/www.rwg-bayreuth.de\/home\/wp-content\/uploads\/2024\/05\/23-24-Bundesjugendkonferenz-Medien-8.jpg\" data-caption=\"\"><img loading=\"lazy\" decoding=\"async\" width=\"1024\" height=\"768\" src=\"https:\/\/www.rwg-bayreuth.de\/home\/wp-content\/uploads\/2024\/05\/23-24-Bundesjugendkonferenz-Medien-8.jpg\" class=\"\" alt=\"\" srcset=\"https:\/\/www.rwg-bayreuth.de\/home\/wp-content\/uploads\/2024\/05\/23-24-Bundesjugendkonferenz-Medien-8.jpg 1024w, https:\/\/www.rwg-bayreuth.de\/home\/wp-content\/uploads\/2024\/05\/23-24-Bundesjugendkonferenz-Medien-8-150x113.jpg 150w, https:\/\/www.rwg-bayreuth.de\/home\/wp-content\/uploads\/2024\/05\/23-24-Bundesjugendkonferenz-Medien-8-450x338.jpg 450w, https:\/\/www.rwg-bayreuth.de\/home\/wp-content\/uploads\/2024\/05\/23-24-Bundesjugendkonferenz-Medien-8-768x576.jpg 768w, https:\/\/www.rwg-bayreuth.de\/home\/wp-content\/uploads\/2024\/05\/23-24-Bundesjugendkonferenz-Medien-8-250x188.jpg 250w\" sizes=\"(max-width: 1024px) 100vw, 1024px\" \/><\/a><\/div><\/div><div class=\"su-image-carousel-item\"><div class=\"su-image-carousel-item-content\"><a href=\"https:\/\/www.rwg-bayreuth.de\/home\/wp-content\/uploads\/2024\/05\/23-24-Bundesjugendkonferenz-Medien-9.jpg\" data-caption=\"\"><img loading=\"lazy\" decoding=\"async\" width=\"1024\" height=\"768\" src=\"https:\/\/www.rwg-bayreuth.de\/home\/wp-content\/uploads\/2024\/05\/23-24-Bundesjugendkonferenz-Medien-9.jpg\" class=\"\" alt=\"\" srcset=\"https:\/\/www.rwg-bayreuth.de\/home\/wp-content\/uploads\/2024\/05\/23-24-Bundesjugendkonferenz-Medien-9.jpg 1024w, https:\/\/www.rwg-bayreuth.de\/home\/wp-content\/uploads\/2024\/05\/23-24-Bundesjugendkonferenz-Medien-9-150x113.jpg 150w, https:\/\/www.rwg-bayreuth.de\/home\/wp-content\/uploads\/2024\/05\/23-24-Bundesjugendkonferenz-Medien-9-450x338.jpg 450w, https:\/\/www.rwg-bayreuth.de\/home\/wp-content\/uploads\/2024\/05\/23-24-Bundesjugendkonferenz-Medien-9-768x576.jpg 768w, https:\/\/www.rwg-bayreuth.de\/home\/wp-content\/uploads\/2024\/05\/23-24-Bundesjugendkonferenz-Medien-9-250x188.jpg 250w\" sizes=\"(max-width: 1024px) 100vw, 1024px\" \/><\/a><\/div><\/div><div class=\"su-image-carousel-item\"><div class=\"su-image-carousel-item-content\"><a href=\"https:\/\/www.rwg-bayreuth.de\/home\/wp-content\/uploads\/2024\/05\/23-24-Bundesjugendkonferenz-Medien-10.jpg\" data-caption=\"\"><img loading=\"lazy\" decoding=\"async\" width=\"768\" height=\"1024\" src=\"https:\/\/www.rwg-bayreuth.de\/home\/wp-content\/uploads\/2024\/05\/23-24-Bundesjugendkonferenz-Medien-10.jpg\" class=\"\" alt=\"\" srcset=\"https:\/\/www.rwg-bayreuth.de\/home\/wp-content\/uploads\/2024\/05\/23-24-Bundesjugendkonferenz-Medien-10.jpg 768w, https:\/\/www.rwg-bayreuth.de\/home\/wp-content\/uploads\/2024\/05\/23-24-Bundesjugendkonferenz-Medien-10-113x150.jpg 113w, https:\/\/www.rwg-bayreuth.de\/home\/wp-content\/uploads\/2024\/05\/23-24-Bundesjugendkonferenz-Medien-10-338x450.jpg 338w, https:\/\/www.rwg-bayreuth.de\/home\/wp-content\/uploads\/2024\/05\/23-24-Bundesjugendkonferenz-Medien-10-250x333.jpg 250w\" sizes=\"(max-width: 768px) 100vw, 768px\" \/><\/a><\/div><\/div><div class=\"su-image-carousel-item\"><div class=\"su-image-carousel-item-content\"><a href=\"https:\/\/www.rwg-bayreuth.de\/home\/wp-content\/uploads\/2024\/05\/23-24-Bundesjugendkonferenz-Medien-11.jpg\" data-caption=\"\"><img loading=\"lazy\" decoding=\"async\" width=\"1024\" height=\"765\" src=\"https:\/\/www.rwg-bayreuth.de\/home\/wp-content\/uploads\/2024\/05\/23-24-Bundesjugendkonferenz-Medien-11.jpg\" class=\"\" alt=\"\" srcset=\"https:\/\/www.rwg-bayreuth.de\/home\/wp-content\/uploads\/2024\/05\/23-24-Bundesjugendkonferenz-Medien-11.jpg 1024w, https:\/\/www.rwg-bayreuth.de\/home\/wp-content\/uploads\/2024\/05\/23-24-Bundesjugendkonferenz-Medien-11-150x112.jpg 150w, https:\/\/www.rwg-bayreuth.de\/home\/wp-content\/uploads\/2024\/05\/23-24-Bundesjugendkonferenz-Medien-11-450x336.jpg 450w, https:\/\/www.rwg-bayreuth.de\/home\/wp-content\/uploads\/2024\/05\/23-24-Bundesjugendkonferenz-Medien-11-768x574.jpg 768w, https:\/\/www.rwg-bayreuth.de\/home\/wp-content\/uploads\/2024\/05\/23-24-Bundesjugendkonferenz-Medien-11-250x187.jpg 250w\" sizes=\"(max-width: 1024px) 100vw, 1024px\" \/><\/a><\/div><\/div><div class=\"su-image-carousel-item\"><div class=\"su-image-carousel-item-content\"><a href=\"https:\/\/www.rwg-bayreuth.de\/home\/wp-content\/uploads\/2024\/05\/23-24-Bundesjugendkonferenz-Medien-12.jpg\" data-caption=\"\"><img loading=\"lazy\" decoding=\"async\" width=\"1024\" height=\"768\" src=\"https:\/\/www.rwg-bayreuth.de\/home\/wp-content\/uploads\/2024\/05\/23-24-Bundesjugendkonferenz-Medien-12.jpg\" class=\"\" alt=\"\" srcset=\"https:\/\/www.rwg-bayreuth.de\/home\/wp-content\/uploads\/2024\/05\/23-24-Bundesjugendkonferenz-Medien-12.jpg 1024w, https:\/\/www.rwg-bayreuth.de\/home\/wp-content\/uploads\/2024\/05\/23-24-Bundesjugendkonferenz-Medien-12-150x113.jpg 150w, https:\/\/www.rwg-bayreuth.de\/home\/wp-content\/uploads\/2024\/05\/23-24-Bundesjugendkonferenz-Medien-12-450x338.jpg 450w, https:\/\/www.rwg-bayreuth.de\/home\/wp-content\/uploads\/2024\/05\/23-24-Bundesjugendkonferenz-Medien-12-768x576.jpg 768w, https:\/\/www.rwg-bayreuth.de\/home\/wp-content\/uploads\/2024\/05\/23-24-Bundesjugendkonferenz-Medien-12-250x188.jpg 250w\" sizes=\"(max-width: 1024px) 100vw, 1024px\" \/><\/a><\/div><\/div><div class=\"su-image-carousel-item\"><div class=\"su-image-carousel-item-content\"><a href=\"https:\/\/www.rwg-bayreuth.de\/home\/wp-content\/uploads\/2024\/05\/23-24-Bundesjugendkonferenz-Medien-13.jpg\" data-caption=\"\"><img loading=\"lazy\" decoding=\"async\" width=\"473\" height=\"1024\" src=\"https:\/\/www.rwg-bayreuth.de\/home\/wp-content\/uploads\/2024\/05\/23-24-Bundesjugendkonferenz-Medien-13.jpg\" class=\"\" alt=\"\" srcset=\"https:\/\/www.rwg-bayreuth.de\/home\/wp-content\/uploads\/2024\/05\/23-24-Bundesjugendkonferenz-Medien-13.jpg 473w, https:\/\/www.rwg-bayreuth.de\/home\/wp-content\/uploads\/2024\/05\/23-24-Bundesjugendkonferenz-Medien-13-69x150.jpg 69w, https:\/\/www.rwg-bayreuth.de\/home\/wp-content\/uploads\/2024\/05\/23-24-Bundesjugendkonferenz-Medien-13-208x450.jpg 208w, https:\/\/www.rwg-bayreuth.de\/home\/wp-content\/uploads\/2024\/05\/23-24-Bundesjugendkonferenz-Medien-13-250x541.jpg 250w\" sizes=\"(max-width: 473px) 100vw, 473px\" \/><\/a><\/div><\/div><\/div><script id=\"su_image_carousel_69f1c1c63354a_script\">if(window.SUImageCarousel){setTimeout(function() {window.SUImageCarousel.initGallery(document.getElementById(\"su_image_carousel_69f1c1c63354a\"))}, 0);}var su_image_carousel_69f1c1c63354a_script=document.getElementById(\"su_image_carousel_69f1c1c63354a_script\");if(su_image_carousel_69f1c1c63354a_script){su_image_carousel_69f1c1c63354a_script.parentNode.removeChild(su_image_carousel_69f1c1c63354a_script);}<\/script>\n","protected":false},"excerpt":{"rendered":"<p>Vom 2. bis zum 5. Mai 2024 hatten 7 Sch\u00fclerinnen und Sch\u00fcler des Richard-Wagner-Gymnasiums das Privileg, an der Bundesjugendkonferenz-Medien (BJKM) in Rostock teilzunehmen. Die 4-t\u00e4gige Medienkonferenz fand im 4-Sterne Hotel \u201eRadisson Blu\u201c in Rostock statt und bot nicht nur informative Workshops von hochkar\u00e4tigen Referenten, sondern auch eine exzellente Verpflegung und ein luxuri\u00f6ses Ambiente. Ein H\u00f6hepunkt&hellip;<\/p>\n","protected":false},"author":11,"featured_media":36547,"comment_status":"closed","ping_status":"closed","sticky":false,"template":"","format":"standard","meta":{"footnotes":""},"categories":[1],"tags":[147,51,122],"_links":{"self":[{"href":"https:\/\/www.rwg-bayreuth.de\/home\/index.php?rest_route=\/wp\/v2\/posts\/36546"}],"collection":[{"href":"https:\/\/www.rwg-bayreuth.de\/home\/index.php?rest_route=\/wp\/v2\/posts"}],"about":[{"href":"https:\/\/www.rwg-bayreuth.de\/home\/index.php?rest_route=\/wp\/v2\/types\/post"}],"author":[{"embeddable":true,"href":"https:\/\/www.rwg-bayreuth.de\/home\/index.php?rest_route=\/wp\/v2\/users\/11"}],"replies":[{"embeddable":true,"href":"https:\/\/www.rwg-bayreuth.de\/home\/index.php?rest_route=%2Fwp%2Fv2%2Fcomments&post=36546"}],"version-history":[{"count":4,"href":"https:\/\/www.rwg-bayreuth.de\/home\/index.php?rest_route=\/wp\/v2\/posts\/36546\/revisions"}],"predecessor-version":[{"id":37863,"href":"https:\/\/www.rwg-bayreuth.de\/home\/index.php?rest_route=\/wp\/v2\/posts\/36546\/revisions\/37863"}],"wp:featuredmedia":[{"embeddable":true,"href":"https:\/\/www.rwg-bayreuth.de\/home\/index.php?rest_route=\/wp\/v2\/media\/36547"}],"wp:attachment":[{"href":"https:\/\/www.rwg-bayreuth.de\/home\/index.php?rest_route=%2Fwp%2Fv2%2Fmedia&parent=36546"}],"wp:term":[{"taxonomy":"category","embeddable":true,"href":"https:\/\/www.rwg-bayreuth.de\/home\/index.php?rest_route=%2Fwp%2Fv2%2Fcategories&post=36546"},{"taxonomy":"post_tag","embeddable":true,"href":"https:\/\/www.rwg-bayreuth.de\/home\/index.php?rest_route=%2Fwp%2Fv2%2Ftags&post=36546"}],"curies":[{"name":"wp","href":"https:\/\/api.w.org\/{rel}","templated":true}]}}