{"id":36523,"date":"2024-03-26T06:09:11","date_gmt":"2024-03-26T05:09:11","guid":{"rendered":"https:\/\/www.rwg-bayreuth.de\/home\/?p=36523"},"modified":"2024-12-08T12:20:17","modified_gmt":"2024-12-08T11:20:17","slug":"besuch-von-monika-hohlmeier-am-rwg","status":"publish","type":"post","link":"https:\/\/www.rwg-bayreuth.de\/home\/?p=36523","title":{"rendered":"Besuch von Monika Hohlmeier am RWG"},"content":{"rendered":"<p><a href=\"https:\/\/www.rwg-bayreuth.de\/home\/wp-content\/uploads\/2024\/05\/23-24-Besuch-FrauHohlmeier.jpg\"><img loading=\"lazy\" decoding=\"async\" src=\"https:\/\/www.rwg-bayreuth.de\/home\/wp-content\/uploads\/2024\/05\/23-24-Besuch-FrauHohlmeier.jpg\" alt=\"\" width=\"1024\" height=\"683\" class=\"aligncenter size-full wp-image-36524 crop21bottom\" srcset=\"https:\/\/www.rwg-bayreuth.de\/home\/wp-content\/uploads\/2024\/05\/23-24-Besuch-FrauHohlmeier.jpg 1024w, https:\/\/www.rwg-bayreuth.de\/home\/wp-content\/uploads\/2024\/05\/23-24-Besuch-FrauHohlmeier-150x100.jpg 150w, https:\/\/www.rwg-bayreuth.de\/home\/wp-content\/uploads\/2024\/05\/23-24-Besuch-FrauHohlmeier-450x300.jpg 450w, https:\/\/www.rwg-bayreuth.de\/home\/wp-content\/uploads\/2024\/05\/23-24-Besuch-FrauHohlmeier-768x512.jpg 768w, https:\/\/www.rwg-bayreuth.de\/home\/wp-content\/uploads\/2024\/05\/23-24-Besuch-FrauHohlmeier-250x167.jpg 250w, https:\/\/www.rwg-bayreuth.de\/home\/wp-content\/uploads\/2024\/05\/23-24-Besuch-FrauHohlmeier-900x600.jpg 900w\" sizes=\"(max-width: 1024px) 100vw, 1024px\" \/><\/a><br \/>\nIm Rahmen des Wirtschaftsunterricht hatte die 11. Jahrgansstufe des RWG am letzten Freitag vor den Osterferien die Ehre, die fr\u00fchere Kultusministerin und derzeit im Europaparlament Abgeordnete Monika Hohlmeier als besonderen Gast begr\u00fc\u00dfen zu d\u00fcrfen. Nach einem kurzen Einblick in die famili\u00e4ren Hintergr\u00fcnde und den Werdegang von Frau Hohlmeier, hatten die Sch\u00fclerinnen und Sch\u00fcler die M\u00f6glichkeit, Frau Hohlmeier Fragen zu ihrem Werdegang und zu ihrer Arbeit im Europaparlament zu stellen und so mehr \u00fcber die Arbeit der Europ\u00e4ischen Union im Bereich Wirtschaft, Umweltschutz und Politik zu erfahren.<\/p>\n<p>Wir danken Monika Hohlmeier f\u00fcr ihren Besuch und freuen uns auf ein baldiges Wiedersehen auf der Wissenschaftswoche in Br\u00fcssel.<\/p>\n","protected":false},"excerpt":{"rendered":"<p>Im Rahmen des Wirtschaftsunterricht hatte die 11. Jahrgansstufe des RWG am letzten Freitag vor den Osterferien die Ehre, die fr\u00fchere Kultusministerin und derzeit im Europaparlament Abgeordnete Monika Hohlmeier als besonderen Gast begr\u00fc\u00dfen zu d\u00fcrfen. Nach einem kurzen Einblick in die famili\u00e4ren Hintergr\u00fcnde und den Werdegang von Frau Hohlmeier, hatten die Sch\u00fclerinnen und Sch\u00fcler die M\u00f6glichkeit,&hellip;<\/p>\n","protected":false},"author":11,"featured_media":36524,"comment_status":"closed","ping_status":"closed","sticky":false,"template":"","format":"standard","meta":{"footnotes":""},"categories":[1],"tags":[51,53],"_links":{"self":[{"href":"https:\/\/www.rwg-bayreuth.de\/home\/index.php?rest_route=\/wp\/v2\/posts\/36523"}],"collection":[{"href":"https:\/\/www.rwg-bayreuth.de\/home\/index.php?rest_route=\/wp\/v2\/posts"}],"about":[{"href":"https:\/\/www.rwg-bayreuth.de\/home\/index.php?rest_route=\/wp\/v2\/types\/post"}],"author":[{"embeddable":true,"href":"https:\/\/www.rwg-bayreuth.de\/home\/index.php?rest_route=\/wp\/v2\/users\/11"}],"replies":[{"embeddable":true,"href":"https:\/\/www.rwg-bayreuth.de\/home\/index.php?rest_route=%2Fwp%2Fv2%2Fcomments&post=36523"}],"version-history":[{"count":3,"href":"https:\/\/www.rwg-bayreuth.de\/home\/index.php?rest_route=\/wp\/v2\/posts\/36523\/revisions"}],"predecessor-version":[{"id":37519,"href":"https:\/\/www.rwg-bayreuth.de\/home\/index.php?rest_route=\/wp\/v2\/posts\/36523\/revisions\/37519"}],"wp:featuredmedia":[{"embeddable":true,"href":"https:\/\/www.rwg-bayreuth.de\/home\/index.php?rest_route=\/wp\/v2\/media\/36524"}],"wp:attachment":[{"href":"https:\/\/www.rwg-bayreuth.de\/home\/index.php?rest_route=%2Fwp%2Fv2%2Fmedia&parent=36523"}],"wp:term":[{"taxonomy":"category","embeddable":true,"href":"https:\/\/www.rwg-bayreuth.de\/home\/index.php?rest_route=%2Fwp%2Fv2%2Fcategories&post=36523"},{"taxonomy":"post_tag","embeddable":true,"href":"https:\/\/www.rwg-bayreuth.de\/home\/index.php?rest_route=%2Fwp%2Fv2%2Ftags&post=36523"}],"curies":[{"name":"wp","href":"https:\/\/api.w.org\/{rel}","templated":true}]}}