{"id":36488,"date":"2024-04-17T06:03:03","date_gmt":"2024-04-17T04:03:03","guid":{"rendered":"https:\/\/www.rwg-bayreuth.de\/home\/?p=36488"},"modified":"2025-01-30T15:33:47","modified_gmt":"2025-01-30T14:33:47","slug":"aufenthalt-in-pardubice-vom-8-bis-15-april-2024","status":"publish","type":"post","link":"https:\/\/www.rwg-bayreuth.de\/home\/?p=36488","title":{"rendered":"Aufenthalt in Pardubice vom 8. bis 15. April 2024"},"content":{"rendered":"<p>Der Montag nach den Ferien begann f\u00fcr die am Austausch teilnehmenden Sch\u00fclerinnen und Sch\u00fcler in der Schule. Nachdem die ersten f\u00fcnf Stunden Unterricht am RWG \u00fcberstanden waren, ging es endlich los. Gegen 14.00 Uhr begann die Reise mit dem Flixbus. Am Nachmittag kamen wir in Prag an. Danach fuhren wir mit dem Zug nach Pardubice, wo wir schon von unseren Gastfamilien erwartet wurden. <\/p>\n<p><a href=\"https:\/\/www.rwg-bayreuth.de\/home\/wp-content\/uploads\/2024\/04\/23-24-Austausch-Tschechien-Begruessung-in-der-Schule.jpg\"><img loading=\"lazy\" decoding=\"async\" src=\"https:\/\/www.rwg-bayreuth.de\/home\/wp-content\/uploads\/2024\/04\/23-24-Austausch-Tschechien-Begruessung-in-der-Schule-450x338.jpg\" alt=\"\" width=\"450\" height=\"338\" class=\"alignright size-medium wp-image-36492\" srcset=\"https:\/\/www.rwg-bayreuth.de\/home\/wp-content\/uploads\/2024\/04\/23-24-Austausch-Tschechien-Begruessung-in-der-Schule-450x338.jpg 450w, https:\/\/www.rwg-bayreuth.de\/home\/wp-content\/uploads\/2024\/04\/23-24-Austausch-Tschechien-Begruessung-in-der-Schule-150x113.jpg 150w, https:\/\/www.rwg-bayreuth.de\/home\/wp-content\/uploads\/2024\/04\/23-24-Austausch-Tschechien-Begruessung-in-der-Schule-768x576.jpg 768w, https:\/\/www.rwg-bayreuth.de\/home\/wp-content\/uploads\/2024\/04\/23-24-Austausch-Tschechien-Begruessung-in-der-Schule-250x188.jpg 250w, https:\/\/www.rwg-bayreuth.de\/home\/wp-content\/uploads\/2024\/04\/23-24-Austausch-Tschechien-Begruessung-in-der-Schule.jpg 1024w\" sizes=\"(max-width: 450px) 100vw, 450px\" \/><\/a>Nach der ersten Nacht bei den Gastfamilien ging es am darauffolgenden Morgen richtig los mit der von der deutschen und tschechischen Schule durchgeplanten Woche: Zuerst trafen wir uns alle im Gymnasium Pardubice, welches wir entweder mit dem Bus, dem Zug oder zu Fu\u00df erreichten. Nachdem alle angekommen waren, wurden wir zuerst freundlich durch den Schulleiter des Gymnasiums begr\u00fc\u00dft. Anschlie\u00dfend erhielten wir durch einige unserer Austauschsch\u00fcler eine tolle F\u00fchrung durch das Schulhaus \u2013 auf Deutsch! Nach dieser Einf\u00fchrung ging es dann richtig los: Wir alle besuchten den Unterricht unserer Austauschpartner in dem wir verschiedene Eindr\u00fccke in tschechischen Unterricht gewinnen konnten, sei es der Matheunterricht, der sich gar nicht so sehr von unserem unterscheidet, oder der Musikunterricht, der schnell zum Tanzunterricht wurde. <div class=\"su-image-carousel  clear su-image-carousel-has-spacing su-image-carousel-crop su-image-carousel-crop-4-3 su-image-carousel-has-lightbox su-image-carousel-has-outline su-image-carousel-slides-style-minimal su-image-carousel-controls-style-light su-image-carousel-align-right\" style=\"max-width:450px\" data-flickity-options='{\"groupCells\":true,\"cellSelector\":\".su-image-carousel-item\",\"adaptiveHeight\":false,\"cellAlign\":\"left\",\"prevNextButtons\":true,\"pageDots\":false,\"autoPlay\":4000,\"imagesLoaded\":true,\"contain\":true,\"selectedAttraction\":0.025000000000000001,\"friction\":0.28000000000000003}' id=\"su_image_carousel_69f1caf9c79c5\"><div class=\"su-image-carousel-item\"><div class=\"su-image-carousel-item-content\"><a href=\"https:\/\/www.rwg-bayreuth.de\/home\/wp-content\/uploads\/2024\/04\/23-24-Austausch-Tschechien-Fuehrung-in-Pardubice.jpg\" data-caption=\"\"><img loading=\"lazy\" decoding=\"async\" width=\"1024\" height=\"768\" src=\"https:\/\/www.rwg-bayreuth.de\/home\/wp-content\/uploads\/2024\/04\/23-24-Austausch-Tschechien-Fuehrung-in-Pardubice.jpg\" class=\"\" alt=\"\" srcset=\"https:\/\/www.rwg-bayreuth.de\/home\/wp-content\/uploads\/2024\/04\/23-24-Austausch-Tschechien-Fuehrung-in-Pardubice.jpg 1024w, https:\/\/www.rwg-bayreuth.de\/home\/wp-content\/uploads\/2024\/04\/23-24-Austausch-Tschechien-Fuehrung-in-Pardubice-150x113.jpg 150w, https:\/\/www.rwg-bayreuth.de\/home\/wp-content\/uploads\/2024\/04\/23-24-Austausch-Tschechien-Fuehrung-in-Pardubice-450x338.jpg 450w, https:\/\/www.rwg-bayreuth.de\/home\/wp-content\/uploads\/2024\/04\/23-24-Austausch-Tschechien-Fuehrung-in-Pardubice-768x576.jpg 768w, https:\/\/www.rwg-bayreuth.de\/home\/wp-content\/uploads\/2024\/04\/23-24-Austausch-Tschechien-Fuehrung-in-Pardubice-250x188.jpg 250w\" sizes=\"(max-width: 1024px) 100vw, 1024px\" \/><\/a><\/div><\/div><div class=\"su-image-carousel-item\"><div class=\"su-image-carousel-item-content\"><a href=\"https:\/\/www.rwg-bayreuth.de\/home\/wp-content\/uploads\/2024\/04\/23-24-Austausch-Tschechien-Die-Altstadt-in-Pardubice.jpg\" data-caption=\"\"><img loading=\"lazy\" decoding=\"async\" width=\"1024\" height=\"761\" src=\"https:\/\/www.rwg-bayreuth.de\/home\/wp-content\/uploads\/2024\/04\/23-24-Austausch-Tschechien-Die-Altstadt-in-Pardubice.jpg\" class=\"\" alt=\"\" srcset=\"https:\/\/www.rwg-bayreuth.de\/home\/wp-content\/uploads\/2024\/04\/23-24-Austausch-Tschechien-Die-Altstadt-in-Pardubice.jpg 1024w, https:\/\/www.rwg-bayreuth.de\/home\/wp-content\/uploads\/2024\/04\/23-24-Austausch-Tschechien-Die-Altstadt-in-Pardubice-150x111.jpg 150w, https:\/\/www.rwg-bayreuth.de\/home\/wp-content\/uploads\/2024\/04\/23-24-Austausch-Tschechien-Die-Altstadt-in-Pardubice-450x334.jpg 450w, https:\/\/www.rwg-bayreuth.de\/home\/wp-content\/uploads\/2024\/04\/23-24-Austausch-Tschechien-Die-Altstadt-in-Pardubice-768x571.jpg 768w, https:\/\/www.rwg-bayreuth.de\/home\/wp-content\/uploads\/2024\/04\/23-24-Austausch-Tschechien-Die-Altstadt-in-Pardubice-250x186.jpg 250w\" sizes=\"(max-width: 1024px) 100vw, 1024px\" \/><\/a><\/div><\/div><\/div><script id=\"su_image_carousel_69f1caf9c79c5_script\">if(window.SUImageCarousel){setTimeout(function() {window.SUImageCarousel.initGallery(document.getElementById(\"su_image_carousel_69f1caf9c79c5\"))}, 0);}var su_image_carousel_69f1caf9c79c5_script=document.getElementById(\"su_image_carousel_69f1caf9c79c5_script\");if(su_image_carousel_69f1caf9c79c5_script){su_image_carousel_69f1caf9c79c5_script.parentNode.removeChild(su_image_carousel_69f1caf9c79c5_script);}<\/script>\n<p>Nach einer kurzen St\u00e4rkung in der schuleigenen Mensa, startete die Sprachanimation, ein Programmpunkt, den wir schon aus dem Bayreuther Programm kannten. Hierbei lernten wir in drei Stunden mithilfe von verschiedenen Kennenlernspielen nicht nur die Sprachen, sondern auch uns als Gruppe gegenseitig besser kennen. Am Nachmittag verlie\u00dfen wir dann die Schule, um an einer Stadtf\u00fchrung durch die Altstadt Pardubices zu erhalten. Bei sch\u00f6nstem Wetter lauschten wir der Entstehungsgeschichte der Stadt. Am Gr\u00fcnen Tor endete dann das offizielle Programm vom Dienstag. Viele blieben auch danach noch mit ihren Austauschsch\u00fclern in der Stadt und genossen den Abend mit seinen angenehmen Temperaturen. <\/p>\n<div class=\"su-image-carousel  clear su-image-carousel-has-spacing su-image-carousel-crop su-image-carousel-crop-4-3 su-image-carousel-has-lightbox su-image-carousel-has-outline su-image-carousel-slides-style-minimal su-image-carousel-controls-style-light su-image-carousel-align-right\" style=\"max-width:450px\" data-flickity-options='{\"groupCells\":true,\"cellSelector\":\".su-image-carousel-item\",\"adaptiveHeight\":false,\"cellAlign\":\"left\",\"prevNextButtons\":true,\"pageDots\":false,\"autoPlay\":4000,\"imagesLoaded\":true,\"contain\":true,\"selectedAttraction\":0.025000000000000001,\"friction\":0.28000000000000003}' id=\"su_image_carousel_69f1caf9c7c49\"><div class=\"su-image-carousel-item\"><div class=\"su-image-carousel-item-content\"><a href=\"https:\/\/www.rwg-bayreuth.de\/home\/wp-content\/uploads\/2024\/04\/23-24-Austausch-Tschechien-Fuehrung-durch-Prag.jpg\" data-caption=\"\"><img loading=\"lazy\" decoding=\"async\" width=\"1024\" height=\"768\" src=\"https:\/\/www.rwg-bayreuth.de\/home\/wp-content\/uploads\/2024\/04\/23-24-Austausch-Tschechien-Fuehrung-durch-Prag.jpg\" class=\"\" alt=\"\" srcset=\"https:\/\/www.rwg-bayreuth.de\/home\/wp-content\/uploads\/2024\/04\/23-24-Austausch-Tschechien-Fuehrung-durch-Prag.jpg 1024w, https:\/\/www.rwg-bayreuth.de\/home\/wp-content\/uploads\/2024\/04\/23-24-Austausch-Tschechien-Fuehrung-durch-Prag-150x113.jpg 150w, https:\/\/www.rwg-bayreuth.de\/home\/wp-content\/uploads\/2024\/04\/23-24-Austausch-Tschechien-Fuehrung-durch-Prag-450x338.jpg 450w, https:\/\/www.rwg-bayreuth.de\/home\/wp-content\/uploads\/2024\/04\/23-24-Austausch-Tschechien-Fuehrung-durch-Prag-768x576.jpg 768w, https:\/\/www.rwg-bayreuth.de\/home\/wp-content\/uploads\/2024\/04\/23-24-Austausch-Tschechien-Fuehrung-durch-Prag-250x188.jpg 250w\" sizes=\"(max-width: 1024px) 100vw, 1024px\" \/><\/a><\/div><\/div><div class=\"su-image-carousel-item\"><div class=\"su-image-carousel-item-content\"><a href=\"https:\/\/www.rwg-bayreuth.de\/home\/wp-content\/uploads\/2024\/04\/23-24-Austausch-Tschechien-Fuehrung-auf-der-Prager-Burg.jpg\" data-caption=\"\"><img loading=\"lazy\" decoding=\"async\" width=\"1024\" height=\"768\" src=\"https:\/\/www.rwg-bayreuth.de\/home\/wp-content\/uploads\/2024\/04\/23-24-Austausch-Tschechien-Fuehrung-auf-der-Prager-Burg.jpg\" class=\"\" alt=\"\" srcset=\"https:\/\/www.rwg-bayreuth.de\/home\/wp-content\/uploads\/2024\/04\/23-24-Austausch-Tschechien-Fuehrung-auf-der-Prager-Burg.jpg 1024w, https:\/\/www.rwg-bayreuth.de\/home\/wp-content\/uploads\/2024\/04\/23-24-Austausch-Tschechien-Fuehrung-auf-der-Prager-Burg-150x113.jpg 150w, https:\/\/www.rwg-bayreuth.de\/home\/wp-content\/uploads\/2024\/04\/23-24-Austausch-Tschechien-Fuehrung-auf-der-Prager-Burg-450x338.jpg 450w, https:\/\/www.rwg-bayreuth.de\/home\/wp-content\/uploads\/2024\/04\/23-24-Austausch-Tschechien-Fuehrung-auf-der-Prager-Burg-768x576.jpg 768w, https:\/\/www.rwg-bayreuth.de\/home\/wp-content\/uploads\/2024\/04\/23-24-Austausch-Tschechien-Fuehrung-auf-der-Prager-Burg-250x188.jpg 250w\" sizes=\"(max-width: 1024px) 100vw, 1024px\" \/><\/a><\/div><\/div><\/div><script id=\"su_image_carousel_69f1caf9c7c49_script\">if(window.SUImageCarousel){setTimeout(function() {window.SUImageCarousel.initGallery(document.getElementById(\"su_image_carousel_69f1caf9c7c49\"))}, 0);}var su_image_carousel_69f1caf9c7c49_script=document.getElementById(\"su_image_carousel_69f1caf9c7c49_script\");if(su_image_carousel_69f1caf9c7c49_script){su_image_carousel_69f1caf9c7c49_script.parentNode.removeChild(su_image_carousel_69f1caf9c7c49_script);}<\/script>\n<p>Zitternd warteten wir am Mittwochmorgen am Bahnhof auf unseren Zug nach Prag, doch der eisige Wind konnte uns nicht unsere Vorfreude auf die Hauptstadt Tschechiens nehmen. Dort angekommen schien auch schon wieder die Sonne und wir machten uns auf den Weg zur Prager Burg. Erst einmal durften wir uns selbst umsehen, bevor dann unsere Tour durch die Burg und die damalige Stadt, nach der Prag benannt wurde, begann. Erstaunte Ausdr\u00fccke bildeten sich auf den Gesichtern, als wir erfuhren, dass der Prager Dom in seinem gotischen Stil erst vor etwa 100 Jahren fertiggestellt wurde. So liefen wir das ganze Gel\u00e4nde der Prager Burg ab, bis wir schlie\u00dflich am Fu\u00df des Berges ankamen. Ab dort hie\u00df es f\u00fcr uns auf eigenem Fu\u00df die Stadt zu erkunden, bis wir uns alle wieder am Bahnhof trafen, um den Abend mit unseren Gastfamilien zuhause in Pardubice ausklingen zu lassen. <\/p>\n<p>Auch am Donnerstag versammelten wir uns bereits gegen 9 Uhr wieder am Bahnhof, um unseren 2.Tag in Prag anzutreten. Nach der ca. 45-min\u00fctigen Zugfahrt und einem kurzen St\u00fcck in der U-Bahn -oder zu Fu\u00df-, trafen wir uns schlie\u00dflich alle wieder am Rathausplatz. Gleich darauf l\u00e4uteten sogar die Glocken der ber\u00fchmten Rathausuhr und die Figuren im Uhrwerk waren zu sehen. Bevor wir uns dann auf zur Boot Tour machten, hatten wir auch noch die Gelegenheit Souvenirs zu kaufen. Als wir dann am Ufer ankamen, fuhr nach kurzem Warten bereits unser Boot in den Hafen ein. Die Bootsfahrt an sich war wundersch\u00f6n, wir konnten alle Platz auf dem Dach nehmen, weil das Wetter gut war und die Sonne vom Himmel gestrahlt hat. Zu Snacks und leiser Klassikmusik, wurde erkl\u00e4rt welche Geb\u00e4ude und Sehensw\u00fcrdigkeiten jeweils am Ufer zu sehen waren. Als wir wieder festen Boden unter den F\u00fc\u00dfen hatten, traten wir unseren Spaziergang auf den Pet\u0159\u00edn-H\u00fcgel an. Der Weg f\u00fchrte durch eine fast schon malerische Natur, mit Blumenwiesen, Laubw\u00e4ldchen und teilweise bemerkenswert alten verschlungenen B\u00e4umen, deren Wurzeln sich weit \u00fcber die Oberfl\u00e4che erstreckten. Auf dem Gipfel angekommen kauften die Lehrer f\u00fcr alle die den Turm besteigen wollten Tickets und durch eine enge Wendeltreppe kamen wir Schritt f\u00fcr Schritt nach oben. Auf der Spitze des Turms angekommen, bot sich uns ein atemberaubender Blick \u00fcber ganz Prag, mit dem wir jeden Teil der Stadt \u00fcberblicken konnten. Wir haben uns neben dem Turm noch das Spiegelkabinett angeschaut, welches neben der M\u00f6glichkeit lustige Fotos zu machen, auch jeden zum Lachen oder zumindest zum Schmunzeln gebracht hat. Unten in der Stadt wieder angekommen, hatten wir dann erstmal wieder Zeit f\u00fcr uns. Wir verbrachten diese auch erstmal damit uns etwas zu essen zu holen. Sehr beliebt waren da zum Beispiel die tschechischen Dumpings welche entweder s\u00fc\u00df oder herzhaft bef\u00fcllt waren. Nachdem wir noch etwas durch die Prager Innenstadt gelaufen waren, haben wir uns alle am Bahnhof getroffen und es ging zur\u00fcck nach Pardubice. Da kein weiteres Programm vorgegeben war, setzten wir uns mit ein paar anderen Sch\u00fclerinnen in ein Caf\u00e9 und lie\u00dfen den Abend mit einer Partie UNO ausklingen. <\/p>\n<p>Dank den anstehenden Abschlusspr\u00fcfungen an unserer Gastschule konnten wir am Freitag eine Stunde l\u00e4nger schlafen. Dadurch war unsere Energie gleich doppelt so hoch. Mit dem Bus gelangen wir zu unserer ersten Station dem Beinhaus in Kutna Hora. Etwa 70km \u00f6stlich von Prag befindet sich im Untergeschoss der Allerheiligenkirche auf dem Sedletzer Friedhof das Beinhaus, welches durch seine Knochenpyramiden im Inneren im Ged\u00e4chtnis bleibt. Unsere zweite Station ist nichts f\u00fcr schwache Nerven, enge R\u00e4ume, nasse kalte dunkle G\u00e4nge die bis zu 120cm niedrig sind. Wir waren im Silberbergwerk angekommen. Dort erwartete uns eine erlebnisreiche F\u00fchrung durch die Minen, welche viele neue Informationen zu historischen Hintergr\u00fcnden mit sich brachte. Vor Ort gab es die M\u00f6glichkeit eine tschechische Spezialit\u00e4t \u201eTrdlimk\u201c zu verkosten. Die letzte Haltestelle des Busses f\u00fchrte uns wieder zur\u00fcck nach Pardubice, von wo wir unsere Nachmittagsgestaltung selbst in die Hand nehmen durften.<br \/>\nDas \u201eoffizielle\u201c Programm des Austausches war jetzt zu Ende. Das hei\u00dft aber nicht, dass es langweilig wurde. Die tschechischen Austauschpartner legten sich ganz sch\u00f6n ins Zeug, um uns ein spannendes Wochenende zu bieten. Das Wetter spielte uns ebenfalls in die Karten. Es war durchgehend sonnig mit Temperaturen knapp oberhalb der 20 Grad. Nat\u00fcrlich fand die Wochenendplanung weitestgehend unabh\u00e4ngig voneinander statt, dem entsprechend sahen die Aktivit\u00e4ten von Gastfamilie zu Gastfamilie unterschiedlich aus. Neben Spazierg\u00e4ngen, Burgbesichtigungen und diversen Restaurantbesuchen war auch die Abk\u00fchlung im \u00f6rtlichen Schwimmbad sehr beliebt. Au\u00dferdem war es an der Zeit traditionelle tschechische Spezialit\u00e4ten zu probieren. <\/p>\n<p><a href=\"https:\/\/www.rwg-bayreuth.de\/home\/wp-content\/uploads\/2024\/04\/23-24-Austausch-Tschechien-Abschied-aus-Pardubice.jpg\"><img loading=\"lazy\" decoding=\"async\" src=\"https:\/\/www.rwg-bayreuth.de\/home\/wp-content\/uploads\/2024\/04\/23-24-Austausch-Tschechien-Abschied-aus-Pardubice-450x338.jpg\" alt=\"\" width=\"450\" height=\"338\" class=\"alignright size-medium wp-image-36498\" srcset=\"https:\/\/www.rwg-bayreuth.de\/home\/wp-content\/uploads\/2024\/04\/23-24-Austausch-Tschechien-Abschied-aus-Pardubice-450x338.jpg 450w, https:\/\/www.rwg-bayreuth.de\/home\/wp-content\/uploads\/2024\/04\/23-24-Austausch-Tschechien-Abschied-aus-Pardubice-150x113.jpg 150w, https:\/\/www.rwg-bayreuth.de\/home\/wp-content\/uploads\/2024\/04\/23-24-Austausch-Tschechien-Abschied-aus-Pardubice-768x576.jpg 768w, https:\/\/www.rwg-bayreuth.de\/home\/wp-content\/uploads\/2024\/04\/23-24-Austausch-Tschechien-Abschied-aus-Pardubice-250x188.jpg 250w, https:\/\/www.rwg-bayreuth.de\/home\/wp-content\/uploads\/2024\/04\/23-24-Austausch-Tschechien-Abschied-aus-Pardubice.jpg 1024w\" sizes=\"(max-width: 450px) 100vw, 450px\" \/><\/a>Und genau so wie wir kamen mit Bahn und Bus, reisten wir wieder am darauffolgenden Montag zur\u00fcck. Um einige Erfahrungen reicher, mit neuen Freunden, vielen sch\u00f6nen Erinnerungen und ein paar Souvenirs im Gep\u00e4ck. <\/p>\n<p>Der Bericht wurde verfasst von: Anna Petschenig, Elsa Luther, Franziska Lang, Johanna Kramer, Jore Esber, Josefin Lazzaris, Karen Scheuerecker, Lena Markus, Leni Zinner, Lenne G\u00f6tz, Marie K\u00fcfner, Nikita Maisel und Xenia Ehmcke<\/p>\n<p>Auch uns Begleiterinnen hat es sehr viel Spa\u00df gemacht, die Zeit mit unseren Sch\u00fclerinnen und Sch\u00fclern und mit den tschechischen Sch\u00fclerinnen und Sch\u00fclern zu verbringen. <\/p>\n<p><a href=\"https:\/\/www.rwg-bayreuth.de\/home\/wp-content\/uploads\/2024\/04\/24-25-Austausch-Logo-DTZF.jpg\"><img loading=\"lazy\" decoding=\"async\" src=\"https:\/\/www.rwg-bayreuth.de\/home\/wp-content\/uploads\/2024\/04\/24-25-Austausch-Logo-DTZF.jpg\" alt=\"\" width=\"1024\" height=\"642\" class=\"alignright size-full wp-image-38082\" style=\"max-width: 25%;\" srcset=\"https:\/\/www.rwg-bayreuth.de\/home\/wp-content\/uploads\/2024\/04\/24-25-Austausch-Logo-DTZF.jpg 1024w, https:\/\/www.rwg-bayreuth.de\/home\/wp-content\/uploads\/2024\/04\/24-25-Austausch-Logo-DTZF-150x94.jpg 150w, https:\/\/www.rwg-bayreuth.de\/home\/wp-content\/uploads\/2024\/04\/24-25-Austausch-Logo-DTZF-450x282.jpg 450w, https:\/\/www.rwg-bayreuth.de\/home\/wp-content\/uploads\/2024\/04\/24-25-Austausch-Logo-DTZF-768x482.jpg 768w, https:\/\/www.rwg-bayreuth.de\/home\/wp-content\/uploads\/2024\/04\/24-25-Austausch-Logo-DTZF-250x157.jpg 250w\" sizes=\"(max-width: 1024px) 100vw, 1024px\" \/><\/a>Der Austausch wurde gef\u00f6rdert durch den Deutsch Tschechischen Zukunftsfonds.<\/p>\n<p><em>Frau Koch und Frau Gerdes<\/em><\/p>\n","protected":false},"excerpt":{"rendered":"<p>Der Montag nach den Ferien begann f\u00fcr die am Austausch teilnehmenden Sch\u00fclerinnen und Sch\u00fcler in der Schule. Nachdem die ersten f\u00fcnf Stunden Unterricht am RWG \u00fcberstanden waren, ging es endlich los. Gegen 14.00 Uhr begann die Reise mit dem Flixbus. Am Nachmittag kamen wir in Prag an. Danach fuhren wir mit dem Zug nach Pardubice,&hellip;<\/p>\n","protected":false},"author":11,"featured_media":36500,"comment_status":"closed","ping_status":"closed","sticky":false,"template":"","format":"standard","meta":{"footnotes":""},"categories":[1],"tags":[51,108],"_links":{"self":[{"href":"https:\/\/www.rwg-bayreuth.de\/home\/index.php?rest_route=\/wp\/v2\/posts\/36488"}],"collection":[{"href":"https:\/\/www.rwg-bayreuth.de\/home\/index.php?rest_route=\/wp\/v2\/posts"}],"about":[{"href":"https:\/\/www.rwg-bayreuth.de\/home\/index.php?rest_route=\/wp\/v2\/types\/post"}],"author":[{"embeddable":true,"href":"https:\/\/www.rwg-bayreuth.de\/home\/index.php?rest_route=\/wp\/v2\/users\/11"}],"replies":[{"embeddable":true,"href":"https:\/\/www.rwg-bayreuth.de\/home\/index.php?rest_route=%2Fwp%2Fv2%2Fcomments&post=36488"}],"version-history":[{"count":8,"href":"https:\/\/www.rwg-bayreuth.de\/home\/index.php?rest_route=\/wp\/v2\/posts\/36488\/revisions"}],"predecessor-version":[{"id":38086,"href":"https:\/\/www.rwg-bayreuth.de\/home\/index.php?rest_route=\/wp\/v2\/posts\/36488\/revisions\/38086"}],"wp:featuredmedia":[{"embeddable":true,"href":"https:\/\/www.rwg-bayreuth.de\/home\/index.php?rest_route=\/wp\/v2\/media\/36500"}],"wp:attachment":[{"href":"https:\/\/www.rwg-bayreuth.de\/home\/index.php?rest_route=%2Fwp%2Fv2%2Fmedia&parent=36488"}],"wp:term":[{"taxonomy":"category","embeddable":true,"href":"https:\/\/www.rwg-bayreuth.de\/home\/index.php?rest_route=%2Fwp%2Fv2%2Fcategories&post=36488"},{"taxonomy":"post_tag","embeddable":true,"href":"https:\/\/www.rwg-bayreuth.de\/home\/index.php?rest_route=%2Fwp%2Fv2%2Ftags&post=36488"}],"curies":[{"name":"wp","href":"https:\/\/api.w.org\/{rel}","templated":true}]}}