{"id":36137,"date":"2023-12-15T09:59:28","date_gmt":"2023-12-15T08:59:28","guid":{"rendered":"https:\/\/www.rwg-bayreuth.de\/home\/?p=36137"},"modified":"2024-12-08T12:38:13","modified_gmt":"2024-12-08T11:38:13","slug":"ein-besuch-im-landtag","status":"publish","type":"post","link":"https:\/\/www.rwg-bayreuth.de\/home\/?p=36137","title":{"rendered":"Ein Besuch im Landtag"},"content":{"rendered":"<p><a href=\"https:\/\/www.rwg-bayreuth.de\/home\/wp-content\/uploads\/2023\/12\/22-23-Landtagsbesuch-Dezember-2022.jpg\"><img decoding=\"async\" src=\"https:\/\/www.rwg-bayreuth.de\/home\/wp-content\/uploads\/2023\/12\/22-23-Landtagsbesuch-Dezember-2022.jpg\" alt=\"\" width=\"1024\" height=\"auto\" class=\"aligncenter size-medium wp-image-36139 crop21\" srcset=\"https:\/\/www.rwg-bayreuth.de\/home\/wp-content\/uploads\/2023\/12\/22-23-Landtagsbesuch-Dezember-2022.jpg 1024w, https:\/\/www.rwg-bayreuth.de\/home\/wp-content\/uploads\/2023\/12\/22-23-Landtagsbesuch-Dezember-2022-150x113.jpg 150w, https:\/\/www.rwg-bayreuth.de\/home\/wp-content\/uploads\/2023\/12\/22-23-Landtagsbesuch-Dezember-2022-450x338.jpg 450w, https:\/\/www.rwg-bayreuth.de\/home\/wp-content\/uploads\/2023\/12\/22-23-Landtagsbesuch-Dezember-2022-768x576.jpg 768w, https:\/\/www.rwg-bayreuth.de\/home\/wp-content\/uploads\/2023\/12\/22-23-Landtagsbesuch-Dezember-2022-250x188.jpg 250w\" sizes=\"(max-width: 1024px) 100vw, 1024px\" \/><\/a><\/p>\n<p>Am 13.12.2023 besuchten die Sch\u00fcler*innen des SWG-Zweigs der Jahrgangsstufe 10 den Landtag in M\u00fcnchen. Nach der langen Busfahrt wurden die Sch\u00fcle*innen zun\u00e4chst im Landtag offiziell von einem Mitarbeiter des Landtagsamts begr\u00fc\u00dft und bekamen eine kurze Einf\u00fchrung zum Ablauf des weiteren Tages. Im Anschluss daran konnten sie sich erstmal mit Schnitzeln und Pommes st\u00e4rken \u2013 jedoch nicht wie angek\u00fcndigt in der Kantine des Landtags, sondern im Hofbr\u00e4uhaus, was eine erste angenehme \u00dcberraschung war. Zur\u00fcck im Maximilianeum gab es zun\u00e4chst einen \u00dcberblick \u00fcber die Geschichte, die Aufgaben und die Arbeitsweise des Bayerischen Landtags. Dann erfolgte der eigentliche H\u00f6hepunkt des Tages: die Sch\u00fcler*innen konnten f\u00fcr 30 Minuten an einer Live-Sitzung der Abgeordneten im Plenarsaal teilnehmen, wodurch ihnen ein direkter Einblick in die Politik des Freistaats erm\u00f6glicht wurde. Bei der anschlie\u00dfenden Feedbackrunde \u00e4u\u00dferten die Jugendlichen, dass dies eine sehr interessante Erfahrung gewesen sei, zeigten sich aber auch \u00fcber das Verhalten mancher Abgeordneter w\u00e4hrend der Reden erstaunt. Zum Abschluss des Besuchs hatten die Sch\u00fcler*innen noch die M\u00f6glichkeit Landtagsabgeordneten unterschiedlicher Parteien aus ihrem Wahlkreis Fragen zu allen m\u00f6glichen Themen zu stellen, was rege in Anspruch genommen wurde. So entstand ein interessanter Austausch zwischen denjenigen, die aktuell die Politik gestalten, und denjenigen, die dies in Zukunft machen werden. Nach dem ein oder anderen Selfie mit den Politiker*innen ging es anschlie\u00dfend auf die Heimfahrt nach Bayreuth. <\/p>\n","protected":false},"excerpt":{"rendered":"<p>Am 13.12.2023 besuchten die Sch\u00fcler*innen des SWG-Zweigs der Jahrgangsstufe 10 den Landtag in M\u00fcnchen. Nach der langen Busfahrt wurden die Sch\u00fcle*innen zun\u00e4chst im Landtag offiziell von einem Mitarbeiter des Landtagsamts begr\u00fc\u00dft und bekamen eine kurze Einf\u00fchrung zum Ablauf des weiteren Tages. Im Anschluss daran konnten sie sich erstmal mit Schnitzeln und Pommes st\u00e4rken \u2013 jedoch&hellip;<\/p>\n","protected":false},"author":11,"featured_media":36140,"comment_status":"closed","ping_status":"closed","sticky":false,"template":"","format":"standard","meta":{"footnotes":""},"categories":[1],"tags":[51,148,52],"_links":{"self":[{"href":"https:\/\/www.rwg-bayreuth.de\/home\/index.php?rest_route=\/wp\/v2\/posts\/36137"}],"collection":[{"href":"https:\/\/www.rwg-bayreuth.de\/home\/index.php?rest_route=\/wp\/v2\/posts"}],"about":[{"href":"https:\/\/www.rwg-bayreuth.de\/home\/index.php?rest_route=\/wp\/v2\/types\/post"}],"author":[{"embeddable":true,"href":"https:\/\/www.rwg-bayreuth.de\/home\/index.php?rest_route=\/wp\/v2\/users\/11"}],"replies":[{"embeddable":true,"href":"https:\/\/www.rwg-bayreuth.de\/home\/index.php?rest_route=%2Fwp%2Fv2%2Fcomments&post=36137"}],"version-history":[{"count":4,"href":"https:\/\/www.rwg-bayreuth.de\/home\/index.php?rest_route=\/wp\/v2\/posts\/36137\/revisions"}],"predecessor-version":[{"id":37533,"href":"https:\/\/www.rwg-bayreuth.de\/home\/index.php?rest_route=\/wp\/v2\/posts\/36137\/revisions\/37533"}],"wp:featuredmedia":[{"embeddable":true,"href":"https:\/\/www.rwg-bayreuth.de\/home\/index.php?rest_route=\/wp\/v2\/media\/36140"}],"wp:attachment":[{"href":"https:\/\/www.rwg-bayreuth.de\/home\/index.php?rest_route=%2Fwp%2Fv2%2Fmedia&parent=36137"}],"wp:term":[{"taxonomy":"category","embeddable":true,"href":"https:\/\/www.rwg-bayreuth.de\/home\/index.php?rest_route=%2Fwp%2Fv2%2Fcategories&post=36137"},{"taxonomy":"post_tag","embeddable":true,"href":"https:\/\/www.rwg-bayreuth.de\/home\/index.php?rest_route=%2Fwp%2Fv2%2Ftags&post=36137"}],"curies":[{"name":"wp","href":"https:\/\/api.w.org\/{rel}","templated":true}]}}