{"id":35882,"date":"2024-01-26T09:35:30","date_gmt":"2024-01-26T08:35:30","guid":{"rendered":"https:\/\/www.rwg-bayreuth.de\/home\/?p=35882"},"modified":"2024-12-08T12:29:19","modified_gmt":"2024-12-08T11:29:19","slug":"hier-steht-jetzt-dein-sofa","status":"publish","type":"post","link":"https:\/\/www.rwg-bayreuth.de\/home\/?p=35882","title":{"rendered":"Hier steht JETZT dein Sofa!"},"content":{"rendered":"<p><a href=\"https:\/\/www.rwg-bayreuth.de\/home\/wp-content\/uploads\/2024\/01\/23-24-Sparda-Sofas-2.jpg\"><img decoding=\"async\" src=\"https:\/\/www.rwg-bayreuth.de\/home\/wp-content\/uploads\/2024\/01\/23-24-Sparda-Sofas-2.jpg\" alt=\"\" width=\"1024\" height=\"auto\" class=\"aligncenter size-medium wp-image-35883 crop21bottom\" srcset=\"https:\/\/www.rwg-bayreuth.de\/home\/wp-content\/uploads\/2024\/01\/23-24-Sparda-Sofas-2.jpg 1024w, https:\/\/www.rwg-bayreuth.de\/home\/wp-content\/uploads\/2024\/01\/23-24-Sparda-Sofas-2-150x113.jpg 150w, https:\/\/www.rwg-bayreuth.de\/home\/wp-content\/uploads\/2024\/01\/23-24-Sparda-Sofas-2-450x338.jpg 450w, https:\/\/www.rwg-bayreuth.de\/home\/wp-content\/uploads\/2024\/01\/23-24-Sparda-Sofas-2-768x576.jpg 768w, https:\/\/www.rwg-bayreuth.de\/home\/wp-content\/uploads\/2024\/01\/23-24-Sparda-Sofas-2-250x188.jpg 250w\" sizes=\"(max-width: 1024px) 100vw, 1024px\" \/><\/a><\/p>\n<p>Dank der vielen, vielen Stimmen, die unsere Schulfamilie in der letzten Runde des Sparda-Wettbewerbs f\u00fcr das RWG abgegeben hat, konnten im Dezember endlich drei neue Sofas in die Pausenhalle einziehen. Die ersten Testsitzer waren bereits sehr schnell davon \u00fcberzeugt, dass die stylishen Sitzgelegenheiten Lieblingspl\u00e4tze werden k\u00f6nnen.<\/p>\n<div class=\"su-image-carousel  clear su-image-carousel-columns-2 su-image-carousel-has-spacing su-image-carousel-crop su-image-carousel-crop-3-4 su-image-carousel-has-lightbox su-image-carousel-has-outline su-image-carousel-slides-style-minimal su-image-carousel-controls-style-light su-image-carousel-align-center\" style=\"\" data-flickity-options='{\"groupCells\":true,\"cellSelector\":\".su-image-carousel-item\",\"adaptiveHeight\":false,\"cellAlign\":\"left\",\"prevNextButtons\":true,\"pageDots\":false,\"autoPlay\":4000,\"imagesLoaded\":true,\"contain\":true,\"selectedAttraction\":0.025000000000000001,\"friction\":0.28000000000000003}' id=\"su_image_carousel_69f1d92638778\"><div class=\"su-image-carousel-item\"><div class=\"su-image-carousel-item-content\"><a href=\"https:\/\/www.rwg-bayreuth.de\/home\/wp-content\/uploads\/2024\/01\/23-24-Sparda-Sofas-1.jpg\" data-caption=\"\"><img loading=\"lazy\" decoding=\"async\" width=\"768\" height=\"1024\" src=\"https:\/\/www.rwg-bayreuth.de\/home\/wp-content\/uploads\/2024\/01\/23-24-Sparda-Sofas-1.jpg\" class=\"\" alt=\"\" srcset=\"https:\/\/www.rwg-bayreuth.de\/home\/wp-content\/uploads\/2024\/01\/23-24-Sparda-Sofas-1.jpg 768w, https:\/\/www.rwg-bayreuth.de\/home\/wp-content\/uploads\/2024\/01\/23-24-Sparda-Sofas-1-113x150.jpg 113w, https:\/\/www.rwg-bayreuth.de\/home\/wp-content\/uploads\/2024\/01\/23-24-Sparda-Sofas-1-338x450.jpg 338w, https:\/\/www.rwg-bayreuth.de\/home\/wp-content\/uploads\/2024\/01\/23-24-Sparda-Sofas-1-250x333.jpg 250w\" sizes=\"(max-width: 768px) 100vw, 768px\" \/><\/a><\/div><\/div><div class=\"su-image-carousel-item\"><div class=\"su-image-carousel-item-content\"><a href=\"https:\/\/www.rwg-bayreuth.de\/home\/wp-content\/uploads\/2024\/01\/23-24-Sparda-Sofas-5.jpg\" data-caption=\"\"><img loading=\"lazy\" decoding=\"async\" width=\"768\" height=\"1024\" src=\"https:\/\/www.rwg-bayreuth.de\/home\/wp-content\/uploads\/2024\/01\/23-24-Sparda-Sofas-5.jpg\" class=\"\" alt=\"\" srcset=\"https:\/\/www.rwg-bayreuth.de\/home\/wp-content\/uploads\/2024\/01\/23-24-Sparda-Sofas-5.jpg 768w, https:\/\/www.rwg-bayreuth.de\/home\/wp-content\/uploads\/2024\/01\/23-24-Sparda-Sofas-5-113x150.jpg 113w, https:\/\/www.rwg-bayreuth.de\/home\/wp-content\/uploads\/2024\/01\/23-24-Sparda-Sofas-5-338x450.jpg 338w, https:\/\/www.rwg-bayreuth.de\/home\/wp-content\/uploads\/2024\/01\/23-24-Sparda-Sofas-5-250x333.jpg 250w\" sizes=\"(max-width: 768px) 100vw, 768px\" \/><\/a><\/div><\/div><div class=\"su-image-carousel-item\"><div class=\"su-image-carousel-item-content\"><a href=\"https:\/\/www.rwg-bayreuth.de\/home\/wp-content\/uploads\/2024\/01\/23-24-Sparda-Sofas-3.jpg\" data-caption=\"\"><img loading=\"lazy\" decoding=\"async\" width=\"768\" height=\"1024\" src=\"https:\/\/www.rwg-bayreuth.de\/home\/wp-content\/uploads\/2024\/01\/23-24-Sparda-Sofas-3.jpg\" class=\"\" alt=\"\" srcset=\"https:\/\/www.rwg-bayreuth.de\/home\/wp-content\/uploads\/2024\/01\/23-24-Sparda-Sofas-3.jpg 768w, https:\/\/www.rwg-bayreuth.de\/home\/wp-content\/uploads\/2024\/01\/23-24-Sparda-Sofas-3-113x150.jpg 113w, https:\/\/www.rwg-bayreuth.de\/home\/wp-content\/uploads\/2024\/01\/23-24-Sparda-Sofas-3-338x450.jpg 338w, https:\/\/www.rwg-bayreuth.de\/home\/wp-content\/uploads\/2024\/01\/23-24-Sparda-Sofas-3-250x333.jpg 250w\" sizes=\"(max-width: 768px) 100vw, 768px\" \/><\/a><\/div><\/div><div class=\"su-image-carousel-item\"><div class=\"su-image-carousel-item-content\"><a href=\"https:\/\/www.rwg-bayreuth.de\/home\/wp-content\/uploads\/2024\/01\/23-24-Sparda-Sofas-4.jpg\" data-caption=\"\"><img loading=\"lazy\" decoding=\"async\" width=\"768\" height=\"1024\" src=\"https:\/\/www.rwg-bayreuth.de\/home\/wp-content\/uploads\/2024\/01\/23-24-Sparda-Sofas-4.jpg\" class=\"\" alt=\"\" srcset=\"https:\/\/www.rwg-bayreuth.de\/home\/wp-content\/uploads\/2024\/01\/23-24-Sparda-Sofas-4.jpg 768w, https:\/\/www.rwg-bayreuth.de\/home\/wp-content\/uploads\/2024\/01\/23-24-Sparda-Sofas-4-113x150.jpg 113w, https:\/\/www.rwg-bayreuth.de\/home\/wp-content\/uploads\/2024\/01\/23-24-Sparda-Sofas-4-338x450.jpg 338w, https:\/\/www.rwg-bayreuth.de\/home\/wp-content\/uploads\/2024\/01\/23-24-Sparda-Sofas-4-250x333.jpg 250w\" sizes=\"(max-width: 768px) 100vw, 768px\" \/><\/a><\/div><\/div><\/div><script id=\"su_image_carousel_69f1d92638778_script\">if(window.SUImageCarousel){setTimeout(function() {window.SUImageCarousel.initGallery(document.getElementById(\"su_image_carousel_69f1d92638778\"))}, 0);}var su_image_carousel_69f1d92638778_script=document.getElementById(\"su_image_carousel_69f1d92638778_script\");if(su_image_carousel_69f1d92638778_script){su_image_carousel_69f1d92638778_script.parentNode.removeChild(su_image_carousel_69f1d92638778_script);}<\/script>\n<p>Ob zum gem\u00fctlichen Pl\u00e4uschchen, zum konzentrierten Arbeiten oder zur entspannten Mittagspause, die gr\u00fcnen Sofas sind immer als Erstes belegt.<br \/>\nUnd es geht noch weiter!<\/p>\n<p>Die Beteiligung am Sparda-Wettbewerb 2023 war leider nicht ganz so hoch wie im Vorjahr. Dennoch konnten wir einen Gewinn von 2.000,- \u20ac erzielen. Ihr d\u00fcrft also gespannt sein, wie sich eure Pausenhalle weiterentwickelt.<\/p>\n","protected":false},"excerpt":{"rendered":"<p>Dank der vielen, vielen Stimmen, die unsere Schulfamilie in der letzten Runde des Sparda-Wettbewerbs f\u00fcr das RWG abgegeben hat, konnten im Dezember endlich drei neue Sofas in die Pausenhalle einziehen. Die ersten Testsitzer waren bereits sehr schnell davon \u00fcberzeugt, dass die stylishen Sitzgelegenheiten Lieblingspl\u00e4tze werden k\u00f6nnen. Ob zum gem\u00fctlichen Pl\u00e4uschchen, zum konzentrierten Arbeiten oder zur&hellip;<\/p>\n","protected":false},"author":11,"featured_media":35888,"comment_status":"closed","ping_status":"closed","sticky":false,"template":"","format":"standard","meta":{"footnotes":""},"categories":[1],"tags":[51],"_links":{"self":[{"href":"https:\/\/www.rwg-bayreuth.de\/home\/index.php?rest_route=\/wp\/v2\/posts\/35882"}],"collection":[{"href":"https:\/\/www.rwg-bayreuth.de\/home\/index.php?rest_route=\/wp\/v2\/posts"}],"about":[{"href":"https:\/\/www.rwg-bayreuth.de\/home\/index.php?rest_route=\/wp\/v2\/types\/post"}],"author":[{"embeddable":true,"href":"https:\/\/www.rwg-bayreuth.de\/home\/index.php?rest_route=\/wp\/v2\/users\/11"}],"replies":[{"embeddable":true,"href":"https:\/\/www.rwg-bayreuth.de\/home\/index.php?rest_route=%2Fwp%2Fv2%2Fcomments&post=35882"}],"version-history":[{"count":4,"href":"https:\/\/www.rwg-bayreuth.de\/home\/index.php?rest_route=\/wp\/v2\/posts\/35882\/revisions"}],"predecessor-version":[{"id":37527,"href":"https:\/\/www.rwg-bayreuth.de\/home\/index.php?rest_route=\/wp\/v2\/posts\/35882\/revisions\/37527"}],"wp:featuredmedia":[{"embeddable":true,"href":"https:\/\/www.rwg-bayreuth.de\/home\/index.php?rest_route=\/wp\/v2\/media\/35888"}],"wp:attachment":[{"href":"https:\/\/www.rwg-bayreuth.de\/home\/index.php?rest_route=%2Fwp%2Fv2%2Fmedia&parent=35882"}],"wp:term":[{"taxonomy":"category","embeddable":true,"href":"https:\/\/www.rwg-bayreuth.de\/home\/index.php?rest_route=%2Fwp%2Fv2%2Fcategories&post=35882"},{"taxonomy":"post_tag","embeddable":true,"href":"https:\/\/www.rwg-bayreuth.de\/home\/index.php?rest_route=%2Fwp%2Fv2%2Ftags&post=35882"}],"curies":[{"name":"wp","href":"https:\/\/api.w.org\/{rel}","templated":true}]}}