{"id":35634,"date":"2024-01-19T05:49:12","date_gmt":"2024-01-19T04:49:12","guid":{"rendered":"https:\/\/www.rwg-bayreuth.de\/home\/?p=35634"},"modified":"2025-05-22T17:04:26","modified_gmt":"2025-05-22T15:04:26","slug":"mathe-im-advent-siegerehrung","status":"publish","type":"post","link":"https:\/\/www.rwg-bayreuth.de\/home\/?p=35634","title":{"rendered":"Mathe im Advent &#8211; Siegerehrung"},"content":{"rendered":"<p><a href=\"https:\/\/www.rwg-bayreuth.de\/home\/wp-content\/uploads\/2024\/01\/23-24-MatheImAdvent.jpg\"><img decoding=\"async\" src=\"https:\/\/www.rwg-bayreuth.de\/home\/wp-content\/uploads\/2024\/01\/23-24-MatheImAdvent.jpg\" alt=\"\" width=\"1024\" height=\"auto\" class=\"aligncenter size-medium wp-image-35635 crop21\" srcset=\"https:\/\/www.rwg-bayreuth.de\/home\/wp-content\/uploads\/2024\/01\/23-24-MatheImAdvent.jpg 1024w, https:\/\/www.rwg-bayreuth.de\/home\/wp-content\/uploads\/2024\/01\/23-24-MatheImAdvent-150x100.jpg 150w, https:\/\/www.rwg-bayreuth.de\/home\/wp-content\/uploads\/2024\/01\/23-24-MatheImAdvent-450x300.jpg 450w, https:\/\/www.rwg-bayreuth.de\/home\/wp-content\/uploads\/2024\/01\/23-24-MatheImAdvent-768x512.jpg 768w, https:\/\/www.rwg-bayreuth.de\/home\/wp-content\/uploads\/2024\/01\/23-24-MatheImAdvent-250x167.jpg 250w, https:\/\/www.rwg-bayreuth.de\/home\/wp-content\/uploads\/2024\/01\/23-24-MatheImAdvent-900x600.jpg 900w\" sizes=\"(max-width: 1024px) 100vw, 1024px\" \/><\/a><\/p>\n<p>Im Dezember haben Sch\u00fclerinnen und Sch\u00fcler der 5. und 6. Klassen wieder flei\u00dfig ger\u00e4tselt und die Probleme der Weihnachtswichtel gel\u00f6st. Die Erfolgreichsten bekamen nun von Frau Graf ihre Urkunden \u00fcberreicht und konnten sich \u00fcber kleine Knobel- und Gesellschaftsspiele als Preise freuen. Auch die Klasse 6b, die gemeinsam die meisten Aufgaben richtig gel\u00f6st hat, erhielt eine Belohnung f\u00fcr den Einsatz. Gemeinsam d\u00fcrfen Sie im Sommer eine Kugel Eis essen gehen.<\/p>\n","protected":false},"excerpt":{"rendered":"<p>Im Dezember haben Sch\u00fclerinnen und Sch\u00fcler der 5. und 6. Klassen wieder flei\u00dfig ger\u00e4tselt und die Probleme der Weihnachtswichtel gel\u00f6st. Die Erfolgreichsten bekamen nun von Frau Graf ihre Urkunden \u00fcberreicht und konnten sich \u00fcber kleine Knobel- und Gesellschaftsspiele als Preise freuen. Auch die Klasse 6b, die gemeinsam die meisten Aufgaben richtig gel\u00f6st hat, erhielt eine&hellip;<\/p>\n","protected":false},"author":11,"featured_media":35635,"comment_status":"closed","ping_status":"closed","sticky":false,"template":"","format":"standard","meta":{"footnotes":""},"categories":[1],"tags":[51,158,70,96],"_links":{"self":[{"href":"https:\/\/www.rwg-bayreuth.de\/home\/index.php?rest_route=\/wp\/v2\/posts\/35634"}],"collection":[{"href":"https:\/\/www.rwg-bayreuth.de\/home\/index.php?rest_route=\/wp\/v2\/posts"}],"about":[{"href":"https:\/\/www.rwg-bayreuth.de\/home\/index.php?rest_route=\/wp\/v2\/types\/post"}],"author":[{"embeddable":true,"href":"https:\/\/www.rwg-bayreuth.de\/home\/index.php?rest_route=\/wp\/v2\/users\/11"}],"replies":[{"embeddable":true,"href":"https:\/\/www.rwg-bayreuth.de\/home\/index.php?rest_route=%2Fwp%2Fv2%2Fcomments&post=35634"}],"version-history":[{"count":2,"href":"https:\/\/www.rwg-bayreuth.de\/home\/index.php?rest_route=\/wp\/v2\/posts\/35634\/revisions"}],"predecessor-version":[{"id":37529,"href":"https:\/\/www.rwg-bayreuth.de\/home\/index.php?rest_route=\/wp\/v2\/posts\/35634\/revisions\/37529"}],"wp:featuredmedia":[{"embeddable":true,"href":"https:\/\/www.rwg-bayreuth.de\/home\/index.php?rest_route=\/wp\/v2\/media\/35635"}],"wp:attachment":[{"href":"https:\/\/www.rwg-bayreuth.de\/home\/index.php?rest_route=%2Fwp%2Fv2%2Fmedia&parent=35634"}],"wp:term":[{"taxonomy":"category","embeddable":true,"href":"https:\/\/www.rwg-bayreuth.de\/home\/index.php?rest_route=%2Fwp%2Fv2%2Fcategories&post=35634"},{"taxonomy":"post_tag","embeddable":true,"href":"https:\/\/www.rwg-bayreuth.de\/home\/index.php?rest_route=%2Fwp%2Fv2%2Ftags&post=35634"}],"curies":[{"name":"wp","href":"https:\/\/api.w.org\/{rel}","templated":true}]}}