{"id":35462,"date":"2024-01-06T05:58:25","date_gmt":"2024-01-06T04:58:25","guid":{"rendered":"https:\/\/www.rwg-bayreuth.de\/home\/?p=35462"},"modified":"2024-12-08T12:33:43","modified_gmt":"2024-12-08T11:33:43","slug":"baumeister-und-bastelkuenstler-innen-in-aktion","status":"publish","type":"post","link":"https:\/\/www.rwg-bayreuth.de\/home\/?p=35462","title":{"rendered":"\u201aBaumeister\u2018 und Bastelk\u00fcnstler\/-innen in Aktion\u2026"},"content":{"rendered":"<p><a href=\"https:\/\/www.rwg-bayreuth.de\/home\/wp-content\/uploads\/2024\/01\/23-24-BegabtenkursLatein-Bastelkation_Gruppe.jpg\"><img decoding=\"async\" src=\"https:\/\/www.rwg-bayreuth.de\/home\/wp-content\/uploads\/2024\/01\/23-24-BegabtenkursLatein-Bastelkation_Gruppe.jpg\" alt=\"\" width=\"1024\" height=\"auto\" class=\"aligncenter size-medium wp-image-35464 crop21\" srcset=\"https:\/\/www.rwg-bayreuth.de\/home\/wp-content\/uploads\/2024\/01\/23-24-BegabtenkursLatein-Bastelkation_Gruppe.jpg 1024w, https:\/\/www.rwg-bayreuth.de\/home\/wp-content\/uploads\/2024\/01\/23-24-BegabtenkursLatein-Bastelkation_Gruppe-150x113.jpg 150w, https:\/\/www.rwg-bayreuth.de\/home\/wp-content\/uploads\/2024\/01\/23-24-BegabtenkursLatein-Bastelkation_Gruppe-450x338.jpg 450w, https:\/\/www.rwg-bayreuth.de\/home\/wp-content\/uploads\/2024\/01\/23-24-BegabtenkursLatein-Bastelkation_Gruppe-768x576.jpg 768w, https:\/\/www.rwg-bayreuth.de\/home\/wp-content\/uploads\/2024\/01\/23-24-BegabtenkursLatein-Bastelkation_Gruppe-250x188.jpg 250w\" sizes=\"(max-width: 1024px) 100vw, 1024px\" \/><\/a><\/p>\n<p>Bereits Ende November trafen sich in diesem Schuljahr interessierte und auf dem Gebiet der alten Sprachen\/Geschichte begabte Sch\u00fcler\/-innen aus Bayreuth und Umgebung zu einem spannenden Kurstag im Rahmen der regionalen Begabtenf\u00f6rderung Oberfranken am RWG. Der Titel des diesj\u00e4hrigen Begabtenkurses lautet \u2013 in Erweiterung der Vorg\u00e4ngervariante, die auf sehr gro\u00dfe Resonanz im vergangenen Jahr gesto\u00dfen war \u2013 \u201eEin- und \u201aabtauchen\u2018 in das \u201aAbenteuer Antike\u2018\u201c und auch diesmal sollte insbesondere das Thema \u201aModellbau Antike\u2018 im Zentrum der gemeinsamen Treffen stehen: Nach einer kurzen Kennenlernphase der fast 30 Teilnehmer\/-innen untereinander mittels eines lustigen \u201aWho-is-who-Fragebogens\u2018 erfolgte ein knapper Interessensaustausch in der gesamten Gruppe, um etwaige Inhalte besser noch anzupassen bzw. abstecken zu k\u00f6nnen.<\/p>\n<p>Passend zum \u00fcbergeordneten Thema sollte diesmal der Fokus der Gestaltungsinhalte auf dem Element des Wassers liegen: Klar, dass hier schnell r\u00f6mische Baderituale in den Mittelpunkt der Betrachtung r\u00fcckten! Und nat\u00fcrlich wurde sich auch damit besch\u00e4ftigt, wie \u00fcberhaupt der Aufbau einer antiken Therme aussah und was dieser mit heutigen Thermen noch \u2013 bzw. nicht mehr (?!) \u2013 gemeinsam hat. Auch der technische Aspekt (im Sinne des Modellbaus) wurde dabei nicht au\u00dfer Acht gelassen: Schlie\u00dflich waren die Badeanlagen von damals weitaus fortschrittlicher, als manch einer vielleicht denken mag\u2026!<\/p>\n<p><!--Link: R\u00f6merstadt Carnuntum --><\/p>\n<ul class=\"linkliste\">\n<li><a href=\"https:\/\/www.facebook.com\/carnuntum.at\/videos\/moes-r%C3%B6mer-reisen-die-fu%C3%9Fbodenheizung-der-therme\/2497109470331205\/\" rel=\"noopener\" target=\"_blank\">Link: R\u00f6merstadt Carnuntum<\/a><\/li>\n<\/ul>\n<p>So ist es nicht weiter verwunderlich, dass das Thema der antiken Bauk\u00fcnste bis heute an Aktualit\u00e4t nicht verloren hat \u2013 wie sich in der neueren Netflix-Serie (Aninme) \u201aThermae Romae Novae\u2018 zeigt, die auf dem Literaturgenre eines japanischen Manga (=Comic) basiert; hierbei geht es darum, dass ein Badehausarchitekt Lucius aus dem antiken Rom pl\u00f6tzlich in das Japan der heutigen Zeit versetzt wird und sich mit den vielen Innovationen der modernen Badehaukultur konfrontiert sieht, die er k\u00fcnftig als Inspiration f\u00fcr sein eigenes Schaffen nutzen will\u2026 ob er mit diesem neuartigen Wellness-Verst\u00e4ndnis im alten Rom wohl auf Zuspruch st\u00f6\u00dft? <\/p>\n<p>HIER k\u00f6nnt ihr den  Trailer zu Thermae Romae Novae sehen:<br \/>\n<div class=\"su-youtube su-u-responsive-media-yes\"><iframe loading=\"lazy\" width=\"500\" height=\"500\" src=\"https:\/\/www.youtube.com\/embed\/yzWGzqBxekU?autohide=1&amp;autoplay=0&amp;mute=0&amp;controls=1&amp;fs=1&amp;loop=0&amp;modestbranding=1&amp;rel=0&amp;showinfo=1&amp;theme=light&amp;wmode=&amp;playsinline=1\" frameborder=\"0\" allowfullscreen allow=\"autoplay; encrypted-media; picture-in-picture\" title=\"RWG\"><\/iframe><\/div>\n<p>Im Anschluss an diese k\u00fcrzere Input-Phase wurden die Sch\u00fcler\/innen dann selbst zu \u201aBaumeister(inne)n\u2018, indem unterschiedliche Bastelvorlagen rund um das Thema Thermen bzw. Aqu\u00e4dukt ausprobiert werden sollten: Schnell hatten sich hierzu die Sechst- bis Zehntkl\u00e4ssler\/-innen aus unterschiedlichen Gymnasien in Bayreuth, Kulmbach und Bamberg in Gruppen zusammengefunden.<br \/>\nNeben dem n\u00f6tigen Bastelgeschick brauchte es eine gute Auffassungsgabe f\u00fcr Bauanleitungen sowie auch die entsprechende Geduld beim exakten Ausschneiden, Falten und Zusammenkleben mit Schere, Papier und Klebstoff \u2013 alles kein Problem jedoch f\u00fcr die h\u00f6chst motivierten Teilnehmer\/-innen, die mit sich sofort eifrig ans Werk machten! <\/p>\n<div class=\"su-image-carousel  clear su-image-carousel-columns-3 su-image-carousel-has-spacing su-image-carousel-crop su-image-carousel-crop-4-3 su-image-carousel-has-lightbox su-image-carousel-has-outline su-image-carousel-slides-style-minimal su-image-carousel-controls-style-light su-image-carousel-align-center\" style=\"\" data-flickity-options='{\"groupCells\":true,\"cellSelector\":\".su-image-carousel-item\",\"adaptiveHeight\":false,\"cellAlign\":\"left\",\"prevNextButtons\":true,\"pageDots\":false,\"autoPlay\":4000,\"imagesLoaded\":true,\"contain\":true,\"selectedAttraction\":0.025000000000000001,\"friction\":0.28000000000000003}' id=\"su_image_carousel_69f1dd9c58469\"><div class=\"su-image-carousel-item\"><div class=\"su-image-carousel-item-content\"><a href=\"https:\/\/www.rwg-bayreuth.de\/home\/wp-content\/uploads\/2024\/01\/23-24-BegabtenkursLatein-Basteln-1.jpg\" data-caption=\"\"><img loading=\"lazy\" decoding=\"async\" width=\"1024\" height=\"768\" src=\"https:\/\/www.rwg-bayreuth.de\/home\/wp-content\/uploads\/2024\/01\/23-24-BegabtenkursLatein-Basteln-1.jpg\" class=\"\" alt=\"\" srcset=\"https:\/\/www.rwg-bayreuth.de\/home\/wp-content\/uploads\/2024\/01\/23-24-BegabtenkursLatein-Basteln-1.jpg 1024w, https:\/\/www.rwg-bayreuth.de\/home\/wp-content\/uploads\/2024\/01\/23-24-BegabtenkursLatein-Basteln-1-150x113.jpg 150w, https:\/\/www.rwg-bayreuth.de\/home\/wp-content\/uploads\/2024\/01\/23-24-BegabtenkursLatein-Basteln-1-450x338.jpg 450w, https:\/\/www.rwg-bayreuth.de\/home\/wp-content\/uploads\/2024\/01\/23-24-BegabtenkursLatein-Basteln-1-768x576.jpg 768w, https:\/\/www.rwg-bayreuth.de\/home\/wp-content\/uploads\/2024\/01\/23-24-BegabtenkursLatein-Basteln-1-250x188.jpg 250w\" sizes=\"(max-width: 1024px) 100vw, 1024px\" \/><\/a><\/div><\/div><div class=\"su-image-carousel-item\"><div class=\"su-image-carousel-item-content\"><a href=\"https:\/\/www.rwg-bayreuth.de\/home\/wp-content\/uploads\/2024\/01\/23-24-BegabtenkursLatein-Basteln-2.jpg\" data-caption=\"\"><img loading=\"lazy\" decoding=\"async\" width=\"1024\" height=\"768\" src=\"https:\/\/www.rwg-bayreuth.de\/home\/wp-content\/uploads\/2024\/01\/23-24-BegabtenkursLatein-Basteln-2.jpg\" class=\"\" alt=\"\" srcset=\"https:\/\/www.rwg-bayreuth.de\/home\/wp-content\/uploads\/2024\/01\/23-24-BegabtenkursLatein-Basteln-2.jpg 1024w, https:\/\/www.rwg-bayreuth.de\/home\/wp-content\/uploads\/2024\/01\/23-24-BegabtenkursLatein-Basteln-2-150x113.jpg 150w, https:\/\/www.rwg-bayreuth.de\/home\/wp-content\/uploads\/2024\/01\/23-24-BegabtenkursLatein-Basteln-2-450x338.jpg 450w, https:\/\/www.rwg-bayreuth.de\/home\/wp-content\/uploads\/2024\/01\/23-24-BegabtenkursLatein-Basteln-2-768x576.jpg 768w, https:\/\/www.rwg-bayreuth.de\/home\/wp-content\/uploads\/2024\/01\/23-24-BegabtenkursLatein-Basteln-2-250x188.jpg 250w\" sizes=\"(max-width: 1024px) 100vw, 1024px\" \/><\/a><\/div><\/div><div class=\"su-image-carousel-item\"><div class=\"su-image-carousel-item-content\"><a href=\"https:\/\/www.rwg-bayreuth.de\/home\/wp-content\/uploads\/2024\/01\/23-24-BegabtenkursLatein-Basteln-3.jpg\" data-caption=\"\"><img loading=\"lazy\" decoding=\"async\" width=\"1024\" height=\"768\" src=\"https:\/\/www.rwg-bayreuth.de\/home\/wp-content\/uploads\/2024\/01\/23-24-BegabtenkursLatein-Basteln-3.jpg\" class=\"\" alt=\"\" srcset=\"https:\/\/www.rwg-bayreuth.de\/home\/wp-content\/uploads\/2024\/01\/23-24-BegabtenkursLatein-Basteln-3.jpg 1024w, https:\/\/www.rwg-bayreuth.de\/home\/wp-content\/uploads\/2024\/01\/23-24-BegabtenkursLatein-Basteln-3-150x113.jpg 150w, https:\/\/www.rwg-bayreuth.de\/home\/wp-content\/uploads\/2024\/01\/23-24-BegabtenkursLatein-Basteln-3-450x338.jpg 450w, https:\/\/www.rwg-bayreuth.de\/home\/wp-content\/uploads\/2024\/01\/23-24-BegabtenkursLatein-Basteln-3-768x576.jpg 768w, https:\/\/www.rwg-bayreuth.de\/home\/wp-content\/uploads\/2024\/01\/23-24-BegabtenkursLatein-Basteln-3-250x188.jpg 250w\" sizes=\"(max-width: 1024px) 100vw, 1024px\" \/><\/a><\/div><\/div><div class=\"su-image-carousel-item\"><div class=\"su-image-carousel-item-content\"><a href=\"https:\/\/www.rwg-bayreuth.de\/home\/wp-content\/uploads\/2024\/01\/23-24-BegabtenkursLatein-Basteln-4.jpg\" data-caption=\"\"><img loading=\"lazy\" decoding=\"async\" width=\"768\" height=\"1024\" src=\"https:\/\/www.rwg-bayreuth.de\/home\/wp-content\/uploads\/2024\/01\/23-24-BegabtenkursLatein-Basteln-4.jpg\" class=\"\" alt=\"\" srcset=\"https:\/\/www.rwg-bayreuth.de\/home\/wp-content\/uploads\/2024\/01\/23-24-BegabtenkursLatein-Basteln-4.jpg 768w, https:\/\/www.rwg-bayreuth.de\/home\/wp-content\/uploads\/2024\/01\/23-24-BegabtenkursLatein-Basteln-4-113x150.jpg 113w, https:\/\/www.rwg-bayreuth.de\/home\/wp-content\/uploads\/2024\/01\/23-24-BegabtenkursLatein-Basteln-4-338x450.jpg 338w, https:\/\/www.rwg-bayreuth.de\/home\/wp-content\/uploads\/2024\/01\/23-24-BegabtenkursLatein-Basteln-4-250x333.jpg 250w\" sizes=\"(max-width: 768px) 100vw, 768px\" \/><\/a><\/div><\/div><div class=\"su-image-carousel-item\"><div class=\"su-image-carousel-item-content\"><a href=\"https:\/\/www.rwg-bayreuth.de\/home\/wp-content\/uploads\/2024\/01\/23-24-BegabtenkursLatein-Basteln-5.jpg\" data-caption=\"\"><img loading=\"lazy\" decoding=\"async\" width=\"1024\" height=\"768\" src=\"https:\/\/www.rwg-bayreuth.de\/home\/wp-content\/uploads\/2024\/01\/23-24-BegabtenkursLatein-Basteln-5.jpg\" class=\"\" alt=\"\" srcset=\"https:\/\/www.rwg-bayreuth.de\/home\/wp-content\/uploads\/2024\/01\/23-24-BegabtenkursLatein-Basteln-5.jpg 1024w, https:\/\/www.rwg-bayreuth.de\/home\/wp-content\/uploads\/2024\/01\/23-24-BegabtenkursLatein-Basteln-5-150x113.jpg 150w, https:\/\/www.rwg-bayreuth.de\/home\/wp-content\/uploads\/2024\/01\/23-24-BegabtenkursLatein-Basteln-5-450x338.jpg 450w, https:\/\/www.rwg-bayreuth.de\/home\/wp-content\/uploads\/2024\/01\/23-24-BegabtenkursLatein-Basteln-5-768x576.jpg 768w, https:\/\/www.rwg-bayreuth.de\/home\/wp-content\/uploads\/2024\/01\/23-24-BegabtenkursLatein-Basteln-5-250x188.jpg 250w\" sizes=\"(max-width: 1024px) 100vw, 1024px\" \/><\/a><\/div><\/div><\/div><script id=\"su_image_carousel_69f1dd9c58469_script\">if(window.SUImageCarousel){setTimeout(function() {window.SUImageCarousel.initGallery(document.getElementById(\"su_image_carousel_69f1dd9c58469\"))}, 0);}var su_image_carousel_69f1dd9c58469_script=document.getElementById(\"su_image_carousel_69f1dd9c58469_script\");if(su_image_carousel_69f1dd9c58469_script){su_image_carousel_69f1dd9c58469_script.parentNode.removeChild(su_image_carousel_69f1dd9c58469_script);}<\/script>\n<p>St\u00fcck f\u00fcr St\u00fcck wuchsen so die ersten Modellbau-Ergebnisse, die Zeit verging wie im Flug, sodass am Ende des \u00e4u\u00dferst kurzweiligen Vormittages l\u00e4ngst nicht alle Exponate fertiggestellt werden konnten\u2026 aber daf\u00fcr ist schon das n\u00e4chste Treffen der Kursteilnehmer\/-innen l\u00e4ngst in Planung, das bestimmt wieder einiges an interessanten Themen bereith\u00e4lt \u2013 lasst euch einfach \u00fcberraschen \ud83d\ude42<\/p>\n<p><em>S. Track<\/em><\/p>\n","protected":false},"excerpt":{"rendered":"<p>Bereits Ende November trafen sich in diesem Schuljahr interessierte und auf dem Gebiet der alten Sprachen\/Geschichte begabte Sch\u00fcler\/-innen aus Bayreuth und Umgebung zu einem spannenden Kurstag im Rahmen der regionalen Begabtenf\u00f6rderung Oberfranken am RWG. Der Titel des diesj\u00e4hrigen Begabtenkurses lautet \u2013 in Erweiterung der Vorg\u00e4ngervariante, die auf sehr gro\u00dfe Resonanz im vergangenen Jahr gesto\u00dfen war&hellip;<\/p>\n","protected":false},"author":11,"featured_media":35470,"comment_status":"closed","ping_status":"closed","sticky":false,"template":"","format":"standard","meta":{"footnotes":""},"categories":[1],"tags":[51,67],"_links":{"self":[{"href":"https:\/\/www.rwg-bayreuth.de\/home\/index.php?rest_route=\/wp\/v2\/posts\/35462"}],"collection":[{"href":"https:\/\/www.rwg-bayreuth.de\/home\/index.php?rest_route=\/wp\/v2\/posts"}],"about":[{"href":"https:\/\/www.rwg-bayreuth.de\/home\/index.php?rest_route=\/wp\/v2\/types\/post"}],"author":[{"embeddable":true,"href":"https:\/\/www.rwg-bayreuth.de\/home\/index.php?rest_route=\/wp\/v2\/users\/11"}],"replies":[{"embeddable":true,"href":"https:\/\/www.rwg-bayreuth.de\/home\/index.php?rest_route=%2Fwp%2Fv2%2Fcomments&post=35462"}],"version-history":[{"count":4,"href":"https:\/\/www.rwg-bayreuth.de\/home\/index.php?rest_route=\/wp\/v2\/posts\/35462\/revisions"}],"predecessor-version":[{"id":37530,"href":"https:\/\/www.rwg-bayreuth.de\/home\/index.php?rest_route=\/wp\/v2\/posts\/35462\/revisions\/37530"}],"wp:featuredmedia":[{"embeddable":true,"href":"https:\/\/www.rwg-bayreuth.de\/home\/index.php?rest_route=\/wp\/v2\/media\/35470"}],"wp:attachment":[{"href":"https:\/\/www.rwg-bayreuth.de\/home\/index.php?rest_route=%2Fwp%2Fv2%2Fmedia&parent=35462"}],"wp:term":[{"taxonomy":"category","embeddable":true,"href":"https:\/\/www.rwg-bayreuth.de\/home\/index.php?rest_route=%2Fwp%2Fv2%2Fcategories&post=35462"},{"taxonomy":"post_tag","embeddable":true,"href":"https:\/\/www.rwg-bayreuth.de\/home\/index.php?rest_route=%2Fwp%2Fv2%2Ftags&post=35462"}],"curies":[{"name":"wp","href":"https:\/\/api.w.org\/{rel}","templated":true}]}}