{"id":35334,"date":"2023-12-02T06:05:53","date_gmt":"2023-12-02T05:05:53","guid":{"rendered":"https:\/\/www.rwg-bayreuth.de\/home\/?p=35334"},"modified":"2024-12-08T12:41:49","modified_gmt":"2024-12-08T11:41:49","slug":"neue-gesichter-in-der-vorstandschaft-des-vereins-der-freunde","status":"publish","type":"post","link":"https:\/\/www.rwg-bayreuth.de\/home\/?p=35334","title":{"rendered":"Neue Gesichter in der Vorstandschaft des Vereins der Freunde"},"content":{"rendered":"<div id=\"attachment_35337\" style=\"width: 1034px\" class=\"wp-caption aligncenter\"><a href=\"https:\/\/www.rwg-bayreuth.de\/home\/wp-content\/uploads\/2023\/12\/23-24-Verein-der-Freunde.jpg\"><img loading=\"lazy\" decoding=\"async\" aria-describedby=\"caption-attachment-35337\" src=\"https:\/\/www.rwg-bayreuth.de\/home\/wp-content\/uploads\/2023\/12\/23-24-Verein-der-Freunde.jpg\" alt=\"\" width=\"1024\" height=\"683\" class=\"size-full wp-image-35337 crop21\" srcset=\"https:\/\/www.rwg-bayreuth.de\/home\/wp-content\/uploads\/2023\/12\/23-24-Verein-der-Freunde.jpg 1024w, https:\/\/www.rwg-bayreuth.de\/home\/wp-content\/uploads\/2023\/12\/23-24-Verein-der-Freunde-150x100.jpg 150w, https:\/\/www.rwg-bayreuth.de\/home\/wp-content\/uploads\/2023\/12\/23-24-Verein-der-Freunde-450x300.jpg 450w, https:\/\/www.rwg-bayreuth.de\/home\/wp-content\/uploads\/2023\/12\/23-24-Verein-der-Freunde-768x512.jpg 768w, https:\/\/www.rwg-bayreuth.de\/home\/wp-content\/uploads\/2023\/12\/23-24-Verein-der-Freunde-250x167.jpg 250w, https:\/\/www.rwg-bayreuth.de\/home\/wp-content\/uploads\/2023\/12\/23-24-Verein-der-Freunde-900x600.jpg 900w\" sizes=\"(max-width: 1024px) 100vw, 1024px\" \/><\/a><p id=\"caption-attachment-35337\" class=\"wp-caption-text\">Freuen sich darauf die Schulfamilie des RWGs zu unterst\u00fctzen: (von links) Sophia Hanke, Viktoria Sp\u00e4th, J\u00fcrgen F\u00e4rber, Angelika Guder-Sp\u00e4th, Vera Hoffmann, J\u00fclide Balikci, Michael Schill, Schulleiter Christian Str\u00f6hla und Nikolas Z\u00f6cklein. (Es fehlt Merle Wei\u00df)<\/p><\/div>\n<p>Bei der diesj\u00e4hrigen Mitgliederversammlung, die am Freitag, 1. Dezember, im RWG stattfand, gab es neben interessanten Berichten auch einige sch\u00f6ne \u00dcberraschungen.<br \/>\nDer erste Vorsitzende J\u00fcrgen F\u00e4rber er\u00f6ffnete die Versammlung mit einem Bericht \u00fcber das vergangene Jahr und erz\u00e4hlte von den vielseitigen Projekten der Schulfamilie, die der Verein unterst\u00fctze. Anschlie\u00dfend berichteten auch Schriftf\u00fchrerin Viktoria Sp\u00e4th und Schatzmeister Nikolas Z\u00f6cklein aus ihren Bereichen und der zweite Schulleiter Christian Str\u00f6hla gab kurze Einblicke in das aktuelle Schulleben am RWG.<br \/>\nVorsitzender J\u00fcrgen F\u00e4rber freute sich vor allem \u00fcber vier junge, ehemalige Sch\u00fclerinnen, die die Versammlung besuchten, und die auch sich gerne im Verein der Freunde engagieren m\u00f6chten.<br \/>\nSo \u00fcbernehmen Vera Hoffmann und J\u00fclide Balikci k\u00fcnftig gemeinsam das Amt der Schatzmeisterinnen, da Nikolas Z\u00f6cklein aus beruflichen Gr\u00fcnden nicht mehr zur Verf\u00fcgung steht. Merle Wei\u00df wird zusammen mit Angelika Guder-Sp\u00e4th in Zukunft die Kasse pr\u00fcfen und Sophia Hanke k\u00fcmmert sich fortan um die Berichte und \u00d6ffentlichkeitsarbeit des Vereins.<br \/>\nDer zweite Vorsitzende bleibt weiterhin Michael Schill.<br \/>\n\u201eNeue Gesichter bringen immer frischen Wind und neue Ideen f\u00fcr das Vereinsleben\u201c, so J\u00fcrgen F\u00e4rber \u00fcber die neuen Mitglieder der Vorstandschaft. Von den neuen Ideen wurden nach der Versammlung bei einem Bier im Manns Br\u00e4u schon einiges zusammengetragen.<br \/>\nDer Verein der Freunde bedankt sich vor allem bei Nikolas Z\u00f6cklein f\u00fcr sein langj\u00e4hriges Engagement, all die Zeit, die er sich genommen hat und f\u00fcr seine Unterst\u00fctzung. Der Dank gilt aber auch den Neuen f\u00fcr ihre Bereitschaft, Engagement zu zeigen. Der Verein der Freunde freut sich sehr auf die zuk\u00fcnftige Zusammenarbeit. <\/p>\n<p>Falls vielleicht auch Sie fr\u00fcher Sch\u00fclerin oder Sch\u00fcler am RWG waren und den Kontakt zur Schule nicht verlieren wollen oder sich dem RWG auf andere Weise verbunden f\u00fchlen, melden Sie sich gerne \u2013 der Verein der Freunde freut sich \u00fcber jede Unterst\u00fctzung! <\/p>\n","protected":false},"excerpt":{"rendered":"<p>Bei der diesj\u00e4hrigen Mitgliederversammlung, die am Freitag, 1. Dezember, im RWG stattfand, gab es neben interessanten Berichten auch einige sch\u00f6ne \u00dcberraschungen. Der erste Vorsitzende J\u00fcrgen F\u00e4rber er\u00f6ffnete die Versammlung mit einem Bericht \u00fcber das vergangene Jahr und erz\u00e4hlte von den vielseitigen Projekten der Schulfamilie, die der Verein unterst\u00fctze. Anschlie\u00dfend berichteten auch Schriftf\u00fchrerin Viktoria Sp\u00e4th und&hellip;<\/p>\n","protected":false},"author":11,"featured_media":35337,"comment_status":"closed","ping_status":"closed","sticky":false,"template":"","format":"standard","meta":{"footnotes":""},"categories":[1],"tags":[51,115],"_links":{"self":[{"href":"https:\/\/www.rwg-bayreuth.de\/home\/index.php?rest_route=\/wp\/v2\/posts\/35334"}],"collection":[{"href":"https:\/\/www.rwg-bayreuth.de\/home\/index.php?rest_route=\/wp\/v2\/posts"}],"about":[{"href":"https:\/\/www.rwg-bayreuth.de\/home\/index.php?rest_route=\/wp\/v2\/types\/post"}],"author":[{"embeddable":true,"href":"https:\/\/www.rwg-bayreuth.de\/home\/index.php?rest_route=\/wp\/v2\/users\/11"}],"replies":[{"embeddable":true,"href":"https:\/\/www.rwg-bayreuth.de\/home\/index.php?rest_route=%2Fwp%2Fv2%2Fcomments&post=35334"}],"version-history":[{"count":5,"href":"https:\/\/www.rwg-bayreuth.de\/home\/index.php?rest_route=\/wp\/v2\/posts\/35334\/revisions"}],"predecessor-version":[{"id":37537,"href":"https:\/\/www.rwg-bayreuth.de\/home\/index.php?rest_route=\/wp\/v2\/posts\/35334\/revisions\/37537"}],"wp:featuredmedia":[{"embeddable":true,"href":"https:\/\/www.rwg-bayreuth.de\/home\/index.php?rest_route=\/wp\/v2\/media\/35337"}],"wp:attachment":[{"href":"https:\/\/www.rwg-bayreuth.de\/home\/index.php?rest_route=%2Fwp%2Fv2%2Fmedia&parent=35334"}],"wp:term":[{"taxonomy":"category","embeddable":true,"href":"https:\/\/www.rwg-bayreuth.de\/home\/index.php?rest_route=%2Fwp%2Fv2%2Fcategories&post=35334"},{"taxonomy":"post_tag","embeddable":true,"href":"https:\/\/www.rwg-bayreuth.de\/home\/index.php?rest_route=%2Fwp%2Fv2%2Ftags&post=35334"}],"curies":[{"name":"wp","href":"https:\/\/api.w.org\/{rel}","templated":true}]}}