{"id":35320,"date":"2023-12-13T07:36:43","date_gmt":"2023-12-13T06:36:43","guid":{"rendered":"https:\/\/www.rwg-bayreuth.de\/home\/?p=35320"},"modified":"2024-12-08T12:39:53","modified_gmt":"2024-12-08T11:39:53","slug":"herzliche-einladung-zum-weihnachtskonzert-des-rwg","status":"publish","type":"post","link":"https:\/\/www.rwg-bayreuth.de\/home\/?p=35320","title":{"rendered":"Herzliche Einladung zum Weihnachtskonzert des RWG"},"content":{"rendered":"<p><a href=\"https:\/\/www.rwg-bayreuth.de\/home\/wp-content\/uploads\/2023\/12\/23-24-Ankuendigung-Weihnachtskonzert.jpg\"><img decoding=\"async\" src=\"https:\/\/www.rwg-bayreuth.de\/home\/wp-content\/uploads\/2023\/12\/23-24-Ankuendigung-Weihnachtskonzert.jpg\" alt=\"\" width=\"1024\" height=\"auto\" class=\"aligncenter size-medium wp-image-35321 crop21top\" srcset=\"https:\/\/www.rwg-bayreuth.de\/home\/wp-content\/uploads\/2023\/12\/23-24-Ankuendigung-Weihnachtskonzert.jpg 1024w, https:\/\/www.rwg-bayreuth.de\/home\/wp-content\/uploads\/2023\/12\/23-24-Ankuendigung-Weihnachtskonzert-150x100.jpg 150w, https:\/\/www.rwg-bayreuth.de\/home\/wp-content\/uploads\/2023\/12\/23-24-Ankuendigung-Weihnachtskonzert-450x300.jpg 450w, https:\/\/www.rwg-bayreuth.de\/home\/wp-content\/uploads\/2023\/12\/23-24-Ankuendigung-Weihnachtskonzert-768x512.jpg 768w, https:\/\/www.rwg-bayreuth.de\/home\/wp-content\/uploads\/2023\/12\/23-24-Ankuendigung-Weihnachtskonzert-250x167.jpg 250w, https:\/\/www.rwg-bayreuth.de\/home\/wp-content\/uploads\/2023\/12\/23-24-Ankuendigung-Weihnachtskonzert-900x600.jpg 900w\" sizes=\"(max-width: 1024px) 100vw, 1024px\" \/><\/a><\/p>\n<p>Liebe Sch\u00fclerinnen und Sch\u00fcler, liebe Eltern, liebe Lehrkr\u00e4fte und Mitglieder der Schulfamilie,<\/p>\n<p>die musikalischen Ensembles des RWG laden euch\/Sie recht herzlich zum Weihnachtskonzert am Mittwoch, den 20.12.2023 um 19 Uhr in der Christuskirche in Bayreuth ein.<\/p>\n<p>Die Musikerinnen und Musiker haben seit Schuljahresbeginn flei\u00dfig geprobt und k\u00f6nnen es kaum erwarten, euch\/Ihnen mit adventlicher Musik einen besinnlichen Winterabend zu bescheren. Wir freuen uns auf eurer\/Ihr Kommen!<\/p>\n","protected":false},"excerpt":{"rendered":"<p>Liebe Sch\u00fclerinnen und Sch\u00fcler, liebe Eltern, liebe Lehrkr\u00e4fte und Mitglieder der Schulfamilie, die musikalischen Ensembles des RWG laden euch\/Sie recht herzlich zum Weihnachtskonzert am Mittwoch, den 20.12.2023 um 19 Uhr in der Christuskirche in Bayreuth ein. Die Musikerinnen und Musiker haben seit Schuljahresbeginn flei\u00dfig geprobt und k\u00f6nnen es kaum erwarten, euch\/Ihnen mit adventlicher Musik einen&hellip;<\/p>\n","protected":false},"author":11,"featured_media":35321,"comment_status":"closed","ping_status":"closed","sticky":false,"template":"","format":"standard","meta":{"footnotes":""},"categories":[1],"tags":[44],"_links":{"self":[{"href":"https:\/\/www.rwg-bayreuth.de\/home\/index.php?rest_route=\/wp\/v2\/posts\/35320"}],"collection":[{"href":"https:\/\/www.rwg-bayreuth.de\/home\/index.php?rest_route=\/wp\/v2\/posts"}],"about":[{"href":"https:\/\/www.rwg-bayreuth.de\/home\/index.php?rest_route=\/wp\/v2\/types\/post"}],"author":[{"embeddable":true,"href":"https:\/\/www.rwg-bayreuth.de\/home\/index.php?rest_route=\/wp\/v2\/users\/11"}],"replies":[{"embeddable":true,"href":"https:\/\/www.rwg-bayreuth.de\/home\/index.php?rest_route=%2Fwp%2Fv2%2Fcomments&post=35320"}],"version-history":[{"count":3,"href":"https:\/\/www.rwg-bayreuth.de\/home\/index.php?rest_route=\/wp\/v2\/posts\/35320\/revisions"}],"predecessor-version":[{"id":37535,"href":"https:\/\/www.rwg-bayreuth.de\/home\/index.php?rest_route=\/wp\/v2\/posts\/35320\/revisions\/37535"}],"wp:featuredmedia":[{"embeddable":true,"href":"https:\/\/www.rwg-bayreuth.de\/home\/index.php?rest_route=\/wp\/v2\/media\/35321"}],"wp:attachment":[{"href":"https:\/\/www.rwg-bayreuth.de\/home\/index.php?rest_route=%2Fwp%2Fv2%2Fmedia&parent=35320"}],"wp:term":[{"taxonomy":"category","embeddable":true,"href":"https:\/\/www.rwg-bayreuth.de\/home\/index.php?rest_route=%2Fwp%2Fv2%2Fcategories&post=35320"},{"taxonomy":"post_tag","embeddable":true,"href":"https:\/\/www.rwg-bayreuth.de\/home\/index.php?rest_route=%2Fwp%2Fv2%2Ftags&post=35320"}],"curies":[{"name":"wp","href":"https:\/\/api.w.org\/{rel}","templated":true}]}}