{"id":35080,"date":"2023-11-19T06:13:14","date_gmt":"2023-11-19T05:13:14","guid":{"rendered":"https:\/\/www.rwg-bayreuth.de\/home\/?p=35080"},"modified":"2026-01-20T18:57:10","modified_gmt":"2026-01-20T17:57:10","slug":"p-seminar-zukunftstr-baeume-pflanzt-1-rwg-wald","status":"publish","type":"post","link":"https:\/\/www.rwg-bayreuth.de\/home\/?p=35080","title":{"rendered":"P-Seminar Zukunfts(tr\/b)\u00e4ume pflanzt 1. RWG-Wald"},"content":{"rendered":"<p><a href=\"https:\/\/www.rwg-bayreuth.de\/home\/wp-content\/uploads\/2023\/11\/23-24-Pflanzaktion-RWG-Wald-1-Titelbild.jpg\"><img loading=\"lazy\" decoding=\"async\" src=\"https:\/\/www.rwg-bayreuth.de\/home\/wp-content\/uploads\/2023\/11\/23-24-Pflanzaktion-RWG-Wald-1-Titelbild-450x300.jpg\" alt=\"\" width=\"450\" height=\"300\" class=\"aligncenter size-medium wp-image-35107\" srcset=\"https:\/\/www.rwg-bayreuth.de\/home\/wp-content\/uploads\/2023\/11\/23-24-Pflanzaktion-RWG-Wald-1-Titelbild-450x300.jpg 450w, https:\/\/www.rwg-bayreuth.de\/home\/wp-content\/uploads\/2023\/11\/23-24-Pflanzaktion-RWG-Wald-1-Titelbild-150x100.jpg 150w, https:\/\/www.rwg-bayreuth.de\/home\/wp-content\/uploads\/2023\/11\/23-24-Pflanzaktion-RWG-Wald-1-Titelbild-768x512.jpg 768w, https:\/\/www.rwg-bayreuth.de\/home\/wp-content\/uploads\/2023\/11\/23-24-Pflanzaktion-RWG-Wald-1-Titelbild-250x167.jpg 250w, https:\/\/www.rwg-bayreuth.de\/home\/wp-content\/uploads\/2023\/11\/23-24-Pflanzaktion-RWG-Wald-1-Titelbild-900x600.jpg 900w, https:\/\/www.rwg-bayreuth.de\/home\/wp-content\/uploads\/2023\/11\/23-24-Pflanzaktion-RWG-Wald-1-Titelbild.jpg 1024w\" sizes=\"(max-width: 450px) 100vw, 450px\" \/><\/a><\/p>\n<p>Bei strahlendem Sonnenschein versammelten wir uns am 18.11. im Wald zwischen Eckersdorf und Geigenreuth, um den ersten RWG-Wald zu pflanzen. <\/p>\n<p>Nach einer kurzen Einweisung durch die Pflanz-Profis vom Amt f\u00fcr Ern\u00e4hrung, Landwirtschaft und Forsten (AELF), verteilten wir uns auf zwei Fl\u00e4chen und legten los.<\/p>\n<div class=\"su-image-carousel  clear su-image-carousel-has-spacing su-image-carousel-crop su-image-carousel-crop-4-3 su-image-carousel-has-lightbox su-image-carousel-has-outline su-image-carousel-adaptive su-image-carousel-slides-style-minimal su-image-carousel-controls-style-light su-image-carousel-align-center\" style=\"max-width:450px\" data-flickity-options='{\"groupCells\":true,\"cellSelector\":\".su-image-carousel-item\",\"adaptiveHeight\":false,\"cellAlign\":\"left\",\"prevNextButtons\":true,\"pageDots\":false,\"autoPlay\":4000,\"imagesLoaded\":true,\"contain\":true,\"selectedAttraction\":0.025000000000000001,\"friction\":0.28000000000000003}' id=\"su_image_carousel_69f1bd1a42624\"><div class=\"su-image-carousel-item\"><div class=\"su-image-carousel-item-content\"><a href=\"https:\/\/www.rwg-bayreuth.de\/home\/wp-content\/uploads\/2023\/11\/23-24-Pflanzaktion-RWG-Wald-2-Einweisung.jpg\" data-caption=\"Einweisung\"><img loading=\"lazy\" decoding=\"async\" width=\"1024\" height=\"768\" src=\"https:\/\/www.rwg-bayreuth.de\/home\/wp-content\/uploads\/2023\/11\/23-24-Pflanzaktion-RWG-Wald-2-Einweisung.jpg\" class=\"\" alt=\"\" srcset=\"https:\/\/www.rwg-bayreuth.de\/home\/wp-content\/uploads\/2023\/11\/23-24-Pflanzaktion-RWG-Wald-2-Einweisung.jpg 1024w, https:\/\/www.rwg-bayreuth.de\/home\/wp-content\/uploads\/2023\/11\/23-24-Pflanzaktion-RWG-Wald-2-Einweisung-450x338.jpg 450w, https:\/\/www.rwg-bayreuth.de\/home\/wp-content\/uploads\/2023\/11\/23-24-Pflanzaktion-RWG-Wald-2-Einweisung-150x113.jpg 150w, https:\/\/www.rwg-bayreuth.de\/home\/wp-content\/uploads\/2023\/11\/23-24-Pflanzaktion-RWG-Wald-2-Einweisung-768x576.jpg 768w, https:\/\/www.rwg-bayreuth.de\/home\/wp-content\/uploads\/2023\/11\/23-24-Pflanzaktion-RWG-Wald-2-Einweisung-250x188.jpg 250w\" sizes=\"(max-width: 1024px) 100vw, 1024px\" \/><\/a><\/div><\/div><div class=\"su-image-carousel-item\"><div class=\"su-image-carousel-item-content\"><a href=\"https:\/\/www.rwg-bayreuth.de\/home\/wp-content\/uploads\/2023\/11\/23-24-Pflanzaktion-RWG-Wald-3-Einweisung-II.jpg\" data-caption=\"Einweisung\"><img loading=\"lazy\" decoding=\"async\" width=\"1024\" height=\"768\" src=\"https:\/\/www.rwg-bayreuth.de\/home\/wp-content\/uploads\/2023\/11\/23-24-Pflanzaktion-RWG-Wald-3-Einweisung-II.jpg\" class=\"\" alt=\"\" srcset=\"https:\/\/www.rwg-bayreuth.de\/home\/wp-content\/uploads\/2023\/11\/23-24-Pflanzaktion-RWG-Wald-3-Einweisung-II.jpg 1024w, https:\/\/www.rwg-bayreuth.de\/home\/wp-content\/uploads\/2023\/11\/23-24-Pflanzaktion-RWG-Wald-3-Einweisung-II-450x338.jpg 450w, https:\/\/www.rwg-bayreuth.de\/home\/wp-content\/uploads\/2023\/11\/23-24-Pflanzaktion-RWG-Wald-3-Einweisung-II-150x113.jpg 150w, https:\/\/www.rwg-bayreuth.de\/home\/wp-content\/uploads\/2023\/11\/23-24-Pflanzaktion-RWG-Wald-3-Einweisung-II-768x576.jpg 768w, https:\/\/www.rwg-bayreuth.de\/home\/wp-content\/uploads\/2023\/11\/23-24-Pflanzaktion-RWG-Wald-3-Einweisung-II-250x188.jpg 250w\" sizes=\"(max-width: 1024px) 100vw, 1024px\" \/><\/a><\/div><\/div><\/div><script id=\"su_image_carousel_69f1bd1a42624_script\">if(window.SUImageCarousel){setTimeout(function() {window.SUImageCarousel.initGallery(document.getElementById(\"su_image_carousel_69f1bd1a42624\"))}, 0);}var su_image_carousel_69f1bd1a42624_script=document.getElementById(\"su_image_carousel_69f1bd1a42624_script\");if(su_image_carousel_69f1bd1a42624_script){su_image_carousel_69f1bd1a42624_script.parentNode.removeChild(su_image_carousel_69f1bd1a42624_script);}<\/script>\n<p>2500 B\u00e4ume warteten darauf, von uns gepflanzt zu werden. Wer da einen Laster mit Pflanzk\u00fcbeln erwartete, lag falsch. Gut versteckt und von Erde gesch\u00fctzt lagen die kleinen Setzlinge am Wegesrand. <\/p>\n<p><a href=\"https:\/\/www.rwg-bayreuth.de\/home\/wp-content\/uploads\/2023\/11\/23-24-Pflanzaktion-RWG-Wald-4-Baeume.jpg\"><img loading=\"lazy\" decoding=\"async\" src=\"https:\/\/www.rwg-bayreuth.de\/home\/wp-content\/uploads\/2023\/11\/23-24-Pflanzaktion-RWG-Wald-4-Baeume-450x338.jpg\" alt=\"\" width=\"450\" height=\"338\" class=\"aligncenter size-medium wp-image-35110\" srcset=\"https:\/\/www.rwg-bayreuth.de\/home\/wp-content\/uploads\/2023\/11\/23-24-Pflanzaktion-RWG-Wald-4-Baeume-450x338.jpg 450w, https:\/\/www.rwg-bayreuth.de\/home\/wp-content\/uploads\/2023\/11\/23-24-Pflanzaktion-RWG-Wald-4-Baeume-150x113.jpg 150w, https:\/\/www.rwg-bayreuth.de\/home\/wp-content\/uploads\/2023\/11\/23-24-Pflanzaktion-RWG-Wald-4-Baeume-768x576.jpg 768w, https:\/\/www.rwg-bayreuth.de\/home\/wp-content\/uploads\/2023\/11\/23-24-Pflanzaktion-RWG-Wald-4-Baeume-250x188.jpg 250w, https:\/\/www.rwg-bayreuth.de\/home\/wp-content\/uploads\/2023\/11\/23-24-Pflanzaktion-RWG-Wald-4-Baeume.jpg 1024w\" sizes=\"(max-width: 450px) 100vw, 450px\" \/><\/a><\/p>\n<p>Zuerst musste die Fl\u00e4che mit Pflanzst\u00e4ben markiert werden, um sicherzustellen, dass die B\u00e4ume im richtigen Abstand gepflanzt werden. <\/p>\n<p><a href=\"https:\/\/www.rwg-bayreuth.de\/home\/wp-content\/uploads\/2023\/11\/23-24-Pflanzaktion-RWG-Wald-5-Staebe-stecken.jpg\"><img loading=\"lazy\" decoding=\"async\" src=\"https:\/\/www.rwg-bayreuth.de\/home\/wp-content\/uploads\/2023\/11\/23-24-Pflanzaktion-RWG-Wald-5-Staebe-stecken-450x338.jpg\" alt=\"\" width=\"450\" height=\"338\" class=\"aligncenter size-medium wp-image-35111\" srcset=\"https:\/\/www.rwg-bayreuth.de\/home\/wp-content\/uploads\/2023\/11\/23-24-Pflanzaktion-RWG-Wald-5-Staebe-stecken-450x338.jpg 450w, https:\/\/www.rwg-bayreuth.de\/home\/wp-content\/uploads\/2023\/11\/23-24-Pflanzaktion-RWG-Wald-5-Staebe-stecken-150x113.jpg 150w, https:\/\/www.rwg-bayreuth.de\/home\/wp-content\/uploads\/2023\/11\/23-24-Pflanzaktion-RWG-Wald-5-Staebe-stecken-768x576.jpg 768w, https:\/\/www.rwg-bayreuth.de\/home\/wp-content\/uploads\/2023\/11\/23-24-Pflanzaktion-RWG-Wald-5-Staebe-stecken-250x188.jpg 250w, https:\/\/www.rwg-bayreuth.de\/home\/wp-content\/uploads\/2023\/11\/23-24-Pflanzaktion-RWG-Wald-5-Staebe-stecken.jpg 1024w\" sizes=\"(max-width: 450px) 100vw, 450px\" \/><\/a><\/p>\n<p>Dann wurden die L\u00f6cher f\u00fcr die Pflanzen ausgehoben. <\/p>\n<p><a href=\"https:\/\/www.rwg-bayreuth.de\/home\/wp-content\/uploads\/2023\/11\/23-24-Pflanzaktion-RWG-Wald-6-Loecher-buddeln.jpg\"><img loading=\"lazy\" decoding=\"async\" src=\"https:\/\/www.rwg-bayreuth.de\/home\/wp-content\/uploads\/2023\/11\/23-24-Pflanzaktion-RWG-Wald-6-Loecher-buddeln-338x450.jpg\" alt=\"\" width=\"338\" height=\"450\" class=\"aligncenter size-medium wp-image-35112\" srcset=\"https:\/\/www.rwg-bayreuth.de\/home\/wp-content\/uploads\/2023\/11\/23-24-Pflanzaktion-RWG-Wald-6-Loecher-buddeln-338x450.jpg 338w, https:\/\/www.rwg-bayreuth.de\/home\/wp-content\/uploads\/2023\/11\/23-24-Pflanzaktion-RWG-Wald-6-Loecher-buddeln-113x150.jpg 113w, https:\/\/www.rwg-bayreuth.de\/home\/wp-content\/uploads\/2023\/11\/23-24-Pflanzaktion-RWG-Wald-6-Loecher-buddeln-250x333.jpg 250w, https:\/\/www.rwg-bayreuth.de\/home\/wp-content\/uploads\/2023\/11\/23-24-Pflanzaktion-RWG-Wald-6-Loecher-buddeln.jpg 768w\" sizes=\"(max-width: 338px) 100vw, 338px\" \/><\/a><\/p>\n<p>Und dann ging es los. Klein und Gro\u00df waren top motiviert und stecken B\u00e4umchen f\u00fcr B\u00e4umchen in die vorbereiteten L\u00f6cher. <\/p>\n<div class=\"su-row\"><div class=\"su-column su-column-size-3-5\"><div class=\"su-column-inner su-u-clearfix su-u-trim\">\n<div class=\"su-image-carousel  clear su-image-carousel-has-spacing su-image-carousel-crop su-image-carousel-crop-4-3 su-image-carousel-has-lightbox su-image-carousel-has-outline su-image-carousel-adaptive su-image-carousel-slides-style-minimal su-image-carousel-controls-style-light su-image-carousel-align-center\" style=\"max-width:450px\" data-flickity-options='{\"groupCells\":true,\"cellSelector\":\".su-image-carousel-item\",\"adaptiveHeight\":false,\"cellAlign\":\"left\",\"prevNextButtons\":true,\"pageDots\":false,\"autoPlay\":4000,\"imagesLoaded\":true,\"contain\":true,\"selectedAttraction\":0.025000000000000001,\"friction\":0.28000000000000003}' id=\"su_image_carousel_69f1bd1a42ab4\"><div class=\"su-image-carousel-item\"><div class=\"su-image-carousel-item-content\"><a href=\"https:\/\/www.rwg-bayreuth.de\/home\/wp-content\/uploads\/2023\/11\/23-24-Pflanzaktion-RWG-Wald-9-Baeume-pflanzen.jpg\" data-caption=\"B\u00e4ume pflanzen\"><img loading=\"lazy\" decoding=\"async\" width=\"1024\" height=\"768\" src=\"https:\/\/www.rwg-bayreuth.de\/home\/wp-content\/uploads\/2023\/11\/23-24-Pflanzaktion-RWG-Wald-9-Baeume-pflanzen.jpg\" class=\"\" alt=\"\" srcset=\"https:\/\/www.rwg-bayreuth.de\/home\/wp-content\/uploads\/2023\/11\/23-24-Pflanzaktion-RWG-Wald-9-Baeume-pflanzen.jpg 1024w, https:\/\/www.rwg-bayreuth.de\/home\/wp-content\/uploads\/2023\/11\/23-24-Pflanzaktion-RWG-Wald-9-Baeume-pflanzen-450x338.jpg 450w, https:\/\/www.rwg-bayreuth.de\/home\/wp-content\/uploads\/2023\/11\/23-24-Pflanzaktion-RWG-Wald-9-Baeume-pflanzen-150x113.jpg 150w, https:\/\/www.rwg-bayreuth.de\/home\/wp-content\/uploads\/2023\/11\/23-24-Pflanzaktion-RWG-Wald-9-Baeume-pflanzen-768x576.jpg 768w, https:\/\/www.rwg-bayreuth.de\/home\/wp-content\/uploads\/2023\/11\/23-24-Pflanzaktion-RWG-Wald-9-Baeume-pflanzen-250x188.jpg 250w\" sizes=\"(max-width: 1024px) 100vw, 1024px\" \/><\/a><\/div><\/div><div class=\"su-image-carousel-item\"><div class=\"su-image-carousel-item-content\"><a href=\"https:\/\/www.rwg-bayreuth.de\/home\/wp-content\/uploads\/2023\/11\/23-24-Pflanzaktion-RWG-Wald-13-Baeume-pflanzen.jpg\" data-caption=\"B\u00e4ume pflanzen\"><img loading=\"lazy\" decoding=\"async\" width=\"1024\" height=\"768\" src=\"https:\/\/www.rwg-bayreuth.de\/home\/wp-content\/uploads\/2023\/11\/23-24-Pflanzaktion-RWG-Wald-13-Baeume-pflanzen.jpg\" class=\"\" alt=\"\" srcset=\"https:\/\/www.rwg-bayreuth.de\/home\/wp-content\/uploads\/2023\/11\/23-24-Pflanzaktion-RWG-Wald-13-Baeume-pflanzen.jpg 1024w, https:\/\/www.rwg-bayreuth.de\/home\/wp-content\/uploads\/2023\/11\/23-24-Pflanzaktion-RWG-Wald-13-Baeume-pflanzen-450x338.jpg 450w, https:\/\/www.rwg-bayreuth.de\/home\/wp-content\/uploads\/2023\/11\/23-24-Pflanzaktion-RWG-Wald-13-Baeume-pflanzen-150x113.jpg 150w, https:\/\/www.rwg-bayreuth.de\/home\/wp-content\/uploads\/2023\/11\/23-24-Pflanzaktion-RWG-Wald-13-Baeume-pflanzen-768x576.jpg 768w, https:\/\/www.rwg-bayreuth.de\/home\/wp-content\/uploads\/2023\/11\/23-24-Pflanzaktion-RWG-Wald-13-Baeume-pflanzen-250x188.jpg 250w\" sizes=\"(max-width: 1024px) 100vw, 1024px\" \/><\/a><\/div><\/div><\/div><script id=\"su_image_carousel_69f1bd1a42ab4_script\">if(window.SUImageCarousel){setTimeout(function() {window.SUImageCarousel.initGallery(document.getElementById(\"su_image_carousel_69f1bd1a42ab4\"))}, 0);}var su_image_carousel_69f1bd1a42ab4_script=document.getElementById(\"su_image_carousel_69f1bd1a42ab4_script\");if(su_image_carousel_69f1bd1a42ab4_script){su_image_carousel_69f1bd1a42ab4_script.parentNode.removeChild(su_image_carousel_69f1bd1a42ab4_script);}<\/script>\n<\/div><\/div>\n<div class=\"su-column su-column-size-2-5\"><div class=\"su-column-inner su-u-clearfix su-u-trim\">\n<div class=\"su-image-carousel  clear su-image-carousel-has-spacing su-image-carousel-crop su-image-carousel-crop-3-4 su-image-carousel-has-lightbox su-image-carousel-has-outline su-image-carousel-adaptive su-image-carousel-slides-style-minimal su-image-carousel-controls-style-light su-image-carousel-align-center\" style=\"max-width:330px\" data-flickity-options='{\"groupCells\":true,\"cellSelector\":\".su-image-carousel-item\",\"adaptiveHeight\":false,\"cellAlign\":\"left\",\"prevNextButtons\":true,\"pageDots\":false,\"autoPlay\":4000,\"imagesLoaded\":true,\"contain\":true,\"selectedAttraction\":0.025000000000000001,\"friction\":0.28000000000000003}' id=\"su_image_carousel_69f1bd1a42ff0\"><div class=\"su-image-carousel-item\"><div class=\"su-image-carousel-item-content\"><a href=\"https:\/\/www.rwg-bayreuth.de\/home\/wp-content\/uploads\/2023\/11\/23-24-Pflanzaktion-RWG-Wald-7-Baeume-pflanzen.jpg\" data-caption=\"B\u00e4ume pflanzen\"><img loading=\"lazy\" decoding=\"async\" width=\"768\" height=\"1024\" src=\"https:\/\/www.rwg-bayreuth.de\/home\/wp-content\/uploads\/2023\/11\/23-24-Pflanzaktion-RWG-Wald-7-Baeume-pflanzen.jpg\" class=\"\" alt=\"\" srcset=\"https:\/\/www.rwg-bayreuth.de\/home\/wp-content\/uploads\/2023\/11\/23-24-Pflanzaktion-RWG-Wald-7-Baeume-pflanzen.jpg 768w, https:\/\/www.rwg-bayreuth.de\/home\/wp-content\/uploads\/2023\/11\/23-24-Pflanzaktion-RWG-Wald-7-Baeume-pflanzen-338x450.jpg 338w, https:\/\/www.rwg-bayreuth.de\/home\/wp-content\/uploads\/2023\/11\/23-24-Pflanzaktion-RWG-Wald-7-Baeume-pflanzen-113x150.jpg 113w, https:\/\/www.rwg-bayreuth.de\/home\/wp-content\/uploads\/2023\/11\/23-24-Pflanzaktion-RWG-Wald-7-Baeume-pflanzen-250x333.jpg 250w\" sizes=\"(max-width: 768px) 100vw, 768px\" \/><\/a><\/div><\/div><div class=\"su-image-carousel-item\"><div class=\"su-image-carousel-item-content\"><a href=\"https:\/\/www.rwg-bayreuth.de\/home\/wp-content\/uploads\/2023\/11\/23-24-Pflanzaktion-RWG-Wald-8-Baeume-pflanzen.jpg\" data-caption=\"B\u00e4ume pflanzen\"><img loading=\"lazy\" decoding=\"async\" width=\"768\" height=\"1024\" src=\"https:\/\/www.rwg-bayreuth.de\/home\/wp-content\/uploads\/2023\/11\/23-24-Pflanzaktion-RWG-Wald-8-Baeume-pflanzen.jpg\" class=\"\" alt=\"\" srcset=\"https:\/\/www.rwg-bayreuth.de\/home\/wp-content\/uploads\/2023\/11\/23-24-Pflanzaktion-RWG-Wald-8-Baeume-pflanzen.jpg 768w, https:\/\/www.rwg-bayreuth.de\/home\/wp-content\/uploads\/2023\/11\/23-24-Pflanzaktion-RWG-Wald-8-Baeume-pflanzen-338x450.jpg 338w, https:\/\/www.rwg-bayreuth.de\/home\/wp-content\/uploads\/2023\/11\/23-24-Pflanzaktion-RWG-Wald-8-Baeume-pflanzen-113x150.jpg 113w, https:\/\/www.rwg-bayreuth.de\/home\/wp-content\/uploads\/2023\/11\/23-24-Pflanzaktion-RWG-Wald-8-Baeume-pflanzen-250x333.jpg 250w\" sizes=\"(max-width: 768px) 100vw, 768px\" \/><\/a><\/div><\/div><div class=\"su-image-carousel-item\"><div class=\"su-image-carousel-item-content\"><a href=\"https:\/\/www.rwg-bayreuth.de\/home\/wp-content\/uploads\/2023\/11\/23-24-Pflanzaktion-RWG-Wald-10-Baeume-pflanzen.jpg\" data-caption=\"B\u00e4ume pflanzen\"><img loading=\"lazy\" decoding=\"async\" width=\"768\" height=\"1024\" src=\"https:\/\/www.rwg-bayreuth.de\/home\/wp-content\/uploads\/2023\/11\/23-24-Pflanzaktion-RWG-Wald-10-Baeume-pflanzen.jpg\" class=\"\" alt=\"\" srcset=\"https:\/\/www.rwg-bayreuth.de\/home\/wp-content\/uploads\/2023\/11\/23-24-Pflanzaktion-RWG-Wald-10-Baeume-pflanzen.jpg 768w, https:\/\/www.rwg-bayreuth.de\/home\/wp-content\/uploads\/2023\/11\/23-24-Pflanzaktion-RWG-Wald-10-Baeume-pflanzen-338x450.jpg 338w, https:\/\/www.rwg-bayreuth.de\/home\/wp-content\/uploads\/2023\/11\/23-24-Pflanzaktion-RWG-Wald-10-Baeume-pflanzen-113x150.jpg 113w, https:\/\/www.rwg-bayreuth.de\/home\/wp-content\/uploads\/2023\/11\/23-24-Pflanzaktion-RWG-Wald-10-Baeume-pflanzen-250x333.jpg 250w\" sizes=\"(max-width: 768px) 100vw, 768px\" \/><\/a><\/div><\/div><div class=\"su-image-carousel-item\"><div class=\"su-image-carousel-item-content\"><a href=\"https:\/\/www.rwg-bayreuth.de\/home\/wp-content\/uploads\/2023\/11\/23-24-Pflanzaktion-RWG-Wald-11-Baeume-pflanzen.jpg\" data-caption=\"B\u00e4ume pflanzen\"><img loading=\"lazy\" decoding=\"async\" width=\"768\" height=\"1024\" src=\"https:\/\/www.rwg-bayreuth.de\/home\/wp-content\/uploads\/2023\/11\/23-24-Pflanzaktion-RWG-Wald-11-Baeume-pflanzen.jpg\" class=\"\" alt=\"\" srcset=\"https:\/\/www.rwg-bayreuth.de\/home\/wp-content\/uploads\/2023\/11\/23-24-Pflanzaktion-RWG-Wald-11-Baeume-pflanzen.jpg 768w, https:\/\/www.rwg-bayreuth.de\/home\/wp-content\/uploads\/2023\/11\/23-24-Pflanzaktion-RWG-Wald-11-Baeume-pflanzen-338x450.jpg 338w, https:\/\/www.rwg-bayreuth.de\/home\/wp-content\/uploads\/2023\/11\/23-24-Pflanzaktion-RWG-Wald-11-Baeume-pflanzen-113x150.jpg 113w, https:\/\/www.rwg-bayreuth.de\/home\/wp-content\/uploads\/2023\/11\/23-24-Pflanzaktion-RWG-Wald-11-Baeume-pflanzen-250x333.jpg 250w\" sizes=\"(max-width: 768px) 100vw, 768px\" \/><\/a><\/div><\/div><div class=\"su-image-carousel-item\"><div class=\"su-image-carousel-item-content\"><a href=\"https:\/\/www.rwg-bayreuth.de\/home\/wp-content\/uploads\/2023\/11\/23-24-Pflanzaktion-RWG-Wald-12-Baeume-pflanzen.jpg\" data-caption=\"B\u00e4ume pflanzen\"><img loading=\"lazy\" decoding=\"async\" width=\"768\" height=\"1024\" src=\"https:\/\/www.rwg-bayreuth.de\/home\/wp-content\/uploads\/2023\/11\/23-24-Pflanzaktion-RWG-Wald-12-Baeume-pflanzen.jpg\" class=\"\" alt=\"\" srcset=\"https:\/\/www.rwg-bayreuth.de\/home\/wp-content\/uploads\/2023\/11\/23-24-Pflanzaktion-RWG-Wald-12-Baeume-pflanzen.jpg 768w, https:\/\/www.rwg-bayreuth.de\/home\/wp-content\/uploads\/2023\/11\/23-24-Pflanzaktion-RWG-Wald-12-Baeume-pflanzen-338x450.jpg 338w, https:\/\/www.rwg-bayreuth.de\/home\/wp-content\/uploads\/2023\/11\/23-24-Pflanzaktion-RWG-Wald-12-Baeume-pflanzen-113x150.jpg 113w, https:\/\/www.rwg-bayreuth.de\/home\/wp-content\/uploads\/2023\/11\/23-24-Pflanzaktion-RWG-Wald-12-Baeume-pflanzen-250x333.jpg 250w\" sizes=\"(max-width: 768px) 100vw, 768px\" \/><\/a><\/div><\/div><\/div><script id=\"su_image_carousel_69f1bd1a42ff0_script\">if(window.SUImageCarousel){setTimeout(function() {window.SUImageCarousel.initGallery(document.getElementById(\"su_image_carousel_69f1bd1a42ff0\"))}, 0);}var su_image_carousel_69f1bd1a42ff0_script=document.getElementById(\"su_image_carousel_69f1bd1a42ff0_script\");if(su_image_carousel_69f1bd1a42ff0_script){su_image_carousel_69f1bd1a42ff0_script.parentNode.removeChild(su_image_carousel_69f1bd1a42ff0_script);}<\/script>\n<\/div><\/div><\/div>\n<p>Bezirkstagspr\u00e4sident Henry Schramm besuchte uns im Wald, war begeistert von der Motivation der Helfenden und lie\u00df sich von der guten Laune anstecken. <\/p>\n<p><a href=\"https:\/\/www.rwg-bayreuth.de\/home\/wp-content\/uploads\/2023\/11\/23-24-Pflanzaktion-RWG-Wald-14-Besuch-Bezirkstagspraesident.jpg\"><img loading=\"lazy\" decoding=\"async\" src=\"https:\/\/www.rwg-bayreuth.de\/home\/wp-content\/uploads\/2023\/11\/23-24-Pflanzaktion-RWG-Wald-14-Besuch-Bezirkstagspraesident-341x450.jpg\" alt=\"\" width=\"341\" height=\"450\" class=\"aligncenter size-medium wp-image-35120\" srcset=\"https:\/\/www.rwg-bayreuth.de\/home\/wp-content\/uploads\/2023\/11\/23-24-Pflanzaktion-RWG-Wald-14-Besuch-Bezirkstagspraesident-341x450.jpg 341w, https:\/\/www.rwg-bayreuth.de\/home\/wp-content\/uploads\/2023\/11\/23-24-Pflanzaktion-RWG-Wald-14-Besuch-Bezirkstagspraesident-114x150.jpg 114w, https:\/\/www.rwg-bayreuth.de\/home\/wp-content\/uploads\/2023\/11\/23-24-Pflanzaktion-RWG-Wald-14-Besuch-Bezirkstagspraesident-768x1015.jpg 768w, https:\/\/www.rwg-bayreuth.de\/home\/wp-content\/uploads\/2023\/11\/23-24-Pflanzaktion-RWG-Wald-14-Besuch-Bezirkstagspraesident-250x330.jpg 250w, https:\/\/www.rwg-bayreuth.de\/home\/wp-content\/uploads\/2023\/11\/23-24-Pflanzaktion-RWG-Wald-14-Besuch-Bezirkstagspraesident-454x600.jpg 454w, https:\/\/www.rwg-bayreuth.de\/home\/wp-content\/uploads\/2023\/11\/23-24-Pflanzaktion-RWG-Wald-14-Besuch-Bezirkstagspraesident.jpg 775w\" sizes=\"(max-width: 341px) 100vw, 341px\" \/><\/a><\/p>\n<p>F\u00fcr alle die sich aufw\u00e4rmen oder st\u00e4rken wollten, stand unser Catering-Bereich mit Kaffee, Tee, Kinderpunsch, kalten Getr\u00e4nken, Muffins, Kuchen und Keksen jederzeit bereit. Zur Mittagszeit wurden Linsengulasch und K\u00fcrbiscremesuppe serviert. <\/p>\n<div class=\"su-row\"><div class=\"su-column su-column-size-2-5\"><div class=\"su-column-inner su-u-clearfix su-u-trim\">\n<a href=\"https:\/\/www.rwg-bayreuth.de\/home\/wp-content\/uploads\/2023\/11\/23-24-Pflanzaktion-RWG-Wald-16-Essen.jpg\"><img loading=\"lazy\" decoding=\"async\" src=\"https:\/\/www.rwg-bayreuth.de\/home\/wp-content\/uploads\/2023\/11\/23-24-Pflanzaktion-RWG-Wald-16-Essen-338x450.jpg\" alt=\"\" width=\"338\" height=\"450\" class=\"aligncenter size-medium wp-image-35121\" srcset=\"https:\/\/www.rwg-bayreuth.de\/home\/wp-content\/uploads\/2023\/11\/23-24-Pflanzaktion-RWG-Wald-16-Essen-338x450.jpg 338w, https:\/\/www.rwg-bayreuth.de\/home\/wp-content\/uploads\/2023\/11\/23-24-Pflanzaktion-RWG-Wald-16-Essen-113x150.jpg 113w, https:\/\/www.rwg-bayreuth.de\/home\/wp-content\/uploads\/2023\/11\/23-24-Pflanzaktion-RWG-Wald-16-Essen-250x333.jpg 250w, https:\/\/www.rwg-bayreuth.de\/home\/wp-content\/uploads\/2023\/11\/23-24-Pflanzaktion-RWG-Wald-16-Essen-450x600.jpg 450w, https:\/\/www.rwg-bayreuth.de\/home\/wp-content\/uploads\/2023\/11\/23-24-Pflanzaktion-RWG-Wald-16-Essen.jpg 768w\" sizes=\"(max-width: 338px) 100vw, 338px\" \/><\/a><br \/>\n<\/div><\/div>\n<div class=\"su-column su-column-size-3-5\"><div class=\"su-column-inner su-u-clearfix su-u-trim\">\n<a href=\"https:\/\/www.rwg-bayreuth.de\/home\/wp-content\/uploads\/2023\/11\/23-24-Pflanzaktion-RWG-Wald-15-Essen.jpg\"><img loading=\"lazy\" decoding=\"async\" src=\"https:\/\/www.rwg-bayreuth.de\/home\/wp-content\/uploads\/2023\/11\/23-24-Pflanzaktion-RWG-Wald-15-Essen-450x338.jpg\" alt=\"\" width=\"450\" height=\"338\" class=\"aligncenter size-medium wp-image-35122\" srcset=\"https:\/\/www.rwg-bayreuth.de\/home\/wp-content\/uploads\/2023\/11\/23-24-Pflanzaktion-RWG-Wald-15-Essen-450x338.jpg 450w, https:\/\/www.rwg-bayreuth.de\/home\/wp-content\/uploads\/2023\/11\/23-24-Pflanzaktion-RWG-Wald-15-Essen-150x113.jpg 150w, https:\/\/www.rwg-bayreuth.de\/home\/wp-content\/uploads\/2023\/11\/23-24-Pflanzaktion-RWG-Wald-15-Essen-768x576.jpg 768w, https:\/\/www.rwg-bayreuth.de\/home\/wp-content\/uploads\/2023\/11\/23-24-Pflanzaktion-RWG-Wald-15-Essen-250x188.jpg 250w, https:\/\/www.rwg-bayreuth.de\/home\/wp-content\/uploads\/2023\/11\/23-24-Pflanzaktion-RWG-Wald-15-Essen-600x450.jpg 600w, https:\/\/www.rwg-bayreuth.de\/home\/wp-content\/uploads\/2023\/11\/23-24-Pflanzaktion-RWG-Wald-15-Essen.jpg 1024w\" sizes=\"(max-width: 450px) 100vw, 450px\" \/><\/a><br \/>\n<\/div><\/div><\/div>\n<p>Alle, die uns mit einer Baumpatenschaft unterst\u00fctzt haben, wurden mit einer pers\u00f6nlichen Baumscheibe im Wald verewigt. Da die Pfl\u00e4nzchen noch so klein sind, benutzten wir daf\u00fcr dickere Pflanzst\u00e4be. Die Baumscheiben freuen sich darauf, bald von ihren Paten gesucht und gefunden zu werden. <\/p>\n<div class=\"su-row\"><div class=\"su-column su-column-size-3-5\"><div class=\"su-column-inner su-u-clearfix su-u-trim\">\n<a href=\"https:\/\/www.rwg-bayreuth.de\/home\/wp-content\/uploads\/2023\/11\/23-24-Pflanzaktion-RWG-Wald-17-Baumpaten-I.jpg\"><img loading=\"lazy\" decoding=\"async\" src=\"https:\/\/www.rwg-bayreuth.de\/home\/wp-content\/uploads\/2023\/11\/23-24-Pflanzaktion-RWG-Wald-17-Baumpaten-I-450x338.jpg\" alt=\"\" width=\"450\" height=\"338\" class=\"aligncenter size-medium wp-image-35124\" srcset=\"https:\/\/www.rwg-bayreuth.de\/home\/wp-content\/uploads\/2023\/11\/23-24-Pflanzaktion-RWG-Wald-17-Baumpaten-I-450x338.jpg 450w, https:\/\/www.rwg-bayreuth.de\/home\/wp-content\/uploads\/2023\/11\/23-24-Pflanzaktion-RWG-Wald-17-Baumpaten-I-150x113.jpg 150w, https:\/\/www.rwg-bayreuth.de\/home\/wp-content\/uploads\/2023\/11\/23-24-Pflanzaktion-RWG-Wald-17-Baumpaten-I-768x576.jpg 768w, https:\/\/www.rwg-bayreuth.de\/home\/wp-content\/uploads\/2023\/11\/23-24-Pflanzaktion-RWG-Wald-17-Baumpaten-I-250x188.jpg 250w, https:\/\/www.rwg-bayreuth.de\/home\/wp-content\/uploads\/2023\/11\/23-24-Pflanzaktion-RWG-Wald-17-Baumpaten-I-600x450.jpg 600w, https:\/\/www.rwg-bayreuth.de\/home\/wp-content\/uploads\/2023\/11\/23-24-Pflanzaktion-RWG-Wald-17-Baumpaten-I.jpg 1024w\" sizes=\"(max-width: 450px) 100vw, 450px\" \/><\/a><br \/>\n<\/div><\/div>\n<div class=\"su-column su-column-size-2-5\"><div class=\"su-column-inner su-u-clearfix su-u-trim\">\n<div class=\"su-image-carousel  clear su-image-carousel-has-spacing su-image-carousel-crop su-image-carousel-crop-3-4 su-image-carousel-has-lightbox su-image-carousel-has-outline su-image-carousel-adaptive su-image-carousel-slides-style-minimal su-image-carousel-controls-style-light su-image-carousel-align-center\" style=\"max-width:330px\" data-flickity-options='{\"groupCells\":true,\"cellSelector\":\".su-image-carousel-item\",\"adaptiveHeight\":false,\"cellAlign\":\"left\",\"prevNextButtons\":true,\"pageDots\":false,\"autoPlay\":4000,\"imagesLoaded\":true,\"contain\":true,\"selectedAttraction\":0.025000000000000001,\"friction\":0.28000000000000003}' id=\"su_image_carousel_69f1bd1a43443\"><div class=\"su-image-carousel-item\"><div class=\"su-image-carousel-item-content\"><a href=\"https:\/\/www.rwg-bayreuth.de\/home\/wp-content\/uploads\/2023\/11\/23-24-Pflanzaktion-RWG-Wald-18-Baumpaten-II.jpg\" data-caption=\"Baumpaten\"><img loading=\"lazy\" decoding=\"async\" width=\"768\" height=\"1024\" src=\"https:\/\/www.rwg-bayreuth.de\/home\/wp-content\/uploads\/2023\/11\/23-24-Pflanzaktion-RWG-Wald-18-Baumpaten-II.jpg\" class=\"\" alt=\"\" srcset=\"https:\/\/www.rwg-bayreuth.de\/home\/wp-content\/uploads\/2023\/11\/23-24-Pflanzaktion-RWG-Wald-18-Baumpaten-II.jpg 768w, https:\/\/www.rwg-bayreuth.de\/home\/wp-content\/uploads\/2023\/11\/23-24-Pflanzaktion-RWG-Wald-18-Baumpaten-II-338x450.jpg 338w, https:\/\/www.rwg-bayreuth.de\/home\/wp-content\/uploads\/2023\/11\/23-24-Pflanzaktion-RWG-Wald-18-Baumpaten-II-113x150.jpg 113w, https:\/\/www.rwg-bayreuth.de\/home\/wp-content\/uploads\/2023\/11\/23-24-Pflanzaktion-RWG-Wald-18-Baumpaten-II-250x333.jpg 250w, https:\/\/www.rwg-bayreuth.de\/home\/wp-content\/uploads\/2023\/11\/23-24-Pflanzaktion-RWG-Wald-18-Baumpaten-II-450x600.jpg 450w\" sizes=\"(max-width: 768px) 100vw, 768px\" \/><\/a><\/div><\/div><div class=\"su-image-carousel-item\"><div class=\"su-image-carousel-item-content\"><a href=\"https:\/\/www.rwg-bayreuth.de\/home\/wp-content\/uploads\/2023\/11\/23-24-Pflanzaktion-RWG-Wald-19-Baumpaten-III.jpg\" data-caption=\"Baumpaten\"><img loading=\"lazy\" decoding=\"async\" width=\"777\" height=\"1024\" src=\"https:\/\/www.rwg-bayreuth.de\/home\/wp-content\/uploads\/2023\/11\/23-24-Pflanzaktion-RWG-Wald-19-Baumpaten-III.jpg\" class=\"\" alt=\"\" srcset=\"https:\/\/www.rwg-bayreuth.de\/home\/wp-content\/uploads\/2023\/11\/23-24-Pflanzaktion-RWG-Wald-19-Baumpaten-III.jpg 777w, https:\/\/www.rwg-bayreuth.de\/home\/wp-content\/uploads\/2023\/11\/23-24-Pflanzaktion-RWG-Wald-19-Baumpaten-III-341x450.jpg 341w, https:\/\/www.rwg-bayreuth.de\/home\/wp-content\/uploads\/2023\/11\/23-24-Pflanzaktion-RWG-Wald-19-Baumpaten-III-114x150.jpg 114w, https:\/\/www.rwg-bayreuth.de\/home\/wp-content\/uploads\/2023\/11\/23-24-Pflanzaktion-RWG-Wald-19-Baumpaten-III-768x1012.jpg 768w, https:\/\/www.rwg-bayreuth.de\/home\/wp-content\/uploads\/2023\/11\/23-24-Pflanzaktion-RWG-Wald-19-Baumpaten-III-250x329.jpg 250w, https:\/\/www.rwg-bayreuth.de\/home\/wp-content\/uploads\/2023\/11\/23-24-Pflanzaktion-RWG-Wald-19-Baumpaten-III-455x600.jpg 455w\" sizes=\"(max-width: 777px) 100vw, 777px\" \/><\/a><\/div><\/div><\/div><script id=\"su_image_carousel_69f1bd1a43443_script\">if(window.SUImageCarousel){setTimeout(function() {window.SUImageCarousel.initGallery(document.getElementById(\"su_image_carousel_69f1bd1a43443\"))}, 0);}var su_image_carousel_69f1bd1a43443_script=document.getElementById(\"su_image_carousel_69f1bd1a43443_script\");if(su_image_carousel_69f1bd1a43443_script){su_image_carousel_69f1bd1a43443_script.parentNode.removeChild(su_image_carousel_69f1bd1a43443_script);}<\/script>\n<\/div><\/div><\/div>\n<p>Um alle Besucher des Waldes \u00fcber unser Projekt zu informieren, stellten wir eine Infotafel am Wegesrand auf.<\/p>\n<div class=\"su-row\"><div class=\"su-column su-column-size-2-5\"><div class=\"su-column-inner su-u-clearfix su-u-trim\">\n<a href=\"https:\/\/www.rwg-bayreuth.de\/home\/wp-content\/uploads\/2023\/11\/23-24-Pflanzaktion-RWG-Wald-20-Infotafel.jpg\"><img loading=\"lazy\" decoding=\"async\" src=\"https:\/\/www.rwg-bayreuth.de\/home\/wp-content\/uploads\/2023\/11\/23-24-Pflanzaktion-RWG-Wald-20-Infotafel-314x450.jpg\" alt=\"\" width=\"314\" height=\"450\" class=\"size-medium wp-image-35127\" srcset=\"https:\/\/www.rwg-bayreuth.de\/home\/wp-content\/uploads\/2023\/11\/23-24-Pflanzaktion-RWG-Wald-20-Infotafel-314x450.jpg 314w, https:\/\/www.rwg-bayreuth.de\/home\/wp-content\/uploads\/2023\/11\/23-24-Pflanzaktion-RWG-Wald-20-Infotafel-105x150.jpg 105w, https:\/\/www.rwg-bayreuth.de\/home\/wp-content\/uploads\/2023\/11\/23-24-Pflanzaktion-RWG-Wald-20-Infotafel-250x358.jpg 250w, https:\/\/www.rwg-bayreuth.de\/home\/wp-content\/uploads\/2023\/11\/23-24-Pflanzaktion-RWG-Wald-20-Infotafel-419x600.jpg 419w, https:\/\/www.rwg-bayreuth.de\/home\/wp-content\/uploads\/2023\/11\/23-24-Pflanzaktion-RWG-Wald-20-Infotafel.jpg 715w\" sizes=\"(max-width: 314px) 100vw, 314px\" \/><\/a><br \/>\n<\/div><\/div>\n<div class=\"su-column su-column-size-3-5\"><div class=\"su-column-inner su-u-clearfix su-u-trim\">\n<a href=\"https:\/\/www.rwg-bayreuth.de\/home\/wp-content\/uploads\/2023\/11\/23-24-Pflanzaktion-RWG-Wald-21-Infotafel.jpg\"><img loading=\"lazy\" decoding=\"async\" src=\"https:\/\/www.rwg-bayreuth.de\/home\/wp-content\/uploads\/2023\/11\/23-24-Pflanzaktion-RWG-Wald-21-Infotafel-450x338.jpg\" alt=\"\" width=\"450\" height=\"338\" class=\"aligncenter size-medium wp-image-35128\" srcset=\"https:\/\/www.rwg-bayreuth.de\/home\/wp-content\/uploads\/2023\/11\/23-24-Pflanzaktion-RWG-Wald-21-Infotafel-450x338.jpg 450w, https:\/\/www.rwg-bayreuth.de\/home\/wp-content\/uploads\/2023\/11\/23-24-Pflanzaktion-RWG-Wald-21-Infotafel-150x113.jpg 150w, https:\/\/www.rwg-bayreuth.de\/home\/wp-content\/uploads\/2023\/11\/23-24-Pflanzaktion-RWG-Wald-21-Infotafel-768x576.jpg 768w, https:\/\/www.rwg-bayreuth.de\/home\/wp-content\/uploads\/2023\/11\/23-24-Pflanzaktion-RWG-Wald-21-Infotafel-250x188.jpg 250w, https:\/\/www.rwg-bayreuth.de\/home\/wp-content\/uploads\/2023\/11\/23-24-Pflanzaktion-RWG-Wald-21-Infotafel-600x450.jpg 600w, https:\/\/www.rwg-bayreuth.de\/home\/wp-content\/uploads\/2023\/11\/23-24-Pflanzaktion-RWG-Wald-21-Infotafel.jpg 1024w\" sizes=\"(max-width: 450px) 100vw, 450px\" \/><\/a><br \/>\n<\/div><\/div><\/div>\n<p>Mit einem ganz pers\u00f6nlichen Gru\u00df verabschiedeten wir uns von unserem frisch gepflanzten RWG-Wald.<\/p>\n<p><a href=\"https:\/\/www.rwg-bayreuth.de\/home\/wp-content\/uploads\/2023\/11\/23-24-Pflanzaktion-RWG-Wald-22-Verewigt.jpg\"><img loading=\"lazy\" decoding=\"async\" src=\"https:\/\/www.rwg-bayreuth.de\/home\/wp-content\/uploads\/2023\/11\/23-24-Pflanzaktion-RWG-Wald-22-Verewigt-450x338.jpg\" alt=\"\" width=\"450\" height=\"338\" class=\"aligncenter size-medium wp-image-35129\" srcset=\"https:\/\/www.rwg-bayreuth.de\/home\/wp-content\/uploads\/2023\/11\/23-24-Pflanzaktion-RWG-Wald-22-Verewigt-450x338.jpg 450w, https:\/\/www.rwg-bayreuth.de\/home\/wp-content\/uploads\/2023\/11\/23-24-Pflanzaktion-RWG-Wald-22-Verewigt-150x113.jpg 150w, https:\/\/www.rwg-bayreuth.de\/home\/wp-content\/uploads\/2023\/11\/23-24-Pflanzaktion-RWG-Wald-22-Verewigt-768x576.jpg 768w, https:\/\/www.rwg-bayreuth.de\/home\/wp-content\/uploads\/2023\/11\/23-24-Pflanzaktion-RWG-Wald-22-Verewigt-250x188.jpg 250w, https:\/\/www.rwg-bayreuth.de\/home\/wp-content\/uploads\/2023\/11\/23-24-Pflanzaktion-RWG-Wald-22-Verewigt-600x450.jpg 600w, https:\/\/www.rwg-bayreuth.de\/home\/wp-content\/uploads\/2023\/11\/23-24-Pflanzaktion-RWG-Wald-22-Verewigt.jpg 1024w\" sizes=\"(max-width: 450px) 100vw, 450px\" \/><\/a><\/p>\n<p>Wir bedanken uns ganz herzlich f\u00fcr die tolle Unterst\u00fctzung durch die RWG-Familie. Au\u00dferdem danken wir Herrn Dr. Schmidt, Frau Ziegler und ihrem Team vom AELF f\u00fcr die Unterst\u00fctzung w\u00e4hrend der gesamten Seminarzeit und bei der Pflanzung. Weiterhin bedanken wir uns bei Herrn Thiem vom Bezirk Oberfranken f\u00fcr das Vertrauen, dass er uns entgegengebracht hat, indem er uns das Waldst\u00fcck zum Bepflanzen \u00fcberlassen hat.<\/p>\n","protected":false},"excerpt":{"rendered":"<p>Bei strahlendem Sonnenschein versammelten wir uns am 18.11. im Wald zwischen Eckersdorf und Geigenreuth, um den ersten RWG-Wald zu pflanzen. Nach einer kurzen Einweisung durch die Pflanz-Profis vom Amt f\u00fcr Ern\u00e4hrung, Landwirtschaft und Forsten (AELF), verteilten wir uns auf zwei Fl\u00e4chen und legten los. 2500 B\u00e4ume warteten darauf, von uns gepflanzt zu werden. Wer da&hellip;<\/p>\n","protected":false},"author":11,"featured_media":35107,"comment_status":"closed","ping_status":"closed","sticky":false,"template":"","format":"standard","meta":{"footnotes":""},"categories":[1],"tags":[51,64,136],"_links":{"self":[{"href":"https:\/\/www.rwg-bayreuth.de\/home\/index.php?rest_route=\/wp\/v2\/posts\/35080"}],"collection":[{"href":"https:\/\/www.rwg-bayreuth.de\/home\/index.php?rest_route=\/wp\/v2\/posts"}],"about":[{"href":"https:\/\/www.rwg-bayreuth.de\/home\/index.php?rest_route=\/wp\/v2\/types\/post"}],"author":[{"embeddable":true,"href":"https:\/\/www.rwg-bayreuth.de\/home\/index.php?rest_route=\/wp\/v2\/users\/11"}],"replies":[{"embeddable":true,"href":"https:\/\/www.rwg-bayreuth.de\/home\/index.php?rest_route=%2Fwp%2Fv2%2Fcomments&post=35080"}],"version-history":[{"count":9,"href":"https:\/\/www.rwg-bayreuth.de\/home\/index.php?rest_route=\/wp\/v2\/posts\/35080\/revisions"}],"predecessor-version":[{"id":35136,"href":"https:\/\/www.rwg-bayreuth.de\/home\/index.php?rest_route=\/wp\/v2\/posts\/35080\/revisions\/35136"}],"wp:featuredmedia":[{"embeddable":true,"href":"https:\/\/www.rwg-bayreuth.de\/home\/index.php?rest_route=\/wp\/v2\/media\/35107"}],"wp:attachment":[{"href":"https:\/\/www.rwg-bayreuth.de\/home\/index.php?rest_route=%2Fwp%2Fv2%2Fmedia&parent=35080"}],"wp:term":[{"taxonomy":"category","embeddable":true,"href":"https:\/\/www.rwg-bayreuth.de\/home\/index.php?rest_route=%2Fwp%2Fv2%2Fcategories&post=35080"},{"taxonomy":"post_tag","embeddable":true,"href":"https:\/\/www.rwg-bayreuth.de\/home\/index.php?rest_route=%2Fwp%2Fv2%2Ftags&post=35080"}],"curies":[{"name":"wp","href":"https:\/\/api.w.org\/{rel}","templated":true}]}}