{"id":35069,"date":"2023-11-20T20:35:07","date_gmt":"2023-11-20T19:35:07","guid":{"rendered":"https:\/\/www.rwg-bayreuth.de\/home\/?p=35069"},"modified":"2023-11-21T17:12:29","modified_gmt":"2023-11-21T16:12:29","slug":"der-countdown-laeuft-nur-noch-wenige-tage","status":"publish","type":"post","link":"https:\/\/www.rwg-bayreuth.de\/home\/?p=35069","title":{"rendered":"Der Countdown l\u00e4uft\u2026 &#8211; nur noch wenige Tage!"},"content":{"rendered":"<p>Habt ihr euch vielleicht auch schon gefragt, was das Krepp-Band an der Wand in der oberen Pausenhalle zu bedeuten hat?! <em>Nein ??<\/em> Dann ist euch allerdings auch nicht aufgefallen, dass wir an dieser Stelle bereits imagin\u00e4ren Platz geschaffen haben: D.h. wir haben schon einmal angedeutet, wie der Raum demn\u00e4chst genau hier aussehen k\u00f6nnte\u2026 und das tats\u00e4chlich in Echt!<\/p>\n<div class=\"su-image-carousel  clear su-image-carousel-has-spacing su-image-carousel-has-lightbox su-image-carousel-has-outline su-image-carousel-adaptive su-image-carousel-slides-style-minimal su-image-carousel-controls-style-light su-image-carousel-align-center\" style=\"max-width:600px\" data-flickity-options='{\"groupCells\":true,\"cellSelector\":\".su-image-carousel-item\",\"adaptiveHeight\":true,\"cellAlign\":\"left\",\"prevNextButtons\":true,\"pageDots\":false,\"autoPlay\":4000,\"imagesLoaded\":true,\"contain\":false,\"selectedAttraction\":0.025000000000000001,\"friction\":0.28000000000000003}' id=\"su_image_carousel_69f1cada3e243\"><div class=\"su-image-carousel-item\"><div class=\"su-image-carousel-item-content\"><a href=\"https:\/\/www.rwg-bayreuth.de\/home\/wp-content\/uploads\/2023\/11\/23-24-Sparda-Sofa.jpg\" data-caption=\"\"><img loading=\"lazy\" decoding=\"async\" width=\"1024\" height=\"453\" src=\"https:\/\/www.rwg-bayreuth.de\/home\/wp-content\/uploads\/2023\/11\/23-24-Sparda-Sofa.jpg\" class=\"\" alt=\"\" srcset=\"https:\/\/www.rwg-bayreuth.de\/home\/wp-content\/uploads\/2023\/11\/23-24-Sparda-Sofa.jpg 1024w, https:\/\/www.rwg-bayreuth.de\/home\/wp-content\/uploads\/2023\/11\/23-24-Sparda-Sofa-450x199.jpg 450w, https:\/\/www.rwg-bayreuth.de\/home\/wp-content\/uploads\/2023\/11\/23-24-Sparda-Sofa-150x66.jpg 150w, https:\/\/www.rwg-bayreuth.de\/home\/wp-content\/uploads\/2023\/11\/23-24-Sparda-Sofa-768x340.jpg 768w, https:\/\/www.rwg-bayreuth.de\/home\/wp-content\/uploads\/2023\/11\/23-24-Sparda-Sofa-250x111.jpg 250w\" sizes=\"(max-width: 1024px) 100vw, 1024px\" \/><\/a><\/div><\/div><div class=\"su-image-carousel-item\"><div class=\"su-image-carousel-item-content\"><a href=\"https:\/\/www.rwg-bayreuth.de\/home\/wp-content\/uploads\/2023\/11\/23-24-Sparda-Sofa2.jpg\" data-caption=\"\"><img loading=\"lazy\" decoding=\"async\" width=\"1024\" height=\"453\" src=\"https:\/\/www.rwg-bayreuth.de\/home\/wp-content\/uploads\/2023\/11\/23-24-Sparda-Sofa2.jpg\" class=\"\" alt=\"\" srcset=\"https:\/\/www.rwg-bayreuth.de\/home\/wp-content\/uploads\/2023\/11\/23-24-Sparda-Sofa2.jpg 1024w, https:\/\/www.rwg-bayreuth.de\/home\/wp-content\/uploads\/2023\/11\/23-24-Sparda-Sofa2-450x199.jpg 450w, https:\/\/www.rwg-bayreuth.de\/home\/wp-content\/uploads\/2023\/11\/23-24-Sparda-Sofa2-150x66.jpg 150w, https:\/\/www.rwg-bayreuth.de\/home\/wp-content\/uploads\/2023\/11\/23-24-Sparda-Sofa2-768x340.jpg 768w, https:\/\/www.rwg-bayreuth.de\/home\/wp-content\/uploads\/2023\/11\/23-24-Sparda-Sofa2-250x111.jpg 250w\" sizes=\"(max-width: 1024px) 100vw, 1024px\" \/><\/a><\/div><\/div><\/div><script id=\"su_image_carousel_69f1cada3e243_script\">if(window.SUImageCarousel){setTimeout(function() {window.SUImageCarousel.initGallery(document.getElementById(\"su_image_carousel_69f1cada3e243\"))}, 0);}var su_image_carousel_69f1cada3e243_script=document.getElementById(\"su_image_carousel_69f1cada3e243_script\");if(su_image_carousel_69f1cada3e243_script){su_image_carousel_69f1cada3e243_script.parentNode.removeChild(su_image_carousel_69f1cada3e243_script);}<\/script>\n<p>Denn in wenigen Wochen ist es soweit: Dann werden in der oberen Pausenhalle bei uns drei bequeme Sofas einziehen \u2013 in einer leuchtend gr\u00fcnen Farbe (nat\u00fcrlich passend zu den St\u00fchlen!) und frei verf\u00fcgbar f\u00fcr alle Sch\u00fcler\/innen des RWG, die es sich in den Pausen und\/oder Freistunden so richtig bequem machen wollen oder aber die in Ruhe einfach einmal entspannt \u201aabh\u00e4ngen\u2018 wollen!<\/p>\n<p>Das habt ihr euch auch redlich verdient \u2013 schlie\u00dflich haben wir es der gesamten Schulfamilie zu verdanken, dass die Pausenhalle in der n\u00e4chsten Zeit St\u00fcck f\u00fcr St\u00fcck gem\u00fctlicher gestaltet werden kann: Finanziert wurden die Sofas n\u00e4mlich von dem Preisgeld, das wir alle am RWG schon einmal durch flei\u00dfiges Abstimmen, eifriges Nummerntippen, unerm\u00fcdliches Werbungmachen im Freundes- und Bekanntenkreis und best\u00e4ndiges Ausharren bis zum Abstimmungsende gewinnen konnten! Dadurch hatten wir letztes Jahr in einer grandiosen Teamleistung fast die doppelte Stimmenanzahl unserer Sch\u00fclerzahl am RWG erzielen k\u00f6nnen und lagen mit mehr als 50 Stimmen vor der zweitplatzierten Schule sogar auf Rang 1\u2026<\/p>\n<p>Wie sieht es also dieses Jahr aus? In einer Neuauflage wollen wir alle zusammen weiter an der Versch\u00f6nerung unseres Lebensraumes am RWG feilen \u2013 seid ihr auch wieder mit dabei?<\/p>\n<p><span style=\"font-size:1.2em\"><strong>Dann mobilisiert JETZT noch Eltern, Geschwister, Freunde, Bekannte und Verwandte \u2013 die ganze Gro\u00dffamilie eben! \u2013 , sprecht in eurem Umfeld eure Nachbarn etc. an \u2013 wenn jeder Einzelne weitere Stimmen f\u00fcr unser RWG sammelt, besteht wieder eine gute Chance auf einen der vorderen Pl\u00e4tze\u2026 und damit die Aussicht auf einen erneuten Gewinn bis zu 4000 Euro!<\/strong><\/span><\/p>\n<p><span style=\"font-size:1.2em\"><strong>Das wollen wir uns doch auch diesmal nicht entgehen lassen, oder?! <\/strong><\/span><\/p>\n<p>Jeder Einzelne von euch kann dabei aktiv werden und einen Beitrag f\u00fcr die Schulfamilie leisten: Mit fast 800 Sch\u00fcler(inne)n an unserem RWG sollten wir doch leicht noch Stimmen sammeln k\u00f6nnen\u2026 und mit dieser Zahl ist leicht eine TOP-five-Platzierung m\u00f6glich \u2013 auf geht\u2019s also.<br \/>\n<span style=\"font-size:1.2em\"><strong>Der Abstimmungszeitraum l\u00e4uft noch bis 30.11.2023, 16 Uhr!<\/strong><\/span><\/p>\n<p>&nbsp;<\/p>\n<p><a href=\"https:\/\/www.sparda-machts-moeglich.de\/projekte\/654f3b0337e595b1783eb9be\" target=\"_blank\" rel=\"noopener noreferrer\"><img decoding=\"async\" src=\"https:\/\/www.rwg-bayreuth.de\/home\/wp-content\/uploads\/2022\/11\/22-23-SpardaMachtsMoeglich.jpg\" alt=\"\" width=\"100%\" height=\"auto\" class=\"aligncenter size-full wp-image-32608 bilderzoom\" style=\"max-width: 600px;\" srcset=\"https:\/\/www.rwg-bayreuth.de\/home\/wp-content\/uploads\/2022\/11\/22-23-SpardaMachtsMoeglich.jpg 1024w, https:\/\/www.rwg-bayreuth.de\/home\/wp-content\/uploads\/2022\/11\/22-23-SpardaMachtsMoeglich-450x178.jpg 450w, https:\/\/www.rwg-bayreuth.de\/home\/wp-content\/uploads\/2022\/11\/22-23-SpardaMachtsMoeglich-150x59.jpg 150w, https:\/\/www.rwg-bayreuth.de\/home\/wp-content\/uploads\/2022\/11\/22-23-SpardaMachtsMoeglich-768x304.jpg 768w, https:\/\/www.rwg-bayreuth.de\/home\/wp-content\/uploads\/2022\/11\/22-23-SpardaMachtsMoeglich-250x99.jpg 250w\" sizes=\"(max-width: 1024px) 100vw, 1024px\" \/><\/a><\/p>\n","protected":false},"excerpt":{"rendered":"<p>Habt ihr euch vielleicht auch schon gefragt, was das Krepp-Band an der Wand in der oberen Pausenhalle zu bedeuten hat?! Nein ?? Dann ist euch allerdings auch nicht aufgefallen, dass wir an dieser Stelle bereits imagin\u00e4ren Platz geschaffen haben: D.h. wir haben schon einmal angedeutet, wie der Raum demn\u00e4chst genau hier aussehen k\u00f6nnte\u2026 und das&hellip;<\/p>\n","protected":false},"author":11,"featured_media":35075,"comment_status":"closed","ping_status":"closed","sticky":false,"template":"","format":"standard","meta":{"footnotes":""},"categories":[1],"tags":[],"_links":{"self":[{"href":"https:\/\/www.rwg-bayreuth.de\/home\/index.php?rest_route=\/wp\/v2\/posts\/35069"}],"collection":[{"href":"https:\/\/www.rwg-bayreuth.de\/home\/index.php?rest_route=\/wp\/v2\/posts"}],"about":[{"href":"https:\/\/www.rwg-bayreuth.de\/home\/index.php?rest_route=\/wp\/v2\/types\/post"}],"author":[{"embeddable":true,"href":"https:\/\/www.rwg-bayreuth.de\/home\/index.php?rest_route=\/wp\/v2\/users\/11"}],"replies":[{"embeddable":true,"href":"https:\/\/www.rwg-bayreuth.de\/home\/index.php?rest_route=%2Fwp%2Fv2%2Fcomments&post=35069"}],"version-history":[{"count":8,"href":"https:\/\/www.rwg-bayreuth.de\/home\/index.php?rest_route=\/wp\/v2\/posts\/35069\/revisions"}],"predecessor-version":[{"id":35106,"href":"https:\/\/www.rwg-bayreuth.de\/home\/index.php?rest_route=\/wp\/v2\/posts\/35069\/revisions\/35106"}],"wp:featuredmedia":[{"embeddable":true,"href":"https:\/\/www.rwg-bayreuth.de\/home\/index.php?rest_route=\/wp\/v2\/media\/35075"}],"wp:attachment":[{"href":"https:\/\/www.rwg-bayreuth.de\/home\/index.php?rest_route=%2Fwp%2Fv2%2Fmedia&parent=35069"}],"wp:term":[{"taxonomy":"category","embeddable":true,"href":"https:\/\/www.rwg-bayreuth.de\/home\/index.php?rest_route=%2Fwp%2Fv2%2Fcategories&post=35069"},{"taxonomy":"post_tag","embeddable":true,"href":"https:\/\/www.rwg-bayreuth.de\/home\/index.php?rest_route=%2Fwp%2Fv2%2Ftags&post=35069"}],"curies":[{"name":"wp","href":"https:\/\/api.w.org\/{rel}","templated":true}]}}