{"id":34962,"date":"2023-10-08T14:31:40","date_gmt":"2023-10-08T12:31:40","guid":{"rendered":"https:\/\/www.rwg-bayreuth.de\/home\/?p=34962"},"modified":"2024-12-08T12:53:45","modified_gmt":"2024-12-08T11:53:45","slug":"andiamo-ragazzi","status":"publish","type":"post","link":"https:\/\/www.rwg-bayreuth.de\/home\/?p=34962","title":{"rendered":"&#8218;Andiamo ragazzi!&#8216;"},"content":{"rendered":"<p>Dieser Ausruf war ein st\u00e4ndiger Begleiter beim Sch\u00fcleraustausch nach La Spezia. \u2013 Also, auf geht\u2019s Leute!<\/p>\n<p><a href=\"https:\/\/www.rwg-bayreuth.de\/home\/wp-content\/uploads\/2023\/11\/23-24-Austausch-LaSpezia-10.jpg\"><img loading=\"lazy\" decoding=\"async\" src=\"https:\/\/www.rwg-bayreuth.de\/home\/wp-content\/uploads\/2023\/11\/23-24-Austausch-LaSpezia-10.jpg\" alt=\"\" width=\"1024\" height=\"547\" class=\"aligncenter size-full wp-image-34963 crop21\" srcset=\"https:\/\/www.rwg-bayreuth.de\/home\/wp-content\/uploads\/2023\/11\/23-24-Austausch-LaSpezia-10.jpg 1024w, https:\/\/www.rwg-bayreuth.de\/home\/wp-content\/uploads\/2023\/11\/23-24-Austausch-LaSpezia-10-450x240.jpg 450w, https:\/\/www.rwg-bayreuth.de\/home\/wp-content\/uploads\/2023\/11\/23-24-Austausch-LaSpezia-10-150x80.jpg 150w, https:\/\/www.rwg-bayreuth.de\/home\/wp-content\/uploads\/2023\/11\/23-24-Austausch-LaSpezia-10-768x410.jpg 768w, https:\/\/www.rwg-bayreuth.de\/home\/wp-content\/uploads\/2023\/11\/23-24-Austausch-LaSpezia-10-250x134.jpg 250w\" sizes=\"(max-width: 1024px) 100vw, 1024px\" \/><\/a><\/p>\n<p>Am 30.09.2023 machten sich die 19 Sch\u00fcler und Sch\u00fclerinnen der 10. Klassen des RWG mit dem Bus auf nach La Spezia, die italienische Partnerstadt Bayreuths.<br \/>\nAn diesem Samstagabend, nach 14 Stunden Fahrt (auf der bei jedem Tunnel lautstark gesungen wurde), waren alle wahnsinnig aufgeregt, als sie dann endlich ihre Austauschpartner kennenlernen durften.<br \/>\nAm ersten gemeinsamen Tag durfte jeder mit seinem Partner selbst entscheiden, wie er\/sie die Zeit verbringen wollte. Ein paar zog es nach Pisa, andere wiederum nach Genova.<\/p>\n<p>Der Montag dann fing wie ein ganz normaler Schultag der Italiener an, denn wir durften sie in die Schule begleiten und ein paar Unterrichtsstunden auf Italienisch miterleben, bevor uns die Schuldirektorin bei einem ausgiebigen Buffet begr\u00fc\u00dfte. Anschlie\u00dfend erhielten wir eine kurze Tour durch die wundersch\u00f6ne Stadt und das Rathaus von La Spezia, in dem wir dann auch vom B\u00fcrgermeister willkommen gehei\u00dfen wurden. <\/p>\n<p>Dienstag war der wahrscheinlich aufregendste Tag, denn es ging mit dem Bus nach Florenz, eine der sch\u00f6nsten St\u00e4dte Italiens, die ihrem Namen alle Ehre macht. Wir besichtigten den Dom, eindrucksvolle Geb\u00e4ude, die Statue Davids und nat\u00fcrlich die Ponte Vecchio. Nach einer kurzen Shoppingtour betrat unsere Gruppe zum Abschluss dann noch die wahrscheinlich \u00e4lteste Apotheke der Welt, die nun eine Parf\u00fcmerie ist &#8211; schade, dass man Ger\u00fcche nicht fotografieren kann. <\/p>\n<p>Nach einem weiteren Besuch der Schule ging es am Mittwoch weiter zum &#8218;museo della resistenza&#8216;, wo wir einen spannenden Vortag \u00fcber den Widerstand Italiens im 2. Weltkrieg h\u00f6rten. Sp\u00e4ter ging es mit dem Boot nach Portovenere, einem Hafen, wo wir, trotz wenig Zeit, eine grandiose Aussicht genie\u00dfen durften.<\/p>\n<p>Donnerstag, der letzte Tag unseres Austauschs, war eine Zugfahrt, die sich schon wie ein Klassenausflug anf\u00fchlte, in die Cinque Terre. Im ersten Dorf Manarola bestritten wir eine kleine Wanderung mit fantastischem Ausblick \u00fcber die bunten H\u00e4user, die in der Sonne strahlten. Weiter nach Vernazza und Monterosso, hier wurden noch die letzten Souvenirs und Andenken gekauft. Der letzte Abend wurde nat\u00fcrlich mit typisch italienischem Essen gefeiert. <\/p>\n<p>Mit einigen Tr\u00e4nen und aber vielen neuen Freundschaften traten wir am Freitagmorgen die Heimreise an. Wir haben viel gelernt &#8211; auch italienische Phrasen und Schimpfw\u00f6rter \ud83d\ude09 &#8211; und freuen uns schon auf den Besuch der Spezzini in Bayreuth.<\/p>\n<p><em>Jule Christ, 10d<\/em><\/p>\n<div class=\"su-image-carousel  clear su-image-carousel-columns-3 su-image-carousel-has-spacing su-image-carousel-crop su-image-carousel-crop-5-4 su-image-carousel-has-lightbox su-image-carousel-has-outline su-image-carousel-slides-style-minimal su-image-carousel-controls-style-light su-image-carousel-align-center\" style=\"\" data-flickity-options='{\"groupCells\":true,\"cellSelector\":\".su-image-carousel-item\",\"adaptiveHeight\":false,\"cellAlign\":\"left\",\"prevNextButtons\":true,\"pageDots\":false,\"autoPlay\":4000,\"imagesLoaded\":true,\"contain\":true,\"selectedAttraction\":0.025000000000000001,\"friction\":0.28000000000000003}' id=\"su_image_carousel_69f1b22132989\"><div class=\"su-image-carousel-item\"><div class=\"su-image-carousel-item-content\"><a href=\"https:\/\/www.rwg-bayreuth.de\/home\/wp-content\/uploads\/2023\/11\/23-24-Austausch-LaSpezia-1.jpg\" data-caption=\"\"><img loading=\"lazy\" decoding=\"async\" width=\"1024\" height=\"768\" src=\"https:\/\/www.rwg-bayreuth.de\/home\/wp-content\/uploads\/2023\/11\/23-24-Austausch-LaSpezia-1.jpg\" class=\"\" alt=\"\" srcset=\"https:\/\/www.rwg-bayreuth.de\/home\/wp-content\/uploads\/2023\/11\/23-24-Austausch-LaSpezia-1.jpg 1024w, https:\/\/www.rwg-bayreuth.de\/home\/wp-content\/uploads\/2023\/11\/23-24-Austausch-LaSpezia-1-450x338.jpg 450w, https:\/\/www.rwg-bayreuth.de\/home\/wp-content\/uploads\/2023\/11\/23-24-Austausch-LaSpezia-1-150x113.jpg 150w, https:\/\/www.rwg-bayreuth.de\/home\/wp-content\/uploads\/2023\/11\/23-24-Austausch-LaSpezia-1-768x576.jpg 768w, https:\/\/www.rwg-bayreuth.de\/home\/wp-content\/uploads\/2023\/11\/23-24-Austausch-LaSpezia-1-250x188.jpg 250w\" sizes=\"(max-width: 1024px) 100vw, 1024px\" \/><\/a><\/div><\/div><div class=\"su-image-carousel-item\"><div class=\"su-image-carousel-item-content\"><a href=\"https:\/\/www.rwg-bayreuth.de\/home\/wp-content\/uploads\/2023\/11\/23-24-Austausch-LaSpezia-2.jpg\" data-caption=\"\"><img loading=\"lazy\" decoding=\"async\" width=\"1024\" height=\"768\" src=\"https:\/\/www.rwg-bayreuth.de\/home\/wp-content\/uploads\/2023\/11\/23-24-Austausch-LaSpezia-2.jpg\" class=\"\" alt=\"\" srcset=\"https:\/\/www.rwg-bayreuth.de\/home\/wp-content\/uploads\/2023\/11\/23-24-Austausch-LaSpezia-2.jpg 1024w, https:\/\/www.rwg-bayreuth.de\/home\/wp-content\/uploads\/2023\/11\/23-24-Austausch-LaSpezia-2-450x338.jpg 450w, https:\/\/www.rwg-bayreuth.de\/home\/wp-content\/uploads\/2023\/11\/23-24-Austausch-LaSpezia-2-150x113.jpg 150w, https:\/\/www.rwg-bayreuth.de\/home\/wp-content\/uploads\/2023\/11\/23-24-Austausch-LaSpezia-2-768x576.jpg 768w, https:\/\/www.rwg-bayreuth.de\/home\/wp-content\/uploads\/2023\/11\/23-24-Austausch-LaSpezia-2-250x188.jpg 250w\" sizes=\"(max-width: 1024px) 100vw, 1024px\" \/><\/a><\/div><\/div><div class=\"su-image-carousel-item\"><div class=\"su-image-carousel-item-content\"><a href=\"https:\/\/www.rwg-bayreuth.de\/home\/wp-content\/uploads\/2023\/11\/23-24-Austausch-LaSpezia-3.jpg\" data-caption=\"\"><img loading=\"lazy\" decoding=\"async\" width=\"1024\" height=\"768\" src=\"https:\/\/www.rwg-bayreuth.de\/home\/wp-content\/uploads\/2023\/11\/23-24-Austausch-LaSpezia-3.jpg\" class=\"\" alt=\"\" srcset=\"https:\/\/www.rwg-bayreuth.de\/home\/wp-content\/uploads\/2023\/11\/23-24-Austausch-LaSpezia-3.jpg 1024w, https:\/\/www.rwg-bayreuth.de\/home\/wp-content\/uploads\/2023\/11\/23-24-Austausch-LaSpezia-3-450x338.jpg 450w, https:\/\/www.rwg-bayreuth.de\/home\/wp-content\/uploads\/2023\/11\/23-24-Austausch-LaSpezia-3-150x113.jpg 150w, https:\/\/www.rwg-bayreuth.de\/home\/wp-content\/uploads\/2023\/11\/23-24-Austausch-LaSpezia-3-768x576.jpg 768w, https:\/\/www.rwg-bayreuth.de\/home\/wp-content\/uploads\/2023\/11\/23-24-Austausch-LaSpezia-3-250x188.jpg 250w\" sizes=\"(max-width: 1024px) 100vw, 1024px\" \/><\/a><\/div><\/div><div class=\"su-image-carousel-item\"><div class=\"su-image-carousel-item-content\"><a href=\"https:\/\/www.rwg-bayreuth.de\/home\/wp-content\/uploads\/2023\/11\/23-24-Austausch-LaSpezia-4.jpg\" data-caption=\"\"><img loading=\"lazy\" decoding=\"async\" width=\"768\" height=\"1024\" src=\"https:\/\/www.rwg-bayreuth.de\/home\/wp-content\/uploads\/2023\/11\/23-24-Austausch-LaSpezia-4.jpg\" class=\"\" alt=\"\" srcset=\"https:\/\/www.rwg-bayreuth.de\/home\/wp-content\/uploads\/2023\/11\/23-24-Austausch-LaSpezia-4.jpg 768w, https:\/\/www.rwg-bayreuth.de\/home\/wp-content\/uploads\/2023\/11\/23-24-Austausch-LaSpezia-4-338x450.jpg 338w, https:\/\/www.rwg-bayreuth.de\/home\/wp-content\/uploads\/2023\/11\/23-24-Austausch-LaSpezia-4-113x150.jpg 113w, https:\/\/www.rwg-bayreuth.de\/home\/wp-content\/uploads\/2023\/11\/23-24-Austausch-LaSpezia-4-250x333.jpg 250w\" sizes=\"(max-width: 768px) 100vw, 768px\" \/><\/a><\/div><\/div><div class=\"su-image-carousel-item\"><div class=\"su-image-carousel-item-content\"><a href=\"https:\/\/www.rwg-bayreuth.de\/home\/wp-content\/uploads\/2023\/11\/23-24-Austausch-LaSpezia-5.jpg\" data-caption=\"\"><img loading=\"lazy\" decoding=\"async\" width=\"768\" height=\"1024\" src=\"https:\/\/www.rwg-bayreuth.de\/home\/wp-content\/uploads\/2023\/11\/23-24-Austausch-LaSpezia-5.jpg\" class=\"\" alt=\"\" srcset=\"https:\/\/www.rwg-bayreuth.de\/home\/wp-content\/uploads\/2023\/11\/23-24-Austausch-LaSpezia-5.jpg 768w, https:\/\/www.rwg-bayreuth.de\/home\/wp-content\/uploads\/2023\/11\/23-24-Austausch-LaSpezia-5-338x450.jpg 338w, https:\/\/www.rwg-bayreuth.de\/home\/wp-content\/uploads\/2023\/11\/23-24-Austausch-LaSpezia-5-113x150.jpg 113w, https:\/\/www.rwg-bayreuth.de\/home\/wp-content\/uploads\/2023\/11\/23-24-Austausch-LaSpezia-5-250x333.jpg 250w\" sizes=\"(max-width: 768px) 100vw, 768px\" \/><\/a><\/div><\/div><div class=\"su-image-carousel-item\"><div class=\"su-image-carousel-item-content\"><a href=\"https:\/\/www.rwg-bayreuth.de\/home\/wp-content\/uploads\/2023\/11\/23-24-Austausch-LaSpezia-6.jpg\" data-caption=\"\"><img loading=\"lazy\" decoding=\"async\" width=\"1024\" height=\"768\" src=\"https:\/\/www.rwg-bayreuth.de\/home\/wp-content\/uploads\/2023\/11\/23-24-Austausch-LaSpezia-6.jpg\" class=\"\" alt=\"\" srcset=\"https:\/\/www.rwg-bayreuth.de\/home\/wp-content\/uploads\/2023\/11\/23-24-Austausch-LaSpezia-6.jpg 1024w, https:\/\/www.rwg-bayreuth.de\/home\/wp-content\/uploads\/2023\/11\/23-24-Austausch-LaSpezia-6-450x338.jpg 450w, https:\/\/www.rwg-bayreuth.de\/home\/wp-content\/uploads\/2023\/11\/23-24-Austausch-LaSpezia-6-150x113.jpg 150w, https:\/\/www.rwg-bayreuth.de\/home\/wp-content\/uploads\/2023\/11\/23-24-Austausch-LaSpezia-6-768x576.jpg 768w, https:\/\/www.rwg-bayreuth.de\/home\/wp-content\/uploads\/2023\/11\/23-24-Austausch-LaSpezia-6-250x188.jpg 250w\" sizes=\"(max-width: 1024px) 100vw, 1024px\" \/><\/a><\/div><\/div><div class=\"su-image-carousel-item\"><div class=\"su-image-carousel-item-content\"><a href=\"https:\/\/www.rwg-bayreuth.de\/home\/wp-content\/uploads\/2023\/11\/23-24-Austausch-LaSpezia-7.jpg\" data-caption=\"\"><img loading=\"lazy\" decoding=\"async\" width=\"1024\" height=\"768\" src=\"https:\/\/www.rwg-bayreuth.de\/home\/wp-content\/uploads\/2023\/11\/23-24-Austausch-LaSpezia-7.jpg\" class=\"\" alt=\"\" srcset=\"https:\/\/www.rwg-bayreuth.de\/home\/wp-content\/uploads\/2023\/11\/23-24-Austausch-LaSpezia-7.jpg 1024w, https:\/\/www.rwg-bayreuth.de\/home\/wp-content\/uploads\/2023\/11\/23-24-Austausch-LaSpezia-7-450x338.jpg 450w, https:\/\/www.rwg-bayreuth.de\/home\/wp-content\/uploads\/2023\/11\/23-24-Austausch-LaSpezia-7-150x113.jpg 150w, https:\/\/www.rwg-bayreuth.de\/home\/wp-content\/uploads\/2023\/11\/23-24-Austausch-LaSpezia-7-768x576.jpg 768w, https:\/\/www.rwg-bayreuth.de\/home\/wp-content\/uploads\/2023\/11\/23-24-Austausch-LaSpezia-7-250x188.jpg 250w\" sizes=\"(max-width: 1024px) 100vw, 1024px\" \/><\/a><\/div><\/div><div class=\"su-image-carousel-item\"><div class=\"su-image-carousel-item-content\"><a href=\"https:\/\/www.rwg-bayreuth.de\/home\/wp-content\/uploads\/2023\/11\/23-24-Austausch-LaSpezia-8.jpg\" data-caption=\"\"><img loading=\"lazy\" decoding=\"async\" width=\"768\" height=\"1024\" src=\"https:\/\/www.rwg-bayreuth.de\/home\/wp-content\/uploads\/2023\/11\/23-24-Austausch-LaSpezia-8.jpg\" class=\"\" alt=\"\" srcset=\"https:\/\/www.rwg-bayreuth.de\/home\/wp-content\/uploads\/2023\/11\/23-24-Austausch-LaSpezia-8.jpg 768w, https:\/\/www.rwg-bayreuth.de\/home\/wp-content\/uploads\/2023\/11\/23-24-Austausch-LaSpezia-8-338x450.jpg 338w, https:\/\/www.rwg-bayreuth.de\/home\/wp-content\/uploads\/2023\/11\/23-24-Austausch-LaSpezia-8-113x150.jpg 113w, https:\/\/www.rwg-bayreuth.de\/home\/wp-content\/uploads\/2023\/11\/23-24-Austausch-LaSpezia-8-250x333.jpg 250w\" sizes=\"(max-width: 768px) 100vw, 768px\" \/><\/a><\/div><\/div><div class=\"su-image-carousel-item\"><div class=\"su-image-carousel-item-content\"><a href=\"https:\/\/www.rwg-bayreuth.de\/home\/wp-content\/uploads\/2023\/11\/23-24-Austausch-LaSpezia-9.jpg\" data-caption=\"\"><img loading=\"lazy\" decoding=\"async\" width=\"768\" height=\"1024\" src=\"https:\/\/www.rwg-bayreuth.de\/home\/wp-content\/uploads\/2023\/11\/23-24-Austausch-LaSpezia-9.jpg\" class=\"\" alt=\"\" srcset=\"https:\/\/www.rwg-bayreuth.de\/home\/wp-content\/uploads\/2023\/11\/23-24-Austausch-LaSpezia-9.jpg 768w, https:\/\/www.rwg-bayreuth.de\/home\/wp-content\/uploads\/2023\/11\/23-24-Austausch-LaSpezia-9-338x450.jpg 338w, https:\/\/www.rwg-bayreuth.de\/home\/wp-content\/uploads\/2023\/11\/23-24-Austausch-LaSpezia-9-113x150.jpg 113w, https:\/\/www.rwg-bayreuth.de\/home\/wp-content\/uploads\/2023\/11\/23-24-Austausch-LaSpezia-9-250x333.jpg 250w\" sizes=\"(max-width: 768px) 100vw, 768px\" \/><\/a><\/div><\/div><\/div><script id=\"su_image_carousel_69f1b22132989_script\">if(window.SUImageCarousel){setTimeout(function() {window.SUImageCarousel.initGallery(document.getElementById(\"su_image_carousel_69f1b22132989\"))}, 0);}var su_image_carousel_69f1b22132989_script=document.getElementById(\"su_image_carousel_69f1b22132989_script\");if(su_image_carousel_69f1b22132989_script){su_image_carousel_69f1b22132989_script.parentNode.removeChild(su_image_carousel_69f1b22132989_script);}<\/script>\n","protected":false},"excerpt":{"rendered":"<p>Dieser Ausruf war ein st\u00e4ndiger Begleiter beim Sch\u00fcleraustausch nach La Spezia. \u2013 Also, auf geht\u2019s Leute! Am 30.09.2023 machten sich die 19 Sch\u00fcler und Sch\u00fclerinnen der 10. Klassen des RWG mit dem Bus auf nach La Spezia, die italienische Partnerstadt Bayreuths. An diesem Samstagabend, nach 14 Stunden Fahrt (auf der bei jedem Tunnel lautstark gesungen&hellip;<\/p>\n","protected":false},"author":11,"featured_media":34975,"comment_status":"closed","ping_status":"closed","sticky":false,"template":"","format":"standard","meta":{"footnotes":""},"categories":[1],"tags":[68,51,69],"_links":{"self":[{"href":"https:\/\/www.rwg-bayreuth.de\/home\/index.php?rest_route=\/wp\/v2\/posts\/34962"}],"collection":[{"href":"https:\/\/www.rwg-bayreuth.de\/home\/index.php?rest_route=\/wp\/v2\/posts"}],"about":[{"href":"https:\/\/www.rwg-bayreuth.de\/home\/index.php?rest_route=\/wp\/v2\/types\/post"}],"author":[{"embeddable":true,"href":"https:\/\/www.rwg-bayreuth.de\/home\/index.php?rest_route=\/wp\/v2\/users\/11"}],"replies":[{"embeddable":true,"href":"https:\/\/www.rwg-bayreuth.de\/home\/index.php?rest_route=%2Fwp%2Fv2%2Fcomments&post=34962"}],"version-history":[{"count":7,"href":"https:\/\/www.rwg-bayreuth.de\/home\/index.php?rest_route=\/wp\/v2\/posts\/34962\/revisions"}],"predecessor-version":[{"id":37542,"href":"https:\/\/www.rwg-bayreuth.de\/home\/index.php?rest_route=\/wp\/v2\/posts\/34962\/revisions\/37542"}],"wp:featuredmedia":[{"embeddable":true,"href":"https:\/\/www.rwg-bayreuth.de\/home\/index.php?rest_route=\/wp\/v2\/media\/34975"}],"wp:attachment":[{"href":"https:\/\/www.rwg-bayreuth.de\/home\/index.php?rest_route=%2Fwp%2Fv2%2Fmedia&parent=34962"}],"wp:term":[{"taxonomy":"category","embeddable":true,"href":"https:\/\/www.rwg-bayreuth.de\/home\/index.php?rest_route=%2Fwp%2Fv2%2Fcategories&post=34962"},{"taxonomy":"post_tag","embeddable":true,"href":"https:\/\/www.rwg-bayreuth.de\/home\/index.php?rest_route=%2Fwp%2Fv2%2Ftags&post=34962"}],"curies":[{"name":"wp","href":"https:\/\/api.w.org\/{rel}","templated":true}]}}