{"id":34797,"date":"2023-10-19T05:54:31","date_gmt":"2023-10-19T03:54:31","guid":{"rendered":"https:\/\/www.rwg-bayreuth.de\/home\/?p=34797"},"modified":"2024-12-08T12:48:12","modified_gmt":"2024-12-08T11:48:12","slug":"mit-dem-mountainbike-durchs-fichtelgebirge","status":"publish","type":"post","link":"https:\/\/www.rwg-bayreuth.de\/home\/?p=34797","title":{"rendered":"Mit dem Mountainbike durchs Fichtelgebirge"},"content":{"rendered":"<p><a href=\"https:\/\/www.rwg-bayreuth.de\/home\/wp-content\/uploads\/2023\/10\/23-24-P-SeminarMTB-Fichtelgebirge-B.jpg\"><img decoding=\"async\" src=\"https:\/\/www.rwg-bayreuth.de\/home\/wp-content\/uploads\/2023\/10\/23-24-P-SeminarMTB-Fichtelgebirge-B.jpg\" alt=\"\" width=\"1024\" height=\"auto\" class=\"aligncenter size-medium wp-image-34800 crop21\" srcset=\"https:\/\/www.rwg-bayreuth.de\/home\/wp-content\/uploads\/2023\/10\/23-24-P-SeminarMTB-Fichtelgebirge-B.jpg 1024w, https:\/\/www.rwg-bayreuth.de\/home\/wp-content\/uploads\/2023\/10\/23-24-P-SeminarMTB-Fichtelgebirge-B-450x300.jpg 450w, https:\/\/www.rwg-bayreuth.de\/home\/wp-content\/uploads\/2023\/10\/23-24-P-SeminarMTB-Fichtelgebirge-B-150x100.jpg 150w, https:\/\/www.rwg-bayreuth.de\/home\/wp-content\/uploads\/2023\/10\/23-24-P-SeminarMTB-Fichtelgebirge-B-768x512.jpg 768w, https:\/\/www.rwg-bayreuth.de\/home\/wp-content\/uploads\/2023\/10\/23-24-P-SeminarMTB-Fichtelgebirge-B-250x167.jpg 250w, https:\/\/www.rwg-bayreuth.de\/home\/wp-content\/uploads\/2023\/10\/23-24-P-SeminarMTB-Fichtelgebirge-B-900x600.jpg 900w\" sizes=\"(max-width: 1024px) 100vw, 1024px\" \/><\/a><\/p>\n<p>\u201eHaben alle ihr Gep\u00e4ck verladen? Hat jeder genug zu Trinken dabei? \u2026Na dann, auf geht\u2019s!\u201c \u2013 So startete das P-Seminar Mountainbike letzten Donnerstagnachmittag auf ihren Bikes in Richtung Fleckl am Ochsenkopf. <\/p>\n<p>Zum Abschluss der Projektphase ging es f\u00fcr 7 von 10 Sch\u00fcler*innen des Seminars zusammen mit dem Seminarlehrer Herrn Bauer in Begleitung von Herrn Str\u00f6hla auf eine mehrt\u00e4gige Tour durchs Fichtelgebirge mit Quartier im Bullhead House in Fleckl. <\/p>\n<p>Trotz Ersch\u00f6pfung vom anstrengenden Schultag wurde die lange und stetig ansteigende Anfahrt vom RWG, \u00fcber Weidenberg und Warmensteinach bis nach Fleckl gemeistert und somit die erste Etappe erfolgreich bew\u00e4ltigt. <\/p>\n<p>Am Freitagmorgen machten wir uns &#8211; m\u00fcde vom langen Abend mit hitzigen politischen Diskussionen &#8211; bei stolzen 9 Grad auf in den Bikepark, um an unserer Fahrtechnik zu feilen. Danach f\u00fchrte uns Jakob auf einer abwechslungsreichen und ansprechenden Route \u00fcber die Trails des Fichtelgebirges. Zun\u00e4chst ging es hoch auf den Ochsenkopf, dann zu Wei\u00dfmainfelsen &#038; -quelle und nach ausgiebiger Pause am Seehaus \u00fcber den Fichtelsee zur\u00fcck zur Unterkunft. Dort stie\u00dfen die restlichen Sch\u00fcler*innen des Seminars, die leider nicht mitfahren konnten, zu uns, um einen gem\u00fctlichen letzten Abend mit uns zu verbringen. <\/p>\n<p>Den Abschluss unserer Exkursion bildete eine intensive Tour am Samstagvormittag, bei der Harvesterspuren unsere Fahrtechnik wiederholt herausforderten. Anschlie\u00dfend verabschiedeten wir uns ersch\u00f6pft ins wohlverdiente Wochenende. <\/p>\n<div class=\"su-image-carousel  clear su-image-carousel-columns-3 su-image-carousel-has-spacing su-image-carousel-crop su-image-carousel-crop-5-4 su-image-carousel-has-lightbox su-image-carousel-has-outline su-image-carousel-slides-style-minimal su-image-carousel-controls-style-light su-image-carousel-align-center\" style=\"\" data-flickity-options='{\"groupCells\":true,\"cellSelector\":\".su-image-carousel-item\",\"adaptiveHeight\":false,\"cellAlign\":\"left\",\"prevNextButtons\":true,\"pageDots\":false,\"autoPlay\":4000,\"imagesLoaded\":true,\"contain\":true,\"selectedAttraction\":0.025000000000000001,\"friction\":0.28000000000000003}' id=\"su_image_carousel_69f1b24eb9e59\"><div class=\"su-image-carousel-item\"><div class=\"su-image-carousel-item-content\"><a href=\"https:\/\/www.rwg-bayreuth.de\/home\/wp-content\/uploads\/2023\/10\/23-24-P-SeminarMTB-Fichtelgebirge-1.jpg\" data-caption=\"\"><img loading=\"lazy\" decoding=\"async\" width=\"770\" height=\"1024\" src=\"https:\/\/www.rwg-bayreuth.de\/home\/wp-content\/uploads\/2023\/10\/23-24-P-SeminarMTB-Fichtelgebirge-1.jpg\" class=\"\" alt=\"\" srcset=\"https:\/\/www.rwg-bayreuth.de\/home\/wp-content\/uploads\/2023\/10\/23-24-P-SeminarMTB-Fichtelgebirge-1.jpg 770w, https:\/\/www.rwg-bayreuth.de\/home\/wp-content\/uploads\/2023\/10\/23-24-P-SeminarMTB-Fichtelgebirge-1-338x450.jpg 338w, https:\/\/www.rwg-bayreuth.de\/home\/wp-content\/uploads\/2023\/10\/23-24-P-SeminarMTB-Fichtelgebirge-1-113x150.jpg 113w, https:\/\/www.rwg-bayreuth.de\/home\/wp-content\/uploads\/2023\/10\/23-24-P-SeminarMTB-Fichtelgebirge-1-768x1021.jpg 768w, https:\/\/www.rwg-bayreuth.de\/home\/wp-content\/uploads\/2023\/10\/23-24-P-SeminarMTB-Fichtelgebirge-1-250x332.jpg 250w\" sizes=\"(max-width: 770px) 100vw, 770px\" \/><\/a><\/div><\/div><div class=\"su-image-carousel-item\"><div class=\"su-image-carousel-item-content\"><a href=\"https:\/\/www.rwg-bayreuth.de\/home\/wp-content\/uploads\/2023\/10\/23-24-P-SeminarMTB-Fichtelgebirge-2.jpg\" data-caption=\"\"><img loading=\"lazy\" decoding=\"async\" width=\"1024\" height=\"708\" src=\"https:\/\/www.rwg-bayreuth.de\/home\/wp-content\/uploads\/2023\/10\/23-24-P-SeminarMTB-Fichtelgebirge-2.jpg\" class=\"\" alt=\"\" srcset=\"https:\/\/www.rwg-bayreuth.de\/home\/wp-content\/uploads\/2023\/10\/23-24-P-SeminarMTB-Fichtelgebirge-2.jpg 1024w, https:\/\/www.rwg-bayreuth.de\/home\/wp-content\/uploads\/2023\/10\/23-24-P-SeminarMTB-Fichtelgebirge-2-450x311.jpg 450w, https:\/\/www.rwg-bayreuth.de\/home\/wp-content\/uploads\/2023\/10\/23-24-P-SeminarMTB-Fichtelgebirge-2-150x104.jpg 150w, https:\/\/www.rwg-bayreuth.de\/home\/wp-content\/uploads\/2023\/10\/23-24-P-SeminarMTB-Fichtelgebirge-2-768x531.jpg 768w, https:\/\/www.rwg-bayreuth.de\/home\/wp-content\/uploads\/2023\/10\/23-24-P-SeminarMTB-Fichtelgebirge-2-250x173.jpg 250w\" sizes=\"(max-width: 1024px) 100vw, 1024px\" \/><\/a><\/div><\/div><div class=\"su-image-carousel-item\"><div class=\"su-image-carousel-item-content\"><a href=\"https:\/\/www.rwg-bayreuth.de\/home\/wp-content\/uploads\/2023\/10\/23-24-P-SeminarMTB-Fichtelgebirge-3.jpg\" data-caption=\"\"><img loading=\"lazy\" decoding=\"async\" width=\"1024\" height=\"769\" src=\"https:\/\/www.rwg-bayreuth.de\/home\/wp-content\/uploads\/2023\/10\/23-24-P-SeminarMTB-Fichtelgebirge-3.jpg\" class=\"\" alt=\"\" srcset=\"https:\/\/www.rwg-bayreuth.de\/home\/wp-content\/uploads\/2023\/10\/23-24-P-SeminarMTB-Fichtelgebirge-3.jpg 1024w, https:\/\/www.rwg-bayreuth.de\/home\/wp-content\/uploads\/2023\/10\/23-24-P-SeminarMTB-Fichtelgebirge-3-450x338.jpg 450w, https:\/\/www.rwg-bayreuth.de\/home\/wp-content\/uploads\/2023\/10\/23-24-P-SeminarMTB-Fichtelgebirge-3-150x113.jpg 150w, https:\/\/www.rwg-bayreuth.de\/home\/wp-content\/uploads\/2023\/10\/23-24-P-SeminarMTB-Fichtelgebirge-3-768x577.jpg 768w, https:\/\/www.rwg-bayreuth.de\/home\/wp-content\/uploads\/2023\/10\/23-24-P-SeminarMTB-Fichtelgebirge-3-250x188.jpg 250w\" sizes=\"(max-width: 1024px) 100vw, 1024px\" \/><\/a><\/div><\/div><div class=\"su-image-carousel-item\"><div class=\"su-image-carousel-item-content\"><a href=\"https:\/\/www.rwg-bayreuth.de\/home\/wp-content\/uploads\/2023\/10\/23-24-P-SeminarMTB-Fichtelgebirge-4.jpg\" data-caption=\"\"><img loading=\"lazy\" decoding=\"async\" width=\"770\" height=\"1024\" src=\"https:\/\/www.rwg-bayreuth.de\/home\/wp-content\/uploads\/2023\/10\/23-24-P-SeminarMTB-Fichtelgebirge-4.jpg\" class=\"\" alt=\"\" srcset=\"https:\/\/www.rwg-bayreuth.de\/home\/wp-content\/uploads\/2023\/10\/23-24-P-SeminarMTB-Fichtelgebirge-4.jpg 770w, https:\/\/www.rwg-bayreuth.de\/home\/wp-content\/uploads\/2023\/10\/23-24-P-SeminarMTB-Fichtelgebirge-4-338x450.jpg 338w, https:\/\/www.rwg-bayreuth.de\/home\/wp-content\/uploads\/2023\/10\/23-24-P-SeminarMTB-Fichtelgebirge-4-113x150.jpg 113w, https:\/\/www.rwg-bayreuth.de\/home\/wp-content\/uploads\/2023\/10\/23-24-P-SeminarMTB-Fichtelgebirge-4-768x1021.jpg 768w, https:\/\/www.rwg-bayreuth.de\/home\/wp-content\/uploads\/2023\/10\/23-24-P-SeminarMTB-Fichtelgebirge-4-250x332.jpg 250w\" sizes=\"(max-width: 770px) 100vw, 770px\" \/><\/a><\/div><\/div><div class=\"su-image-carousel-item\"><div class=\"su-image-carousel-item-content\"><a href=\"https:\/\/www.rwg-bayreuth.de\/home\/wp-content\/uploads\/2023\/10\/23-24-P-SeminarMTB-Fichtelgebirge-5.jpg\" data-caption=\"\"><img loading=\"lazy\" decoding=\"async\" width=\"1024\" height=\"768\" src=\"https:\/\/www.rwg-bayreuth.de\/home\/wp-content\/uploads\/2023\/10\/23-24-P-SeminarMTB-Fichtelgebirge-5.jpg\" class=\"\" alt=\"\" srcset=\"https:\/\/www.rwg-bayreuth.de\/home\/wp-content\/uploads\/2023\/10\/23-24-P-SeminarMTB-Fichtelgebirge-5.jpg 1024w, https:\/\/www.rwg-bayreuth.de\/home\/wp-content\/uploads\/2023\/10\/23-24-P-SeminarMTB-Fichtelgebirge-5-450x338.jpg 450w, https:\/\/www.rwg-bayreuth.de\/home\/wp-content\/uploads\/2023\/10\/23-24-P-SeminarMTB-Fichtelgebirge-5-150x113.jpg 150w, https:\/\/www.rwg-bayreuth.de\/home\/wp-content\/uploads\/2023\/10\/23-24-P-SeminarMTB-Fichtelgebirge-5-768x576.jpg 768w, https:\/\/www.rwg-bayreuth.de\/home\/wp-content\/uploads\/2023\/10\/23-24-P-SeminarMTB-Fichtelgebirge-5-250x188.jpg 250w\" sizes=\"(max-width: 1024px) 100vw, 1024px\" \/><\/a><\/div><\/div><div class=\"su-image-carousel-item\"><div class=\"su-image-carousel-item-content\"><a href=\"https:\/\/www.rwg-bayreuth.de\/home\/wp-content\/uploads\/2023\/10\/23-24-P-SeminarMTB-Fichtelgebirge-6.jpg\" data-caption=\"\"><img loading=\"lazy\" decoding=\"async\" width=\"1024\" height=\"768\" src=\"https:\/\/www.rwg-bayreuth.de\/home\/wp-content\/uploads\/2023\/10\/23-24-P-SeminarMTB-Fichtelgebirge-6.jpg\" class=\"\" alt=\"\" srcset=\"https:\/\/www.rwg-bayreuth.de\/home\/wp-content\/uploads\/2023\/10\/23-24-P-SeminarMTB-Fichtelgebirge-6.jpg 1024w, https:\/\/www.rwg-bayreuth.de\/home\/wp-content\/uploads\/2023\/10\/23-24-P-SeminarMTB-Fichtelgebirge-6-450x338.jpg 450w, https:\/\/www.rwg-bayreuth.de\/home\/wp-content\/uploads\/2023\/10\/23-24-P-SeminarMTB-Fichtelgebirge-6-150x113.jpg 150w, https:\/\/www.rwg-bayreuth.de\/home\/wp-content\/uploads\/2023\/10\/23-24-P-SeminarMTB-Fichtelgebirge-6-768x576.jpg 768w, https:\/\/www.rwg-bayreuth.de\/home\/wp-content\/uploads\/2023\/10\/23-24-P-SeminarMTB-Fichtelgebirge-6-250x188.jpg 250w\" sizes=\"(max-width: 1024px) 100vw, 1024px\" \/><\/a><\/div><\/div><div class=\"su-image-carousel-item\"><div class=\"su-image-carousel-item-content\"><a href=\"https:\/\/www.rwg-bayreuth.de\/home\/wp-content\/uploads\/2023\/10\/23-24-P-SeminarMTB-Fichtelgebirge-7.jpg\" data-caption=\"\"><img loading=\"lazy\" decoding=\"async\" width=\"768\" height=\"1024\" src=\"https:\/\/www.rwg-bayreuth.de\/home\/wp-content\/uploads\/2023\/10\/23-24-P-SeminarMTB-Fichtelgebirge-7.jpg\" class=\"\" alt=\"\" srcset=\"https:\/\/www.rwg-bayreuth.de\/home\/wp-content\/uploads\/2023\/10\/23-24-P-SeminarMTB-Fichtelgebirge-7.jpg 768w, https:\/\/www.rwg-bayreuth.de\/home\/wp-content\/uploads\/2023\/10\/23-24-P-SeminarMTB-Fichtelgebirge-7-338x450.jpg 338w, https:\/\/www.rwg-bayreuth.de\/home\/wp-content\/uploads\/2023\/10\/23-24-P-SeminarMTB-Fichtelgebirge-7-113x150.jpg 113w, https:\/\/www.rwg-bayreuth.de\/home\/wp-content\/uploads\/2023\/10\/23-24-P-SeminarMTB-Fichtelgebirge-7-250x333.jpg 250w\" sizes=\"(max-width: 768px) 100vw, 768px\" \/><\/a><\/div><\/div><div class=\"su-image-carousel-item\"><div class=\"su-image-carousel-item-content\"><a href=\"https:\/\/www.rwg-bayreuth.de\/home\/wp-content\/uploads\/2023\/10\/23-24-P-SeminarMTB-Fichtelgebirge-8.jpg\" data-caption=\"\"><img loading=\"lazy\" decoding=\"async\" width=\"768\" height=\"1024\" src=\"https:\/\/www.rwg-bayreuth.de\/home\/wp-content\/uploads\/2023\/10\/23-24-P-SeminarMTB-Fichtelgebirge-8.jpg\" class=\"\" alt=\"\" srcset=\"https:\/\/www.rwg-bayreuth.de\/home\/wp-content\/uploads\/2023\/10\/23-24-P-SeminarMTB-Fichtelgebirge-8.jpg 768w, https:\/\/www.rwg-bayreuth.de\/home\/wp-content\/uploads\/2023\/10\/23-24-P-SeminarMTB-Fichtelgebirge-8-338x450.jpg 338w, https:\/\/www.rwg-bayreuth.de\/home\/wp-content\/uploads\/2023\/10\/23-24-P-SeminarMTB-Fichtelgebirge-8-113x150.jpg 113w, https:\/\/www.rwg-bayreuth.de\/home\/wp-content\/uploads\/2023\/10\/23-24-P-SeminarMTB-Fichtelgebirge-8-250x333.jpg 250w\" sizes=\"(max-width: 768px) 100vw, 768px\" \/><\/a><\/div><\/div><\/div><script id=\"su_image_carousel_69f1b24eb9e59_script\">if(window.SUImageCarousel){setTimeout(function() {window.SUImageCarousel.initGallery(document.getElementById(\"su_image_carousel_69f1b24eb9e59\"))}, 0);}var su_image_carousel_69f1b24eb9e59_script=document.getElementById(\"su_image_carousel_69f1b24eb9e59_script\");if(su_image_carousel_69f1b24eb9e59_script){su_image_carousel_69f1b24eb9e59_script.parentNode.removeChild(su_image_carousel_69f1b24eb9e59_script);}<\/script>\n<p>Wir bedanken uns herzlich bei Herrn Bauer f\u00fcr die Geduld mit unserer MTB-begeisterten Truppe und bei Herrn Str\u00f6hla f\u00fcr die Begleitung auf unserer Tour!<\/p>\n<p><em>Franzi und Finja f\u00fcrs P-Seminar MTB<\/em><\/p>\n","protected":false},"excerpt":{"rendered":"<p>\u201eHaben alle ihr Gep\u00e4ck verladen? Hat jeder genug zu Trinken dabei? \u2026Na dann, auf geht\u2019s!\u201c \u2013 So startete das P-Seminar Mountainbike letzten Donnerstagnachmittag auf ihren Bikes in Richtung Fleckl am Ochsenkopf. Zum Abschluss der Projektphase ging es f\u00fcr 7 von 10 Sch\u00fcler*innen des Seminars zusammen mit dem Seminarlehrer Herrn Bauer in Begleitung von Herrn Str\u00f6hla&hellip;<\/p>\n","protected":false},"author":11,"featured_media":34800,"comment_status":"closed","ping_status":"closed","sticky":false,"template":"","format":"standard","meta":{"footnotes":""},"categories":[1],"tags":[51,135,64],"_links":{"self":[{"href":"https:\/\/www.rwg-bayreuth.de\/home\/index.php?rest_route=\/wp\/v2\/posts\/34797"}],"collection":[{"href":"https:\/\/www.rwg-bayreuth.de\/home\/index.php?rest_route=\/wp\/v2\/posts"}],"about":[{"href":"https:\/\/www.rwg-bayreuth.de\/home\/index.php?rest_route=\/wp\/v2\/types\/post"}],"author":[{"embeddable":true,"href":"https:\/\/www.rwg-bayreuth.de\/home\/index.php?rest_route=\/wp\/v2\/users\/11"}],"replies":[{"embeddable":true,"href":"https:\/\/www.rwg-bayreuth.de\/home\/index.php?rest_route=%2Fwp%2Fv2%2Fcomments&post=34797"}],"version-history":[{"count":7,"href":"https:\/\/www.rwg-bayreuth.de\/home\/index.php?rest_route=\/wp\/v2\/posts\/34797\/revisions"}],"predecessor-version":[{"id":37539,"href":"https:\/\/www.rwg-bayreuth.de\/home\/index.php?rest_route=\/wp\/v2\/posts\/34797\/revisions\/37539"}],"wp:featuredmedia":[{"embeddable":true,"href":"https:\/\/www.rwg-bayreuth.de\/home\/index.php?rest_route=\/wp\/v2\/media\/34800"}],"wp:attachment":[{"href":"https:\/\/www.rwg-bayreuth.de\/home\/index.php?rest_route=%2Fwp%2Fv2%2Fmedia&parent=34797"}],"wp:term":[{"taxonomy":"category","embeddable":true,"href":"https:\/\/www.rwg-bayreuth.de\/home\/index.php?rest_route=%2Fwp%2Fv2%2Fcategories&post=34797"},{"taxonomy":"post_tag","embeddable":true,"href":"https:\/\/www.rwg-bayreuth.de\/home\/index.php?rest_route=%2Fwp%2Fv2%2Ftags&post=34797"}],"curies":[{"name":"wp","href":"https:\/\/api.w.org\/{rel}","templated":true}]}}