{"id":34721,"date":"2023-10-12T18:16:27","date_gmt":"2023-10-12T16:16:27","guid":{"rendered":"https:\/\/www.rwg-bayreuth.de\/home\/?p=34721"},"modified":"2024-01-25T22:09:49","modified_gmt":"2024-01-25T21:09:49","slug":"neuigkeiten-vom-team-bib-ergebnisse-des-fotowettbewerbs-2023-ich-und-mein-lieblingsbuch","status":"publish","type":"post","link":"https:\/\/www.rwg-bayreuth.de\/home\/?p=34721","title":{"rendered":"Neuigkeiten vom Team Bib &#8211; Ergebnisse des Fotowettbewerbs 2023 \u201eIch und mein Lieblingsbuch\u201c"},"content":{"rendered":"<p><a href=\"https:\/\/www.rwg-bayreuth.de\/home\/wp-content\/uploads\/2023\/10\/23-24-Bib-Fotowettbewerb-Lieblingsbuch-4.jpg\"><img loading=\"lazy\" decoding=\"async\" src=\"https:\/\/www.rwg-bayreuth.de\/home\/wp-content\/uploads\/2023\/10\/23-24-Bib-Fotowettbewerb-Lieblingsbuch-4.jpg\" alt=\"\" width=\"1024\" height=\"569\" class=\"aligncenter size-full wp-image-34723\" srcset=\"https:\/\/www.rwg-bayreuth.de\/home\/wp-content\/uploads\/2023\/10\/23-24-Bib-Fotowettbewerb-Lieblingsbuch-4.jpg 1024w, https:\/\/www.rwg-bayreuth.de\/home\/wp-content\/uploads\/2023\/10\/23-24-Bib-Fotowettbewerb-Lieblingsbuch-4-450x250.jpg 450w, https:\/\/www.rwg-bayreuth.de\/home\/wp-content\/uploads\/2023\/10\/23-24-Bib-Fotowettbewerb-Lieblingsbuch-4-150x83.jpg 150w, https:\/\/www.rwg-bayreuth.de\/home\/wp-content\/uploads\/2023\/10\/23-24-Bib-Fotowettbewerb-Lieblingsbuch-4-768x427.jpg 768w, https:\/\/www.rwg-bayreuth.de\/home\/wp-content\/uploads\/2023\/10\/23-24-Bib-Fotowettbewerb-Lieblingsbuch-4-250x139.jpg 250w\" sizes=\"(max-width: 1024px) 100vw, 1024px\" \/><\/a><\/p>\n<p>Erstmalig rief das Team Bib in diesem Jahr die Sch\u00fclerinnen und Sch\u00fcler des RWG zur Teilnahme an einem Fotowettbewerb unter dem Motto \u201eIch und mein Lieblingsbuch\u201c auf. Entstanden sind daraus einige sehr kreative, individuelle und interessante Portr\u00e4ts. F\u00fcr jede Einsendung gab es ein kleines Dankesch\u00f6n. Die drei Gewinner des Wettbewerbs konnten sich \u00fcber die tollen Buchpreise, die freundlicherweise von der Buchhandlung Weigel gestiftet worden waren, freuen.<\/p>\n<p><a href=\"https:\/\/www.rwg-bayreuth.de\/home\/wp-content\/uploads\/2023\/10\/23-24-Bib-Fotowettbewerb-Lieblingsbuch-5.jpg\"><img loading=\"lazy\" decoding=\"async\" src=\"https:\/\/www.rwg-bayreuth.de\/home\/wp-content\/uploads\/2023\/10\/23-24-Bib-Fotowettbewerb-Lieblingsbuch-5.jpg\" alt=\"\" width=\"1024\" height=\"461\" class=\"aligncenter size-full wp-image-34722\" srcset=\"https:\/\/www.rwg-bayreuth.de\/home\/wp-content\/uploads\/2023\/10\/23-24-Bib-Fotowettbewerb-Lieblingsbuch-5.jpg 1024w, https:\/\/www.rwg-bayreuth.de\/home\/wp-content\/uploads\/2023\/10\/23-24-Bib-Fotowettbewerb-Lieblingsbuch-5-450x203.jpg 450w, https:\/\/www.rwg-bayreuth.de\/home\/wp-content\/uploads\/2023\/10\/23-24-Bib-Fotowettbewerb-Lieblingsbuch-5-150x68.jpg 150w, https:\/\/www.rwg-bayreuth.de\/home\/wp-content\/uploads\/2023\/10\/23-24-Bib-Fotowettbewerb-Lieblingsbuch-5-768x346.jpg 768w, https:\/\/www.rwg-bayreuth.de\/home\/wp-content\/uploads\/2023\/10\/23-24-Bib-Fotowettbewerb-Lieblingsbuch-5-250x113.jpg 250w\" sizes=\"(max-width: 1024px) 100vw, 1024px\" \/><\/a><\/p>\n<p>Aktuell sind alle Bilder in einer kleinen Ausstellung in der Oberen Pausenhalle zu bestaunen. <\/p>\n<h3>Platz 1:<\/h3>\n<p><a href=\"https:\/\/www.rwg-bayreuth.de\/home\/wp-content\/uploads\/2023\/10\/23-24-Bib-Fotowettbewerb-Lieblingsbuch-Platz1.jpg\"><img loading=\"lazy\" decoding=\"async\" src=\"https:\/\/www.rwg-bayreuth.de\/home\/wp-content\/uploads\/2023\/10\/23-24-Bib-Fotowettbewerb-Lieblingsbuch-Platz1-338x450.jpg\" alt=\"\" width=\"338\" height=\"450\" class=\"aligncenter size-medium wp-image-34726\" srcset=\"https:\/\/www.rwg-bayreuth.de\/home\/wp-content\/uploads\/2023\/10\/23-24-Bib-Fotowettbewerb-Lieblingsbuch-Platz1-338x450.jpg 338w, https:\/\/www.rwg-bayreuth.de\/home\/wp-content\/uploads\/2023\/10\/23-24-Bib-Fotowettbewerb-Lieblingsbuch-Platz1-113x150.jpg 113w, https:\/\/www.rwg-bayreuth.de\/home\/wp-content\/uploads\/2023\/10\/23-24-Bib-Fotowettbewerb-Lieblingsbuch-Platz1-250x333.jpg 250w, https:\/\/www.rwg-bayreuth.de\/home\/wp-content\/uploads\/2023\/10\/23-24-Bib-Fotowettbewerb-Lieblingsbuch-Platz1.jpg 768w\" sizes=\"(max-width: 338px) 100vw, 338px\" \/><\/a><\/p>\n<h3>Platz 2:<\/h3>\n<p><a href=\"https:\/\/www.rwg-bayreuth.de\/home\/wp-content\/uploads\/2023\/10\/23-24-Bib-Fotowettbewerb-Lieblingsbuch-Platz2.jpg\"><img loading=\"lazy\" decoding=\"async\" src=\"https:\/\/www.rwg-bayreuth.de\/home\/wp-content\/uploads\/2023\/10\/23-24-Bib-Fotowettbewerb-Lieblingsbuch-Platz2-450x300.jpg\" alt=\"\" width=\"450\" height=\"300\" class=\"aligncenter size-medium wp-image-34724\" srcset=\"https:\/\/www.rwg-bayreuth.de\/home\/wp-content\/uploads\/2023\/10\/23-24-Bib-Fotowettbewerb-Lieblingsbuch-Platz2-450x300.jpg 450w, https:\/\/www.rwg-bayreuth.de\/home\/wp-content\/uploads\/2023\/10\/23-24-Bib-Fotowettbewerb-Lieblingsbuch-Platz2-150x100.jpg 150w, https:\/\/www.rwg-bayreuth.de\/home\/wp-content\/uploads\/2023\/10\/23-24-Bib-Fotowettbewerb-Lieblingsbuch-Platz2-768x512.jpg 768w, https:\/\/www.rwg-bayreuth.de\/home\/wp-content\/uploads\/2023\/10\/23-24-Bib-Fotowettbewerb-Lieblingsbuch-Platz2-250x167.jpg 250w, https:\/\/www.rwg-bayreuth.de\/home\/wp-content\/uploads\/2023\/10\/23-24-Bib-Fotowettbewerb-Lieblingsbuch-Platz2-900x600.jpg 900w, https:\/\/www.rwg-bayreuth.de\/home\/wp-content\/uploads\/2023\/10\/23-24-Bib-Fotowettbewerb-Lieblingsbuch-Platz2.jpg 1024w\" sizes=\"(max-width: 450px) 100vw, 450px\" \/><\/a><\/p>\n<h3>Platz 3:<\/h3>\n<p><a href=\"https:\/\/www.rwg-bayreuth.de\/home\/wp-content\/uploads\/2023\/10\/23-24-Bib-Fotowettbewerb-Lieblingsbuch-Platz3.jpg\"><img loading=\"lazy\" decoding=\"async\" src=\"https:\/\/www.rwg-bayreuth.de\/home\/wp-content\/uploads\/2023\/10\/23-24-Bib-Fotowettbewerb-Lieblingsbuch-Platz3-338x450.jpg\" alt=\"\" width=\"338\" height=\"450\" class=\"aligncenter size-medium wp-image-34725\" srcset=\"https:\/\/www.rwg-bayreuth.de\/home\/wp-content\/uploads\/2023\/10\/23-24-Bib-Fotowettbewerb-Lieblingsbuch-Platz3-338x450.jpg 338w, https:\/\/www.rwg-bayreuth.de\/home\/wp-content\/uploads\/2023\/10\/23-24-Bib-Fotowettbewerb-Lieblingsbuch-Platz3-113x150.jpg 113w, https:\/\/www.rwg-bayreuth.de\/home\/wp-content\/uploads\/2023\/10\/23-24-Bib-Fotowettbewerb-Lieblingsbuch-Platz3-250x333.jpg 250w, https:\/\/www.rwg-bayreuth.de\/home\/wp-content\/uploads\/2023\/10\/23-24-Bib-Fotowettbewerb-Lieblingsbuch-Platz3.jpg 768w\" sizes=\"(max-width: 338px) 100vw, 338px\" \/><\/a><\/p>\n<div class=\"su-image-carousel  clear su-image-carousel-columns-3 su-image-carousel-has-spacing su-image-carousel-crop su-image-carousel-crop-4-5 su-image-carousel-has-lightbox su-image-carousel-has-outline su-image-carousel-slides-style-minimal su-image-carousel-controls-style-light su-image-carousel-align-center\" style=\"\" data-flickity-options='{\"groupCells\":true,\"cellSelector\":\".su-image-carousel-item\",\"adaptiveHeight\":false,\"cellAlign\":\"left\",\"prevNextButtons\":true,\"pageDots\":false,\"autoPlay\":4000,\"imagesLoaded\":true,\"contain\":true,\"selectedAttraction\":0.025000000000000001,\"friction\":0.28000000000000003}' id=\"su_image_carousel_69f1c1c6259a0\"><div class=\"su-image-carousel-item\"><div class=\"su-image-carousel-item-content\"><a href=\"https:\/\/www.rwg-bayreuth.de\/home\/wp-content\/uploads\/2023\/10\/23-24-Bib-Fotowettbewerb-Lieblingsbuch-15.jpg\" data-caption=\"\"><img loading=\"lazy\" decoding=\"async\" width=\"858\" height=\"1024\" src=\"https:\/\/www.rwg-bayreuth.de\/home\/wp-content\/uploads\/2023\/10\/23-24-Bib-Fotowettbewerb-Lieblingsbuch-15.jpg\" class=\"\" alt=\"\" srcset=\"https:\/\/www.rwg-bayreuth.de\/home\/wp-content\/uploads\/2023\/10\/23-24-Bib-Fotowettbewerb-Lieblingsbuch-15.jpg 858w, https:\/\/www.rwg-bayreuth.de\/home\/wp-content\/uploads\/2023\/10\/23-24-Bib-Fotowettbewerb-Lieblingsbuch-15-377x450.jpg 377w, https:\/\/www.rwg-bayreuth.de\/home\/wp-content\/uploads\/2023\/10\/23-24-Bib-Fotowettbewerb-Lieblingsbuch-15-126x150.jpg 126w, https:\/\/www.rwg-bayreuth.de\/home\/wp-content\/uploads\/2023\/10\/23-24-Bib-Fotowettbewerb-Lieblingsbuch-15-768x917.jpg 768w, https:\/\/www.rwg-bayreuth.de\/home\/wp-content\/uploads\/2023\/10\/23-24-Bib-Fotowettbewerb-Lieblingsbuch-15-250x298.jpg 250w\" sizes=\"(max-width: 858px) 100vw, 858px\" \/><\/a><\/div><\/div><div class=\"su-image-carousel-item\"><div class=\"su-image-carousel-item-content\"><a href=\"https:\/\/www.rwg-bayreuth.de\/home\/wp-content\/uploads\/2023\/10\/23-24-Bib-Fotowettbewerb-Lieblingsbuch-6.jpg\" data-caption=\"\"><img loading=\"lazy\" decoding=\"async\" width=\"576\" height=\"1024\" src=\"https:\/\/www.rwg-bayreuth.de\/home\/wp-content\/uploads\/2023\/10\/23-24-Bib-Fotowettbewerb-Lieblingsbuch-6.jpg\" class=\"\" alt=\"\" srcset=\"https:\/\/www.rwg-bayreuth.de\/home\/wp-content\/uploads\/2023\/10\/23-24-Bib-Fotowettbewerb-Lieblingsbuch-6.jpg 576w, https:\/\/www.rwg-bayreuth.de\/home\/wp-content\/uploads\/2023\/10\/23-24-Bib-Fotowettbewerb-Lieblingsbuch-6-253x450.jpg 253w, https:\/\/www.rwg-bayreuth.de\/home\/wp-content\/uploads\/2023\/10\/23-24-Bib-Fotowettbewerb-Lieblingsbuch-6-84x150.jpg 84w, https:\/\/www.rwg-bayreuth.de\/home\/wp-content\/uploads\/2023\/10\/23-24-Bib-Fotowettbewerb-Lieblingsbuch-6-250x444.jpg 250w\" sizes=\"(max-width: 576px) 100vw, 576px\" \/><\/a><\/div><\/div><div class=\"su-image-carousel-item\"><div class=\"su-image-carousel-item-content\"><a href=\"https:\/\/www.rwg-bayreuth.de\/home\/wp-content\/uploads\/2023\/10\/23-24-Bib-Fotowettbewerb-Lieblingsbuch-16.jpg\" data-caption=\"\"><img loading=\"lazy\" decoding=\"async\" width=\"768\" height=\"1024\" src=\"https:\/\/www.rwg-bayreuth.de\/home\/wp-content\/uploads\/2023\/10\/23-24-Bib-Fotowettbewerb-Lieblingsbuch-16.jpg\" class=\"\" alt=\"\" srcset=\"https:\/\/www.rwg-bayreuth.de\/home\/wp-content\/uploads\/2023\/10\/23-24-Bib-Fotowettbewerb-Lieblingsbuch-16.jpg 768w, https:\/\/www.rwg-bayreuth.de\/home\/wp-content\/uploads\/2023\/10\/23-24-Bib-Fotowettbewerb-Lieblingsbuch-16-338x450.jpg 338w, https:\/\/www.rwg-bayreuth.de\/home\/wp-content\/uploads\/2023\/10\/23-24-Bib-Fotowettbewerb-Lieblingsbuch-16-113x150.jpg 113w, https:\/\/www.rwg-bayreuth.de\/home\/wp-content\/uploads\/2023\/10\/23-24-Bib-Fotowettbewerb-Lieblingsbuch-16-250x333.jpg 250w\" sizes=\"(max-width: 768px) 100vw, 768px\" \/><\/a><\/div><\/div><div class=\"su-image-carousel-item\"><div class=\"su-image-carousel-item-content\"><a href=\"https:\/\/www.rwg-bayreuth.de\/home\/wp-content\/uploads\/2023\/10\/23-24-Bib-Fotowettbewerb-Lieblingsbuch-8.jpg\" data-caption=\"\"><img loading=\"lazy\" decoding=\"async\" width=\"768\" height=\"1024\" src=\"https:\/\/www.rwg-bayreuth.de\/home\/wp-content\/uploads\/2023\/10\/23-24-Bib-Fotowettbewerb-Lieblingsbuch-8.jpg\" class=\"\" alt=\"\" srcset=\"https:\/\/www.rwg-bayreuth.de\/home\/wp-content\/uploads\/2023\/10\/23-24-Bib-Fotowettbewerb-Lieblingsbuch-8.jpg 768w, https:\/\/www.rwg-bayreuth.de\/home\/wp-content\/uploads\/2023\/10\/23-24-Bib-Fotowettbewerb-Lieblingsbuch-8-338x450.jpg 338w, https:\/\/www.rwg-bayreuth.de\/home\/wp-content\/uploads\/2023\/10\/23-24-Bib-Fotowettbewerb-Lieblingsbuch-8-113x150.jpg 113w, https:\/\/www.rwg-bayreuth.de\/home\/wp-content\/uploads\/2023\/10\/23-24-Bib-Fotowettbewerb-Lieblingsbuch-8-250x333.jpg 250w\" sizes=\"(max-width: 768px) 100vw, 768px\" \/><\/a><\/div><\/div><div class=\"su-image-carousel-item\"><div class=\"su-image-carousel-item-content\"><a href=\"https:\/\/www.rwg-bayreuth.de\/home\/wp-content\/uploads\/2023\/10\/23-24-Bib-Fotowettbewerb-Lieblingsbuch-18.jpg\" data-caption=\"\"><img loading=\"lazy\" decoding=\"async\" width=\"765\" height=\"1024\" src=\"https:\/\/www.rwg-bayreuth.de\/home\/wp-content\/uploads\/2023\/10\/23-24-Bib-Fotowettbewerb-Lieblingsbuch-18.jpg\" class=\"\" alt=\"\" srcset=\"https:\/\/www.rwg-bayreuth.de\/home\/wp-content\/uploads\/2023\/10\/23-24-Bib-Fotowettbewerb-Lieblingsbuch-18.jpg 765w, https:\/\/www.rwg-bayreuth.de\/home\/wp-content\/uploads\/2023\/10\/23-24-Bib-Fotowettbewerb-Lieblingsbuch-18-336x450.jpg 336w, https:\/\/www.rwg-bayreuth.de\/home\/wp-content\/uploads\/2023\/10\/23-24-Bib-Fotowettbewerb-Lieblingsbuch-18-112x150.jpg 112w, https:\/\/www.rwg-bayreuth.de\/home\/wp-content\/uploads\/2023\/10\/23-24-Bib-Fotowettbewerb-Lieblingsbuch-18-250x335.jpg 250w\" sizes=\"(max-width: 765px) 100vw, 765px\" \/><\/a><\/div><\/div><div class=\"su-image-carousel-item\"><div class=\"su-image-carousel-item-content\"><a href=\"https:\/\/www.rwg-bayreuth.de\/home\/wp-content\/uploads\/2023\/10\/23-24-Bib-Fotowettbewerb-Lieblingsbuch-17.jpg\" data-caption=\"\"><img loading=\"lazy\" decoding=\"async\" width=\"576\" height=\"1024\" src=\"https:\/\/www.rwg-bayreuth.de\/home\/wp-content\/uploads\/2023\/10\/23-24-Bib-Fotowettbewerb-Lieblingsbuch-17.jpg\" class=\"\" alt=\"\" srcset=\"https:\/\/www.rwg-bayreuth.de\/home\/wp-content\/uploads\/2023\/10\/23-24-Bib-Fotowettbewerb-Lieblingsbuch-17.jpg 576w, https:\/\/www.rwg-bayreuth.de\/home\/wp-content\/uploads\/2023\/10\/23-24-Bib-Fotowettbewerb-Lieblingsbuch-17-253x450.jpg 253w, https:\/\/www.rwg-bayreuth.de\/home\/wp-content\/uploads\/2023\/10\/23-24-Bib-Fotowettbewerb-Lieblingsbuch-17-84x150.jpg 84w, https:\/\/www.rwg-bayreuth.de\/home\/wp-content\/uploads\/2023\/10\/23-24-Bib-Fotowettbewerb-Lieblingsbuch-17-250x444.jpg 250w\" sizes=\"(max-width: 576px) 100vw, 576px\" \/><\/a><\/div><\/div><div class=\"su-image-carousel-item\"><div class=\"su-image-carousel-item-content\"><a href=\"https:\/\/www.rwg-bayreuth.de\/home\/wp-content\/uploads\/2023\/10\/23-24-Bib-Fotowettbewerb-Lieblingsbuch-14.jpg\" data-caption=\"\"><img loading=\"lazy\" decoding=\"async\" width=\"768\" height=\"1024\" src=\"https:\/\/www.rwg-bayreuth.de\/home\/wp-content\/uploads\/2023\/10\/23-24-Bib-Fotowettbewerb-Lieblingsbuch-14.jpg\" class=\"\" alt=\"\" srcset=\"https:\/\/www.rwg-bayreuth.de\/home\/wp-content\/uploads\/2023\/10\/23-24-Bib-Fotowettbewerb-Lieblingsbuch-14.jpg 768w, https:\/\/www.rwg-bayreuth.de\/home\/wp-content\/uploads\/2023\/10\/23-24-Bib-Fotowettbewerb-Lieblingsbuch-14-338x450.jpg 338w, https:\/\/www.rwg-bayreuth.de\/home\/wp-content\/uploads\/2023\/10\/23-24-Bib-Fotowettbewerb-Lieblingsbuch-14-113x150.jpg 113w, https:\/\/www.rwg-bayreuth.de\/home\/wp-content\/uploads\/2023\/10\/23-24-Bib-Fotowettbewerb-Lieblingsbuch-14-250x333.jpg 250w\" sizes=\"(max-width: 768px) 100vw, 768px\" \/><\/a><\/div><\/div><div class=\"su-image-carousel-item\"><div class=\"su-image-carousel-item-content\"><a href=\"https:\/\/www.rwg-bayreuth.de\/home\/wp-content\/uploads\/2023\/10\/23-24-Bib-Fotowettbewerb-Lieblingsbuch-19.jpg\" data-caption=\"\"><img loading=\"lazy\" decoding=\"async\" width=\"768\" height=\"1024\" src=\"https:\/\/www.rwg-bayreuth.de\/home\/wp-content\/uploads\/2023\/10\/23-24-Bib-Fotowettbewerb-Lieblingsbuch-19.jpg\" class=\"\" alt=\"\" srcset=\"https:\/\/www.rwg-bayreuth.de\/home\/wp-content\/uploads\/2023\/10\/23-24-Bib-Fotowettbewerb-Lieblingsbuch-19.jpg 768w, https:\/\/www.rwg-bayreuth.de\/home\/wp-content\/uploads\/2023\/10\/23-24-Bib-Fotowettbewerb-Lieblingsbuch-19-338x450.jpg 338w, https:\/\/www.rwg-bayreuth.de\/home\/wp-content\/uploads\/2023\/10\/23-24-Bib-Fotowettbewerb-Lieblingsbuch-19-113x150.jpg 113w, https:\/\/www.rwg-bayreuth.de\/home\/wp-content\/uploads\/2023\/10\/23-24-Bib-Fotowettbewerb-Lieblingsbuch-19-250x333.jpg 250w\" sizes=\"(max-width: 768px) 100vw, 768px\" \/><\/a><\/div><\/div><div class=\"su-image-carousel-item\"><div class=\"su-image-carousel-item-content\"><a href=\"https:\/\/www.rwg-bayreuth.de\/home\/wp-content\/uploads\/2023\/10\/23-24-Bib-Fotowettbewerb-Lieblingsbuch-10.jpg\" data-caption=\"\"><img loading=\"lazy\" decoding=\"async\" width=\"576\" height=\"1024\" src=\"https:\/\/www.rwg-bayreuth.de\/home\/wp-content\/uploads\/2023\/10\/23-24-Bib-Fotowettbewerb-Lieblingsbuch-10.jpg\" class=\"\" alt=\"\" srcset=\"https:\/\/www.rwg-bayreuth.de\/home\/wp-content\/uploads\/2023\/10\/23-24-Bib-Fotowettbewerb-Lieblingsbuch-10.jpg 576w, https:\/\/www.rwg-bayreuth.de\/home\/wp-content\/uploads\/2023\/10\/23-24-Bib-Fotowettbewerb-Lieblingsbuch-10-253x450.jpg 253w, https:\/\/www.rwg-bayreuth.de\/home\/wp-content\/uploads\/2023\/10\/23-24-Bib-Fotowettbewerb-Lieblingsbuch-10-84x150.jpg 84w, https:\/\/www.rwg-bayreuth.de\/home\/wp-content\/uploads\/2023\/10\/23-24-Bib-Fotowettbewerb-Lieblingsbuch-10-250x444.jpg 250w\" sizes=\"(max-width: 576px) 100vw, 576px\" \/><\/a><\/div><\/div><div class=\"su-image-carousel-item\"><div class=\"su-image-carousel-item-content\"><a href=\"https:\/\/www.rwg-bayreuth.de\/home\/wp-content\/uploads\/2023\/10\/23-24-Bib-Fotowettbewerb-Lieblingsbuch-13.jpg\" data-caption=\"\"><img loading=\"lazy\" decoding=\"async\" width=\"1024\" height=\"768\" src=\"https:\/\/www.rwg-bayreuth.de\/home\/wp-content\/uploads\/2023\/10\/23-24-Bib-Fotowettbewerb-Lieblingsbuch-13.jpg\" class=\"\" alt=\"\" srcset=\"https:\/\/www.rwg-bayreuth.de\/home\/wp-content\/uploads\/2023\/10\/23-24-Bib-Fotowettbewerb-Lieblingsbuch-13.jpg 1024w, https:\/\/www.rwg-bayreuth.de\/home\/wp-content\/uploads\/2023\/10\/23-24-Bib-Fotowettbewerb-Lieblingsbuch-13-450x338.jpg 450w, https:\/\/www.rwg-bayreuth.de\/home\/wp-content\/uploads\/2023\/10\/23-24-Bib-Fotowettbewerb-Lieblingsbuch-13-150x113.jpg 150w, https:\/\/www.rwg-bayreuth.de\/home\/wp-content\/uploads\/2023\/10\/23-24-Bib-Fotowettbewerb-Lieblingsbuch-13-768x576.jpg 768w, https:\/\/www.rwg-bayreuth.de\/home\/wp-content\/uploads\/2023\/10\/23-24-Bib-Fotowettbewerb-Lieblingsbuch-13-250x188.jpg 250w\" sizes=\"(max-width: 1024px) 100vw, 1024px\" \/><\/a><\/div><\/div><div class=\"su-image-carousel-item\"><div class=\"su-image-carousel-item-content\"><a href=\"https:\/\/www.rwg-bayreuth.de\/home\/wp-content\/uploads\/2023\/10\/23-24-Bib-Fotowettbewerb-Lieblingsbuch-11.jpg\" data-caption=\"\"><img loading=\"lazy\" decoding=\"async\" width=\"759\" height=\"1024\" src=\"https:\/\/www.rwg-bayreuth.de\/home\/wp-content\/uploads\/2023\/10\/23-24-Bib-Fotowettbewerb-Lieblingsbuch-11.jpg\" class=\"\" alt=\"\" srcset=\"https:\/\/www.rwg-bayreuth.de\/home\/wp-content\/uploads\/2023\/10\/23-24-Bib-Fotowettbewerb-Lieblingsbuch-11.jpg 759w, https:\/\/www.rwg-bayreuth.de\/home\/wp-content\/uploads\/2023\/10\/23-24-Bib-Fotowettbewerb-Lieblingsbuch-11-334x450.jpg 334w, https:\/\/www.rwg-bayreuth.de\/home\/wp-content\/uploads\/2023\/10\/23-24-Bib-Fotowettbewerb-Lieblingsbuch-11-111x150.jpg 111w, https:\/\/www.rwg-bayreuth.de\/home\/wp-content\/uploads\/2023\/10\/23-24-Bib-Fotowettbewerb-Lieblingsbuch-11-250x337.jpg 250w\" sizes=\"(max-width: 759px) 100vw, 759px\" \/><\/a><\/div><\/div><div class=\"su-image-carousel-item\"><div class=\"su-image-carousel-item-content\"><a href=\"https:\/\/www.rwg-bayreuth.de\/home\/wp-content\/uploads\/2023\/10\/23-24-Bib-Fotowettbewerb-Lieblingsbuch-7.jpg\" data-caption=\"\"><img loading=\"lazy\" decoding=\"async\" width=\"768\" height=\"1024\" src=\"https:\/\/www.rwg-bayreuth.de\/home\/wp-content\/uploads\/2023\/10\/23-24-Bib-Fotowettbewerb-Lieblingsbuch-7.jpg\" class=\"\" alt=\"\" srcset=\"https:\/\/www.rwg-bayreuth.de\/home\/wp-content\/uploads\/2023\/10\/23-24-Bib-Fotowettbewerb-Lieblingsbuch-7.jpg 768w, https:\/\/www.rwg-bayreuth.de\/home\/wp-content\/uploads\/2023\/10\/23-24-Bib-Fotowettbewerb-Lieblingsbuch-7-338x450.jpg 338w, https:\/\/www.rwg-bayreuth.de\/home\/wp-content\/uploads\/2023\/10\/23-24-Bib-Fotowettbewerb-Lieblingsbuch-7-113x150.jpg 113w, https:\/\/www.rwg-bayreuth.de\/home\/wp-content\/uploads\/2023\/10\/23-24-Bib-Fotowettbewerb-Lieblingsbuch-7-250x333.jpg 250w\" sizes=\"(max-width: 768px) 100vw, 768px\" \/><\/a><\/div><\/div><div class=\"su-image-carousel-item\"><div class=\"su-image-carousel-item-content\"><a href=\"https:\/\/www.rwg-bayreuth.de\/home\/wp-content\/uploads\/2023\/10\/23-24-Bib-Fotowettbewerb-Lieblingsbuch-12.jpg\" data-caption=\"\"><img loading=\"lazy\" decoding=\"async\" width=\"1024\" height=\"889\" src=\"https:\/\/www.rwg-bayreuth.de\/home\/wp-content\/uploads\/2023\/10\/23-24-Bib-Fotowettbewerb-Lieblingsbuch-12.jpg\" class=\"\" alt=\"\" srcset=\"https:\/\/www.rwg-bayreuth.de\/home\/wp-content\/uploads\/2023\/10\/23-24-Bib-Fotowettbewerb-Lieblingsbuch-12.jpg 1024w, https:\/\/www.rwg-bayreuth.de\/home\/wp-content\/uploads\/2023\/10\/23-24-Bib-Fotowettbewerb-Lieblingsbuch-12-450x391.jpg 450w, https:\/\/www.rwg-bayreuth.de\/home\/wp-content\/uploads\/2023\/10\/23-24-Bib-Fotowettbewerb-Lieblingsbuch-12-150x130.jpg 150w, https:\/\/www.rwg-bayreuth.de\/home\/wp-content\/uploads\/2023\/10\/23-24-Bib-Fotowettbewerb-Lieblingsbuch-12-768x667.jpg 768w, https:\/\/www.rwg-bayreuth.de\/home\/wp-content\/uploads\/2023\/10\/23-24-Bib-Fotowettbewerb-Lieblingsbuch-12-250x217.jpg 250w\" sizes=\"(max-width: 1024px) 100vw, 1024px\" \/><\/a><\/div><\/div><div class=\"su-image-carousel-item\"><div class=\"su-image-carousel-item-content\"><a href=\"https:\/\/www.rwg-bayreuth.de\/home\/wp-content\/uploads\/2023\/10\/23-24-Bib-Fotowettbewerb-Lieblingsbuch-9.jpg\" data-caption=\"\"><img loading=\"lazy\" decoding=\"async\" width=\"691\" height=\"1024\" src=\"https:\/\/www.rwg-bayreuth.de\/home\/wp-content\/uploads\/2023\/10\/23-24-Bib-Fotowettbewerb-Lieblingsbuch-9.jpg\" class=\"\" alt=\"\" srcset=\"https:\/\/www.rwg-bayreuth.de\/home\/wp-content\/uploads\/2023\/10\/23-24-Bib-Fotowettbewerb-Lieblingsbuch-9.jpg 691w, https:\/\/www.rwg-bayreuth.de\/home\/wp-content\/uploads\/2023\/10\/23-24-Bib-Fotowettbewerb-Lieblingsbuch-9-304x450.jpg 304w, https:\/\/www.rwg-bayreuth.de\/home\/wp-content\/uploads\/2023\/10\/23-24-Bib-Fotowettbewerb-Lieblingsbuch-9-101x150.jpg 101w, https:\/\/www.rwg-bayreuth.de\/home\/wp-content\/uploads\/2023\/10\/23-24-Bib-Fotowettbewerb-Lieblingsbuch-9-250x370.jpg 250w\" sizes=\"(max-width: 691px) 100vw, 691px\" \/><\/a><\/div><\/div><\/div><script id=\"su_image_carousel_69f1c1c6259a0_script\">if(window.SUImageCarousel){setTimeout(function() {window.SUImageCarousel.initGallery(document.getElementById(\"su_image_carousel_69f1c1c6259a0\"))}, 0);}var su_image_carousel_69f1c1c6259a0_script=document.getElementById(\"su_image_carousel_69f1c1c6259a0_script\");if(su_image_carousel_69f1c1c6259a0_script){su_image_carousel_69f1c1c6259a0_script.parentNode.removeChild(su_image_carousel_69f1c1c6259a0_script);}<\/script>\n<p>Vielen Dank an alle Teilnehmer und herzlichen Gl\u00fcckwunsch den Gewinnerinnen!<br \/>\nAuch im kommenden Jahr wird es wieder einen Wettbewerb zum Thema B\u00fccher geben!  <\/p>\n<p><em>Corinna Heberle<\/em><\/p>\n","protected":false},"excerpt":{"rendered":"<p>Erstmalig rief das Team Bib in diesem Jahr die Sch\u00fclerinnen und Sch\u00fcler des RWG zur Teilnahme an einem Fotowettbewerb unter dem Motto \u201eIch und mein Lieblingsbuch\u201c auf. Entstanden sind daraus einige sehr kreative, individuelle und interessante Portr\u00e4ts. F\u00fcr jede Einsendung gab es ein kleines Dankesch\u00f6n. Die drei Gewinner des Wettbewerbs konnten sich \u00fcber die tollen&hellip;<\/p>\n","protected":false},"author":11,"featured_media":34743,"comment_status":"closed","ping_status":"closed","sticky":false,"template":"","format":"standard","meta":{"footnotes":""},"categories":[1],"tags":[51],"_links":{"self":[{"href":"https:\/\/www.rwg-bayreuth.de\/home\/index.php?rest_route=\/wp\/v2\/posts\/34721"}],"collection":[{"href":"https:\/\/www.rwg-bayreuth.de\/home\/index.php?rest_route=\/wp\/v2\/posts"}],"about":[{"href":"https:\/\/www.rwg-bayreuth.de\/home\/index.php?rest_route=\/wp\/v2\/types\/post"}],"author":[{"embeddable":true,"href":"https:\/\/www.rwg-bayreuth.de\/home\/index.php?rest_route=\/wp\/v2\/users\/11"}],"replies":[{"embeddable":true,"href":"https:\/\/www.rwg-bayreuth.de\/home\/index.php?rest_route=%2Fwp%2Fv2%2Fcomments&post=34721"}],"version-history":[{"count":6,"href":"https:\/\/www.rwg-bayreuth.de\/home\/index.php?rest_route=\/wp\/v2\/posts\/34721\/revisions"}],"predecessor-version":[{"id":35877,"href":"https:\/\/www.rwg-bayreuth.de\/home\/index.php?rest_route=\/wp\/v2\/posts\/34721\/revisions\/35877"}],"wp:featuredmedia":[{"embeddable":true,"href":"https:\/\/www.rwg-bayreuth.de\/home\/index.php?rest_route=\/wp\/v2\/media\/34743"}],"wp:attachment":[{"href":"https:\/\/www.rwg-bayreuth.de\/home\/index.php?rest_route=%2Fwp%2Fv2%2Fmedia&parent=34721"}],"wp:term":[{"taxonomy":"category","embeddable":true,"href":"https:\/\/www.rwg-bayreuth.de\/home\/index.php?rest_route=%2Fwp%2Fv2%2Fcategories&post=34721"},{"taxonomy":"post_tag","embeddable":true,"href":"https:\/\/www.rwg-bayreuth.de\/home\/index.php?rest_route=%2Fwp%2Fv2%2Ftags&post=34721"}],"curies":[{"name":"wp","href":"https:\/\/api.w.org\/{rel}","templated":true}]}}