{"id":34456,"date":"2023-09-16T05:52:03","date_gmt":"2023-09-16T03:52:03","guid":{"rendered":"http:\/\/www.rwg-bayreuth.de\/home\/?p=34456"},"modified":"2024-01-25T22:15:52","modified_gmt":"2024-01-25T21:15:52","slug":"wer-will-fleissige-pressewerkler-sehn","status":"publish","type":"post","link":"https:\/\/www.rwg-bayreuth.de\/home\/?p=34456","title":{"rendered":"Wer will flei\u00dfige Pressewerkler seh&#8217;n?"},"content":{"rendered":"<h2>\u2026der muss zu uns, dem Presseclub, geh&#8217;n!<\/h2>\n<p>Projekttag. Ganz RWG ist auf den Beinen, um sich EINER Projektaktivit\u00e4t zu widmen. GANZ RWG?<br \/>\nNein! <\/p>\n<p><a href=\"https:\/\/www.rwg-bayreuth.de\/home\/wp-content\/uploads\/2023\/09\/22-23-Projekttag-Presseclub-PC_Gruppenbild.jpg\"><img loading=\"lazy\" decoding=\"async\" src=\"https:\/\/www.rwg-bayreuth.de\/home\/wp-content\/uploads\/2023\/09\/22-23-Projekttag-Presseclub-PC_Gruppenbild-450x381.jpg\" alt=\"\" width=\"450\" height=\"381\" class=\"aligncenter size-medium wp-image-34460\" srcset=\"https:\/\/www.rwg-bayreuth.de\/home\/wp-content\/uploads\/2023\/09\/22-23-Projekttag-Presseclub-PC_Gruppenbild-450x381.jpg 450w, https:\/\/www.rwg-bayreuth.de\/home\/wp-content\/uploads\/2023\/09\/22-23-Projekttag-Presseclub-PC_Gruppenbild-150x127.jpg 150w, https:\/\/www.rwg-bayreuth.de\/home\/wp-content\/uploads\/2023\/09\/22-23-Projekttag-Presseclub-PC_Gruppenbild-768x650.jpg 768w, https:\/\/www.rwg-bayreuth.de\/home\/wp-content\/uploads\/2023\/09\/22-23-Projekttag-Presseclub-PC_Gruppenbild-250x212.jpg 250w, https:\/\/www.rwg-bayreuth.de\/home\/wp-content\/uploads\/2023\/09\/22-23-Projekttag-Presseclub-PC_Gruppenbild.jpg 1024w\" sizes=\"(max-width: 450px) 100vw, 450px\" \/><\/a><\/p>\n<p>Eine kleine, unerschrockene Schar von Nachwuchsreportern hat es sich zur Aufgabe gemacht, mehrere flei\u00dfige Gruppen zu besuchen, sich einen \u00dcberblick zu verschaffen, diesen in Wort und Bild zu fassen und dann dem Rest der <nobr>(Schul<!-- -->\ud83d\ude42<!-- -->)Welt<\/nobr> zu pr\u00e4sentieren.<br \/>\nEine ganz sch\u00f6ne Herausforderung f\u00fcr einen Vormittag.<\/p>\n<div class=\"su-image-carousel  clear su-image-carousel-columns-3 su-image-carousel-has-spacing su-image-carousel-crop su-image-carousel-crop-16-9 su-image-carousel-has-lightbox su-image-carousel-has-outline su-image-carousel-slides-style-minimal su-image-carousel-controls-style-light su-image-carousel-align-center\" style=\"\" data-flickity-options='{\"groupCells\":true,\"cellSelector\":\".su-image-carousel-item\",\"adaptiveHeight\":false,\"cellAlign\":\"left\",\"prevNextButtons\":true,\"pageDots\":false,\"autoPlay\":4000,\"imagesLoaded\":true,\"contain\":true,\"selectedAttraction\":0.025000000000000001,\"friction\":0.28000000000000003}' id=\"su_image_carousel_69f1cab8a4cea\"><div class=\"su-image-carousel-item\"><div class=\"su-image-carousel-item-content\"><a href=\"https:\/\/www.rwg-bayreuth.de\/home\/wp-content\/uploads\/2023\/09\/22-23-Projekttag-Presseclub-PC_Jungs.jpg\" data-caption=\"\"><img loading=\"lazy\" decoding=\"async\" width=\"1024\" height=\"721\" src=\"https:\/\/www.rwg-bayreuth.de\/home\/wp-content\/uploads\/2023\/09\/22-23-Projekttag-Presseclub-PC_Jungs.jpg\" class=\"\" alt=\"\" srcset=\"https:\/\/www.rwg-bayreuth.de\/home\/wp-content\/uploads\/2023\/09\/22-23-Projekttag-Presseclub-PC_Jungs.jpg 1024w, https:\/\/www.rwg-bayreuth.de\/home\/wp-content\/uploads\/2023\/09\/22-23-Projekttag-Presseclub-PC_Jungs-450x317.jpg 450w, https:\/\/www.rwg-bayreuth.de\/home\/wp-content\/uploads\/2023\/09\/22-23-Projekttag-Presseclub-PC_Jungs-150x106.jpg 150w, https:\/\/www.rwg-bayreuth.de\/home\/wp-content\/uploads\/2023\/09\/22-23-Projekttag-Presseclub-PC_Jungs-768x541.jpg 768w, https:\/\/www.rwg-bayreuth.de\/home\/wp-content\/uploads\/2023\/09\/22-23-Projekttag-Presseclub-PC_Jungs-250x176.jpg 250w\" sizes=\"(max-width: 1024px) 100vw, 1024px\" \/><\/a><\/div><\/div><div class=\"su-image-carousel-item\"><div class=\"su-image-carousel-item-content\"><a href=\"https:\/\/www.rwg-bayreuth.de\/home\/wp-content\/uploads\/2023\/09\/22-23-Projekttag-Presseclub-PC_Maedels1.jpg\" data-caption=\"\"><img loading=\"lazy\" decoding=\"async\" width=\"1024\" height=\"476\" src=\"https:\/\/www.rwg-bayreuth.de\/home\/wp-content\/uploads\/2023\/09\/22-23-Projekttag-Presseclub-PC_Maedels1.jpg\" class=\"\" alt=\"\" srcset=\"https:\/\/www.rwg-bayreuth.de\/home\/wp-content\/uploads\/2023\/09\/22-23-Projekttag-Presseclub-PC_Maedels1.jpg 1024w, https:\/\/www.rwg-bayreuth.de\/home\/wp-content\/uploads\/2023\/09\/22-23-Projekttag-Presseclub-PC_Maedels1-450x209.jpg 450w, https:\/\/www.rwg-bayreuth.de\/home\/wp-content\/uploads\/2023\/09\/22-23-Projekttag-Presseclub-PC_Maedels1-150x70.jpg 150w, https:\/\/www.rwg-bayreuth.de\/home\/wp-content\/uploads\/2023\/09\/22-23-Projekttag-Presseclub-PC_Maedels1-768x357.jpg 768w, https:\/\/www.rwg-bayreuth.de\/home\/wp-content\/uploads\/2023\/09\/22-23-Projekttag-Presseclub-PC_Maedels1-250x116.jpg 250w\" sizes=\"(max-width: 1024px) 100vw, 1024px\" \/><\/a><\/div><\/div><div class=\"su-image-carousel-item\"><div class=\"su-image-carousel-item-content\"><a href=\"https:\/\/www.rwg-bayreuth.de\/home\/wp-content\/uploads\/2023\/09\/22-23-Projekttag-Presseclub-PC_Maedels2.jpg\" data-caption=\"\"><img loading=\"lazy\" decoding=\"async\" width=\"1024\" height=\"637\" src=\"https:\/\/www.rwg-bayreuth.de\/home\/wp-content\/uploads\/2023\/09\/22-23-Projekttag-Presseclub-PC_Maedels2.jpg\" class=\"\" alt=\"\" srcset=\"https:\/\/www.rwg-bayreuth.de\/home\/wp-content\/uploads\/2023\/09\/22-23-Projekttag-Presseclub-PC_Maedels2.jpg 1024w, https:\/\/www.rwg-bayreuth.de\/home\/wp-content\/uploads\/2023\/09\/22-23-Projekttag-Presseclub-PC_Maedels2-450x280.jpg 450w, https:\/\/www.rwg-bayreuth.de\/home\/wp-content\/uploads\/2023\/09\/22-23-Projekttag-Presseclub-PC_Maedels2-150x93.jpg 150w, https:\/\/www.rwg-bayreuth.de\/home\/wp-content\/uploads\/2023\/09\/22-23-Projekttag-Presseclub-PC_Maedels2-768x478.jpg 768w, https:\/\/www.rwg-bayreuth.de\/home\/wp-content\/uploads\/2023\/09\/22-23-Projekttag-Presseclub-PC_Maedels2-250x156.jpg 250w\" sizes=\"(max-width: 1024px) 100vw, 1024px\" \/><\/a><\/div><\/div><\/div><script id=\"su_image_carousel_69f1cab8a4cea_script\">if(window.SUImageCarousel){setTimeout(function() {window.SUImageCarousel.initGallery(document.getElementById(\"su_image_carousel_69f1cab8a4cea\"))}, 0);}var su_image_carousel_69f1cab8a4cea_script=document.getElementById(\"su_image_carousel_69f1cab8a4cea_script\");if(su_image_carousel_69f1cab8a4cea_script){su_image_carousel_69f1cab8a4cea_script.parentNode.removeChild(su_image_carousel_69f1cab8a4cea_script);}<\/script>\n<p>Wort auf Wort, Satz auf Satz \u2013 die Reportage ist fertig ratzfatz! <\/p>\n<p>Danke an unsere motivierten und flei\u00dfigen Reporter!<\/p>\n<p>&nbsp;<\/p>\n<div style=\"transform: rotate(1deg); margin:3px; padding: 20px; box-shadow: 3px 5px 10px gray; border: 1px solid #cccccc;\">\n<h2>Kreatives Upcycling: Aus alt mach neu<\/h2>\n<h6>Upcycling: Das kann die Umwelt ver\u00e4ndern, ohne viel Anstrengung.<\/h6>\n<p class=\"ohne\">&nbsp;<\/p>\n<p>Was ist \u00fcberhaupt Upcycling? <\/p>\n<p>Diese Frage haben wir uns auch gestellt und haben f\u00fcr euch recherchiert. Beim Upcycling werden Abfallprodukte oder (scheinbar) nutzlose Stoffe in neuwertige Produkte umgewandelt. Im Gegensatz zum Downcycling (Recycling von minderwertiger Qualit\u00e4t) kommt es bei dieser Form des Recyclings zu einer stofflichen Aufwertung. Die Wiederverwendung oder Nachnutzung von bereits vorhandenen Materialien schon die Ressourcen, da keine neuen Rohstoffe verwendet werden m\u00fcssen.<\/p>\n<p><a href=\"https:\/\/www.rwg-bayreuth.de\/home\/wp-content\/uploads\/2023\/09\/22-23-Projekttag-Presseclub-1-1.jpg\"><img decoding=\"async\" src=\"https:\/\/www.rwg-bayreuth.de\/home\/wp-content\/uploads\/2023\/09\/22-23-Projekttag-Presseclub-1-1.jpg\" alt=\"\" width=\"250\" height=\"auto\" class=\"alignright size-medium wp-image-34467\" srcset=\"https:\/\/www.rwg-bayreuth.de\/home\/wp-content\/uploads\/2023\/09\/22-23-Projekttag-Presseclub-1-1.jpg 1024w, https:\/\/www.rwg-bayreuth.de\/home\/wp-content\/uploads\/2023\/09\/22-23-Projekttag-Presseclub-1-1-450x338.jpg 450w, https:\/\/www.rwg-bayreuth.de\/home\/wp-content\/uploads\/2023\/09\/22-23-Projekttag-Presseclub-1-1-150x113.jpg 150w, https:\/\/www.rwg-bayreuth.de\/home\/wp-content\/uploads\/2023\/09\/22-23-Projekttag-Presseclub-1-1-768x576.jpg 768w, https:\/\/www.rwg-bayreuth.de\/home\/wp-content\/uploads\/2023\/09\/22-23-Projekttag-Presseclub-1-1-250x188.jpg 250w\" sizes=\"(max-width: 1024px) 100vw, 1024px\" \/><\/a>Wir haben mehrere Sch\u00fcler bei dem Projekttag interviewt und sie gefragt, was sie bei den Upcycling \u2013 Projekten gemacht haben. Bei Projekt 2 und 12 konnte man Altpapier oder Jeans in Kunstwerke und Taschen verwandeln. Weil das Richard-Wagner-Gymnasium eine umweltbewusste Schule ist, finden die meisten, dass das eine super Idee ist. Wir haben uns beim Unterstufenprojekt \u201eKreativ mit Altpapier\u201c umgesehen und Emma und Julia ein paar Fragen gestellt. Emma meinte, dass sie dort kreativ sein k\u00f6nnen und neue Kunstwerke kreieren. Zu unserer Frage, wie sie Upcycling an unserer umweltfreundlichen Schule findet, sagte die Sch\u00fclerin, dass es sehr interessant ist, weil sie sich davor noch nie so wirklich mit diesem Thema besch\u00e4ftig hatte. Sie erg\u00e4nzte jedoch, dass sie das sehr wahrscheinlich nicht weiterf\u00fchren wird im Gegensatz zu Julia. Zu guter Letzt fanden beide, dass dies ein spannendes Projekt war, bei dem man sich kreativ austoben konnte.<\/p>\n<div class=\"su-image-carousel  clear su-image-carousel-columns-4 su-image-carousel-has-spacing su-image-carousel-crop su-image-carousel-crop-3-4 su-image-carousel-has-lightbox su-image-carousel-has-outline su-image-carousel-slides-style-minimal su-image-carousel-controls-style-light su-image-carousel-align-center\" style=\"\" data-flickity-options='{\"groupCells\":true,\"cellSelector\":\".su-image-carousel-item\",\"adaptiveHeight\":false,\"cellAlign\":\"left\",\"prevNextButtons\":true,\"pageDots\":false,\"autoPlay\":4000,\"imagesLoaded\":true,\"contain\":true,\"selectedAttraction\":0.025000000000000001,\"friction\":0.28000000000000003}' id=\"su_image_carousel_69f1cab8a5090\"><div class=\"su-image-carousel-item\"><div class=\"su-image-carousel-item-content\"><a href=\"https:\/\/www.rwg-bayreuth.de\/home\/wp-content\/uploads\/2023\/09\/22-23-Projekttag-Presseclub-1-2.jpg\" data-caption=\"\"><img loading=\"lazy\" decoding=\"async\" width=\"768\" height=\"1024\" src=\"https:\/\/www.rwg-bayreuth.de\/home\/wp-content\/uploads\/2023\/09\/22-23-Projekttag-Presseclub-1-2.jpg\" class=\"\" alt=\"\" srcset=\"https:\/\/www.rwg-bayreuth.de\/home\/wp-content\/uploads\/2023\/09\/22-23-Projekttag-Presseclub-1-2.jpg 768w, https:\/\/www.rwg-bayreuth.de\/home\/wp-content\/uploads\/2023\/09\/22-23-Projekttag-Presseclub-1-2-338x450.jpg 338w, https:\/\/www.rwg-bayreuth.de\/home\/wp-content\/uploads\/2023\/09\/22-23-Projekttag-Presseclub-1-2-113x150.jpg 113w, https:\/\/www.rwg-bayreuth.de\/home\/wp-content\/uploads\/2023\/09\/22-23-Projekttag-Presseclub-1-2-250x333.jpg 250w\" sizes=\"(max-width: 768px) 100vw, 768px\" \/><\/a><\/div><\/div><div class=\"su-image-carousel-item\"><div class=\"su-image-carousel-item-content\"><a href=\"https:\/\/www.rwg-bayreuth.de\/home\/wp-content\/uploads\/2023\/09\/22-23-Projekttag-Presseclub-1-3.jpg\" data-caption=\"\"><img loading=\"lazy\" decoding=\"async\" width=\"768\" height=\"1024\" src=\"https:\/\/www.rwg-bayreuth.de\/home\/wp-content\/uploads\/2023\/09\/22-23-Projekttag-Presseclub-1-3.jpg\" class=\"\" alt=\"\" srcset=\"https:\/\/www.rwg-bayreuth.de\/home\/wp-content\/uploads\/2023\/09\/22-23-Projekttag-Presseclub-1-3.jpg 768w, https:\/\/www.rwg-bayreuth.de\/home\/wp-content\/uploads\/2023\/09\/22-23-Projekttag-Presseclub-1-3-338x450.jpg 338w, https:\/\/www.rwg-bayreuth.de\/home\/wp-content\/uploads\/2023\/09\/22-23-Projekttag-Presseclub-1-3-113x150.jpg 113w, https:\/\/www.rwg-bayreuth.de\/home\/wp-content\/uploads\/2023\/09\/22-23-Projekttag-Presseclub-1-3-250x333.jpg 250w\" sizes=\"(max-width: 768px) 100vw, 768px\" \/><\/a><\/div><\/div><div class=\"su-image-carousel-item\"><div class=\"su-image-carousel-item-content\"><a href=\"https:\/\/www.rwg-bayreuth.de\/home\/wp-content\/uploads\/2023\/09\/22-23-Projekttag-Presseclub-1-4.jpg\" data-caption=\"\"><img loading=\"lazy\" decoding=\"async\" width=\"768\" height=\"1024\" src=\"https:\/\/www.rwg-bayreuth.de\/home\/wp-content\/uploads\/2023\/09\/22-23-Projekttag-Presseclub-1-4.jpg\" class=\"\" alt=\"\" srcset=\"https:\/\/www.rwg-bayreuth.de\/home\/wp-content\/uploads\/2023\/09\/22-23-Projekttag-Presseclub-1-4.jpg 768w, https:\/\/www.rwg-bayreuth.de\/home\/wp-content\/uploads\/2023\/09\/22-23-Projekttag-Presseclub-1-4-338x450.jpg 338w, https:\/\/www.rwg-bayreuth.de\/home\/wp-content\/uploads\/2023\/09\/22-23-Projekttag-Presseclub-1-4-113x150.jpg 113w, https:\/\/www.rwg-bayreuth.de\/home\/wp-content\/uploads\/2023\/09\/22-23-Projekttag-Presseclub-1-4-250x333.jpg 250w\" sizes=\"(max-width: 768px) 100vw, 768px\" \/><\/a><\/div><\/div><div class=\"su-image-carousel-item\"><div class=\"su-image-carousel-item-content\"><a href=\"https:\/\/www.rwg-bayreuth.de\/home\/wp-content\/uploads\/2023\/09\/22-23-Projekttag-Presseclub-1-5.jpg\" data-caption=\"\"><img loading=\"lazy\" decoding=\"async\" width=\"768\" height=\"1024\" src=\"https:\/\/www.rwg-bayreuth.de\/home\/wp-content\/uploads\/2023\/09\/22-23-Projekttag-Presseclub-1-5.jpg\" class=\"\" alt=\"\" srcset=\"https:\/\/www.rwg-bayreuth.de\/home\/wp-content\/uploads\/2023\/09\/22-23-Projekttag-Presseclub-1-5.jpg 768w, https:\/\/www.rwg-bayreuth.de\/home\/wp-content\/uploads\/2023\/09\/22-23-Projekttag-Presseclub-1-5-338x450.jpg 338w, https:\/\/www.rwg-bayreuth.de\/home\/wp-content\/uploads\/2023\/09\/22-23-Projekttag-Presseclub-1-5-113x150.jpg 113w, https:\/\/www.rwg-bayreuth.de\/home\/wp-content\/uploads\/2023\/09\/22-23-Projekttag-Presseclub-1-5-250x333.jpg 250w\" sizes=\"(max-width: 768px) 100vw, 768px\" \/><\/a><\/div><\/div><\/div><script id=\"su_image_carousel_69f1cab8a5090_script\">if(window.SUImageCarousel){setTimeout(function() {window.SUImageCarousel.initGallery(document.getElementById(\"su_image_carousel_69f1cab8a5090\"))}, 0);}var su_image_carousel_69f1cab8a5090_script=document.getElementById(\"su_image_carousel_69f1cab8a5090_script\");if(su_image_carousel_69f1cab8a5090_script){su_image_carousel_69f1cab8a5090_script.parentNode.removeChild(su_image_carousel_69f1cab8a5090_script);}<\/script>\n<p>Kommen wir zu Projekt 12 &#8222;Von der Jeans bis zur Tasche&#8220;. Dort haben wir Anna-Maria aus der Mittelstufe interviewt und ihr ein paar Fragen gestellt. Es interessierte uns, ob sie es sinnvoll findet, alte Stoffe weiterzuverarbeiten, ob sie es zuhause wieder machen wird und was sie von dem Grundgedanken des Upcyclings h\u00e4lt. Zu allem hatte sie eine sehr positive Einstellung. Sie findet, dass es eine tolle und eine kreative Idee sei, weil sie am Erhalt der Umwelt sehr interessiert ist, habe sie das Projekt am meisten angesprochen. Vielleicht mache sie das zuhause wieder und versuche wom\u00f6glich, noch andere Dinge umzucyclen. Und das mit dem Grundgedanken finde sie super, weil sie es m\u00f6ge, aus etwas Altem etwas Neues zu machen. <\/p>\n<p>Es hat unseren Sch\u00fclern super viel Spa\u00df gemacht, an diesen Projekten teilzunehmen und sich in das Upcycling ein bisschen zu vertiefen.<\/p>\n<p><em>Sophia Bergmann (7f) und Alina Podgain (7e) <\/em><\/p>\n<\/div>\n<p>&nbsp;<\/p>\n<div style=\"transform: rotate(-2deg); margin:3px; padding: 20px; box-shadow: 3px 5px 10px gray; border: 1px solid #cccccc;\">\n<h2>Traditioneller pommerischer Tanz<\/h2>\n<p>Heute, am 13.07.2023, sind wir als Reporter am Projekttag des Richard-Wagner-Gymnasiums unterwegs.<\/p>\n<p>\u201eWieso pommerische Tanzkunst als Projekt nehmen?\u201c, fragen wir die Kinder, die die Veranstaltung besuchen. Einige meinen, sie haben dieses Projekt genommen, weil alle restlichen Erlebnisse schon ausgebucht waren. Andere wiederum meinten, sie gehen mit ihren Freunden dorthin, um Spa\u00df zu haben und etwas \u00fcber die traditionelle Tanzkunst zu lernen. <a href=\"https:\/\/www.rwg-bayreuth.de\/home\/wp-content\/uploads\/2023\/09\/22-23-Projekttag-Presseclub-2-Interview.jpg\"><img decoding=\"async\" src=\"https:\/\/www.rwg-bayreuth.de\/home\/wp-content\/uploads\/2023\/09\/22-23-Projekttag-Presseclub-2-Interview.jpg\" alt=\"\" width=\"190\" height=\"auto\" class=\"alignright size-full wp-image-34517\" srcset=\"https:\/\/www.rwg-bayreuth.de\/home\/wp-content\/uploads\/2023\/09\/22-23-Projekttag-Presseclub-2-Interview.jpg 246w, https:\/\/www.rwg-bayreuth.de\/home\/wp-content\/uploads\/2023\/09\/22-23-Projekttag-Presseclub-2-Interview-112x150.jpg 112w\" sizes=\"(max-width: 246px) 100vw, 246px\" \/><\/a>Herr F\u00fcrnk\u00e4s, welcher den Kurs leitet und im Verein tanzt, erkl\u00e4rt uns den Begriff \u201etraditioneller Tanz\u201c. T\u00e4nze, die \u00fcber l\u00e4ngere Zeit, also auch \u00fcber Generationen hinweg, weitergegeben worden sind, definieren diese Traditionalit\u00e4t. \u201eTraditionell\u201c bedeutet also \u00fcber eine l\u00e4ngere Zeit Bestand haben. Die T\u00e4nze hingegen k\u00f6nnen aus verschiedenen L\u00e4ndern stammen. Die Projektleiter meinten, dass es wichtig ist, j\u00fcngeren Menschen etwas von dem Spa\u00df an traditionellen pommerischen T\u00e4nzen zu vermitteln, damit die kulturelle Tanzweise erhalten bleibt. Die Besonderheit an pommerischen T\u00e4nzen ist, dass sie im Gegensatz zu bayrischen T\u00e4nzen schneller und anstrengender sind und man mit ihnen eine Geschichte erz\u00e4hlen will.<\/p>\n<p><a href=\"https:\/\/www.rwg-bayreuth.de\/home\/wp-content\/uploads\/2023\/09\/22-23-Projekttag-Presseclub-2-Gruppenbild.jpg\"><img decoding=\"async\" src=\"https:\/\/www.rwg-bayreuth.de\/home\/wp-content\/uploads\/2023\/09\/22-23-Projekttag-Presseclub-2-Gruppenbild.jpg\" alt=\"\" width=\"250\" height=\"auto\" class=\"alignright size-full wp-image-34518\" srcset=\"https:\/\/www.rwg-bayreuth.de\/home\/wp-content\/uploads\/2023\/09\/22-23-Projekttag-Presseclub-2-Gruppenbild.jpg 338w, https:\/\/www.rwg-bayreuth.de\/home\/wp-content\/uploads\/2023\/09\/22-23-Projekttag-Presseclub-2-Gruppenbild-150x116.jpg 150w, https:\/\/www.rwg-bayreuth.de\/home\/wp-content\/uploads\/2023\/09\/22-23-Projekttag-Presseclub-2-Gruppenbild-250x194.jpg 250w\" sizes=\"(max-width: 338px) 100vw, 338px\" \/><\/a>Zum Schluss wollen wir von den Kindern und nat\u00fcrlich auch von den Lehrern wissen, welchen Unterschied es zwischen Hip Hop und dem pommerischen Volkstanz gibt. Sie meinten: \u201eBei Hip Hop sind die Tanzschritte und die Musik anders. Sie ist viel l\u00e4ssiger, eben moderner, die man aus den Charts oder Internet kennt. Beim traditionellen Tanz ben\u00f6tigt man hingegen viel Disziplin.\u201c Manche Kinder gingen leider nur in dieses Projekt, weil ihr \u201eWunschprojekt\u201c ausgebucht war. Aber trotzdem zeigten sie viel Spa\u00df und Interesse an den Tanzstunden. Zwar tanzten wir selbst nicht mit, aber gewannen trotzdem den Eindruck, dass es eine sehr bunte und fr\u00f6hliche Tanzart ist und es keiner der Teilnehmer bereut hat, dieses Projekt besucht zu haben. N\u00e4chstes Jahr, falls es erneut stattfinden sollte, nehme ich vielleicht auch daran teil.<\/p>\n<p><em>Eine Reportage von Antonia Prei\u00dfner, Mia Berger und Lara Schroll <\/em><\/p>\n<\/div>\n<p>&nbsp;<\/p>\n<div style=\"transform: rotate(2deg); margin:3px; padding: 20px; box-shadow: 3px 5px 10px gray; border: 1px solid #cccccc;\">\n<h2>Schulprojekte<br \/>\nSelbstverteidigung &#038; erste Hilfe<\/h2>\n<h4>Selbstverteidigung<\/h4>\n<p>Am 13.7.2023 durften sich die Sch\u00fclerinnen und Sch\u00fcler des Richard-Wagner-Gymnasiums ein Projekt aussuchen. Eines davon war der Kurs von Frau Ackermann und Frau Krueger-Pietka.<br \/>\nDie Kinder lernten dabei, sich selbst zu verteidigen und Erste Hilfe zu leisten. Dort waren wir zu Gast, um ein paar Fragen zu stellen.<\/p>\n<p>Wir befragten zwei Sch\u00fcler:<\/p>\n<p class=\"ohne\" style=\"font-style: italic\">Wozu braucht man dieses Wissen?<\/p>\n<p>Das Wissen braucht man, um m\u00f6gliche Gefahren abzuwehren oder sich zu verteidigen.<\/p>\n<p class=\"ohne\" style=\"font-style: italic\">Wie, bei welcher Gelegenheit wendet man das Wissen an?<\/p>\n<p>Man braucht es eigentlich t\u00e4glich, indem man Gefahrensituationen aus dem Weg geht.<\/p>\n<p class=\"ohne\" style=\"font-style: italic\">Wie verteidigt man sich richtig?<\/p>\n<p>Man verletzt sich selbst und den Gegner \u2013 in unserem Fall den \u00dcbungspartner \u2013 m\u00f6glichst nicht.<\/p>\n<p class=\"ohne\" style=\"font-style: italic\">Wie f\u00e4ngt Selbstverteidigung an?<\/p>\n<p>Man f\u00e4ngt damit an, Deeskalation zu \u00fcben, also eine brenzlige Situation nicht ausarten zu lassen.<\/p>\n<p class=\"ohne\" style=\"font-style: italic\">Wie erkennt man, ob jemand eine potenzielle Gefahr darstellt?<\/p>\n<p>Gef\u00e4hrlich kann es werden, wenn Personen stur, mit oder ohne Waffe, auf einen zukommen oder bereits am Ausholen sind.<\/p>\n<p><a href=\"https:\/\/www.rwg-bayreuth.de\/home\/wp-content\/uploads\/2023\/09\/22-23-Projekttag-Presseclub-3-2.jpg\"><img loading=\"lazy\" decoding=\"async\" src=\"https:\/\/www.rwg-bayreuth.de\/home\/wp-content\/uploads\/2023\/09\/22-23-Projekttag-Presseclub-3-2.jpg\" alt=\"\" width=\"1024\" height=\"461\" class=\"aligncenter size-full wp-image-34513\" srcset=\"https:\/\/www.rwg-bayreuth.de\/home\/wp-content\/uploads\/2023\/09\/22-23-Projekttag-Presseclub-3-2.jpg 1024w, https:\/\/www.rwg-bayreuth.de\/home\/wp-content\/uploads\/2023\/09\/22-23-Projekttag-Presseclub-3-2-450x203.jpg 450w, https:\/\/www.rwg-bayreuth.de\/home\/wp-content\/uploads\/2023\/09\/22-23-Projekttag-Presseclub-3-2-150x68.jpg 150w, https:\/\/www.rwg-bayreuth.de\/home\/wp-content\/uploads\/2023\/09\/22-23-Projekttag-Presseclub-3-2-768x346.jpg 768w, https:\/\/www.rwg-bayreuth.de\/home\/wp-content\/uploads\/2023\/09\/22-23-Projekttag-Presseclub-3-2-250x113.jpg 250w\" sizes=\"(max-width: 1024px) 100vw, 1024px\" \/><\/a><\/p>\n<h4>Erste Hilfe<\/h4>\n<p>Auch hier waren wir zu Gast und schauten uns ein wenig um.<br \/>\nEin freundlicher Mann erkl\u00e4rte den Kindern den Ablauf einer Herzdruckmassage.<br \/>\nDie einzelnen Schritte wurden dabei genau erl\u00e4utert: Zuerst sollte man nachsehen, ob die Person ansprechbar ist. Wenn nicht, sollte man Hilfe organisieren und schauen, ob die Person atmet. Wenn sie dies tut, dann legt man den Patienten in die Seitenlage und wartet auf Hilfe. Falls nicht, muss man den Brustkorb frei machen und die Herzdruckmassage durchf\u00fchren. Dabei legt man die Hand auf die untere H\u00e4lfte des Brustbeins und dr\u00fcckt wiederholt in einem bestimmten Rhythmus so lange, bis Hilfe eintrifft. Die Kinder durften dies an Puppen \u00fcben.<\/p>\n<p><a href=\"https:\/\/www.rwg-bayreuth.de\/home\/wp-content\/uploads\/2023\/09\/22-23-Projekttag-Presseclub-3-1.jpg\"><img decoding=\"async\" src=\"https:\/\/www.rwg-bayreuth.de\/home\/wp-content\/uploads\/2023\/09\/22-23-Projekttag-Presseclub-3-1.jpg\" alt=\"\" width=\"1024\" height=\"auto\" class=\"aligncenter size-medium wp-image-34514\" srcset=\"https:\/\/www.rwg-bayreuth.de\/home\/wp-content\/uploads\/2023\/09\/22-23-Projekttag-Presseclub-3-1.jpg 1024w, https:\/\/www.rwg-bayreuth.de\/home\/wp-content\/uploads\/2023\/09\/22-23-Projekttag-Presseclub-3-1-450x202.jpg 450w, https:\/\/www.rwg-bayreuth.de\/home\/wp-content\/uploads\/2023\/09\/22-23-Projekttag-Presseclub-3-1-150x67.jpg 150w, https:\/\/www.rwg-bayreuth.de\/home\/wp-content\/uploads\/2023\/09\/22-23-Projekttag-Presseclub-3-1-768x344.jpg 768w, https:\/\/www.rwg-bayreuth.de\/home\/wp-content\/uploads\/2023\/09\/22-23-Projekttag-Presseclub-3-1-250x112.jpg 250w\" sizes=\"(max-width: 1024px) 100vw, 1024px\" \/><\/a><\/p>\n<p>Den Sch\u00fcler*innen hat es sehr viel Spa\u00df gemacht und sie freuen sich schon auf den n\u00e4chsten Projekttag <\/p>\n<p><em>Leo &#038; Leopold<\/em><\/p>\n<\/div>\n<p>&nbsp;<\/p>\n<div style=\"transform: rotate(-1deg); margin:3px; padding: 20px; box-shadow: 3px 5px 10px gray; border: 1px solid #cccccc;\">\n<h2>Projekt Selbstverteidigung und Erste Hilfe<\/h2>\n<p>Heute, am 13.07.2023, sind wir, Antonia, Mia und Lara als Reporterinnen durch die Schule gezogen und haben Sch\u00fcler und Lehrer des Projektes Selbstverteidigung und Erste Hilfe interviewt.<br \/>\nDas Projekt bestand aus zwei Einheiten. Die ersten drei Stunden konnten die Teilnehmer lernen, wie man sich gegen Angreifer verteildigen kann. In den weiteren drei Stunden wurden von einem Mitarbeiter der Malteser die Grundlagen der Ersten-Hilfe gezeigt. <\/p>\n<h4>Selbstverteidigung <\/h4>\n<p>W\u00e4hrend der dieses Kurses lernten die Jugendlichen Abwehr und Angriff, verschiedene Kicks und bestimmte Techniken, um Verletzungen zu vermeiden. W\u00e4hrend des Trainings wollten wir von einer Sch\u00fclerin wissen, warum sie dieses Projekt gew\u00e4hlt hat. Sie hat erz\u00e4hlt, dass sie sowas schon immer mal machen wollte und sich au\u00dferdem f\u00fcr dieses Thema interessiert. Auf die Frage, was ihr gef\u00e4llt, antwortete sie, dass sie sowohl die \u00dcbungen toll findet als auch die Tatsache, dass sie zu Hause noch weiter \u00fcben kann, um sicherer zu werden. Au\u00dferdem sei es ihr wichtig zu lernen, wie man gef\u00e4hrliche Situationen deeskalieren und sich, falls erforderlich, auch noch wehren kann. Wir fragten zum Schluss au\u00dferdem, ob sie denke, dass sie das Gelernte im Alltag ben\u00f6tigen werde. <\/p>\n<p>Die Sch\u00fclerin hofft nat\u00fcrlich, dass sie es nicht anwenden m\u00fcsse, sei aber froh, sich nun notfalls verteidigen zu k\u00f6nnen.<\/p>\n<div class=\"su-image-carousel  clear su-image-carousel-columns-3 su-image-carousel-has-spacing su-image-carousel-crop su-image-carousel-crop-4-3 su-image-carousel-has-lightbox su-image-carousel-has-outline su-image-carousel-slides-style-minimal su-image-carousel-controls-style-light su-image-carousel-align-center\" style=\"\" data-flickity-options='{\"groupCells\":true,\"cellSelector\":\".su-image-carousel-item\",\"adaptiveHeight\":false,\"cellAlign\":\"left\",\"prevNextButtons\":true,\"pageDots\":false,\"autoPlay\":4000,\"imagesLoaded\":true,\"contain\":true,\"selectedAttraction\":0.025000000000000001,\"friction\":0.28000000000000003}' id=\"su_image_carousel_69f1cab8a542c\"><div class=\"su-image-carousel-item\"><div class=\"su-image-carousel-item-content\"><a href=\"https:\/\/www.rwg-bayreuth.de\/home\/wp-content\/uploads\/2023\/09\/22-23-Projekttag-Presseclub-4-1.jpg\" data-caption=\"\"><img loading=\"lazy\" decoding=\"async\" width=\"1024\" height=\"768\" src=\"https:\/\/www.rwg-bayreuth.de\/home\/wp-content\/uploads\/2023\/09\/22-23-Projekttag-Presseclub-4-1.jpg\" class=\"\" alt=\"\" srcset=\"https:\/\/www.rwg-bayreuth.de\/home\/wp-content\/uploads\/2023\/09\/22-23-Projekttag-Presseclub-4-1.jpg 1024w, https:\/\/www.rwg-bayreuth.de\/home\/wp-content\/uploads\/2023\/09\/22-23-Projekttag-Presseclub-4-1-450x338.jpg 450w, https:\/\/www.rwg-bayreuth.de\/home\/wp-content\/uploads\/2023\/09\/22-23-Projekttag-Presseclub-4-1-150x113.jpg 150w, https:\/\/www.rwg-bayreuth.de\/home\/wp-content\/uploads\/2023\/09\/22-23-Projekttag-Presseclub-4-1-768x576.jpg 768w, https:\/\/www.rwg-bayreuth.de\/home\/wp-content\/uploads\/2023\/09\/22-23-Projekttag-Presseclub-4-1-250x188.jpg 250w\" sizes=\"(max-width: 1024px) 100vw, 1024px\" \/><\/a><\/div><\/div><div class=\"su-image-carousel-item\"><div class=\"su-image-carousel-item-content\"><a href=\"https:\/\/www.rwg-bayreuth.de\/home\/wp-content\/uploads\/2023\/09\/22-23-Projekttag-Presseclub-4-2.jpg\" data-caption=\"\"><img loading=\"lazy\" decoding=\"async\" width=\"1024\" height=\"768\" src=\"https:\/\/www.rwg-bayreuth.de\/home\/wp-content\/uploads\/2023\/09\/22-23-Projekttag-Presseclub-4-2.jpg\" class=\"\" alt=\"\" srcset=\"https:\/\/www.rwg-bayreuth.de\/home\/wp-content\/uploads\/2023\/09\/22-23-Projekttag-Presseclub-4-2.jpg 1024w, https:\/\/www.rwg-bayreuth.de\/home\/wp-content\/uploads\/2023\/09\/22-23-Projekttag-Presseclub-4-2-450x338.jpg 450w, https:\/\/www.rwg-bayreuth.de\/home\/wp-content\/uploads\/2023\/09\/22-23-Projekttag-Presseclub-4-2-150x113.jpg 150w, https:\/\/www.rwg-bayreuth.de\/home\/wp-content\/uploads\/2023\/09\/22-23-Projekttag-Presseclub-4-2-768x576.jpg 768w, https:\/\/www.rwg-bayreuth.de\/home\/wp-content\/uploads\/2023\/09\/22-23-Projekttag-Presseclub-4-2-250x188.jpg 250w\" sizes=\"(max-width: 1024px) 100vw, 1024px\" \/><\/a><\/div><\/div><div class=\"su-image-carousel-item\"><div class=\"su-image-carousel-item-content\"><a href=\"https:\/\/www.rwg-bayreuth.de\/home\/wp-content\/uploads\/2023\/09\/22-23-Projekttag-Presseclub-4-3.jpg\" data-caption=\"\"><img loading=\"lazy\" decoding=\"async\" width=\"1024\" height=\"768\" src=\"https:\/\/www.rwg-bayreuth.de\/home\/wp-content\/uploads\/2023\/09\/22-23-Projekttag-Presseclub-4-3.jpg\" class=\"\" alt=\"\" srcset=\"https:\/\/www.rwg-bayreuth.de\/home\/wp-content\/uploads\/2023\/09\/22-23-Projekttag-Presseclub-4-3.jpg 1024w, https:\/\/www.rwg-bayreuth.de\/home\/wp-content\/uploads\/2023\/09\/22-23-Projekttag-Presseclub-4-3-450x338.jpg 450w, https:\/\/www.rwg-bayreuth.de\/home\/wp-content\/uploads\/2023\/09\/22-23-Projekttag-Presseclub-4-3-150x113.jpg 150w, https:\/\/www.rwg-bayreuth.de\/home\/wp-content\/uploads\/2023\/09\/22-23-Projekttag-Presseclub-4-3-768x576.jpg 768w, https:\/\/www.rwg-bayreuth.de\/home\/wp-content\/uploads\/2023\/09\/22-23-Projekttag-Presseclub-4-3-250x188.jpg 250w\" sizes=\"(max-width: 1024px) 100vw, 1024px\" \/><\/a><\/div><\/div><div class=\"su-image-carousel-item\"><div class=\"su-image-carousel-item-content\"><a href=\"https:\/\/www.rwg-bayreuth.de\/home\/wp-content\/uploads\/2023\/09\/22-23-Projekttag-Presseclub-4-4.jpg\" data-caption=\"\"><img loading=\"lazy\" decoding=\"async\" width=\"1024\" height=\"768\" src=\"https:\/\/www.rwg-bayreuth.de\/home\/wp-content\/uploads\/2023\/09\/22-23-Projekttag-Presseclub-4-4.jpg\" class=\"\" alt=\"\" srcset=\"https:\/\/www.rwg-bayreuth.de\/home\/wp-content\/uploads\/2023\/09\/22-23-Projekttag-Presseclub-4-4.jpg 1024w, https:\/\/www.rwg-bayreuth.de\/home\/wp-content\/uploads\/2023\/09\/22-23-Projekttag-Presseclub-4-4-450x338.jpg 450w, https:\/\/www.rwg-bayreuth.de\/home\/wp-content\/uploads\/2023\/09\/22-23-Projekttag-Presseclub-4-4-150x113.jpg 150w, https:\/\/www.rwg-bayreuth.de\/home\/wp-content\/uploads\/2023\/09\/22-23-Projekttag-Presseclub-4-4-768x576.jpg 768w, https:\/\/www.rwg-bayreuth.de\/home\/wp-content\/uploads\/2023\/09\/22-23-Projekttag-Presseclub-4-4-250x188.jpg 250w\" sizes=\"(max-width: 1024px) 100vw, 1024px\" \/><\/a><\/div><\/div><\/div><script id=\"su_image_carousel_69f1cab8a542c_script\">if(window.SUImageCarousel){setTimeout(function() {window.SUImageCarousel.initGallery(document.getElementById(\"su_image_carousel_69f1cab8a542c\"))}, 0);}var su_image_carousel_69f1cab8a542c_script=document.getElementById(\"su_image_carousel_69f1cab8a542c_script\");if(su_image_carousel_69f1cab8a542c_script){su_image_carousel_69f1cab8a542c_script.parentNode.removeChild(su_image_carousel_69f1cab8a542c_script);}<\/script>\n<h4>Erste Hilfe<\/h4>\n<p>Bei diesem Kurs wurde den Teilnehmern von Herrn Danner, einem sehr netten Mitarbeiter der Malteser, gezeigt, wie man Verb\u00e4nde anlegt, einen Notruf absetzt, bewusstlose Personen in die stabile Seitenlage bringt und wie man Herzdruckmassage richtig durchf\u00fchrt. Die Sch\u00fclerinnen und Sch\u00fcler, die das Projekt besucht haben, waren sich einig, dass es wichtig ist, zu wissen, wie man sich im Ernstfall zu verhalten hat und Menschen helfen kann. Schlie\u00dflich k\u00f6nnen es auch Familienmitglieder, Freunde und Bekannte sein, die einmal unsere Hilfe ben\u00f6tigen.\t <\/p>\n<p>Lehrer und Dozenten waren ebenfalls der Meinung, dass sie beide Themen sehr wichtig finden und es sch\u00f6n ist, dass solche Kurse \u00fcberhaupt an Schulen angeboten werden. Projekttage bieten sich hierf\u00fcr besonders an.<\/p>\n<div class=\"su-image-carousel  clear su-image-carousel-columns-3 su-image-carousel-has-spacing su-image-carousel-crop su-image-carousel-crop-4-3 su-image-carousel-has-lightbox su-image-carousel-has-outline su-image-carousel-slides-style-minimal su-image-carousel-controls-style-light su-image-carousel-align-center\" style=\"\" data-flickity-options='{\"groupCells\":true,\"cellSelector\":\".su-image-carousel-item\",\"adaptiveHeight\":false,\"cellAlign\":\"left\",\"prevNextButtons\":true,\"pageDots\":false,\"autoPlay\":4000,\"imagesLoaded\":true,\"contain\":true,\"selectedAttraction\":0.025000000000000001,\"friction\":0.28000000000000003}' id=\"su_image_carousel_69f1cab8a5749\"><div class=\"su-image-carousel-item\"><div class=\"su-image-carousel-item-content\"><a href=\"https:\/\/www.rwg-bayreuth.de\/home\/wp-content\/uploads\/2023\/09\/22-23-Projekttag-Presseclub-4-6.jpg\" data-caption=\"\"><img loading=\"lazy\" decoding=\"async\" width=\"1024\" height=\"768\" src=\"https:\/\/www.rwg-bayreuth.de\/home\/wp-content\/uploads\/2023\/09\/22-23-Projekttag-Presseclub-4-6.jpg\" class=\"\" alt=\"\" srcset=\"https:\/\/www.rwg-bayreuth.de\/home\/wp-content\/uploads\/2023\/09\/22-23-Projekttag-Presseclub-4-6.jpg 1024w, https:\/\/www.rwg-bayreuth.de\/home\/wp-content\/uploads\/2023\/09\/22-23-Projekttag-Presseclub-4-6-450x338.jpg 450w, https:\/\/www.rwg-bayreuth.de\/home\/wp-content\/uploads\/2023\/09\/22-23-Projekttag-Presseclub-4-6-150x113.jpg 150w, https:\/\/www.rwg-bayreuth.de\/home\/wp-content\/uploads\/2023\/09\/22-23-Projekttag-Presseclub-4-6-768x576.jpg 768w, https:\/\/www.rwg-bayreuth.de\/home\/wp-content\/uploads\/2023\/09\/22-23-Projekttag-Presseclub-4-6-250x188.jpg 250w\" sizes=\"(max-width: 1024px) 100vw, 1024px\" \/><\/a><\/div><\/div><div class=\"su-image-carousel-item\"><div class=\"su-image-carousel-item-content\"><a href=\"https:\/\/www.rwg-bayreuth.de\/home\/wp-content\/uploads\/2023\/09\/22-23-Projekttag-Presseclub-4-8.jpg\" data-caption=\"\"><img loading=\"lazy\" decoding=\"async\" width=\"1024\" height=\"768\" src=\"https:\/\/www.rwg-bayreuth.de\/home\/wp-content\/uploads\/2023\/09\/22-23-Projekttag-Presseclub-4-8.jpg\" class=\"\" alt=\"\" srcset=\"https:\/\/www.rwg-bayreuth.de\/home\/wp-content\/uploads\/2023\/09\/22-23-Projekttag-Presseclub-4-8.jpg 1024w, https:\/\/www.rwg-bayreuth.de\/home\/wp-content\/uploads\/2023\/09\/22-23-Projekttag-Presseclub-4-8-450x338.jpg 450w, https:\/\/www.rwg-bayreuth.de\/home\/wp-content\/uploads\/2023\/09\/22-23-Projekttag-Presseclub-4-8-150x113.jpg 150w, https:\/\/www.rwg-bayreuth.de\/home\/wp-content\/uploads\/2023\/09\/22-23-Projekttag-Presseclub-4-8-768x576.jpg 768w, https:\/\/www.rwg-bayreuth.de\/home\/wp-content\/uploads\/2023\/09\/22-23-Projekttag-Presseclub-4-8-250x188.jpg 250w\" sizes=\"(max-width: 1024px) 100vw, 1024px\" \/><\/a><\/div><\/div><div class=\"su-image-carousel-item\"><div class=\"su-image-carousel-item-content\"><a href=\"https:\/\/www.rwg-bayreuth.de\/home\/wp-content\/uploads\/2023\/09\/22-23-Projekttag-Presseclub-4-5.jpg\" data-caption=\"\"><img loading=\"lazy\" decoding=\"async\" width=\"768\" height=\"1024\" src=\"https:\/\/www.rwg-bayreuth.de\/home\/wp-content\/uploads\/2023\/09\/22-23-Projekttag-Presseclub-4-5.jpg\" class=\"\" alt=\"\" srcset=\"https:\/\/www.rwg-bayreuth.de\/home\/wp-content\/uploads\/2023\/09\/22-23-Projekttag-Presseclub-4-5.jpg 768w, https:\/\/www.rwg-bayreuth.de\/home\/wp-content\/uploads\/2023\/09\/22-23-Projekttag-Presseclub-4-5-338x450.jpg 338w, https:\/\/www.rwg-bayreuth.de\/home\/wp-content\/uploads\/2023\/09\/22-23-Projekttag-Presseclub-4-5-113x150.jpg 113w, https:\/\/www.rwg-bayreuth.de\/home\/wp-content\/uploads\/2023\/09\/22-23-Projekttag-Presseclub-4-5-250x333.jpg 250w\" sizes=\"(max-width: 768px) 100vw, 768px\" \/><\/a><\/div><\/div><\/div><script id=\"su_image_carousel_69f1cab8a5749_script\">if(window.SUImageCarousel){setTimeout(function() {window.SUImageCarousel.initGallery(document.getElementById(\"su_image_carousel_69f1cab8a5749\"))}, 0);}var su_image_carousel_69f1cab8a5749_script=document.getElementById(\"su_image_carousel_69f1cab8a5749_script\");if(su_image_carousel_69f1cab8a5749_script){su_image_carousel_69f1cab8a5749_script.parentNode.removeChild(su_image_carousel_69f1cab8a5749_script);}<\/script>\n<p><em>Eine Reportage von Antonia Prei\u00dfner, Mia Berger und Lara Schroll<\/em><\/p>\n<\/div>\n<p>&nbsp;<\/p>\n<div style=\"transform: rotate(1deg); margin:3px; padding: 20px; box-shadow: 3px 5px 10px gray; border: 1px solid #cccccc;\">\n<h2>\u201eHab ich da Pasta geh\u00f6rt?\u201c<\/h2>\n<h4>Kreative Pasta: Nudeln k\u00f6nnen mehr sein als nur gelb<\/h4>\n<p>Viele von euch denken, dass die Pasta aus Italien kommt. Nein, nicht die Italiener haben sie erfunden, sondern die Chinesen! Es gibt ja auch chinesche Nudelspeisen wie Ramen. Allerdings kommt die beste Pasta aus Gragnano bei Neapel. Wusstet ihr das? Auf unserer Welt gibt es rund 600 Nudelsorten! Jedoch sind sie nicht ganz so gesund aufgrund der Menge an Kohlenhydraten, allerdings bauen sie Muskeln auf.<\/p>\n<p>Unsere Schule, das Richard-Wagner-Gymnasium in Bayreuth, stellt heute, am Projekttag, selbst Nudeln her. Daf\u00fcr gehen wir in die Schulk\u00fcche und schauen mal, wie das Ganze geht!<\/p>\n<p>Die Teilnehmer des Projektes, Sch\u00fclerInnen aus den 8. und 9. Klassen, zeigten uns, was man alles f\u00fcr die Nudelherstellung braucht. Um den bunten Teig anzur\u00fchren, braucht ihr Mehl, Wasser und Gem\u00fcse. Am besten w\u00e4re ein Pastamehl.<br \/>\nAlle Zutaten werden vermischt; wenn dies fertig ist, muss der Teig etwa eine Stunde ruhen.<br \/>\nDer eingef\u00e4rbte Teig wird nun durch die Nudelmaschine gezogen, bis er d\u00fcnn genug ist. Anschlie\u00dfend wird er in gleich gro\u00dfe Streifen geschnitten und zum Trocknen ans Fenster gelegt. <\/p>\n<p>Die Sch\u00fclerInnen waren kreativ und haben unterschiedliche Arten und Pastasorten gestaltet, indem sie z.B. Marmor- oder Konfettimuster genutzt haben \u2013 so wurde die Pasta nun bunter und vielf\u00e4ltiger!<\/p>\n<div class=\"su-image-carousel  clear su-image-carousel-columns-3 su-image-carousel-has-spacing su-image-carousel-crop su-image-carousel-crop-4-3 su-image-carousel-has-lightbox su-image-carousel-has-outline su-image-carousel-slides-style-minimal su-image-carousel-controls-style-light su-image-carousel-align-center\" style=\"\" data-flickity-options='{\"groupCells\":true,\"cellSelector\":\".su-image-carousel-item\",\"adaptiveHeight\":false,\"cellAlign\":\"left\",\"prevNextButtons\":true,\"pageDots\":false,\"autoPlay\":4000,\"imagesLoaded\":true,\"contain\":true,\"selectedAttraction\":0.025000000000000001,\"friction\":0.28000000000000003}' id=\"su_image_carousel_69f1cab8a5d8d\"><div class=\"su-image-carousel-item\"><div class=\"su-image-carousel-item-content\"><a href=\"https:\/\/www.rwg-bayreuth.de\/home\/wp-content\/uploads\/2023\/09\/22-23-Projekttag-Presseclub-5-1.jpg\" data-caption=\"\"><img loading=\"lazy\" decoding=\"async\" width=\"1024\" height=\"768\" src=\"https:\/\/www.rwg-bayreuth.de\/home\/wp-content\/uploads\/2023\/09\/22-23-Projekttag-Presseclub-5-1.jpg\" class=\"\" alt=\"\" srcset=\"https:\/\/www.rwg-bayreuth.de\/home\/wp-content\/uploads\/2023\/09\/22-23-Projekttag-Presseclub-5-1.jpg 1024w, https:\/\/www.rwg-bayreuth.de\/home\/wp-content\/uploads\/2023\/09\/22-23-Projekttag-Presseclub-5-1-450x338.jpg 450w, https:\/\/www.rwg-bayreuth.de\/home\/wp-content\/uploads\/2023\/09\/22-23-Projekttag-Presseclub-5-1-150x113.jpg 150w, https:\/\/www.rwg-bayreuth.de\/home\/wp-content\/uploads\/2023\/09\/22-23-Projekttag-Presseclub-5-1-768x576.jpg 768w, https:\/\/www.rwg-bayreuth.de\/home\/wp-content\/uploads\/2023\/09\/22-23-Projekttag-Presseclub-5-1-250x188.jpg 250w\" sizes=\"(max-width: 1024px) 100vw, 1024px\" \/><\/a><\/div><\/div><div class=\"su-image-carousel-item\"><div class=\"su-image-carousel-item-content\"><a href=\"https:\/\/www.rwg-bayreuth.de\/home\/wp-content\/uploads\/2023\/09\/22-23-Projekttag-Presseclub-5-2.jpg\" data-caption=\"\"><img loading=\"lazy\" decoding=\"async\" width=\"1024\" height=\"768\" src=\"https:\/\/www.rwg-bayreuth.de\/home\/wp-content\/uploads\/2023\/09\/22-23-Projekttag-Presseclub-5-2.jpg\" class=\"\" alt=\"\" srcset=\"https:\/\/www.rwg-bayreuth.de\/home\/wp-content\/uploads\/2023\/09\/22-23-Projekttag-Presseclub-5-2.jpg 1024w, https:\/\/www.rwg-bayreuth.de\/home\/wp-content\/uploads\/2023\/09\/22-23-Projekttag-Presseclub-5-2-450x338.jpg 450w, https:\/\/www.rwg-bayreuth.de\/home\/wp-content\/uploads\/2023\/09\/22-23-Projekttag-Presseclub-5-2-150x113.jpg 150w, https:\/\/www.rwg-bayreuth.de\/home\/wp-content\/uploads\/2023\/09\/22-23-Projekttag-Presseclub-5-2-768x576.jpg 768w, https:\/\/www.rwg-bayreuth.de\/home\/wp-content\/uploads\/2023\/09\/22-23-Projekttag-Presseclub-5-2-250x188.jpg 250w\" sizes=\"(max-width: 1024px) 100vw, 1024px\" \/><\/a><\/div><\/div><div class=\"su-image-carousel-item\"><div class=\"su-image-carousel-item-content\"><a href=\"https:\/\/www.rwg-bayreuth.de\/home\/wp-content\/uploads\/2023\/09\/22-23-Projekttag-Presseclub-5-3.jpg\" data-caption=\"\"><img loading=\"lazy\" decoding=\"async\" width=\"1024\" height=\"768\" src=\"https:\/\/www.rwg-bayreuth.de\/home\/wp-content\/uploads\/2023\/09\/22-23-Projekttag-Presseclub-5-3.jpg\" class=\"\" alt=\"\" srcset=\"https:\/\/www.rwg-bayreuth.de\/home\/wp-content\/uploads\/2023\/09\/22-23-Projekttag-Presseclub-5-3.jpg 1024w, https:\/\/www.rwg-bayreuth.de\/home\/wp-content\/uploads\/2023\/09\/22-23-Projekttag-Presseclub-5-3-450x338.jpg 450w, https:\/\/www.rwg-bayreuth.de\/home\/wp-content\/uploads\/2023\/09\/22-23-Projekttag-Presseclub-5-3-150x113.jpg 150w, https:\/\/www.rwg-bayreuth.de\/home\/wp-content\/uploads\/2023\/09\/22-23-Projekttag-Presseclub-5-3-768x576.jpg 768w, https:\/\/www.rwg-bayreuth.de\/home\/wp-content\/uploads\/2023\/09\/22-23-Projekttag-Presseclub-5-3-250x188.jpg 250w\" sizes=\"(max-width: 1024px) 100vw, 1024px\" \/><\/a><\/div><\/div><div class=\"su-image-carousel-item\"><div class=\"su-image-carousel-item-content\"><a href=\"https:\/\/www.rwg-bayreuth.de\/home\/wp-content\/uploads\/2023\/09\/22-23-Projekttag-Presseclub-5-4.jpg\" data-caption=\"\"><img loading=\"lazy\" decoding=\"async\" width=\"1024\" height=\"768\" src=\"https:\/\/www.rwg-bayreuth.de\/home\/wp-content\/uploads\/2023\/09\/22-23-Projekttag-Presseclub-5-4.jpg\" class=\"\" alt=\"\" srcset=\"https:\/\/www.rwg-bayreuth.de\/home\/wp-content\/uploads\/2023\/09\/22-23-Projekttag-Presseclub-5-4.jpg 1024w, https:\/\/www.rwg-bayreuth.de\/home\/wp-content\/uploads\/2023\/09\/22-23-Projekttag-Presseclub-5-4-450x338.jpg 450w, https:\/\/www.rwg-bayreuth.de\/home\/wp-content\/uploads\/2023\/09\/22-23-Projekttag-Presseclub-5-4-150x113.jpg 150w, https:\/\/www.rwg-bayreuth.de\/home\/wp-content\/uploads\/2023\/09\/22-23-Projekttag-Presseclub-5-4-768x576.jpg 768w, https:\/\/www.rwg-bayreuth.de\/home\/wp-content\/uploads\/2023\/09\/22-23-Projekttag-Presseclub-5-4-250x188.jpg 250w\" sizes=\"(max-width: 1024px) 100vw, 1024px\" \/><\/a><\/div><\/div><div class=\"su-image-carousel-item\"><div class=\"su-image-carousel-item-content\"><a href=\"https:\/\/www.rwg-bayreuth.de\/home\/wp-content\/uploads\/2023\/09\/22-23-Projekttag-Presseclub-5-5.jpg\" data-caption=\"\"><img loading=\"lazy\" decoding=\"async\" width=\"1024\" height=\"768\" src=\"https:\/\/www.rwg-bayreuth.de\/home\/wp-content\/uploads\/2023\/09\/22-23-Projekttag-Presseclub-5-5.jpg\" class=\"\" alt=\"\" srcset=\"https:\/\/www.rwg-bayreuth.de\/home\/wp-content\/uploads\/2023\/09\/22-23-Projekttag-Presseclub-5-5.jpg 1024w, https:\/\/www.rwg-bayreuth.de\/home\/wp-content\/uploads\/2023\/09\/22-23-Projekttag-Presseclub-5-5-450x338.jpg 450w, https:\/\/www.rwg-bayreuth.de\/home\/wp-content\/uploads\/2023\/09\/22-23-Projekttag-Presseclub-5-5-150x113.jpg 150w, https:\/\/www.rwg-bayreuth.de\/home\/wp-content\/uploads\/2023\/09\/22-23-Projekttag-Presseclub-5-5-768x576.jpg 768w, https:\/\/www.rwg-bayreuth.de\/home\/wp-content\/uploads\/2023\/09\/22-23-Projekttag-Presseclub-5-5-250x188.jpg 250w\" sizes=\"(max-width: 1024px) 100vw, 1024px\" \/><\/a><\/div><\/div><div class=\"su-image-carousel-item\"><div class=\"su-image-carousel-item-content\"><a href=\"https:\/\/www.rwg-bayreuth.de\/home\/wp-content\/uploads\/2023\/09\/22-23-Projekttag-Presseclub-5-12.jpg\" data-caption=\"\"><img loading=\"lazy\" decoding=\"async\" width=\"1024\" height=\"768\" src=\"https:\/\/www.rwg-bayreuth.de\/home\/wp-content\/uploads\/2023\/09\/22-23-Projekttag-Presseclub-5-12.jpg\" class=\"\" alt=\"\" srcset=\"https:\/\/www.rwg-bayreuth.de\/home\/wp-content\/uploads\/2023\/09\/22-23-Projekttag-Presseclub-5-12.jpg 1024w, https:\/\/www.rwg-bayreuth.de\/home\/wp-content\/uploads\/2023\/09\/22-23-Projekttag-Presseclub-5-12-450x338.jpg 450w, https:\/\/www.rwg-bayreuth.de\/home\/wp-content\/uploads\/2023\/09\/22-23-Projekttag-Presseclub-5-12-150x113.jpg 150w, https:\/\/www.rwg-bayreuth.de\/home\/wp-content\/uploads\/2023\/09\/22-23-Projekttag-Presseclub-5-12-768x576.jpg 768w, https:\/\/www.rwg-bayreuth.de\/home\/wp-content\/uploads\/2023\/09\/22-23-Projekttag-Presseclub-5-12-250x188.jpg 250w\" sizes=\"(max-width: 1024px) 100vw, 1024px\" \/><\/a><\/div><\/div><div class=\"su-image-carousel-item\"><div class=\"su-image-carousel-item-content\"><a href=\"https:\/\/www.rwg-bayreuth.de\/home\/wp-content\/uploads\/2023\/09\/22-23-Projekttag-Presseclub-5-13.jpg\" data-caption=\"\"><img loading=\"lazy\" decoding=\"async\" width=\"1024\" height=\"768\" src=\"https:\/\/www.rwg-bayreuth.de\/home\/wp-content\/uploads\/2023\/09\/22-23-Projekttag-Presseclub-5-13.jpg\" class=\"\" alt=\"\" srcset=\"https:\/\/www.rwg-bayreuth.de\/home\/wp-content\/uploads\/2023\/09\/22-23-Projekttag-Presseclub-5-13.jpg 1024w, https:\/\/www.rwg-bayreuth.de\/home\/wp-content\/uploads\/2023\/09\/22-23-Projekttag-Presseclub-5-13-450x338.jpg 450w, https:\/\/www.rwg-bayreuth.de\/home\/wp-content\/uploads\/2023\/09\/22-23-Projekttag-Presseclub-5-13-150x113.jpg 150w, https:\/\/www.rwg-bayreuth.de\/home\/wp-content\/uploads\/2023\/09\/22-23-Projekttag-Presseclub-5-13-768x576.jpg 768w, https:\/\/www.rwg-bayreuth.de\/home\/wp-content\/uploads\/2023\/09\/22-23-Projekttag-Presseclub-5-13-250x188.jpg 250w\" sizes=\"(max-width: 1024px) 100vw, 1024px\" \/><\/a><\/div><\/div><div class=\"su-image-carousel-item\"><div class=\"su-image-carousel-item-content\"><a href=\"https:\/\/www.rwg-bayreuth.de\/home\/wp-content\/uploads\/2023\/09\/22-23-Projekttag-Presseclub-5-14.jpg\" data-caption=\"\"><img loading=\"lazy\" decoding=\"async\" width=\"1024\" height=\"768\" src=\"https:\/\/www.rwg-bayreuth.de\/home\/wp-content\/uploads\/2023\/09\/22-23-Projekttag-Presseclub-5-14.jpg\" class=\"\" alt=\"\" srcset=\"https:\/\/www.rwg-bayreuth.de\/home\/wp-content\/uploads\/2023\/09\/22-23-Projekttag-Presseclub-5-14.jpg 1024w, https:\/\/www.rwg-bayreuth.de\/home\/wp-content\/uploads\/2023\/09\/22-23-Projekttag-Presseclub-5-14-450x338.jpg 450w, https:\/\/www.rwg-bayreuth.de\/home\/wp-content\/uploads\/2023\/09\/22-23-Projekttag-Presseclub-5-14-150x113.jpg 150w, https:\/\/www.rwg-bayreuth.de\/home\/wp-content\/uploads\/2023\/09\/22-23-Projekttag-Presseclub-5-14-768x576.jpg 768w, https:\/\/www.rwg-bayreuth.de\/home\/wp-content\/uploads\/2023\/09\/22-23-Projekttag-Presseclub-5-14-250x188.jpg 250w\" sizes=\"(max-width: 1024px) 100vw, 1024px\" \/><\/a><\/div><\/div><div class=\"su-image-carousel-item\"><div class=\"su-image-carousel-item-content\"><a href=\"https:\/\/www.rwg-bayreuth.de\/home\/wp-content\/uploads\/2023\/09\/22-23-Projekttag-Presseclub-5-15.jpg\" data-caption=\"\"><img loading=\"lazy\" decoding=\"async\" width=\"1024\" height=\"768\" src=\"https:\/\/www.rwg-bayreuth.de\/home\/wp-content\/uploads\/2023\/09\/22-23-Projekttag-Presseclub-5-15.jpg\" class=\"\" alt=\"\" srcset=\"https:\/\/www.rwg-bayreuth.de\/home\/wp-content\/uploads\/2023\/09\/22-23-Projekttag-Presseclub-5-15.jpg 1024w, https:\/\/www.rwg-bayreuth.de\/home\/wp-content\/uploads\/2023\/09\/22-23-Projekttag-Presseclub-5-15-450x338.jpg 450w, https:\/\/www.rwg-bayreuth.de\/home\/wp-content\/uploads\/2023\/09\/22-23-Projekttag-Presseclub-5-15-150x113.jpg 150w, https:\/\/www.rwg-bayreuth.de\/home\/wp-content\/uploads\/2023\/09\/22-23-Projekttag-Presseclub-5-15-768x576.jpg 768w, https:\/\/www.rwg-bayreuth.de\/home\/wp-content\/uploads\/2023\/09\/22-23-Projekttag-Presseclub-5-15-250x188.jpg 250w\" sizes=\"(max-width: 1024px) 100vw, 1024px\" \/><\/a><\/div><\/div><\/div><script id=\"su_image_carousel_69f1cab8a5d8d_script\">if(window.SUImageCarousel){setTimeout(function() {window.SUImageCarousel.initGallery(document.getElementById(\"su_image_carousel_69f1cab8a5d8d\"))}, 0);}var su_image_carousel_69f1cab8a5d8d_script=document.getElementById(\"su_image_carousel_69f1cab8a5d8d_script\");if(su_image_carousel_69f1cab8a5d8d_script){su_image_carousel_69f1cab8a5d8d_script.parentNode.removeChild(su_image_carousel_69f1cab8a5d8d_script);}<\/script>\n<p>Und fertg: Tadaa!!<br \/>\n<a href=\"https:\/\/www.rwg-bayreuth.de\/home\/wp-content\/uploads\/2023\/09\/22-23-Projekttag-Presseclub-5-6.jpg\"><img loading=\"lazy\" decoding=\"async\" src=\"https:\/\/www.rwg-bayreuth.de\/home\/wp-content\/uploads\/2023\/09\/22-23-Projekttag-Presseclub-5-6.jpg\" alt=\"\" width=\"1024\" height=\"540\" class=\"aligncenter size-full wp-image-34487\" srcset=\"https:\/\/www.rwg-bayreuth.de\/home\/wp-content\/uploads\/2023\/09\/22-23-Projekttag-Presseclub-5-6.jpg 1024w, https:\/\/www.rwg-bayreuth.de\/home\/wp-content\/uploads\/2023\/09\/22-23-Projekttag-Presseclub-5-6-450x237.jpg 450w, https:\/\/www.rwg-bayreuth.de\/home\/wp-content\/uploads\/2023\/09\/22-23-Projekttag-Presseclub-5-6-150x79.jpg 150w, https:\/\/www.rwg-bayreuth.de\/home\/wp-content\/uploads\/2023\/09\/22-23-Projekttag-Presseclub-5-6-768x405.jpg 768w, https:\/\/www.rwg-bayreuth.de\/home\/wp-content\/uploads\/2023\/09\/22-23-Projekttag-Presseclub-5-6-250x132.jpg 250w\" sizes=\"(max-width: 1024px) 100vw, 1024px\" \/><\/a><\/p>\n<p>W\u00e4hrend die Nudeln etwas trocknen, kann mit der Herstellung von (veganen) So\u00dfen weitergemacht werden, auch den Parmesan gibt es in der veganen Variante (siehe Bilder f\u00fcr die Rezepte!).<\/p>\n<div class=\"su-image-carousel  clear su-image-carousel-columns-3 su-image-carousel-has-spacing su-image-carousel-crop su-image-carousel-crop-4-3 su-image-carousel-has-lightbox su-image-carousel-has-outline su-image-carousel-slides-style-minimal su-image-carousel-controls-style-light su-image-carousel-align-center\" style=\"\" data-flickity-options='{\"groupCells\":true,\"cellSelector\":\".su-image-carousel-item\",\"adaptiveHeight\":false,\"cellAlign\":\"left\",\"prevNextButtons\":true,\"pageDots\":false,\"autoPlay\":4000,\"imagesLoaded\":true,\"contain\":true,\"selectedAttraction\":0.025000000000000001,\"friction\":0.28000000000000003}' id=\"su_image_carousel_69f1cab8a61bd\"><div class=\"su-image-carousel-item\"><div class=\"su-image-carousel-item-content\"><a href=\"https:\/\/www.rwg-bayreuth.de\/home\/wp-content\/uploads\/2023\/09\/22-23-Projekttag-Presseclub-5-7.jpg\" data-caption=\"\"><img loading=\"lazy\" decoding=\"async\" width=\"1024\" height=\"768\" src=\"https:\/\/www.rwg-bayreuth.de\/home\/wp-content\/uploads\/2023\/09\/22-23-Projekttag-Presseclub-5-7.jpg\" class=\"\" alt=\"\" srcset=\"https:\/\/www.rwg-bayreuth.de\/home\/wp-content\/uploads\/2023\/09\/22-23-Projekttag-Presseclub-5-7.jpg 1024w, https:\/\/www.rwg-bayreuth.de\/home\/wp-content\/uploads\/2023\/09\/22-23-Projekttag-Presseclub-5-7-450x338.jpg 450w, https:\/\/www.rwg-bayreuth.de\/home\/wp-content\/uploads\/2023\/09\/22-23-Projekttag-Presseclub-5-7-150x113.jpg 150w, https:\/\/www.rwg-bayreuth.de\/home\/wp-content\/uploads\/2023\/09\/22-23-Projekttag-Presseclub-5-7-768x576.jpg 768w, https:\/\/www.rwg-bayreuth.de\/home\/wp-content\/uploads\/2023\/09\/22-23-Projekttag-Presseclub-5-7-250x188.jpg 250w\" sizes=\"(max-width: 1024px) 100vw, 1024px\" \/><\/a><\/div><\/div><div class=\"su-image-carousel-item\"><div class=\"su-image-carousel-item-content\"><a href=\"https:\/\/www.rwg-bayreuth.de\/home\/wp-content\/uploads\/2023\/09\/22-23-Projekttag-Presseclub-5-8.jpg\" data-caption=\"\"><img loading=\"lazy\" decoding=\"async\" width=\"1024\" height=\"768\" src=\"https:\/\/www.rwg-bayreuth.de\/home\/wp-content\/uploads\/2023\/09\/22-23-Projekttag-Presseclub-5-8.jpg\" class=\"\" alt=\"\" srcset=\"https:\/\/www.rwg-bayreuth.de\/home\/wp-content\/uploads\/2023\/09\/22-23-Projekttag-Presseclub-5-8.jpg 1024w, https:\/\/www.rwg-bayreuth.de\/home\/wp-content\/uploads\/2023\/09\/22-23-Projekttag-Presseclub-5-8-450x338.jpg 450w, https:\/\/www.rwg-bayreuth.de\/home\/wp-content\/uploads\/2023\/09\/22-23-Projekttag-Presseclub-5-8-150x113.jpg 150w, https:\/\/www.rwg-bayreuth.de\/home\/wp-content\/uploads\/2023\/09\/22-23-Projekttag-Presseclub-5-8-768x576.jpg 768w, https:\/\/www.rwg-bayreuth.de\/home\/wp-content\/uploads\/2023\/09\/22-23-Projekttag-Presseclub-5-8-250x188.jpg 250w\" sizes=\"(max-width: 1024px) 100vw, 1024px\" \/><\/a><\/div><\/div><div class=\"su-image-carousel-item\"><div class=\"su-image-carousel-item-content\"><a href=\"https:\/\/www.rwg-bayreuth.de\/home\/wp-content\/uploads\/2023\/09\/22-23-Projekttag-Presseclub-5-9.jpg\" data-caption=\"\"><img loading=\"lazy\" decoding=\"async\" width=\"1024\" height=\"768\" src=\"https:\/\/www.rwg-bayreuth.de\/home\/wp-content\/uploads\/2023\/09\/22-23-Projekttag-Presseclub-5-9.jpg\" class=\"\" alt=\"\" srcset=\"https:\/\/www.rwg-bayreuth.de\/home\/wp-content\/uploads\/2023\/09\/22-23-Projekttag-Presseclub-5-9.jpg 1024w, https:\/\/www.rwg-bayreuth.de\/home\/wp-content\/uploads\/2023\/09\/22-23-Projekttag-Presseclub-5-9-450x338.jpg 450w, https:\/\/www.rwg-bayreuth.de\/home\/wp-content\/uploads\/2023\/09\/22-23-Projekttag-Presseclub-5-9-150x113.jpg 150w, https:\/\/www.rwg-bayreuth.de\/home\/wp-content\/uploads\/2023\/09\/22-23-Projekttag-Presseclub-5-9-768x576.jpg 768w, https:\/\/www.rwg-bayreuth.de\/home\/wp-content\/uploads\/2023\/09\/22-23-Projekttag-Presseclub-5-9-250x188.jpg 250w\" sizes=\"(max-width: 1024px) 100vw, 1024px\" \/><\/a><\/div><\/div><div class=\"su-image-carousel-item\"><div class=\"su-image-carousel-item-content\"><a href=\"https:\/\/www.rwg-bayreuth.de\/home\/wp-content\/uploads\/2023\/09\/22-23-Projekttag-Presseclub-5-10.jpg\" data-caption=\"\"><img loading=\"lazy\" decoding=\"async\" width=\"1024\" height=\"768\" src=\"https:\/\/www.rwg-bayreuth.de\/home\/wp-content\/uploads\/2023\/09\/22-23-Projekttag-Presseclub-5-10.jpg\" class=\"\" alt=\"\" srcset=\"https:\/\/www.rwg-bayreuth.de\/home\/wp-content\/uploads\/2023\/09\/22-23-Projekttag-Presseclub-5-10.jpg 1024w, https:\/\/www.rwg-bayreuth.de\/home\/wp-content\/uploads\/2023\/09\/22-23-Projekttag-Presseclub-5-10-450x338.jpg 450w, https:\/\/www.rwg-bayreuth.de\/home\/wp-content\/uploads\/2023\/09\/22-23-Projekttag-Presseclub-5-10-150x113.jpg 150w, https:\/\/www.rwg-bayreuth.de\/home\/wp-content\/uploads\/2023\/09\/22-23-Projekttag-Presseclub-5-10-768x576.jpg 768w, https:\/\/www.rwg-bayreuth.de\/home\/wp-content\/uploads\/2023\/09\/22-23-Projekttag-Presseclub-5-10-250x188.jpg 250w\" sizes=\"(max-width: 1024px) 100vw, 1024px\" \/><\/a><\/div><\/div><div class=\"su-image-carousel-item\"><div class=\"su-image-carousel-item-content\"><a href=\"https:\/\/www.rwg-bayreuth.de\/home\/wp-content\/uploads\/2023\/09\/22-23-Projekttag-Presseclub-5-11.jpg\" data-caption=\"\"><img loading=\"lazy\" decoding=\"async\" width=\"1024\" height=\"768\" src=\"https:\/\/www.rwg-bayreuth.de\/home\/wp-content\/uploads\/2023\/09\/22-23-Projekttag-Presseclub-5-11.jpg\" class=\"\" alt=\"\" srcset=\"https:\/\/www.rwg-bayreuth.de\/home\/wp-content\/uploads\/2023\/09\/22-23-Projekttag-Presseclub-5-11.jpg 1024w, https:\/\/www.rwg-bayreuth.de\/home\/wp-content\/uploads\/2023\/09\/22-23-Projekttag-Presseclub-5-11-450x338.jpg 450w, https:\/\/www.rwg-bayreuth.de\/home\/wp-content\/uploads\/2023\/09\/22-23-Projekttag-Presseclub-5-11-150x113.jpg 150w, https:\/\/www.rwg-bayreuth.de\/home\/wp-content\/uploads\/2023\/09\/22-23-Projekttag-Presseclub-5-11-768x576.jpg 768w, https:\/\/www.rwg-bayreuth.de\/home\/wp-content\/uploads\/2023\/09\/22-23-Projekttag-Presseclub-5-11-250x188.jpg 250w\" sizes=\"(max-width: 1024px) 100vw, 1024px\" \/><\/a><\/div><\/div><\/div><script id=\"su_image_carousel_69f1cab8a61bd_script\">if(window.SUImageCarousel){setTimeout(function() {window.SUImageCarousel.initGallery(document.getElementById(\"su_image_carousel_69f1cab8a61bd\"))}, 0);}var su_image_carousel_69f1cab8a61bd_script=document.getElementById(\"su_image_carousel_69f1cab8a61bd_script\");if(su_image_carousel_69f1cab8a61bd_script){su_image_carousel_69f1cab8a61bd_script.parentNode.removeChild(su_image_carousel_69f1cab8a61bd_script);}<\/script>\n<p>Wir haben miterleben d\u00fcrfen \u2013 und die Bilder zeigen das auch \u2013 wie viel Spa\u00df dieses Projekt allen gemacht hat! Wir durften sogar probieren und k\u00f6nnen nur sagen\u2026<br \/>\nWOW! Ist das lecker!!!<\/p>\n<p>Auf den Bildern seht ihr wie viel Spa\u00df dieses Projekt gemacht hat.<br \/>\nDAS war unsere Portion!<br \/>\n<a href=\"https:\/\/www.rwg-bayreuth.de\/home\/wp-content\/uploads\/2023\/09\/22-23-Projekttag-Presseclub-5-18.jpg\"><img loading=\"lazy\" decoding=\"async\" src=\"https:\/\/www.rwg-bayreuth.de\/home\/wp-content\/uploads\/2023\/09\/22-23-Projekttag-Presseclub-5-18-450x338.jpg\" alt=\"\" width=\"450\" height=\"338\" class=\"aligncenter size-medium wp-image-34493\" srcset=\"https:\/\/www.rwg-bayreuth.de\/home\/wp-content\/uploads\/2023\/09\/22-23-Projekttag-Presseclub-5-18-450x338.jpg 450w, https:\/\/www.rwg-bayreuth.de\/home\/wp-content\/uploads\/2023\/09\/22-23-Projekttag-Presseclub-5-18-150x113.jpg 150w, https:\/\/www.rwg-bayreuth.de\/home\/wp-content\/uploads\/2023\/09\/22-23-Projekttag-Presseclub-5-18-768x576.jpg 768w, https:\/\/www.rwg-bayreuth.de\/home\/wp-content\/uploads\/2023\/09\/22-23-Projekttag-Presseclub-5-18-250x188.jpg 250w, https:\/\/www.rwg-bayreuth.de\/home\/wp-content\/uploads\/2023\/09\/22-23-Projekttag-Presseclub-5-18.jpg 1024w\" sizes=\"(max-width: 450px) 100vw, 450px\" \/><\/a><\/p>\n<p>Unser Fazit: Macht die Rezepte auf alle F\u00e4lle nach (wir haben sie abfotografiert: <a href=\"https:\/\/www.rwg-bayreuth.de\/home\/wp-content\/uploads\/2023\/09\/22-23-Projekttag-Presseclub-5-21.jpg\">Veganes Pesto<\/a>, <a href=\"https:\/\/www.rwg-bayreuth.de\/home\/wp-content\/uploads\/2023\/09\/22-23-Projekttag-Presseclub-5-19.jpg\">Vegane Bolognese<\/a>, <a href=\"https:\/\/www.rwg-bayreuth.de\/home\/wp-content\/uploads\/2023\/09\/22-23-Projekttag-Presseclub-5-20.jpg\">Vegane Carbonara<\/a>)! Die Gem\u00fcsekomponente, welche f\u00fcr die Farbe verantwortlich ist, schmeckt man nicht heraus, doch da sie bunt sind, schmecken die Nudeln trotzdem viel besser!<\/p>\n<div class=\"su-image-carousel  clear su-image-carousel-columns-3 su-image-carousel-has-spacing su-image-carousel-crop su-image-carousel-crop-4-3 su-image-carousel-has-lightbox su-image-carousel-has-outline su-image-carousel-slides-style-minimal su-image-carousel-controls-style-light su-image-carousel-align-center\" style=\"\" data-flickity-options='{\"groupCells\":true,\"cellSelector\":\".su-image-carousel-item\",\"adaptiveHeight\":false,\"cellAlign\":\"left\",\"prevNextButtons\":true,\"pageDots\":false,\"autoPlay\":4000,\"imagesLoaded\":true,\"contain\":true,\"selectedAttraction\":0.025000000000000001,\"friction\":0.28000000000000003}' id=\"su_image_carousel_69f1cab8a6451\"><div class=\"su-image-carousel-item\"><div class=\"su-image-carousel-item-content\"><a href=\"https:\/\/www.rwg-bayreuth.de\/home\/wp-content\/uploads\/2023\/09\/22-23-Projekttag-Presseclub-5-17.jpg\" data-caption=\"\"><img loading=\"lazy\" decoding=\"async\" width=\"1024\" height=\"768\" src=\"https:\/\/www.rwg-bayreuth.de\/home\/wp-content\/uploads\/2023\/09\/22-23-Projekttag-Presseclub-5-17.jpg\" class=\"\" alt=\"\" srcset=\"https:\/\/www.rwg-bayreuth.de\/home\/wp-content\/uploads\/2023\/09\/22-23-Projekttag-Presseclub-5-17.jpg 1024w, https:\/\/www.rwg-bayreuth.de\/home\/wp-content\/uploads\/2023\/09\/22-23-Projekttag-Presseclub-5-17-450x338.jpg 450w, https:\/\/www.rwg-bayreuth.de\/home\/wp-content\/uploads\/2023\/09\/22-23-Projekttag-Presseclub-5-17-150x113.jpg 150w, https:\/\/www.rwg-bayreuth.de\/home\/wp-content\/uploads\/2023\/09\/22-23-Projekttag-Presseclub-5-17-768x576.jpg 768w, https:\/\/www.rwg-bayreuth.de\/home\/wp-content\/uploads\/2023\/09\/22-23-Projekttag-Presseclub-5-17-250x188.jpg 250w\" sizes=\"(max-width: 1024px) 100vw, 1024px\" \/><\/a><\/div><\/div><div class=\"su-image-carousel-item\"><div class=\"su-image-carousel-item-content\"><a href=\"https:\/\/www.rwg-bayreuth.de\/home\/wp-content\/uploads\/2023\/09\/22-23-Projekttag-Presseclub-5-16.jpg\" data-caption=\"\"><img loading=\"lazy\" decoding=\"async\" width=\"1024\" height=\"768\" src=\"https:\/\/www.rwg-bayreuth.de\/home\/wp-content\/uploads\/2023\/09\/22-23-Projekttag-Presseclub-5-16.jpg\" class=\"\" alt=\"\" srcset=\"https:\/\/www.rwg-bayreuth.de\/home\/wp-content\/uploads\/2023\/09\/22-23-Projekttag-Presseclub-5-16.jpg 1024w, https:\/\/www.rwg-bayreuth.de\/home\/wp-content\/uploads\/2023\/09\/22-23-Projekttag-Presseclub-5-16-450x338.jpg 450w, https:\/\/www.rwg-bayreuth.de\/home\/wp-content\/uploads\/2023\/09\/22-23-Projekttag-Presseclub-5-16-150x113.jpg 150w, https:\/\/www.rwg-bayreuth.de\/home\/wp-content\/uploads\/2023\/09\/22-23-Projekttag-Presseclub-5-16-768x576.jpg 768w, https:\/\/www.rwg-bayreuth.de\/home\/wp-content\/uploads\/2023\/09\/22-23-Projekttag-Presseclub-5-16-250x188.jpg 250w\" sizes=\"(max-width: 1024px) 100vw, 1024px\" \/><\/a><\/div><\/div><\/div><script id=\"su_image_carousel_69f1cab8a6451_script\">if(window.SUImageCarousel){setTimeout(function() {window.SUImageCarousel.initGallery(document.getElementById(\"su_image_carousel_69f1cab8a6451\"))}, 0);}var su_image_carousel_69f1cab8a6451_script=document.getElementById(\"su_image_carousel_69f1cab8a6451_script\");if(su_image_carousel_69f1cab8a6451_script){su_image_carousel_69f1cab8a6451_script.parentNode.removeChild(su_image_carousel_69f1cab8a6451_script);}<\/script>\n<p>Wir w\u00fcnschen einen guten Appetit!<\/p>\n<p><em>Lena Rolzing &#038; Lisa Bezold aus der Klasse 6b<\/em><\/p>\n<\/div>\n","protected":false},"excerpt":{"rendered":"<p>\u2026der muss zu uns, dem Presseclub, geh&#8217;n! Projekttag. Ganz RWG ist auf den Beinen, um sich EINER Projektaktivit\u00e4t zu widmen. GANZ RWG? Nein! Eine kleine, unerschrockene Schar von Nachwuchsreportern hat es sich zur Aufgabe gemacht, mehrere flei\u00dfige Gruppen zu besuchen, sich einen \u00dcberblick zu verschaffen, diesen in Wort und Bild zu fassen und dann dem&hellip;<\/p>\n","protected":false},"author":11,"featured_media":34459,"comment_status":"closed","ping_status":"closed","sticky":false,"template":"","format":"standard","meta":{"footnotes":""},"categories":[1],"tags":[51,40],"_links":{"self":[{"href":"https:\/\/www.rwg-bayreuth.de\/home\/index.php?rest_route=\/wp\/v2\/posts\/34456"}],"collection":[{"href":"https:\/\/www.rwg-bayreuth.de\/home\/index.php?rest_route=\/wp\/v2\/posts"}],"about":[{"href":"https:\/\/www.rwg-bayreuth.de\/home\/index.php?rest_route=\/wp\/v2\/types\/post"}],"author":[{"embeddable":true,"href":"https:\/\/www.rwg-bayreuth.de\/home\/index.php?rest_route=\/wp\/v2\/users\/11"}],"replies":[{"embeddable":true,"href":"https:\/\/www.rwg-bayreuth.de\/home\/index.php?rest_route=%2Fwp%2Fv2%2Fcomments&post=34456"}],"version-history":[{"count":32,"href":"https:\/\/www.rwg-bayreuth.de\/home\/index.php?rest_route=\/wp\/v2\/posts\/34456\/revisions"}],"predecessor-version":[{"id":35881,"href":"https:\/\/www.rwg-bayreuth.de\/home\/index.php?rest_route=\/wp\/v2\/posts\/34456\/revisions\/35881"}],"wp:featuredmedia":[{"embeddable":true,"href":"https:\/\/www.rwg-bayreuth.de\/home\/index.php?rest_route=\/wp\/v2\/media\/34459"}],"wp:attachment":[{"href":"https:\/\/www.rwg-bayreuth.de\/home\/index.php?rest_route=%2Fwp%2Fv2%2Fmedia&parent=34456"}],"wp:term":[{"taxonomy":"category","embeddable":true,"href":"https:\/\/www.rwg-bayreuth.de\/home\/index.php?rest_route=%2Fwp%2Fv2%2Fcategories&post=34456"},{"taxonomy":"post_tag","embeddable":true,"href":"https:\/\/www.rwg-bayreuth.de\/home\/index.php?rest_route=%2Fwp%2Fv2%2Ftags&post=34456"}],"curies":[{"name":"wp","href":"https:\/\/api.w.org\/{rel}","templated":true}]}}