{"id":34373,"date":"2023-08-25T05:52:47","date_gmt":"2023-08-25T03:52:47","guid":{"rendered":"http:\/\/www.rwg-bayreuth.de\/home\/?p=34373"},"modified":"2023-07-27T14:58:00","modified_gmt":"2023-07-27T12:58:00","slug":"preisverleihung-beim-europawettbewerb","status":"publish","type":"post","link":"https:\/\/www.rwg-bayreuth.de\/home\/?p=34373","title":{"rendered":"Preisverleihung beim Europawettbewerb"},"content":{"rendered":"<p>Letzte Meldungen zu den Siegerehrungen zum 70. Europ\u00e4ischen Wettbewerb<\/p>\n<p><a href=\"https:\/\/www.rwg-bayreuth.de\/home\/wp-content\/uploads\/2023\/07\/22-23-Kunst-Bundeswettbewerb-Jule-Wittauer-erhaelt-ihre-Urkunde-auf-Bundesebene.jpg\"><img loading=\"lazy\" decoding=\"async\" src=\"https:\/\/www.rwg-bayreuth.de\/home\/wp-content\/uploads\/2023\/07\/22-23-Kunst-Bundeswettbewerb-Jule-Wittauer-erhaelt-ihre-Urkunde-auf-Bundesebene-450x360.jpg\" alt=\"\" width=\"450\" height=\"360\" class=\"aligncenter size-medium wp-image-34374\" srcset=\"https:\/\/www.rwg-bayreuth.de\/home\/wp-content\/uploads\/2023\/07\/22-23-Kunst-Bundeswettbewerb-Jule-Wittauer-erhaelt-ihre-Urkunde-auf-Bundesebene-450x360.jpg 450w, https:\/\/www.rwg-bayreuth.de\/home\/wp-content\/uploads\/2023\/07\/22-23-Kunst-Bundeswettbewerb-Jule-Wittauer-erhaelt-ihre-Urkunde-auf-Bundesebene-150x120.jpg 150w, https:\/\/www.rwg-bayreuth.de\/home\/wp-content\/uploads\/2023\/07\/22-23-Kunst-Bundeswettbewerb-Jule-Wittauer-erhaelt-ihre-Urkunde-auf-Bundesebene-768x614.jpg 768w, https:\/\/www.rwg-bayreuth.de\/home\/wp-content\/uploads\/2023\/07\/22-23-Kunst-Bundeswettbewerb-Jule-Wittauer-erhaelt-ihre-Urkunde-auf-Bundesebene-250x200.jpg 250w, https:\/\/www.rwg-bayreuth.de\/home\/wp-content\/uploads\/2023\/07\/22-23-Kunst-Bundeswettbewerb-Jule-Wittauer-erhaelt-ihre-Urkunde-auf-Bundesebene.jpg 1024w\" sizes=\"(max-width: 450px) 100vw, 450px\" \/><\/a><\/p>\n<p>Unsere Sch\u00fclerin Jule Wittauer erhielt in den vergangenen Wochen im Rektorat Ihre Urkunde zum Sieg auf Bundesebene. Wir gratulieren herzlich. <\/p>\n<p><a href=\"https:\/\/www.rwg-bayreuth.de\/home\/wp-content\/uploads\/2023\/07\/22-23-Kunst-Bundeswettbewerb-Siegerehrung-in-Wunsiedel.jpg\"><img loading=\"lazy\" decoding=\"async\" src=\"https:\/\/www.rwg-bayreuth.de\/home\/wp-content\/uploads\/2023\/07\/22-23-Kunst-Bundeswettbewerb-Siegerehrung-in-Wunsiedel-450x254.jpg\" alt=\"\" width=\"450\" height=\"254\" class=\"aligncenter size-medium wp-image-34375\" srcset=\"https:\/\/www.rwg-bayreuth.de\/home\/wp-content\/uploads\/2023\/07\/22-23-Kunst-Bundeswettbewerb-Siegerehrung-in-Wunsiedel-450x254.jpg 450w, https:\/\/www.rwg-bayreuth.de\/home\/wp-content\/uploads\/2023\/07\/22-23-Kunst-Bundeswettbewerb-Siegerehrung-in-Wunsiedel-150x85.jpg 150w, https:\/\/www.rwg-bayreuth.de\/home\/wp-content\/uploads\/2023\/07\/22-23-Kunst-Bundeswettbewerb-Siegerehrung-in-Wunsiedel-768x433.jpg 768w, https:\/\/www.rwg-bayreuth.de\/home\/wp-content\/uploads\/2023\/07\/22-23-Kunst-Bundeswettbewerb-Siegerehrung-in-Wunsiedel-250x141.jpg 250w, https:\/\/www.rwg-bayreuth.de\/home\/wp-content\/uploads\/2023\/07\/22-23-Kunst-Bundeswettbewerb-Siegerehrung-in-Wunsiedel-800x450.jpg 800w, https:\/\/www.rwg-bayreuth.de\/home\/wp-content\/uploads\/2023\/07\/22-23-Kunst-Bundeswettbewerb-Siegerehrung-in-Wunsiedel.jpg 1024w\" sizes=\"(max-width: 450px) 100vw, 450px\" \/><\/a><\/p>\n<p>Am 24.7.2023 wurden im Rahmen einer feierlichen Veranstaltung am Vormittag den Durchf\u00fchrenden des Wettbewerbs und den Sch\u00fclerInnen f\u00fcr Ihre Arbeit gedankt. Sie erhielten die Urkunden auf Landesebene. Ein musikalisches Rahmenprogramm sowie ein kleiner Imbiss mit Fingerfood und Getr\u00e4nken, w\u00fcrdigende Reden und auflockernde Filme begleiteten den Festakt. Unsere Sch\u00fclerinnen erhielten zudem einen B\u00fcchergutschein als Dankesch\u00f6n f\u00fcr ihre k\u00fcnstlerische Leistung. Wir freuen uns mit den Preistr\u00e4gerinnen und w\u00fcnschen allen eine gute Erholung in der Sommerpause.<\/p>\n<p><em>Anne Gerdes (Fachschaft Kunst)<\/em><\/p>\n","protected":false},"excerpt":{"rendered":"<p>Letzte Meldungen zu den Siegerehrungen zum 70. Europ\u00e4ischen Wettbewerb Unsere Sch\u00fclerin Jule Wittauer erhielt in den vergangenen Wochen im Rektorat Ihre Urkunde zum Sieg auf Bundesebene. Wir gratulieren herzlich. Am 24.7.2023 wurden im Rahmen einer feierlichen Veranstaltung am Vormittag den Durchf\u00fchrenden des Wettbewerbs und den Sch\u00fclerInnen f\u00fcr Ihre Arbeit gedankt. Sie erhielten die Urkunden auf&hellip;<\/p>\n","protected":false},"author":11,"featured_media":34376,"comment_status":"closed","ping_status":"closed","sticky":false,"template":"","format":"standard","meta":{"footnotes":""},"categories":[1],"tags":[51,41,71],"_links":{"self":[{"href":"https:\/\/www.rwg-bayreuth.de\/home\/index.php?rest_route=\/wp\/v2\/posts\/34373"}],"collection":[{"href":"https:\/\/www.rwg-bayreuth.de\/home\/index.php?rest_route=\/wp\/v2\/posts"}],"about":[{"href":"https:\/\/www.rwg-bayreuth.de\/home\/index.php?rest_route=\/wp\/v2\/types\/post"}],"author":[{"embeddable":true,"href":"https:\/\/www.rwg-bayreuth.de\/home\/index.php?rest_route=\/wp\/v2\/users\/11"}],"replies":[{"embeddable":true,"href":"https:\/\/www.rwg-bayreuth.de\/home\/index.php?rest_route=%2Fwp%2Fv2%2Fcomments&post=34373"}],"version-history":[{"count":2,"href":"https:\/\/www.rwg-bayreuth.de\/home\/index.php?rest_route=\/wp\/v2\/posts\/34373\/revisions"}],"predecessor-version":[{"id":34378,"href":"https:\/\/www.rwg-bayreuth.de\/home\/index.php?rest_route=\/wp\/v2\/posts\/34373\/revisions\/34378"}],"wp:featuredmedia":[{"embeddable":true,"href":"https:\/\/www.rwg-bayreuth.de\/home\/index.php?rest_route=\/wp\/v2\/media\/34376"}],"wp:attachment":[{"href":"https:\/\/www.rwg-bayreuth.de\/home\/index.php?rest_route=%2Fwp%2Fv2%2Fmedia&parent=34373"}],"wp:term":[{"taxonomy":"category","embeddable":true,"href":"https:\/\/www.rwg-bayreuth.de\/home\/index.php?rest_route=%2Fwp%2Fv2%2Fcategories&post=34373"},{"taxonomy":"post_tag","embeddable":true,"href":"https:\/\/www.rwg-bayreuth.de\/home\/index.php?rest_route=%2Fwp%2Fv2%2Ftags&post=34373"}],"curies":[{"name":"wp","href":"https:\/\/api.w.org\/{rel}","templated":true}]}}