{"id":34359,"date":"2023-08-22T06:33:14","date_gmt":"2023-08-22T04:33:14","guid":{"rendered":"http:\/\/www.rwg-bayreuth.de\/home\/?p=34359"},"modified":"2023-07-27T13:57:47","modified_gmt":"2023-07-27T11:57:47","slug":"sommerwind-in-flatternden-maehnen","status":"publish","type":"post","link":"https:\/\/www.rwg-bayreuth.de\/home\/?p=34359","title":{"rendered":"Sommerwind in flatternden M\u00e4hnen"},"content":{"rendered":"<p>\u201e1001 Nacht\u201c hie\u00df das Motto des diesj\u00e4hrigen Sommerfests der Reit-AG, des Reitvereins Pferdefreunde Eckersdorf und des Hit-Aktiv-Stalls in Lindau. Viele Wochen lang schwangen die ReiterInnen zu arabischen Kl\u00e4ngen bunte T\u00fccher in den Pausen zu einer selbst gestalteten Choreographie. <\/p>\n<div class=\"su-image-carousel  su-image-carousel-columns-4 su-image-carousel-has-spacing su-image-carousel-crop su-image-carousel-crop-3-4 su-image-carousel-has-lightbox su-image-carousel-has-outline su-image-carousel-adaptive su-image-carousel-slides-style-minimal su-image-carousel-controls-style-light su-image-carousel-align-center\" style=\"\" data-flickity-options='{\"groupCells\":true,\"cellSelector\":\".su-image-carousel-item\",\"adaptiveHeight\":false,\"cellAlign\":\"left\",\"prevNextButtons\":true,\"pageDots\":false,\"autoPlay\":4000,\"imagesLoaded\":true,\"contain\":true,\"selectedAttraction\":0.025000000000000001,\"friction\":0.28000000000000003}' id=\"su_image_carousel_69f1ca6f49842\"><div class=\"su-image-carousel-item\"><div class=\"su-image-carousel-item-content\"><a href=\"https:\/\/www.rwg-bayreuth.de\/home\/wp-content\/uploads\/2023\/07\/22-23-ReitAG-1.jpg\" data-caption=\"\"><img loading=\"lazy\" decoding=\"async\" width=\"768\" height=\"1024\" src=\"https:\/\/www.rwg-bayreuth.de\/home\/wp-content\/uploads\/2023\/07\/22-23-ReitAG-1.jpg\" class=\"\" alt=\"\" srcset=\"https:\/\/www.rwg-bayreuth.de\/home\/wp-content\/uploads\/2023\/07\/22-23-ReitAG-1.jpg 768w, https:\/\/www.rwg-bayreuth.de\/home\/wp-content\/uploads\/2023\/07\/22-23-ReitAG-1-338x450.jpg 338w, https:\/\/www.rwg-bayreuth.de\/home\/wp-content\/uploads\/2023\/07\/22-23-ReitAG-1-113x150.jpg 113w, https:\/\/www.rwg-bayreuth.de\/home\/wp-content\/uploads\/2023\/07\/22-23-ReitAG-1-250x333.jpg 250w\" sizes=\"(max-width: 768px) 100vw, 768px\" \/><\/a><\/div><\/div><div class=\"su-image-carousel-item\"><div class=\"su-image-carousel-item-content\"><a href=\"https:\/\/www.rwg-bayreuth.de\/home\/wp-content\/uploads\/2023\/07\/22-23-ReitAG-2.jpg\" data-caption=\"\"><img loading=\"lazy\" decoding=\"async\" width=\"768\" height=\"1024\" src=\"https:\/\/www.rwg-bayreuth.de\/home\/wp-content\/uploads\/2023\/07\/22-23-ReitAG-2.jpg\" class=\"\" alt=\"\" srcset=\"https:\/\/www.rwg-bayreuth.de\/home\/wp-content\/uploads\/2023\/07\/22-23-ReitAG-2.jpg 768w, https:\/\/www.rwg-bayreuth.de\/home\/wp-content\/uploads\/2023\/07\/22-23-ReitAG-2-338x450.jpg 338w, https:\/\/www.rwg-bayreuth.de\/home\/wp-content\/uploads\/2023\/07\/22-23-ReitAG-2-113x150.jpg 113w, https:\/\/www.rwg-bayreuth.de\/home\/wp-content\/uploads\/2023\/07\/22-23-ReitAG-2-250x333.jpg 250w\" sizes=\"(max-width: 768px) 100vw, 768px\" \/><\/a><\/div><\/div><div class=\"su-image-carousel-item\"><div class=\"su-image-carousel-item-content\"><a href=\"https:\/\/www.rwg-bayreuth.de\/home\/wp-content\/uploads\/2023\/07\/22-23-ReitAG-3.jpg\" data-caption=\"\"><img loading=\"lazy\" decoding=\"async\" width=\"768\" height=\"1024\" src=\"https:\/\/www.rwg-bayreuth.de\/home\/wp-content\/uploads\/2023\/07\/22-23-ReitAG-3.jpg\" class=\"\" alt=\"\" srcset=\"https:\/\/www.rwg-bayreuth.de\/home\/wp-content\/uploads\/2023\/07\/22-23-ReitAG-3.jpg 768w, https:\/\/www.rwg-bayreuth.de\/home\/wp-content\/uploads\/2023\/07\/22-23-ReitAG-3-338x450.jpg 338w, https:\/\/www.rwg-bayreuth.de\/home\/wp-content\/uploads\/2023\/07\/22-23-ReitAG-3-113x150.jpg 113w, https:\/\/www.rwg-bayreuth.de\/home\/wp-content\/uploads\/2023\/07\/22-23-ReitAG-3-250x333.jpg 250w\" sizes=\"(max-width: 768px) 100vw, 768px\" \/><\/a><\/div><\/div><div class=\"su-image-carousel-item\"><div class=\"su-image-carousel-item-content\"><a href=\"https:\/\/www.rwg-bayreuth.de\/home\/wp-content\/uploads\/2023\/07\/22-23-ReitAG-4.jpg\" data-caption=\"\"><img loading=\"lazy\" decoding=\"async\" width=\"939\" height=\"1252\" src=\"https:\/\/www.rwg-bayreuth.de\/home\/wp-content\/uploads\/2023\/07\/22-23-ReitAG-4.jpg\" class=\"\" alt=\"\" srcset=\"https:\/\/www.rwg-bayreuth.de\/home\/wp-content\/uploads\/2023\/07\/22-23-ReitAG-4.jpg 939w, https:\/\/www.rwg-bayreuth.de\/home\/wp-content\/uploads\/2023\/07\/22-23-ReitAG-4-338x450.jpg 338w, https:\/\/www.rwg-bayreuth.de\/home\/wp-content\/uploads\/2023\/07\/22-23-ReitAG-4-768x1024.jpg 768w, https:\/\/www.rwg-bayreuth.de\/home\/wp-content\/uploads\/2023\/07\/22-23-ReitAG-4-113x150.jpg 113w, https:\/\/www.rwg-bayreuth.de\/home\/wp-content\/uploads\/2023\/07\/22-23-ReitAG-4-250x333.jpg 250w\" sizes=\"(max-width: 939px) 100vw, 939px\" \/><\/a><\/div><\/div><\/div><script id=\"su_image_carousel_69f1ca6f49842_script\">if(window.SUImageCarousel){setTimeout(function() {window.SUImageCarousel.initGallery(document.getElementById(\"su_image_carousel_69f1ca6f49842\"))}, 0);}var su_image_carousel_69f1ca6f49842_script=document.getElementById(\"su_image_carousel_69f1ca6f49842_script\");if(su_image_carousel_69f1ca6f49842_script){su_image_carousel_69f1ca6f49842_script.parentNode.removeChild(su_image_carousel_69f1ca6f49842_script);}<\/script>\n<p>Der bunte Tanz, der zun\u00e4chst am Boden begann, setzte sich dann auf dem Pferd fort. Ob im Stehen, im Knien, im Schneidersitz oder bei der \u201eFahne\u201c oder \u201eM\u00fchle\u201c auf dem Pferder\u00fccken, best\u00e4ndig wurden die T\u00fccher geschwungen, so dass sich ein farbenfrohes sommerleichtes Bild ergab. Neben den Reitvorf\u00fchrungen und dem Alpaka Pas de Deux sorgten die Reiterinnen auf ihren Steckenpferden f\u00fcr eine heitere Stimmung. <\/p>\n<p><a href=\"https:\/\/www.rwg-bayreuth.de\/home\/wp-content\/uploads\/2023\/07\/22-23-ReitAG-5.jpg\"><img loading=\"lazy\" decoding=\"async\" src=\"https:\/\/www.rwg-bayreuth.de\/home\/wp-content\/uploads\/2023\/07\/22-23-ReitAG-5.jpg\" alt=\"\" width=\"1669\" height=\"585\" class=\"aligncenter size-full wp-image-34364\" srcset=\"https:\/\/www.rwg-bayreuth.de\/home\/wp-content\/uploads\/2023\/07\/22-23-ReitAG-5.jpg 1669w, https:\/\/www.rwg-bayreuth.de\/home\/wp-content\/uploads\/2023\/07\/22-23-ReitAG-5-450x158.jpg 450w, https:\/\/www.rwg-bayreuth.de\/home\/wp-content\/uploads\/2023\/07\/22-23-ReitAG-5-1024x359.jpg 1024w, https:\/\/www.rwg-bayreuth.de\/home\/wp-content\/uploads\/2023\/07\/22-23-ReitAG-5-150x53.jpg 150w, https:\/\/www.rwg-bayreuth.de\/home\/wp-content\/uploads\/2023\/07\/22-23-ReitAG-5-768x269.jpg 768w, https:\/\/www.rwg-bayreuth.de\/home\/wp-content\/uploads\/2023\/07\/22-23-ReitAG-5-1536x538.jpg 1536w, https:\/\/www.rwg-bayreuth.de\/home\/wp-content\/uploads\/2023\/07\/22-23-ReitAG-5-250x88.jpg 250w\" sizes=\"(max-width: 1669px) 100vw, 1669px\" \/><\/a><\/p>\n<p><a href=\"https:\/\/www.rwg-bayreuth.de\/home\/wp-content\/uploads\/2023\/07\/22-23-ReitAG-6.jpg\"><img loading=\"lazy\" decoding=\"async\" src=\"https:\/\/www.rwg-bayreuth.de\/home\/wp-content\/uploads\/2023\/07\/22-23-ReitAG-6-338x450.jpg\" alt=\"\" width=\"338\" height=\"450\" class=\"alignright size-medium wp-image-34365\" style=\"max-width: 30%\" srcset=\"https:\/\/www.rwg-bayreuth.de\/home\/wp-content\/uploads\/2023\/07\/22-23-ReitAG-6-338x450.jpg 338w, https:\/\/www.rwg-bayreuth.de\/home\/wp-content\/uploads\/2023\/07\/22-23-ReitAG-6-113x150.jpg 113w, https:\/\/www.rwg-bayreuth.de\/home\/wp-content\/uploads\/2023\/07\/22-23-ReitAG-6-250x333.jpg 250w, https:\/\/www.rwg-bayreuth.de\/home\/wp-content\/uploads\/2023\/07\/22-23-ReitAG-6.jpg 768w\" sizes=\"(max-width: 338px) 100vw, 338px\" \/><\/a>Aber auch bei den Reitstunden kommt der Spa\u00df nicht zu kurz. Mal traben die Amazonen schwungvoll \u00fcber die Stangen in der Halle des Hartings Hof und lernen neben der Kunst, ein Pferd zu reiten, eine Menge \u00fcber die hierzu notwendige Theorie,<br \/>\nmal geht es mit der Reitlehrerin, Frau Harting, zu einem flotten Ausritt in die wundersch\u00f6ne Umgebung von Creu\u00dfen. <\/p>\n<div class=\"su-image-carousel  clear su-image-carousel-columns-2 su-image-carousel-has-spacing su-image-carousel-crop su-image-carousel-crop-4-3 su-image-carousel-has-lightbox su-image-carousel-has-outline su-image-carousel-adaptive su-image-carousel-slides-style-minimal su-image-carousel-controls-style-light su-image-carousel-align-center\" style=\"\" data-flickity-options='{\"groupCells\":true,\"cellSelector\":\".su-image-carousel-item\",\"adaptiveHeight\":false,\"cellAlign\":\"left\",\"prevNextButtons\":true,\"pageDots\":false,\"autoPlay\":4000,\"imagesLoaded\":true,\"contain\":true,\"selectedAttraction\":0.025000000000000001,\"friction\":0.28000000000000003}' id=\"su_image_carousel_69f1ca6f49ae3\"><div class=\"su-image-carousel-item\"><div class=\"su-image-carousel-item-content\"><a href=\"https:\/\/www.rwg-bayreuth.de\/home\/wp-content\/uploads\/2023\/07\/22-23-ReitAG-7.jpg\" data-caption=\"\"><img loading=\"lazy\" decoding=\"async\" width=\"1024\" height=\"768\" src=\"https:\/\/www.rwg-bayreuth.de\/home\/wp-content\/uploads\/2023\/07\/22-23-ReitAG-7.jpg\" class=\"\" alt=\"\" srcset=\"https:\/\/www.rwg-bayreuth.de\/home\/wp-content\/uploads\/2023\/07\/22-23-ReitAG-7.jpg 1024w, https:\/\/www.rwg-bayreuth.de\/home\/wp-content\/uploads\/2023\/07\/22-23-ReitAG-7-450x338.jpg 450w, https:\/\/www.rwg-bayreuth.de\/home\/wp-content\/uploads\/2023\/07\/22-23-ReitAG-7-150x113.jpg 150w, https:\/\/www.rwg-bayreuth.de\/home\/wp-content\/uploads\/2023\/07\/22-23-ReitAG-7-768x576.jpg 768w, https:\/\/www.rwg-bayreuth.de\/home\/wp-content\/uploads\/2023\/07\/22-23-ReitAG-7-250x188.jpg 250w\" sizes=\"(max-width: 1024px) 100vw, 1024px\" \/><\/a><\/div><\/div><div class=\"su-image-carousel-item\"><div class=\"su-image-carousel-item-content\"><a href=\"https:\/\/www.rwg-bayreuth.de\/home\/wp-content\/uploads\/2023\/07\/22-23-ReitAG-8.jpg\" data-caption=\"\"><img loading=\"lazy\" decoding=\"async\" width=\"1439\" height=\"1079\" src=\"https:\/\/www.rwg-bayreuth.de\/home\/wp-content\/uploads\/2023\/07\/22-23-ReitAG-8.jpg\" class=\"\" alt=\"\" srcset=\"https:\/\/www.rwg-bayreuth.de\/home\/wp-content\/uploads\/2023\/07\/22-23-ReitAG-8.jpg 1439w, https:\/\/www.rwg-bayreuth.de\/home\/wp-content\/uploads\/2023\/07\/22-23-ReitAG-8-450x337.jpg 450w, https:\/\/www.rwg-bayreuth.de\/home\/wp-content\/uploads\/2023\/07\/22-23-ReitAG-8-1024x768.jpg 1024w, https:\/\/www.rwg-bayreuth.de\/home\/wp-content\/uploads\/2023\/07\/22-23-ReitAG-8-150x112.jpg 150w, https:\/\/www.rwg-bayreuth.de\/home\/wp-content\/uploads\/2023\/07\/22-23-ReitAG-8-768x576.jpg 768w, https:\/\/www.rwg-bayreuth.de\/home\/wp-content\/uploads\/2023\/07\/22-23-ReitAG-8-250x187.jpg 250w\" sizes=\"(max-width: 1439px) 100vw, 1439px\" \/><\/a><\/div><\/div><\/div><script id=\"su_image_carousel_69f1ca6f49ae3_script\">if(window.SUImageCarousel){setTimeout(function() {window.SUImageCarousel.initGallery(document.getElementById(\"su_image_carousel_69f1ca6f49ae3\"))}, 0);}var su_image_carousel_69f1ca6f49ae3_script=document.getElementById(\"su_image_carousel_69f1ca6f49ae3_script\");if(su_image_carousel_69f1ca6f49ae3_script){su_image_carousel_69f1ca6f49ae3_script.parentNode.removeChild(su_image_carousel_69f1ca6f49ae3_script);}<\/script>\n<p>Und sp\u00e4testens jetzt f\u00fchlen ihn die Amazonen: den Sommerwind in flatternden M\u00e4hnen.<\/p>\n","protected":false},"excerpt":{"rendered":"<p>\u201e1001 Nacht\u201c hie\u00df das Motto des diesj\u00e4hrigen Sommerfests der Reit-AG, des Reitvereins Pferdefreunde Eckersdorf und des Hit-Aktiv-Stalls in Lindau. Viele Wochen lang schwangen die ReiterInnen zu arabischen Kl\u00e4ngen bunte T\u00fccher in den Pausen zu einer selbst gestalteten Choreographie. Der bunte Tanz, der zun\u00e4chst am Boden begann, setzte sich dann auf dem Pferd fort. Ob im&hellip;<\/p>\n","protected":false},"author":11,"featured_media":34372,"comment_status":"closed","ping_status":"closed","sticky":false,"template":"","format":"standard","meta":{"footnotes":""},"categories":[1],"tags":[43,51],"_links":{"self":[{"href":"https:\/\/www.rwg-bayreuth.de\/home\/index.php?rest_route=\/wp\/v2\/posts\/34359"}],"collection":[{"href":"https:\/\/www.rwg-bayreuth.de\/home\/index.php?rest_route=\/wp\/v2\/posts"}],"about":[{"href":"https:\/\/www.rwg-bayreuth.de\/home\/index.php?rest_route=\/wp\/v2\/types\/post"}],"author":[{"embeddable":true,"href":"https:\/\/www.rwg-bayreuth.de\/home\/index.php?rest_route=\/wp\/v2\/users\/11"}],"replies":[{"embeddable":true,"href":"https:\/\/www.rwg-bayreuth.de\/home\/index.php?rest_route=%2Fwp%2Fv2%2Fcomments&post=34359"}],"version-history":[{"count":4,"href":"https:\/\/www.rwg-bayreuth.de\/home\/index.php?rest_route=\/wp\/v2\/posts\/34359\/revisions"}],"predecessor-version":[{"id":34371,"href":"https:\/\/www.rwg-bayreuth.de\/home\/index.php?rest_route=\/wp\/v2\/posts\/34359\/revisions\/34371"}],"wp:featuredmedia":[{"embeddable":true,"href":"https:\/\/www.rwg-bayreuth.de\/home\/index.php?rest_route=\/wp\/v2\/media\/34372"}],"wp:attachment":[{"href":"https:\/\/www.rwg-bayreuth.de\/home\/index.php?rest_route=%2Fwp%2Fv2%2Fmedia&parent=34359"}],"wp:term":[{"taxonomy":"category","embeddable":true,"href":"https:\/\/www.rwg-bayreuth.de\/home\/index.php?rest_route=%2Fwp%2Fv2%2Fcategories&post=34359"},{"taxonomy":"post_tag","embeddable":true,"href":"https:\/\/www.rwg-bayreuth.de\/home\/index.php?rest_route=%2Fwp%2Fv2%2Ftags&post=34359"}],"curies":[{"name":"wp","href":"https:\/\/api.w.org\/{rel}","templated":true}]}}