{"id":34267,"date":"2023-07-08T06:27:13","date_gmt":"2023-07-08T04:27:13","guid":{"rendered":"http:\/\/www.rwg-bayreuth.de\/home\/?p=34267"},"modified":"2024-01-22T16:15:49","modified_gmt":"2024-01-22T15:15:49","slug":"die-6-klassen-treffen-in-franzoesischer-maerchenstunde-auf-den-froschkoenig","status":"publish","type":"post","link":"https:\/\/www.rwg-bayreuth.de\/home\/?p=34267","title":{"rendered":"Die 6. Klassen treffen in franz\u00f6sischer M\u00e4rchenstunde auf den Froschk\u00f6nig"},"content":{"rendered":"<p><a href=\"https:\/\/www.rwg-bayreuth.de\/home\/wp-content\/uploads\/2023\/07\/22-23-Franzoesisch-Maerchenstunde-3.jpg\"><img loading=\"lazy\" decoding=\"async\" src=\"https:\/\/www.rwg-bayreuth.de\/home\/wp-content\/uploads\/2023\/07\/22-23-Franzoesisch-Maerchenstunde-3-450x338.jpg\" alt=\"\" width=\"450\" height=\"338\" class=\"aligncenter size-medium wp-image-34268\" srcset=\"https:\/\/www.rwg-bayreuth.de\/home\/wp-content\/uploads\/2023\/07\/22-23-Franzoesisch-Maerchenstunde-3-450x338.jpg 450w, https:\/\/www.rwg-bayreuth.de\/home\/wp-content\/uploads\/2023\/07\/22-23-Franzoesisch-Maerchenstunde-3-150x113.jpg 150w, https:\/\/www.rwg-bayreuth.de\/home\/wp-content\/uploads\/2023\/07\/22-23-Franzoesisch-Maerchenstunde-3-768x576.jpg 768w, https:\/\/www.rwg-bayreuth.de\/home\/wp-content\/uploads\/2023\/07\/22-23-Franzoesisch-Maerchenstunde-3-250x188.jpg 250w, https:\/\/www.rwg-bayreuth.de\/home\/wp-content\/uploads\/2023\/07\/22-23-Franzoesisch-Maerchenstunde-3.jpg 1024w\" sizes=\"(max-width: 450px) 100vw, 450px\" \/><\/a><\/p>\n<p>Wir, die M\u00e4rchengruppe des P-Seminars \u201eDeutsch-Franz\u00f6sischer Tag\u201c, haben am 06.07.23 f\u00fcr die Franz\u00f6sischklassen der 6. Jahrgangsstufe eine M\u00e4rchenstunde organisiert. In dieser wurde das M\u00e4rchen \u201eDer Froschk\u00f6nig\u201c, oder auf Franz\u00f6sisch \u201eLe Roi Grenouille\u201c, von Fatiya, einer aus dem Niger stammenden Muttersprachlerin, auf Franz\u00f6sisch vorgelesen. Wir haben das M\u00e4rchen mit passenden Bildern begleitet und es immer wieder auf Deutsch in Sinnabschnitte zusammengefasst. <\/p>\n<div class=\"su-image-carousel  su-image-carousel-columns-2 su-image-carousel-has-spacing su-image-carousel-crop su-image-carousel-crop-4-3 su-image-carousel-has-lightbox su-image-carousel-has-outline su-image-carousel-adaptive su-image-carousel-slides-style-minimal su-image-carousel-controls-style-light su-image-carousel-align-center\" style=\"\" data-flickity-options='{\"groupCells\":true,\"cellSelector\":\".su-image-carousel-item\",\"adaptiveHeight\":false,\"cellAlign\":\"left\",\"prevNextButtons\":true,\"pageDots\":false,\"autoPlay\":4000,\"imagesLoaded\":true,\"contain\":true,\"selectedAttraction\":0.025000000000000001,\"friction\":0.28000000000000003}' id=\"su_image_carousel_69f1bb2a25454\"><div class=\"su-image-carousel-item\"><div class=\"su-image-carousel-item-content\"><a href=\"https:\/\/www.rwg-bayreuth.de\/home\/wp-content\/uploads\/2023\/07\/22-23-Franzoesisch-Maerchenstunde-1.jpg\" data-caption=\"\"><img loading=\"lazy\" decoding=\"async\" width=\"1024\" height=\"768\" src=\"https:\/\/www.rwg-bayreuth.de\/home\/wp-content\/uploads\/2023\/07\/22-23-Franzoesisch-Maerchenstunde-1.jpg\" class=\"\" alt=\"\" srcset=\"https:\/\/www.rwg-bayreuth.de\/home\/wp-content\/uploads\/2023\/07\/22-23-Franzoesisch-Maerchenstunde-1.jpg 1024w, https:\/\/www.rwg-bayreuth.de\/home\/wp-content\/uploads\/2023\/07\/22-23-Franzoesisch-Maerchenstunde-1-450x338.jpg 450w, https:\/\/www.rwg-bayreuth.de\/home\/wp-content\/uploads\/2023\/07\/22-23-Franzoesisch-Maerchenstunde-1-150x113.jpg 150w, https:\/\/www.rwg-bayreuth.de\/home\/wp-content\/uploads\/2023\/07\/22-23-Franzoesisch-Maerchenstunde-1-768x576.jpg 768w, https:\/\/www.rwg-bayreuth.de\/home\/wp-content\/uploads\/2023\/07\/22-23-Franzoesisch-Maerchenstunde-1-250x188.jpg 250w\" sizes=\"(max-width: 1024px) 100vw, 1024px\" \/><\/a><\/div><\/div><div class=\"su-image-carousel-item\"><div class=\"su-image-carousel-item-content\"><a href=\"https:\/\/www.rwg-bayreuth.de\/home\/wp-content\/uploads\/2023\/07\/22-23-Franzoesisch-Maerchenstunde-2.jpg\" data-caption=\"\"><img loading=\"lazy\" decoding=\"async\" width=\"1024\" height=\"768\" src=\"https:\/\/www.rwg-bayreuth.de\/home\/wp-content\/uploads\/2023\/07\/22-23-Franzoesisch-Maerchenstunde-2.jpg\" class=\"\" alt=\"\" srcset=\"https:\/\/www.rwg-bayreuth.de\/home\/wp-content\/uploads\/2023\/07\/22-23-Franzoesisch-Maerchenstunde-2.jpg 1024w, https:\/\/www.rwg-bayreuth.de\/home\/wp-content\/uploads\/2023\/07\/22-23-Franzoesisch-Maerchenstunde-2-450x338.jpg 450w, https:\/\/www.rwg-bayreuth.de\/home\/wp-content\/uploads\/2023\/07\/22-23-Franzoesisch-Maerchenstunde-2-150x113.jpg 150w, https:\/\/www.rwg-bayreuth.de\/home\/wp-content\/uploads\/2023\/07\/22-23-Franzoesisch-Maerchenstunde-2-768x576.jpg 768w, https:\/\/www.rwg-bayreuth.de\/home\/wp-content\/uploads\/2023\/07\/22-23-Franzoesisch-Maerchenstunde-2-250x188.jpg 250w\" sizes=\"(max-width: 1024px) 100vw, 1024px\" \/><\/a><\/div><\/div><\/div><script id=\"su_image_carousel_69f1bb2a25454_script\">if(window.SUImageCarousel){setTimeout(function() {window.SUImageCarousel.initGallery(document.getElementById(\"su_image_carousel_69f1bb2a25454\"))}, 0);}var su_image_carousel_69f1bb2a25454_script=document.getElementById(\"su_image_carousel_69f1bb2a25454_script\");if(su_image_carousel_69f1bb2a25454_script){su_image_carousel_69f1bb2a25454_script.parentNode.removeChild(su_image_carousel_69f1bb2a25454_script);}<\/script>\n<p>Das Ziel unseres Projekts war, dass die Kinder die franz\u00f6sische Sprache einmal anders als im \u00fcblichen Franz\u00f6sischunterricht kennenlernen und mit einer franz\u00f6sischsprachigen Muttersprachlerin in Kontakt treten k\u00f6nnen, was in kleinen Gespr\u00e4chsrunden nach dem M\u00e4rchen prima funktionierte. <\/p>\n<p>Vielen Dank an Fatiyas Unterst\u00fctzung und ihre freundliche und best\u00e4rkende Art. Wir haben uns sehr \u00fcber das positive Feedback von vielen Seiten gefreut und uns hat es auch sehr viel Spa\u00df gemacht, die M\u00e4rchenstunde zu organisieren.<\/p>\n<p><em>Mona Dippold, Leonie Thiele und Laura Tambasco aus dem P-Seminar \u201eDeutsch-franz\u00f6sischer Tag\u201c unter der Leitung von Julia Ackermann <\/em><\/p>\n","protected":false},"excerpt":{"rendered":"<p>Wir, die M\u00e4rchengruppe des P-Seminars \u201eDeutsch-Franz\u00f6sischer Tag\u201c, haben am 06.07.23 f\u00fcr die Franz\u00f6sischklassen der 6. Jahrgangsstufe eine M\u00e4rchenstunde organisiert. In dieser wurde das M\u00e4rchen \u201eDer Froschk\u00f6nig\u201c, oder auf Franz\u00f6sisch \u201eLe Roi Grenouille\u201c, von Fatiya, einer aus dem Niger stammenden Muttersprachlerin, auf Franz\u00f6sisch vorgelesen. Wir haben das M\u00e4rchen mit passenden Bildern begleitet und es immer wieder&hellip;<\/p>\n","protected":false},"author":11,"featured_media":34271,"comment_status":"closed","ping_status":"closed","sticky":false,"template":"","format":"standard","meta":{"footnotes":""},"categories":[1],"tags":[93,51,64],"_links":{"self":[{"href":"https:\/\/www.rwg-bayreuth.de\/home\/index.php?rest_route=\/wp\/v2\/posts\/34267"}],"collection":[{"href":"https:\/\/www.rwg-bayreuth.de\/home\/index.php?rest_route=\/wp\/v2\/posts"}],"about":[{"href":"https:\/\/www.rwg-bayreuth.de\/home\/index.php?rest_route=\/wp\/v2\/types\/post"}],"author":[{"embeddable":true,"href":"https:\/\/www.rwg-bayreuth.de\/home\/index.php?rest_route=\/wp\/v2\/users\/11"}],"replies":[{"embeddable":true,"href":"https:\/\/www.rwg-bayreuth.de\/home\/index.php?rest_route=%2Fwp%2Fv2%2Fcomments&post=34267"}],"version-history":[{"count":1,"href":"https:\/\/www.rwg-bayreuth.de\/home\/index.php?rest_route=\/wp\/v2\/posts\/34267\/revisions"}],"predecessor-version":[{"id":34272,"href":"https:\/\/www.rwg-bayreuth.de\/home\/index.php?rest_route=\/wp\/v2\/posts\/34267\/revisions\/34272"}],"wp:featuredmedia":[{"embeddable":true,"href":"https:\/\/www.rwg-bayreuth.de\/home\/index.php?rest_route=\/wp\/v2\/media\/34271"}],"wp:attachment":[{"href":"https:\/\/www.rwg-bayreuth.de\/home\/index.php?rest_route=%2Fwp%2Fv2%2Fmedia&parent=34267"}],"wp:term":[{"taxonomy":"category","embeddable":true,"href":"https:\/\/www.rwg-bayreuth.de\/home\/index.php?rest_route=%2Fwp%2Fv2%2Fcategories&post=34267"},{"taxonomy":"post_tag","embeddable":true,"href":"https:\/\/www.rwg-bayreuth.de\/home\/index.php?rest_route=%2Fwp%2Fv2%2Ftags&post=34267"}],"curies":[{"name":"wp","href":"https:\/\/api.w.org\/{rel}","templated":true}]}}