{"id":34186,"date":"2023-07-08T06:44:01","date_gmt":"2023-07-08T04:44:01","guid":{"rendered":"http:\/\/www.rwg-bayreuth.de\/home\/?p=34186"},"modified":"2024-01-22T16:12:24","modified_gmt":"2024-01-22T15:12:24","slug":"ein-besuch-im-sos-kinderdorf-immenreuth","status":"publish","type":"post","link":"https:\/\/www.rwg-bayreuth.de\/home\/?p=34186","title":{"rendered":"Ein Besuch im SOS-Kinderdorf Immenreuth"},"content":{"rendered":"<div class=\"su-image-carousel  su-image-carousel-has-spacing su-image-carousel-crop su-image-carousel-crop-4-3 su-image-carousel-has-lightbox su-image-carousel-has-outline su-image-carousel-adaptive su-image-carousel-slides-style-minimal su-image-carousel-controls-style-light su-image-carousel-align-center\" style=\"max-width:450px\" data-flickity-options='{\"groupCells\":true,\"cellSelector\":\".su-image-carousel-item\",\"adaptiveHeight\":false,\"cellAlign\":\"left\",\"prevNextButtons\":true,\"pageDots\":false,\"autoPlay\":4000,\"imagesLoaded\":true,\"contain\":true,\"selectedAttraction\":0.025000000000000001,\"friction\":0.28000000000000003}' id=\"su_image_carousel_69f1c1a68e338\"><div class=\"su-image-carousel-item\"><div class=\"su-image-carousel-item-content\"><a href=\"https:\/\/www.rwg-bayreuth.de\/home\/wp-content\/uploads\/2023\/07\/22-23-Kinderdorf-1.jpg\" data-caption=\"\"><img loading=\"lazy\" decoding=\"async\" width=\"1024\" height=\"768\" src=\"https:\/\/www.rwg-bayreuth.de\/home\/wp-content\/uploads\/2023\/07\/22-23-Kinderdorf-1.jpg\" class=\"\" alt=\"\" srcset=\"https:\/\/www.rwg-bayreuth.de\/home\/wp-content\/uploads\/2023\/07\/22-23-Kinderdorf-1.jpg 1024w, https:\/\/www.rwg-bayreuth.de\/home\/wp-content\/uploads\/2023\/07\/22-23-Kinderdorf-1-450x338.jpg 450w, https:\/\/www.rwg-bayreuth.de\/home\/wp-content\/uploads\/2023\/07\/22-23-Kinderdorf-1-150x113.jpg 150w, https:\/\/www.rwg-bayreuth.de\/home\/wp-content\/uploads\/2023\/07\/22-23-Kinderdorf-1-768x576.jpg 768w, https:\/\/www.rwg-bayreuth.de\/home\/wp-content\/uploads\/2023\/07\/22-23-Kinderdorf-1-250x188.jpg 250w\" sizes=\"(max-width: 1024px) 100vw, 1024px\" \/><\/a><\/div><\/div><div class=\"su-image-carousel-item\"><div class=\"su-image-carousel-item-content\"><a href=\"https:\/\/www.rwg-bayreuth.de\/home\/wp-content\/uploads\/2023\/07\/22-23-Kinderdorf-2.jpg\" data-caption=\"\"><img loading=\"lazy\" decoding=\"async\" width=\"1024\" height=\"768\" src=\"https:\/\/www.rwg-bayreuth.de\/home\/wp-content\/uploads\/2023\/07\/22-23-Kinderdorf-2.jpg\" class=\"\" alt=\"\" srcset=\"https:\/\/www.rwg-bayreuth.de\/home\/wp-content\/uploads\/2023\/07\/22-23-Kinderdorf-2.jpg 1024w, https:\/\/www.rwg-bayreuth.de\/home\/wp-content\/uploads\/2023\/07\/22-23-Kinderdorf-2-450x338.jpg 450w, https:\/\/www.rwg-bayreuth.de\/home\/wp-content\/uploads\/2023\/07\/22-23-Kinderdorf-2-150x113.jpg 150w, https:\/\/www.rwg-bayreuth.de\/home\/wp-content\/uploads\/2023\/07\/22-23-Kinderdorf-2-768x576.jpg 768w, https:\/\/www.rwg-bayreuth.de\/home\/wp-content\/uploads\/2023\/07\/22-23-Kinderdorf-2-250x188.jpg 250w\" sizes=\"(max-width: 1024px) 100vw, 1024px\" \/><\/a><\/div><\/div><\/div><script id=\"su_image_carousel_69f1c1a68e338_script\">if(window.SUImageCarousel){setTimeout(function() {window.SUImageCarousel.initGallery(document.getElementById(\"su_image_carousel_69f1c1a68e338\"))}, 0);}var su_image_carousel_69f1c1a68e338_script=document.getElementById(\"su_image_carousel_69f1c1a68e338_script\");if(su_image_carousel_69f1c1a68e338_script){su_image_carousel_69f1c1a68e338_script.parentNode.removeChild(su_image_carousel_69f1c1a68e338_script);}<\/script>\n<p>Offiziell lautet das Lehrplanthema 4.1. im Fachgebiet sozialpraktische Grundbildung \u201eChancen und Herausforderungen Sozialer Arbeit untersuchen\u201c \u2013 um dies nicht nur theoretisch, sondern konkret vor Ort kennen zu lernen, besuchten die Sch\u00fclerinnen und Sch\u00fcler des sozialwissenschaftlichen Zweigs Anfang Juli das SOS-Kinderdorf in Immenreuth\/Oberpfalz.<br \/>\nDas SOS-Kinderdorf Immenreuth besteht seit 60 Jahren und bietet sowohl SOS-Kinderdorffamilien als auch Wohngruppen mit verschiedenen Konzepten und eine heilp\u00e4dagogische Tagesgruppe sowie verschiedene offene Angebote. Anfangs waren es haupts\u00e4chlich Waisenkinder, die in einem SOS-Kinderdorf lebten, heute stehen alleingelassene oder vernachl\u00e4ssigte Kinder und Jugendliche sowie benachteiligte Familien im Mittelpunkt der Arbeit. Kurzum: Kinder, deren Eltern nicht im Stande sind, sich gut um sie zu k\u00fcmmern, wie Herr Hassel, Leiter des SOS-Kinderdorfes Immenreuth zusammenfasste. Nach einem informativen Fachvortrag, bei dem zahlreiche Fragen \u00fcber Taschengeld, die Finanzierung von Hobbys oder den Kontakt zu den Eltern beantwortet wurden, fand noch Rundgang durchs Kinderdorf statt.<br \/>\nDurch Exkursionen, Praktika oder Besichtigungen Einblick in das vielf\u00e4ltige Berufsfeld Soziale Arbeit zu bekommen und beispielsweise die Arbeit von Sozialp\u00e4dagog*innen und Psycholog*innen vor Ort kennen zu lernen, ist zentraler Bestandteil des sozialwissenschaftlichen Zweiges<\/p>\n","protected":false},"excerpt":{"rendered":"<p>Offiziell lautet das Lehrplanthema 4.1. im Fachgebiet sozialpraktische Grundbildung \u201eChancen und Herausforderungen Sozialer Arbeit untersuchen\u201c \u2013 um dies nicht nur theoretisch, sondern konkret vor Ort kennen zu lernen, besuchten die Sch\u00fclerinnen und Sch\u00fcler des sozialwissenschaftlichen Zweigs Anfang Juli das SOS-Kinderdorf in Immenreuth\/Oberpfalz. Das SOS-Kinderdorf Immenreuth besteht seit 60 Jahren und bietet sowohl SOS-Kinderdorffamilien als auch&hellip;<\/p>\n","protected":false},"author":11,"featured_media":34189,"comment_status":"closed","ping_status":"closed","sticky":false,"template":"","format":"standard","meta":{"footnotes":""},"categories":[1],"tags":[51,52],"_links":{"self":[{"href":"https:\/\/www.rwg-bayreuth.de\/home\/index.php?rest_route=\/wp\/v2\/posts\/34186"}],"collection":[{"href":"https:\/\/www.rwg-bayreuth.de\/home\/index.php?rest_route=\/wp\/v2\/posts"}],"about":[{"href":"https:\/\/www.rwg-bayreuth.de\/home\/index.php?rest_route=\/wp\/v2\/types\/post"}],"author":[{"embeddable":true,"href":"https:\/\/www.rwg-bayreuth.de\/home\/index.php?rest_route=\/wp\/v2\/users\/11"}],"replies":[{"embeddable":true,"href":"https:\/\/www.rwg-bayreuth.de\/home\/index.php?rest_route=%2Fwp%2Fv2%2Fcomments&post=34186"}],"version-history":[{"count":4,"href":"https:\/\/www.rwg-bayreuth.de\/home\/index.php?rest_route=\/wp\/v2\/posts\/34186\/revisions"}],"predecessor-version":[{"id":34239,"href":"https:\/\/www.rwg-bayreuth.de\/home\/index.php?rest_route=\/wp\/v2\/posts\/34186\/revisions\/34239"}],"wp:featuredmedia":[{"embeddable":true,"href":"https:\/\/www.rwg-bayreuth.de\/home\/index.php?rest_route=\/wp\/v2\/media\/34189"}],"wp:attachment":[{"href":"https:\/\/www.rwg-bayreuth.de\/home\/index.php?rest_route=%2Fwp%2Fv2%2Fmedia&parent=34186"}],"wp:term":[{"taxonomy":"category","embeddable":true,"href":"https:\/\/www.rwg-bayreuth.de\/home\/index.php?rest_route=%2Fwp%2Fv2%2Fcategories&post=34186"},{"taxonomy":"post_tag","embeddable":true,"href":"https:\/\/www.rwg-bayreuth.de\/home\/index.php?rest_route=%2Fwp%2Fv2%2Ftags&post=34186"}],"curies":[{"name":"wp","href":"https:\/\/api.w.org\/{rel}","templated":true}]}}