{"id":34060,"date":"2023-07-06T06:19:20","date_gmt":"2023-07-06T04:19:20","guid":{"rendered":"http:\/\/www.rwg-bayreuth.de\/home\/?p=34060"},"modified":"2023-07-07T19:27:43","modified_gmt":"2023-07-07T17:27:43","slug":"projekttage-rueck-und-vorblick","status":"publish","type":"post","link":"https:\/\/www.rwg-bayreuth.de\/home\/?p=34060","title":{"rendered":"Projekttage \u2013 R\u00fcck- und Vorblick"},"content":{"rendered":"<p><strong>Liebe Schulfamilie,<\/strong><br \/>\nnach einer langen Pause haben die Projekttage letztes Schuljahr wieder stattfinden d\u00fcrfen\u2026 Au Mann, das ist bereits ein Jahr her! (Und unser Leben nimmt wieder normale Z\u00fcge an\u2026 Corona? Da gab\u00b4s was mit Bier, oder\u2026?)<\/p>\n<p>Auch in diesem Jahr gibt es einen Projekttag, ihr, liebe Sch\u00fcler, habt bereits gew\u00e4hlt, wir freuen uns auf euch!!!<\/p>\n<div class=\"su-image-carousel  su-image-carousel-has-spacing su-image-carousel-crop su-image-carousel-crop-9-16 su-image-carousel-has-lightbox su-image-carousel-has-outline su-image-carousel-adaptive su-image-carousel-slides-style-minimal su-image-carousel-controls-style-light su-image-carousel-align-right\" style=\"max-width:200px\" data-flickity-options='{\"groupCells\":true,\"cellSelector\":\".su-image-carousel-item\",\"adaptiveHeight\":false,\"cellAlign\":\"left\",\"prevNextButtons\":true,\"pageDots\":false,\"autoPlay\":4000,\"imagesLoaded\":true,\"contain\":true,\"selectedAttraction\":0.025000000000000001,\"friction\":0.28000000000000003}' id=\"su_image_carousel_69f1caa96acaa\"><div class=\"su-image-carousel-item\"><div class=\"su-image-carousel-item-content\"><a href=\"https:\/\/www.rwg-bayreuth.de\/home\/wp-content\/uploads\/2023\/07\/22-23-Prokekttage2022-Reporter_Bild1.jpg\" data-caption=\"\"><img loading=\"lazy\" decoding=\"async\" width=\"627\" height=\"1024\" src=\"https:\/\/www.rwg-bayreuth.de\/home\/wp-content\/uploads\/2023\/07\/22-23-Prokekttage2022-Reporter_Bild1.jpg\" class=\"\" alt=\"\" srcset=\"https:\/\/www.rwg-bayreuth.de\/home\/wp-content\/uploads\/2023\/07\/22-23-Prokekttage2022-Reporter_Bild1.jpg 627w, https:\/\/www.rwg-bayreuth.de\/home\/wp-content\/uploads\/2023\/07\/22-23-Prokekttage2022-Reporter_Bild1-276x450.jpg 276w, https:\/\/www.rwg-bayreuth.de\/home\/wp-content\/uploads\/2023\/07\/22-23-Prokekttage2022-Reporter_Bild1-92x150.jpg 92w, https:\/\/www.rwg-bayreuth.de\/home\/wp-content\/uploads\/2023\/07\/22-23-Prokekttage2022-Reporter_Bild1-250x408.jpg 250w\" sizes=\"(max-width: 627px) 100vw, 627px\" \/><\/a><\/div><\/div><div class=\"su-image-carousel-item\"><div class=\"su-image-carousel-item-content\"><a href=\"https:\/\/www.rwg-bayreuth.de\/home\/wp-content\/uploads\/2023\/07\/22-23-Prokekttage2022-Reporter_Bild2.jpg\" data-caption=\"\"><img loading=\"lazy\" decoding=\"async\" width=\"627\" height=\"1024\" src=\"https:\/\/www.rwg-bayreuth.de\/home\/wp-content\/uploads\/2023\/07\/22-23-Prokekttage2022-Reporter_Bild2.jpg\" class=\"\" alt=\"\" srcset=\"https:\/\/www.rwg-bayreuth.de\/home\/wp-content\/uploads\/2023\/07\/22-23-Prokekttage2022-Reporter_Bild2.jpg 627w, https:\/\/www.rwg-bayreuth.de\/home\/wp-content\/uploads\/2023\/07\/22-23-Prokekttage2022-Reporter_Bild2-276x450.jpg 276w, https:\/\/www.rwg-bayreuth.de\/home\/wp-content\/uploads\/2023\/07\/22-23-Prokekttage2022-Reporter_Bild2-92x150.jpg 92w, https:\/\/www.rwg-bayreuth.de\/home\/wp-content\/uploads\/2023\/07\/22-23-Prokekttage2022-Reporter_Bild2-250x408.jpg 250w\" sizes=\"(max-width: 627px) 100vw, 627px\" \/><\/a><\/div><\/div><\/div><script id=\"su_image_carousel_69f1caa96acaa_script\">if(window.SUImageCarousel){setTimeout(function() {window.SUImageCarousel.initGallery(document.getElementById(\"su_image_carousel_69f1caa96acaa\"))}, 0);}var su_image_carousel_69f1caa96acaa_script=document.getElementById(\"su_image_carousel_69f1caa96acaa_script\");if(su_image_carousel_69f1caa96acaa_script){su_image_carousel_69f1caa96acaa_script.parentNode.removeChild(su_image_carousel_69f1caa96acaa_script);}<\/script>\n<p>Am letzten Projekttag war die Gruppe der \u201eRasenden Reporter\u201c unterwegs. Die Nachwuchsredakteure hatten nur wenig Zeit, Projekte zu besuchen, Interviews zu f\u00fchren, Texte zu verfassen, diese zu \u00fcberarbeiten und letztendlich einen fertigen Artikel zu pr\u00e4sentieren \u2013 daf\u00fcr verdient ihre Arbeit alle Anerkennung (nicht alle Artikel sind leider fertiggeworden und haben es in die folgende Auswahl geschafft)!<br \/>\nZur Einstimmung auf die kommende Woche m\u00f6chten wir nun ihre gelungenen Artikel pr\u00e4sentieren und euch schon einmal auf eure Projekte gespannt machen!!<br \/>\n(Beachtet bitte, dass die Klassenzugeh\u00f6rigkeit unserer Nachwuchsreporter f\u00fcr das vergangene Schuljahr gilt.)<\/p>\n<h6>Nur noch eine kurze Werbung in eigener Sache:<\/h6>\n<p>Auch diesmal werden Reporterteams am Start sein \u2013 seid bitte aufgeschlossen und mitteilsam, dass ihr nett seid, davon gehen wir jetzt einfach aus \ud83d\ude0a \u2013 dann lassen wir euch in unserer Zeitung auch entsprechend gl\u00e4nzen \ud83d\ude09! <\/p>\n<p><strong>Apropos Zeitung<\/strong> \u2013 im n\u00e4chsten Schuljahr wollen wir einen neuerlichen Versuch starten, unsere Sch\u00fclerzeitung wieder <strong>aufleben<\/strong> zu <strong>lassen<\/strong>. Dazu suchen wir kreative K\u00f6pfe v.a. in den Bereichen Redaktion und Journalismus; technische Hilfe (Fotografie, PR, Layout, Textverarbeitung\u2026) ist nicht nur willkommen, sondern ausdr\u00fccklich erw\u00fcnscht!!!<br \/>\n<strong>!!!Liebe Interessierte, schreibt mich bitte \u00fcber Teams an!!!<\/strong><\/p>\n<p>Viel Spa\u00df beim St\u00f6bern und einen Projekttag voller\u2026<br \/>\n(Vor)Freude, Enthusiasmus, guter Erfahrungen, neuer Erkenntnisse und neuer Bekanntschaften w\u00fcnscht<br \/>\nK. Babenko<br \/>\n(im Namen der Fachschaft Deutsch)<\/p>\n<p>&nbsp;<\/p>\n<div style=\"transform: rotate(1deg); margin:3px; padding: 20px; box-shadow: 3px 5px 10px gray; border: 1px solid #cccccc;\">\n<h2>Rasende Reporter im Dienst<\/h2>\n<p>Im Rahmen der Projekttage des RWG konnten wir, die rasenden Reporter, viele verschiedene Interviews mit Sch\u00fclern und Sch\u00fclerinnen sowie Lehrern und Lehrerinnen durchf\u00fchren. <\/p>\n<p>In einem Gespr\u00e4ch mit der Schulleitung durften wir so einige spannende Details \u00fcber die Projekttage erfahren.<\/p>\n<p><a href=\"https:\/\/www.rwg-bayreuth.de\/home\/wp-content\/uploads\/2023\/07\/22-23-Prokekttage2022-Reporter-Bild1.jpg\"><img decoding=\"async\" src=\"https:\/\/www.rwg-bayreuth.de\/home\/wp-content\/uploads\/2023\/07\/22-23-Prokekttage2022-Reporter-Bild1.jpg\" alt=\"\" width=\"300\" height=\"auto\" class=\"alignright size-full wp-image-34061\" srcset=\"https:\/\/www.rwg-bayreuth.de\/home\/wp-content\/uploads\/2023\/07\/22-23-Prokekttage2022-Reporter-Bild1.jpg 725w, https:\/\/www.rwg-bayreuth.de\/home\/wp-content\/uploads\/2023\/07\/22-23-Prokekttage2022-Reporter-Bild1-450x361.jpg 450w, https:\/\/www.rwg-bayreuth.de\/home\/wp-content\/uploads\/2023\/07\/22-23-Prokekttage2022-Reporter-Bild1-150x120.jpg 150w, https:\/\/www.rwg-bayreuth.de\/home\/wp-content\/uploads\/2023\/07\/22-23-Prokekttage2022-Reporter-Bild1-250x200.jpg 250w\" sizes=\"(max-width: 725px) 100vw, 725px\" \/><\/a>Frau Graf ist schon zehn Jahre an unserer Schule und bereits bevor sie an die Schule kam, gab es die Projekttage. Vor der Pandemie war der Projekttag am Ende des ersten Halbjahres. Die Mittelstufenbetreuerin Frau Hofmann organisiert dieses Jahr diese Veranstaltung, berichtet Frau Graf. Durch das Kultusministerium wurden die Projekttage in den Lehrplan eingef\u00fchrt, da diese einen abwechslungsreichen Alltag, Motivation und Vorfreude in die Schulwoche bringen sollen. <\/p>\n<p>Der Schwerpunkt dieses Jahr lag auf der Alltagskompetenz und umfasste Handlungsf\u00e4cher wie Gesundheit, Ern\u00e4hrung, Haushaltsf\u00fchrung, Umweltverhalten, selbstbestimmtes Verbraucherverhalten und Verhalten in der digitalen Welt. Unter diesen Themenschwerpunkten entstanden Projekte wie \u201eTextildruck\u201c, \u201ePasta f\u00e4rben mit nat\u00fcrlichen F\u00e4rbemitteln\u201c, die \u201eHerstellung von Naturkosmetik\u201c, aber auch \u201eNice im Netz &#038; digitale Heftf\u00fchrung\u201c und viele mehr. W\u00e4hrend der Projekttage werden rund 800 bis 900 Sch\u00fcler von etwa 80 Lehrern betreut, so viele Personen und Aktionen unter einen Hut zu bringen, erfordert einen gro\u00dfen organisatorischen Aufwand, weshalb seit Anfang des Jahres 2022 geplant worden ist. Die Wahl der Projektthemen fiel den Sch\u00fclerinnen und Sch\u00fclern nicht besonders leicht, sogar Frau Graf und Frau Hofmann konnten keinen Favoriten aussuchen, da sie alle Projekte sehr ansprechend finden.<\/p>\n<p><a href=\"https:\/\/www.rwg-bayreuth.de\/home\/wp-content\/uploads\/2023\/07\/22-23-Prokekttage2022-Reporter_Bild3-1.jpg\"><img decoding=\"async\" src=\"https:\/\/www.rwg-bayreuth.de\/home\/wp-content\/uploads\/2023\/07\/22-23-Prokekttage2022-Reporter_Bild3-1.jpg\" alt=\"\" width=\"100%\" height=\"auto\" class=\"aligncenter size-full wp-image-34100\" srcset=\"https:\/\/www.rwg-bayreuth.de\/home\/wp-content\/uploads\/2023\/07\/22-23-Prokekttage2022-Reporter_Bild3-1.jpg 1024w, https:\/\/www.rwg-bayreuth.de\/home\/wp-content\/uploads\/2023\/07\/22-23-Prokekttage2022-Reporter_Bild3-1-450x208.jpg 450w, https:\/\/www.rwg-bayreuth.de\/home\/wp-content\/uploads\/2023\/07\/22-23-Prokekttage2022-Reporter_Bild3-1-150x69.jpg 150w, https:\/\/www.rwg-bayreuth.de\/home\/wp-content\/uploads\/2023\/07\/22-23-Prokekttage2022-Reporter_Bild3-1-768x355.jpg 768w, https:\/\/www.rwg-bayreuth.de\/home\/wp-content\/uploads\/2023\/07\/22-23-Prokekttage2022-Reporter_Bild3-1-250x115.jpg 250w\" sizes=\"(max-width: 1024px) 100vw, 1024px\" \/><\/a><\/p>\n<p>Dank dem Projekt \u201eRasende Reporter\u201c konnten wir einen Einblick in verschiedenste Aktionen und in ihre Organisation bekommen.<\/p>\n<p class=\"clear\"><em>Reporterteam: Isabell, Anastasia und Rosalie<\/em><\/p>\n<\/div>\n<p>&nbsp;<\/p>\n<div style=\"transform: rotate(-2deg); margin:3px; padding: 20px; box-shadow: 3px 5px 10px gray; border: 1px solid #cccccc;\">\n<h2>Projekte unter der Lupe &#8211; Rasende Reporter recherchieren am RWG<\/h2>\n<p>W\u00e4hrend wir (Anastasia und Liz) gestern noch Teilnehmer waren, so konnten wir uns heute, am zweiten Projekttag, intensiv mit mehreren Projekten besch\u00e4ftigen, da wir als rasende Reporter t\u00e4tig waren. Wir konnten uns einen guten \u00dcberblick \u00fcber viele Workshops verschaffen und hatten die Chance, die Teilnehmer zu interviewen. Im Rahmen des Projekttages an unserer Schule wurden mehr als 40 Veranstaltungen bzw. Aktivit\u00e4ten f\u00fcr alle Jahrgangsstufen angeboten, bei denen wir sechs genauer unter die Lupe genommen haben. <\/p>\n<p>Zuerst haben wir den Workshop \u201eNachhaltige Geschenkideen\u201c f\u00fcr die 5. bis 7. Klassen besucht. Bei diesem Projekt gab es die M\u00f6glichkeit, Backmischungen zusammenzustellen, aus denen man dann z.B. Karottenkuchen, Brot oder Cookies backen konnte. In unserem Interview sagten drei Sch\u00fcler, dass sie sich f\u00fcr das Projekt eingeschrieben haben, da sie es interessant fanden zu backen und zu lernen, wie man Geschenke nachhaltig einpacken kann. Die Sch\u00fcler waren sehr erfreut von dem Angebot, da sie es als eine einmalige M\u00f6glichkeit wahrnahmen.<\/p>\n<p>Unser zweiter Besuch galt dem Workshop \u201eNice im Netz und digitale Heftf\u00fchrung\u201c. Wir haben vier sehr engagierte Sch\u00fclerinnen interviewt mit der Frage, weshalb sie sich f\u00fcr dieses Projekt angemeldet haben. Eine der meistgegebenen Antworten war, dass es wichtig ist, sich mit der heutigen Technik auszukennen und zu wissen, welche Gefahren es im Internet gibt und wie man diese umgehen kann. Die Sch\u00fclerin Lea Zimmermann erz\u00e4hlte uns au\u00dferdem, dass sie mehr Erfahrung in Bezug auf die digitale Heftf\u00fchrung br\u00e4uchte, da sie im kommenden Schuljahr sehr viel mit dem Tablet arbeiten wird. Zudem haben die Sch\u00fcler auch einen besseren Einblick in das Thema \u201eCybermobbing\u201c bekommen und die Grundlagen f\u00fcr die verantwortungsvolle Nutzung eines Tablets kennengelernt. Insgesamt waren auch in diesem Workshop die (interviewten) Sch\u00fclerinnen begeistert und fanden ihn sehr hilfreich. <\/p>\n<p>Unser n\u00e4chster Halt war bei dem Projekt \u201ePasta Kreativ\u201c, bei dem man selbst Nudeln herstellen und, das war sogar das Spannendere daran, einf\u00e4rben konnte. Anna Seyferth und Annika Scheder aus der Klasse 8b berichteten, dass es sehr interessant sei, zu wissen, wie man bunte Pasta mit einfachen Lebensmitteln herstellen kann. Die Sch\u00fcler*innen haben bis jetzt gelernt, wie man Nudelteig herstellt und die entsprechenden Nudeln einf\u00e4rbt. Annika und Anna finden, dass das Angebot sehr vielseitig ist und spannende Projekte zur Auswahl stehen. Au\u00dferdem sagten sie, dass es sehr viel Spa\u00df gemacht hat, mit nat\u00fcrlichen F\u00e4rbemitteln zu arbeiten und eine neue Art des Kochens zu entdecken. <\/p>\n<p>Anschlie\u00dfend waren wir bei dem Projekt \u201eEinkaufen ohne Plastik \u2013 geht das \u00fcberhaupt?\u201c. Dort haben wir Leonie Kolb aus der Klasse 8c interviewt. Sie sagte uns, dass das Projekt sie deshalb begeistert, da es ein sehr aktuelles Thema ist. Sie findet, dass man weniger Produkte in Plastikverpackung kaufen und nicht so viel Plastik im Alltag verbrauchen solle. Am meisten interessiert sie an dem Thema, was man alles f\u00fcr plastikfreie Produkte im Supermarkt finden k\u00f6nne. Au\u00dferdem erz\u00e4hlt sie, dass die meisten plastikfreien Produkte den in Plastik verpackten sehr \u00e4hneln. Im Allgemeinen fand sie das Angebot zudem eine super Option, welche ihr sehr weitergeholfen hat, und sie von nun an mehr auf unverpackte Lebensmittel beim Einkaufen achten wird.<\/p>\n<p>Unser n\u00e4chster Stopp war bei dem Projekt \u201ePalettenbau\u201c. Wir interviewten drei Sch\u00fcler, die uns mitteilten, dass diese Aktion bei den Sch\u00fclern anfangs kein allzu gro\u00dfes Interesse geweckt hat, doch dann wurde es ziemlich interessant, berichteten die Jungs. Leider zeigten sich die Teilnehmer dar\u00fcber hinaus uns gegen\u00fcber, den Reportern, wenig kooperativ, weswegen wir bedauernswerterweise nicht so viele Informationen bekommen haben, aber selbstverst\u00e4ndlich haben wir Verst\u00e4ndnis f\u00fcr Sch\u00fcler in der Pubert\u00e4t, die noch mit ihren Entwicklungsaufgaben besch\u00e4ftigt sind \ud83d\ude09. Des Weiteren konnten wir noch in Erfahrung bringen, dass die Lehrer des Workshops sehr aufmerksam und freundlich waren. Im Gro\u00dfen und Ganzen fanden die Sch\u00fcler das Angebot auch hier im Laufe der Aktion sehr gewinnbringend.<br \/>\nAls letztes haben wir einen Abstecher bei Frau Schwind und ihrer Chemieklasse gemacht. Die Sch\u00fclerin, die wir interviewt haben, machte einen sehr motivierten Eindruck. Sie erz\u00e4hlte, dass sie Naturkosmetik m\u00f6ge und deshalb sich f\u00fcr dieses Projekt eingetragen habe. Sie sei f\u00fcr alles offen und begeistert von der Vielfalt dieses Workshops. Au\u00dferdem m\u00f6ge sie auch das Angebot und sei mit der Art der Durchf\u00fchrung sehr zufrieden. <\/p>\n<p>Die Projekttage am RWG kamen somit insgesamt sehr gut bei den Sch\u00fclern an, jedoch wurde uns immer wieder berichtet, dass manche Sch\u00fcler nicht die M\u00f6glichkeit hatten, an dem Projekt teilzunehmen, welches sie eigentlich w\u00e4hlen wollten, da die Anzahl der Sch\u00fcler begrenzt und die Anmeldezeit zu kurz war \u2013 so zumindest der Eindruck der Sch\u00fcler*innen. Wir hoffen, dass an diesem Kritikpunkt noch seitens der Organisatoren gearbeitet wird, und dass er den positiven Gesamteindruck der Veranstaltung trotzdem nicht tr\u00fcbt.<\/p>\n<p class=\"clear\"><em>Liz Caudle und Anastasia Rempetis (Klasse 8e)<\/em><\/p>\n<\/div>\n<p>&nbsp;<\/p>\n<div style=\"transform: rotate(2deg); margin:3px; padding: 20px; box-shadow: 3px 5px 10px gray; border: 1px solid #cccccc;\">\n<h2>Drei-\u201eG\u00e4nge\u201c-Men\u00fc \u2013 Drei top motivierte Lehrer \u2013 Drei verschiedene Projekte <\/h2>\n<p>Was versteht man unter Ern\u00e4hrung? Zun\u00e4chst einmal den Genuss, der bei Menschen so unterschiedlich sein kann. Die einen lieben Herzhaftes, die anderen S\u00fc\u00dfes. Eine gro\u00dfe Rolle spielt auch eine \u00f6kologische, z.B. plastikfreie, nat\u00fcrliche und regionale Herstellung, sowie auch die Wiederverwendung von allt\u00e4glichen Produkten. All diese Aspekte wurden jeweils bei drei verschiedenen Projekten in den Vordergrund gestellt.<\/p>\n<p><strong>Vegan \u2013 eine Option? Zu schwierig und kompliziert oder eigentlich doch ganz einfach?<\/strong><br \/>\nUnser erster Gang f\u00fchrte uns in den Neubau zu Herrn Knappes Projekt. Dieses bestand aus veganem Einkaufen, welches kaum schwieriger als Einkaufen mit tierischen Produkten war, aber vor allem l\u00e4nger gedauert hat. Anschlie\u00dfend gab es ein gemeinsames Kochen, das nach einem gro\u00dfen Spa\u00df ausgesehen hat. Die Sch\u00fcler*innen haben vegane Bolognese, veganes R\u00fchrei und verschiedenste Aufstriche zubereitet. Doch wie hat die vegane Speise \u00fcberhaupt geschmeckt? Gut, aber nat\u00fcrlich anders, im positiven Sinne, kam die R\u00fcckmeldung von einer Sch\u00fclerin. In einer weiteren Unterhaltung erfahren wir, wie individuell vegane Ern\u00e4hrung sein kann. Doch warum lebt man eigentlich vegan? Es gibt verschiedene Gr\u00fcnde, sagt die zust\u00e4ndige Lehrkraft. Nat\u00fcrlich wegen den Tieren, aber man kann durch veganes Leben auch Krankheiten (gar Krebs?) verhindern, da man sich genau mit den Inhalten eines Produkts besch\u00e4ftigt.<br \/>\n<div class=\"su-image-carousel  su-image-carousel-columns-2 su-image-carousel-has-spacing su-image-carousel-has-lightbox su-image-carousel-has-outline su-image-carousel-adaptive su-image-carousel-slides-style-minimal su-image-carousel-controls-style-light su-image-carousel-align-center\" style=\"max-width:500px\" data-flickity-options='{\"groupCells\":true,\"cellSelector\":\".su-image-carousel-item\",\"adaptiveHeight\":true,\"cellAlign\":\"left\",\"prevNextButtons\":true,\"pageDots\":false,\"autoPlay\":4000,\"imagesLoaded\":true,\"contain\":false,\"selectedAttraction\":0.025000000000000001,\"friction\":0.28000000000000003}' id=\"su_image_carousel_69f1caa96af19\"><div class=\"su-image-carousel-item\"><div class=\"su-image-carousel-item-content\"><a href=\"https:\/\/www.rwg-bayreuth.de\/home\/wp-content\/uploads\/2023\/07\/22-23-Prokekttage2022-Menue-Bild1.jpg\" data-caption=\"\"><img loading=\"lazy\" decoding=\"async\" width=\"255\" height=\"240\" src=\"https:\/\/www.rwg-bayreuth.de\/home\/wp-content\/uploads\/2023\/07\/22-23-Prokekttage2022-Menue-Bild1.jpg\" class=\"\" alt=\"\" srcset=\"https:\/\/www.rwg-bayreuth.de\/home\/wp-content\/uploads\/2023\/07\/22-23-Prokekttage2022-Menue-Bild1.jpg 255w, https:\/\/www.rwg-bayreuth.de\/home\/wp-content\/uploads\/2023\/07\/22-23-Prokekttage2022-Menue-Bild1-150x141.jpg 150w, https:\/\/www.rwg-bayreuth.de\/home\/wp-content\/uploads\/2023\/07\/22-23-Prokekttage2022-Menue-Bild1-250x235.jpg 250w\" sizes=\"(max-width: 255px) 100vw, 255px\" \/><\/a><\/div><\/div><div class=\"su-image-carousel-item\"><div class=\"su-image-carousel-item-content\"><a href=\"https:\/\/www.rwg-bayreuth.de\/home\/wp-content\/uploads\/2023\/07\/22-23-Prokekttage2022-Menue-Bild2.jpg\" data-caption=\"\"><img loading=\"lazy\" decoding=\"async\" width=\"483\" height=\"455\" src=\"https:\/\/www.rwg-bayreuth.de\/home\/wp-content\/uploads\/2023\/07\/22-23-Prokekttage2022-Menue-Bild2.jpg\" class=\"\" alt=\"\" srcset=\"https:\/\/www.rwg-bayreuth.de\/home\/wp-content\/uploads\/2023\/07\/22-23-Prokekttage2022-Menue-Bild2.jpg 483w, https:\/\/www.rwg-bayreuth.de\/home\/wp-content\/uploads\/2023\/07\/22-23-Prokekttage2022-Menue-Bild2-450x424.jpg 450w, https:\/\/www.rwg-bayreuth.de\/home\/wp-content\/uploads\/2023\/07\/22-23-Prokekttage2022-Menue-Bild2-150x141.jpg 150w, https:\/\/www.rwg-bayreuth.de\/home\/wp-content\/uploads\/2023\/07\/22-23-Prokekttage2022-Menue-Bild2-250x236.jpg 250w\" sizes=\"(max-width: 483px) 100vw, 483px\" \/><\/a><\/div><\/div><\/div><script id=\"su_image_carousel_69f1caa96af19_script\">if(window.SUImageCarousel){setTimeout(function() {window.SUImageCarousel.initGallery(document.getElementById(\"su_image_carousel_69f1caa96af19\"))}, 0);}var su_image_carousel_69f1caa96af19_script=document.getElementById(\"su_image_carousel_69f1caa96af19_script\");if(su_image_carousel_69f1caa96af19_script){su_image_carousel_69f1caa96af19_script.parentNode.removeChild(su_image_carousel_69f1caa96af19_script);}<\/script>\n<p><strong>Kunterbunte Pasta-Party in der Schulk\u00fcche zaubert allen ein L\u00e4cheln ins Gesicht! <\/strong><br \/>\nAnschlie\u00dfend ging es in die Schulk\u00fcche, unserem zweiten Gang, in der wir eine angenehme Atmosph\u00e4re vorfinden konnten. Die Sch\u00fcler hatten sehr viel Freude daran, bunte Nudeln nat\u00fcrlich herzustellen, da dies eine einmalige Chance war, selbst Nudeln anzufertigen. Mit viel Spa\u00df f\u00e4rbten die Sch\u00fcler*innen einen \u201enormalen\u201c Nudelteig mit Tomatenmark, Spinat und roter Bete kunterbunt. Sch\u00f6n war zu sehen, dass die Leiterin dieses Projekts so erfreut \u00fcber die Begeisterung der Teilnehmer*innen der 8. und 9. Klassen war. Das Endergebnis lie\u00df sich auch sehen: Gl\u00fcckliche Lehrerin, gl\u00fcckliche Sch\u00fcler und leckere Pasta!<br \/>\n<div class=\"su-image-carousel  su-image-carousel-columns-3 su-image-carousel-has-spacing su-image-carousel-crop su-image-carousel-crop-3-4 su-image-carousel-has-lightbox su-image-carousel-has-outline su-image-carousel-adaptive su-image-carousel-slides-style-minimal su-image-carousel-controls-style-light su-image-carousel-align-center\" style=\"max-width:600px\" data-flickity-options='{\"groupCells\":true,\"cellSelector\":\".su-image-carousel-item\",\"adaptiveHeight\":false,\"cellAlign\":\"left\",\"prevNextButtons\":true,\"pageDots\":false,\"autoPlay\":4000,\"imagesLoaded\":true,\"contain\":true,\"selectedAttraction\":0.025000000000000001,\"friction\":0.28000000000000003}' id=\"su_image_carousel_69f1caa96b20b\"><div class=\"su-image-carousel-item\"><div class=\"su-image-carousel-item-content\"><a href=\"https:\/\/www.rwg-bayreuth.de\/home\/wp-content\/uploads\/2023\/07\/22-23-Prokekttage2022-Menue-Bild3.jpg\" data-caption=\"\"><img loading=\"lazy\" decoding=\"async\" width=\"461\" height=\"614\" src=\"https:\/\/www.rwg-bayreuth.de\/home\/wp-content\/uploads\/2023\/07\/22-23-Prokekttage2022-Menue-Bild3.jpg\" class=\"\" alt=\"\" srcset=\"https:\/\/www.rwg-bayreuth.de\/home\/wp-content\/uploads\/2023\/07\/22-23-Prokekttage2022-Menue-Bild3.jpg 461w, https:\/\/www.rwg-bayreuth.de\/home\/wp-content\/uploads\/2023\/07\/22-23-Prokekttage2022-Menue-Bild3-338x450.jpg 338w, https:\/\/www.rwg-bayreuth.de\/home\/wp-content\/uploads\/2023\/07\/22-23-Prokekttage2022-Menue-Bild3-113x150.jpg 113w, https:\/\/www.rwg-bayreuth.de\/home\/wp-content\/uploads\/2023\/07\/22-23-Prokekttage2022-Menue-Bild3-250x333.jpg 250w\" sizes=\"(max-width: 461px) 100vw, 461px\" \/><\/a><\/div><\/div><div class=\"su-image-carousel-item\"><div class=\"su-image-carousel-item-content\"><a href=\"https:\/\/www.rwg-bayreuth.de\/home\/wp-content\/uploads\/2023\/07\/22-23-Prokekttage2022-Menue-Bild4.jpg\" data-caption=\"\"><img loading=\"lazy\" decoding=\"async\" width=\"418\" height=\"611\" src=\"https:\/\/www.rwg-bayreuth.de\/home\/wp-content\/uploads\/2023\/07\/22-23-Prokekttage2022-Menue-Bild4.jpg\" class=\"\" alt=\"\" srcset=\"https:\/\/www.rwg-bayreuth.de\/home\/wp-content\/uploads\/2023\/07\/22-23-Prokekttage2022-Menue-Bild4.jpg 418w, https:\/\/www.rwg-bayreuth.de\/home\/wp-content\/uploads\/2023\/07\/22-23-Prokekttage2022-Menue-Bild4-308x450.jpg 308w, https:\/\/www.rwg-bayreuth.de\/home\/wp-content\/uploads\/2023\/07\/22-23-Prokekttage2022-Menue-Bild4-103x150.jpg 103w, https:\/\/www.rwg-bayreuth.de\/home\/wp-content\/uploads\/2023\/07\/22-23-Prokekttage2022-Menue-Bild4-250x365.jpg 250w\" sizes=\"(max-width: 418px) 100vw, 418px\" \/><\/a><\/div><\/div><div class=\"su-image-carousel-item\"><div class=\"su-image-carousel-item-content\"><a href=\"https:\/\/www.rwg-bayreuth.de\/home\/wp-content\/uploads\/2023\/07\/22-23-Prokekttage2022-Menue-Bild5.jpg\" data-caption=\"\"><img loading=\"lazy\" decoding=\"async\" width=\"454\" height=\"605\" src=\"https:\/\/www.rwg-bayreuth.de\/home\/wp-content\/uploads\/2023\/07\/22-23-Prokekttage2022-Menue-Bild5.jpg\" class=\"\" alt=\"\" srcset=\"https:\/\/www.rwg-bayreuth.de\/home\/wp-content\/uploads\/2023\/07\/22-23-Prokekttage2022-Menue-Bild5.jpg 454w, https:\/\/www.rwg-bayreuth.de\/home\/wp-content\/uploads\/2023\/07\/22-23-Prokekttage2022-Menue-Bild5-338x450.jpg 338w, https:\/\/www.rwg-bayreuth.de\/home\/wp-content\/uploads\/2023\/07\/22-23-Prokekttage2022-Menue-Bild5-113x150.jpg 113w, https:\/\/www.rwg-bayreuth.de\/home\/wp-content\/uploads\/2023\/07\/22-23-Prokekttage2022-Menue-Bild5-250x333.jpg 250w\" sizes=\"(max-width: 454px) 100vw, 454px\" \/><\/a><\/div><\/div><\/div><script id=\"su_image_carousel_69f1caa96b20b_script\">if(window.SUImageCarousel){setTimeout(function() {window.SUImageCarousel.initGallery(document.getElementById(\"su_image_carousel_69f1caa96b20b\"))}, 0);}var su_image_carousel_69f1caa96b20b_script=document.getElementById(\"su_image_carousel_69f1caa96b20b_script\");if(su_image_carousel_69f1caa96b20b_script){su_image_carousel_69f1caa96b20b_script.parentNode.removeChild(su_image_carousel_69f1caa96b20b_script);}<\/script>\n<p><strong>Nachhaltige Backmischung leichtgemacht! Optimale Geschenke im Anmarsch!<\/strong><br \/>\nDer n\u00e4chste und gleichzeitig letzte Gang brachte uns zu dem Projekt Backmischungen, wobei Teamwork das A und O war. Nachhaltigkeit stand ebenfalls im Mittelpunkt. Die Sch\u00fcler*innen der 5. bis 7. Klassen nutzten diesen Workshop als Motivation, um ihren Alltag noch nachhaltiger zu gestalten. Sie arbeiteten in Teams, nach einer Weile wurde gewechselt. Ein Gro\u00dfteil der Zutaten der Backmischungen und auch die Verzierungen wurden haupts\u00e4chlich aus nachhaltigen Produkten hergestellt. Die zust\u00e4ndige Lehrkraft war mehr als begeistert \u00fcber die Endresultate.<\/p>\n<div class=\"su-image-carousel  su-image-carousel-columns-2 su-image-carousel-has-spacing su-image-carousel-crop su-image-carousel-crop-3-4 su-image-carousel-has-lightbox su-image-carousel-has-outline su-image-carousel-adaptive su-image-carousel-slides-style-minimal su-image-carousel-controls-style-light su-image-carousel-align-center\" style=\"max-width:400px\" data-flickity-options='{\"groupCells\":true,\"cellSelector\":\".su-image-carousel-item\",\"adaptiveHeight\":false,\"cellAlign\":\"left\",\"prevNextButtons\":true,\"pageDots\":false,\"autoPlay\":4000,\"imagesLoaded\":true,\"contain\":true,\"selectedAttraction\":0.025000000000000001,\"friction\":0.28000000000000003}' id=\"su_image_carousel_69f1caa96b485\"><div class=\"su-image-carousel-item\"><div class=\"su-image-carousel-item-content\"><a href=\"https:\/\/www.rwg-bayreuth.de\/home\/wp-content\/uploads\/2023\/07\/22-23-Prokekttage2022-Menue-Bild6.jpg\" data-caption=\"\"><img loading=\"lazy\" decoding=\"async\" width=\"471\" height=\"628\" src=\"https:\/\/www.rwg-bayreuth.de\/home\/wp-content\/uploads\/2023\/07\/22-23-Prokekttage2022-Menue-Bild6.jpg\" class=\"\" alt=\"\" srcset=\"https:\/\/www.rwg-bayreuth.de\/home\/wp-content\/uploads\/2023\/07\/22-23-Prokekttage2022-Menue-Bild6.jpg 471w, https:\/\/www.rwg-bayreuth.de\/home\/wp-content\/uploads\/2023\/07\/22-23-Prokekttage2022-Menue-Bild6-338x450.jpg 338w, https:\/\/www.rwg-bayreuth.de\/home\/wp-content\/uploads\/2023\/07\/22-23-Prokekttage2022-Menue-Bild6-113x150.jpg 113w, https:\/\/www.rwg-bayreuth.de\/home\/wp-content\/uploads\/2023\/07\/22-23-Prokekttage2022-Menue-Bild6-250x333.jpg 250w\" sizes=\"(max-width: 471px) 100vw, 471px\" \/><\/a><\/div><\/div><div class=\"su-image-carousel-item\"><div class=\"su-image-carousel-item-content\"><a href=\"https:\/\/www.rwg-bayreuth.de\/home\/wp-content\/uploads\/2023\/07\/22-23-Prokekttage2022-Menue-Bild7.jpg\" data-caption=\"\"><img loading=\"lazy\" decoding=\"async\" width=\"475\" height=\"632\" src=\"https:\/\/www.rwg-bayreuth.de\/home\/wp-content\/uploads\/2023\/07\/22-23-Prokekttage2022-Menue-Bild7.jpg\" class=\"\" alt=\"\" srcset=\"https:\/\/www.rwg-bayreuth.de\/home\/wp-content\/uploads\/2023\/07\/22-23-Prokekttage2022-Menue-Bild7.jpg 475w, https:\/\/www.rwg-bayreuth.de\/home\/wp-content\/uploads\/2023\/07\/22-23-Prokekttage2022-Menue-Bild7-338x450.jpg 338w, https:\/\/www.rwg-bayreuth.de\/home\/wp-content\/uploads\/2023\/07\/22-23-Prokekttage2022-Menue-Bild7-113x150.jpg 113w, https:\/\/www.rwg-bayreuth.de\/home\/wp-content\/uploads\/2023\/07\/22-23-Prokekttage2022-Menue-Bild7-250x333.jpg 250w\" sizes=\"(max-width: 475px) 100vw, 475px\" \/><\/a><\/div><\/div><\/div><script id=\"su_image_carousel_69f1caa96b485_script\">if(window.SUImageCarousel){setTimeout(function() {window.SUImageCarousel.initGallery(document.getElementById(\"su_image_carousel_69f1caa96b485\"))}, 0);}var su_image_carousel_69f1caa96b485_script=document.getElementById(\"su_image_carousel_69f1caa96b485_script\");if(su_image_carousel_69f1caa96b485_script){su_image_carousel_69f1caa96b485_script.parentNode.removeChild(su_image_carousel_69f1caa96b485_script);}<\/script>\n<p>Letzten Endes war es ein gelungener erster Projekttag mit vielen neuen Eindr\u00fccken und spannenden Erlebnissen \u2013 uns hat es geschmeckt \ud83d\ude09!<\/p>\n<p class=\"clear\"><em>Jule Schmidt 8b, Lena Markus 8c, Sarah Str\u00f6hla 8b<\/em><\/p>\n<\/div>\n<p>&nbsp;<\/p>\n<div style=\"transform: rotate(-1deg); margin:3px; padding: 20px; box-shadow: 3px 5px 10px gray; border: 1px solid #cccccc;\">\n<h2>Umweltbewusstsein am RWG<\/h2>\n<p>Die Umwelt ist f\u00fcr uns alle wichtig, doch leider wird diesem Thema immer noch viel zu wenig Aufmerksamkeit geschenkt. Daher hat das RWG im Rahmen der Projekttage einige Aktionen zum Thema Umweltschutz gestartet. Zuerst besuchten wir Herrn Proetel, der ein Upcycling-Projekt leitete und mit seiner Gruppe alte T-Shirts bedruckt hat. Neben verschiedenen Tiermotiven wurden auch T-Shirts mit Schriftz\u00fcgen oder auch Objekten gestaltet Das Projekt machte allen Sch\u00fcler*innen sehr viel Spa\u00df, da sie sich dort kreativ ausleben konnten. <\/p>\n<p><a href=\"https:\/\/www.rwg-bayreuth.de\/home\/wp-content\/uploads\/2023\/07\/22-23-Prokekttage2022-Umweltbewusstsein-Bild1.jpg\"><img decoding=\"async\" src=\"https:\/\/www.rwg-bayreuth.de\/home\/wp-content\/uploads\/2023\/07\/22-23-Prokekttage2022-Umweltbewusstsein-Bild1.jpg\" alt=\"\" width=\"217\" height=\"auto\" class=\"alignright size-full wp-image-34076\" srcset=\"https:\/\/www.rwg-bayreuth.de\/home\/wp-content\/uploads\/2023\/07\/22-23-Prokekttage2022-Umweltbewusstsein-Bild1.jpg 434w, https:\/\/www.rwg-bayreuth.de\/home\/wp-content\/uploads\/2023\/07\/22-23-Prokekttage2022-Umweltbewusstsein-Bild1-337x450.jpg 337w, https:\/\/www.rwg-bayreuth.de\/home\/wp-content\/uploads\/2023\/07\/22-23-Prokekttage2022-Umweltbewusstsein-Bild1-112x150.jpg 112w, https:\/\/www.rwg-bayreuth.de\/home\/wp-content\/uploads\/2023\/07\/22-23-Prokekttage2022-Umweltbewusstsein-Bild1-250x334.jpg 250w\" sizes=\"(max-width: 434px) 100vw, 434px\" \/><\/a>Danach ging es ab in den Schulkeller, wo die Sch\u00fcler*innen bei Frau Schertel-Zeiske selbst Geschenke in recycelten Gl\u00e4sern herstellen konnten. Bei diesen handelte es sich um verschiedene Backmischungen wie zum Beispiel f\u00fcr Hafer-Schoko-Kekse, Karottenkuchen und Vollkorn-Buttermilchbrote. Die Idee dahinter war, ausgedienten Gl\u00e4sern einen neuen Zweck zu verleihen und dadurch ein sch\u00f6nes, selbstgemachtes Geschenk zu erschaffen. Besonders begeisterte die Sch\u00fcler*innen, dass sie neue Rezepte und Wissen rund ums Backen kennenlernen konnten. <\/p>\n<p><a href=\"https:\/\/www.rwg-bayreuth.de\/home\/wp-content\/uploads\/2023\/07\/22-23-Prokekttage2022-Umweltbewusstsein-Bild2.jpg\"><img decoding=\"async\" src=\"https:\/\/www.rwg-bayreuth.de\/home\/wp-content\/uploads\/2023\/07\/22-23-Prokekttage2022-Umweltbewusstsein-Bild2.jpg\" alt=\"\" width=\"216\" height=\"auto\" class=\"alignleft size-full wp-image-34077\" srcset=\"https:\/\/www.rwg-bayreuth.de\/home\/wp-content\/uploads\/2023\/07\/22-23-Prokekttage2022-Umweltbewusstsein-Bild2.jpg 432w, https:\/\/www.rwg-bayreuth.de\/home\/wp-content\/uploads\/2023\/07\/22-23-Prokekttage2022-Umweltbewusstsein-Bild2-338x450.jpg 338w, https:\/\/www.rwg-bayreuth.de\/home\/wp-content\/uploads\/2023\/07\/22-23-Prokekttage2022-Umweltbewusstsein-Bild2-113x150.jpg 113w, https:\/\/www.rwg-bayreuth.de\/home\/wp-content\/uploads\/2023\/07\/22-23-Prokekttage2022-Umweltbewusstsein-Bild2-250x333.jpg 250w\" sizes=\"(max-width: 432px) 100vw, 432px\" \/><\/a>Eine weitere Gruppe ging mit Frau Wenger in die Stadt, um plastikfrei einzukaufen. Zwei Sch\u00fclerinnen aus der 8b meinten: \u201eWir haben zuerst eine Einkaufsliste geschrieben und haben danach nach den Produkten in plastikfreien Verpackungen gesucht. Wir waren in L\u00e4den wie DM, Dens, Netto, Rewe und im nahegelegen Unverpackt-Laden.\u201c Au\u00dferdem gab es noch viele andere Projekte zum Thema Umweltschutz, wie zum Beispiel M\u00fcllsammeln oder das Herstellen von Naturkosmetik. Insgesamt war der Tag ein voller Erfolg und wir freuen uns schon aufs n\u00e4chste Jahr.<\/p>\n<p class=\"clear\"><em>Eure Rasenden Reporter Antonia, Frieda und Hanna<br \/>\n<\/em><\/p>\n<\/div>\n<p>&nbsp;<\/p>\n<div style=\"transform: rotate(1deg); margin:3px; padding: 20px; box-shadow: 3px 5px 10px gray; border: 1px solid #cccccc;\">\n<h2>Das RWG r\u00e4umt auf \u2013 Welche Flaschen werfen die Flaschen auf den Boden?<br \/>\n<\/h2>\n<p>Als wir letztens durch das Schulgel\u00e4nde liefen, sahen wir viele Flaschen auf dem Dach der Sporthalle unserer Schule liegen, was wir unverst\u00e4ndlich finden und verurteilen, weshalb wir als RWGs rasende Reporter uns vorgenommen haben, das Projekt \u201eGemeinsam Aufr\u00e4umen\u201c <a href=\"https:\/\/www.rwg-bayreuth.de\/home\/wp-content\/uploads\/2023\/07\/22-23-Prokekttage2022-Muell-Bild1.jpg\"><img loading=\"lazy\" decoding=\"async\" src=\"https:\/\/www.rwg-bayreuth.de\/home\/wp-content\/uploads\/2023\/07\/22-23-Prokekttage2022-Muell-Bild1.jpg\" alt=\"\" width=\"288\" height=\"191\" class=\"alignleft size-full wp-image-34082\" srcset=\"https:\/\/www.rwg-bayreuth.de\/home\/wp-content\/uploads\/2023\/07\/22-23-Prokekttage2022-Muell-Bild1.jpg 288w, https:\/\/www.rwg-bayreuth.de\/home\/wp-content\/uploads\/2023\/07\/22-23-Prokekttage2022-Muell-Bild1-150x99.jpg 150w, https:\/\/www.rwg-bayreuth.de\/home\/wp-content\/uploads\/2023\/07\/22-23-Prokekttage2022-Muell-Bild1-250x166.jpg 250w\" sizes=\"(max-width: 288px) 100vw, 288px\" \/><\/a>akribisch unter die Lupe zu nehmen und den Sch\u00fclern der Unterstufe, welche sich daf\u00fcr entschieden haben, ein bisschen \u00fcber die Schulter zu schauen.<\/p>\n<p>Wir stellten den Sch\u00fclern des Projektes einige Fragen zu ihrer geleisteten Arbeit:<br \/>\n<em>Warum habt ihr euch f\u00fcr dieses Projekt entschieden?<\/em><br \/>\n\u201eDie Lehrer boten das Projekt spannend und interessant an.\u201c<br \/>\n\u201eWir machten was Gutes f\u00fcr die Natur und bewegten uns viel an der frischen Luft.\u201c<br \/>\n\u201eMan konnte dadurch umso besser die Innenstadt und die verschiedenen Orte besser kennenlernen.\u201c<\/p>\n<p><em>Wer hat euch bei eurem Vorhaben unterst\u00fctzt?<\/em><br \/>\n\u201eWir bekamen Unterst\u00fctzung von dem Bauhof Bayreuth, welcher uns gro\u00dfe M\u00fcllt\u00fcten, Warnwesten und M\u00fcllzwicker zur Verf\u00fcgung stellte.\u201c<br \/>\n\u201e\u00c4ltere Menschen interessierten sich h\u00e4ufiger f\u00fcr unsere Arbeit und spendeten uns sogar ein wenig Geld.\u201c<\/p>\n<p>Abschlie\u00dfend kann man sagen, dass doch mehr M\u00fcll auf den Stra\u00dfen liegt, als man eigentlich wahrnimmt, und je mehr wir auf unsere Umwelt achten, desto weniger muss man schlie\u00dflich aufr\u00e4umen. Also achtet auf unsere Natur und lauft lieber zum n\u00e4chsten M\u00fclleimer, anstatt den M\u00fcll irgendwo hinzuwerfen!<\/p>\n<p class=\"clear\"><em>Von Theo Kr\u00e4u\u00dfel, Luis Trautmann und Nino Weidenhammer<\/em><\/p>\n<\/div>\n<p>&nbsp;<\/p>\n<div style=\"transform: rotate(-2deg); margin:3px; padding: 20px; box-shadow: 3px 5px 10px gray; border: 1px solid #cccccc;\">\n<h2>Das Gl\u00fccksrezept<br \/>\n<\/h2>\n<p><strong>\u201eGl\u00fcck ist das einzige, das sich verdoppelt, wenn man es teilt.\u201c <\/strong><br \/>\nDoch was bedeutet Gl\u00fcck \u00fcberhaupt und wie kann man es teilen? <\/p>\n<p>Wir, die Berichterstatter vom Projekt \u201eRasende Reporter\u201c, haben das Projekt \u201eGl\u00fcck erleben und eigenes Gl\u00fccksrezept entwickeln\u201c von Frau Annika Keyser und Frau Katja Schmidt besucht. <\/p>\n<p>Was Gl\u00fcck bedeutet, wurden auch die 5. bis 7.-Kl\u00e4ssler, die das Projekt gew\u00e4hlt haben, gefragt. Sie haben ihre Ideen und Gef\u00fchle an einer Pinnwand gesammelt und sind zu dem Ergebnis gekommen, dass es viele gro\u00dfe und auch kleine Dinge gibt, welche uns gl\u00fccklich machen. Die meisten nannten Familie, Essen, (Haus-)Tiere und Urlaub, aber auch das Teilen von Gl\u00fcck mit Freunden wurde angesprochen. Daraufhin wurde anhand eines Filmes erkl\u00e4rt, was geteiltes Gl\u00fcck bedeutet. Die Sch\u00fcler durften dann Gl\u00fcckssteine f\u00fcr sich oder f\u00fcr Freunde und Familie bemalen, um genau dieses mit ihnen zu teilen. In einem Interview mit Frau Keyser und Frau Schmidt erfuhren wir, dass den Lehrern h\u00e4ufig auff\u00e4llt, dass viele Sch\u00fcler nach dem Corona-Lockdown verschlossener und trauriger wirken. Deshalb haben sie auch das Projekt \u201eGl\u00fcck erleben und eigenes Gl\u00fccksrezept entwickeln\u201c auf die Beine gestellt. Tipps, um gl\u00fccklicher zu sein, sind zum Beispiel, sich immer wieder vergangene Gl\u00fccksmomente bewusst zu machen und die Gedanken auf Positives zu lenken. Allerdings macht jeden etwas anderes gl\u00fccklich, beispielsweise gutes Essen, sportliche Aktivit\u00e4t usw. Auch das Gl\u00fcck zu teilen kann gl\u00fccklich machen, das bedeutet letztendlich, anderen eine Freude zu machen. <\/p>\n<p>Das Projekt, das allen Sch\u00fclern gefallen hat, war ein gro\u00dfer Erfolg. <\/p>\n<div class=\"su-image-carousel  su-image-carousel-columns-2 su-image-carousel-has-spacing su-image-carousel-crop su-image-carousel-crop-3-2 su-image-carousel-has-lightbox su-image-carousel-has-outline su-image-carousel-adaptive su-image-carousel-slides-style-minimal su-image-carousel-controls-style-light su-image-carousel-align-center\" style=\"max-width:600px\" data-flickity-options='{\"groupCells\":true,\"cellSelector\":\".su-image-carousel-item\",\"adaptiveHeight\":false,\"cellAlign\":\"left\",\"prevNextButtons\":true,\"pageDots\":false,\"autoPlay\":4000,\"imagesLoaded\":true,\"contain\":true,\"selectedAttraction\":0.025000000000000001,\"friction\":0.28000000000000003}' id=\"su_image_carousel_69f1caa96b6e5\"><div class=\"su-image-carousel-item\"><div class=\"su-image-carousel-item-content\"><a href=\"https:\/\/www.rwg-bayreuth.de\/home\/wp-content\/uploads\/2023\/07\/22-23-Prokekttage2022-Glueck-Bild1.jpg\" data-caption=\"\"><img loading=\"lazy\" decoding=\"async\" width=\"382\" height=\"253\" src=\"https:\/\/www.rwg-bayreuth.de\/home\/wp-content\/uploads\/2023\/07\/22-23-Prokekttage2022-Glueck-Bild1.jpg\" class=\"\" alt=\"\" srcset=\"https:\/\/www.rwg-bayreuth.de\/home\/wp-content\/uploads\/2023\/07\/22-23-Prokekttage2022-Glueck-Bild1.jpg 382w, https:\/\/www.rwg-bayreuth.de\/home\/wp-content\/uploads\/2023\/07\/22-23-Prokekttage2022-Glueck-Bild1-150x99.jpg 150w, https:\/\/www.rwg-bayreuth.de\/home\/wp-content\/uploads\/2023\/07\/22-23-Prokekttage2022-Glueck-Bild1-250x166.jpg 250w\" sizes=\"(max-width: 382px) 100vw, 382px\" \/><\/a><\/div><\/div><div class=\"su-image-carousel-item\"><div class=\"su-image-carousel-item-content\"><a href=\"https:\/\/www.rwg-bayreuth.de\/home\/wp-content\/uploads\/2023\/07\/22-23-Prokekttage2022-Glueck-Bild2.jpg\" data-caption=\"\"><img loading=\"lazy\" decoding=\"async\" width=\"307\" height=\"253\" src=\"https:\/\/www.rwg-bayreuth.de\/home\/wp-content\/uploads\/2023\/07\/22-23-Prokekttage2022-Glueck-Bild2.jpg\" class=\"\" alt=\"\" srcset=\"https:\/\/www.rwg-bayreuth.de\/home\/wp-content\/uploads\/2023\/07\/22-23-Prokekttage2022-Glueck-Bild2.jpg 307w, https:\/\/www.rwg-bayreuth.de\/home\/wp-content\/uploads\/2023\/07\/22-23-Prokekttage2022-Glueck-Bild2-150x124.jpg 150w, https:\/\/www.rwg-bayreuth.de\/home\/wp-content\/uploads\/2023\/07\/22-23-Prokekttage2022-Glueck-Bild2-250x206.jpg 250w\" sizes=\"(max-width: 307px) 100vw, 307px\" \/><\/a><\/div><\/div><\/div><script id=\"su_image_carousel_69f1caa96b6e5_script\">if(window.SUImageCarousel){setTimeout(function() {window.SUImageCarousel.initGallery(document.getElementById(\"su_image_carousel_69f1caa96b6e5\"))}, 0);}var su_image_carousel_69f1caa96b6e5_script=document.getElementById(\"su_image_carousel_69f1caa96b6e5_script\");if(su_image_carousel_69f1caa96b6e5_script){su_image_carousel_69f1caa96b6e5_script.parentNode.removeChild(su_image_carousel_69f1caa96b6e5_script);}<\/script>\n<p class=\"clear\"><em>Leonie Kahl (9c), Annika Scheder (8b), Lara Gruber (8b)<br \/>\n<\/em><\/p>\n<\/div>\n<p>&nbsp;<\/p>\n<div style=\"transform: rotate(2deg); margin:3px; padding: 20px; box-shadow: 3px 5px 10px gray; border: 1px solid #cccccc;\">\n<h2>Es lebe die Vielfalt!!!<\/h2>\n<p>(Das Reporterteam hat sich drei ganz unterschiedliche Projekte vorgenommen, teilweise waren Mitglieder bereits am Vortag als Teilnehmer bei den Projekten dabei. [Anm. d. Red.])<\/p>\n<h4>Ramazama \u2013 gemeinsam aufr\u00e4umen f\u00fcr Bayreuth<\/h4>\n<p>Es werden t\u00e4glich 3,5 Millionen Tonnen M\u00fcll von der Weltbev\u00f6lkerung produziert. Das macht sich auch in der Bayreuther Innenstadt bemerkbar, deswegen haben sich ca. 25 Sch\u00fclerinnen und Sch\u00fcler f\u00fcr das Projekt rund um den Umweltschutz engagiert. Unter der Leitung und Organisation von Frau Jurenka und Frau M\u00f6hrlein haben die Projektteilnehmer die Innenstadt von unn\u00f6tig herumliegendem M\u00fcll befreit. Wer am Ende des Tages den meisten M\u00fcll gesammelt hat, bekam einen kleinen Preis. Dies kommt auch der Umwelt zugute. <\/p>\n<p>Der Sch\u00fcler Nicola aus der Klasse 5d meinte, dass er sich schon immer f\u00fcr M\u00fcllentsorgung interessiert und sich deshalb f\u00fcr das Projekt ,,Ramazama \u2013 Gemeinsam Aufr\u00e4umen f\u00fcr Bayreuth\u201c entschieden hat. Er war froh, endlich den ganzen M\u00fcll eingesammelt zu haben, und es sei ihm wichtig, dass sich andere auch bereit erkl\u00e4ren w\u00fcrden, etwas f\u00fcr die Umwelt zu tun. Besonders gefallen hat ihm die Zusammenarbeit mit den anderen Sch\u00fclern in der Gruppe, denn auch beim M\u00fcllsammeln kann man gemeinsam Spa\u00df haben. <\/p>\n<p>Die Sch\u00fclerinnen Emily und Sara aus der Klasse 5c meinten, dass sie zusammen auch privat im Wald M\u00fcll sammeln gehen und es ihnen wichtig w\u00e4re, den M\u00fcll richtig zu entsorgen, sodass er nicht nur auf den Boden geschmissen oder ins Meer geleitet wird, denn damit gef\u00e4hrden wir nicht nur uns, sondern auch die Lebewesen im Wasser. <\/p>\n<p>Die Lehrkraft Frau Jurenka entschied sich gemeinsam mit Frau M\u00f6hrlein f\u00fcr das Projekt, damit sie mehr Bewusstsein f\u00fcr M\u00fcll und seine Auswirkung auf die Umwelt schaffen und die Kinder daf\u00fcr sensibilisieren, dass sie sehen, wie viel und was eigentlich alles auf dem Boden liegt.<br \/>\n<a href=\"https:\/\/www.rwg-bayreuth.de\/home\/wp-content\/uploads\/2023\/07\/22-23-Prokekttage2022-Vielfalt-Bild1.jpg\"><img loading=\"lazy\" decoding=\"async\" src=\"https:\/\/www.rwg-bayreuth.de\/home\/wp-content\/uploads\/2023\/07\/22-23-Prokekttage2022-Vielfalt-Bild1-450x219.jpg\" alt=\"\" width=\"450\" height=\"219\" class=\"aligncenter size-medium wp-image-34089\" srcset=\"https:\/\/www.rwg-bayreuth.de\/home\/wp-content\/uploads\/2023\/07\/22-23-Prokekttage2022-Vielfalt-Bild1-450x219.jpg 450w, https:\/\/www.rwg-bayreuth.de\/home\/wp-content\/uploads\/2023\/07\/22-23-Prokekttage2022-Vielfalt-Bild1-1024x499.jpg 1024w, https:\/\/www.rwg-bayreuth.de\/home\/wp-content\/uploads\/2023\/07\/22-23-Prokekttage2022-Vielfalt-Bild1-150x73.jpg 150w, https:\/\/www.rwg-bayreuth.de\/home\/wp-content\/uploads\/2023\/07\/22-23-Prokekttage2022-Vielfalt-Bild1-768x374.jpg 768w, https:\/\/www.rwg-bayreuth.de\/home\/wp-content\/uploads\/2023\/07\/22-23-Prokekttage2022-Vielfalt-Bild1-250x122.jpg 250w, https:\/\/www.rwg-bayreuth.de\/home\/wp-content\/uploads\/2023\/07\/22-23-Prokekttage2022-Vielfalt-Bild1.jpg 1386w\" sizes=\"(max-width: 450px) 100vw, 450px\" \/><\/a><\/p>\n<h4>Selbing Space Race<\/h4>\n<p>Auch Raketen produzieren M\u00fcll, das haben wir im Projekt \u201eSelbing Space Race\u201c mit Herrn Wirth erfahren d\u00fcrfen. Nach der Ankunft in Selb startete das Abenteuer im Porzellanikon. Die Sch\u00fclerinnen und Sch\u00fcler der Jahrgangsstufe 8 und 9 durften mehr \u00fcber den Bau der Raketen lernen. Zun\u00e4chst erfuhren die Kursteilnehmer, was Porzellan mit dem Raketenbau zu tun hat. <a href=\"https:\/\/www.rwg-bayreuth.de\/home\/wp-content\/uploads\/2023\/07\/22-23-Prokekttage2022-Vielfalt-Bild2.jpg\"><img decoding=\"async\" src=\"https:\/\/www.rwg-bayreuth.de\/home\/wp-content\/uploads\/2023\/07\/22-23-Prokekttage2022-Vielfalt-Bild2.jpg\" alt=\"\" width=\"350\" height=\"auto\" class=\"alignleft size-full wp-image-34090\" srcset=\"https:\/\/www.rwg-bayreuth.de\/home\/wp-content\/uploads\/2023\/07\/22-23-Prokekttage2022-Vielfalt-Bild2.jpg 427w, https:\/\/www.rwg-bayreuth.de\/home\/wp-content\/uploads\/2023\/07\/22-23-Prokekttage2022-Vielfalt-Bild2-150x104.jpg 150w, https:\/\/www.rwg-bayreuth.de\/home\/wp-content\/uploads\/2023\/07\/22-23-Prokekttage2022-Vielfalt-Bild2-250x173.jpg 250w\" sizes=\"(max-width: 427px) 100vw, 427px\" \/><\/a>Es wird n\u00e4mlich dank seiner Flexibilit\u00e4t und seiner Hitze- bzw. K\u00e4ltebest\u00e4ndigkeit vielseitig im Raketenbau eingesetzt. Nach einer kleinen F\u00fchrung durch das Porzellanikon durften die Sch\u00fcler und Sch\u00fclerinnen sich selbst am Raketenbau versuchen, daf\u00fcr haben sie verschiedenste Materialien wie Flaschen, Pappe und ein paar St\u00fccke Porzellan zum Beschweren bekommen, diese mussten sie geschickt mit einer Vorlage zu einer Rakete zusammenbauen. Danach wurden die Raketen gestartet. <\/p>\n<p>Zum Schluss durften die Kursteilnehmer sich selbst im Porzellanikon umschauen, einige nutzten die Zeit, ihre Rakete nochmals zu starten, andere widmeten sich erneut dem oben erw\u00e4hnten Porzellan zum Raketenbau. <\/p>\n<h4>Gl\u00fcck erleben und ein eigenes Gl\u00fccksrezept entwickeln<\/h4>\n<p><a href=\"https:\/\/www.rwg-bayreuth.de\/home\/wp-content\/uploads\/2023\/07\/22-23-Prokekttage2022-Vielfalt-Bild3.jpg\"><img decoding=\"async\" src=\"https:\/\/www.rwg-bayreuth.de\/home\/wp-content\/uploads\/2023\/07\/22-23-Prokekttage2022-Vielfalt-Bild3.jpg\" alt=\"\" width=\"250\" height=\"auto\" class=\"alignright size-full wp-image-34091\" srcset=\"https:\/\/www.rwg-bayreuth.de\/home\/wp-content\/uploads\/2023\/07\/22-23-Prokekttage2022-Vielfalt-Bild3.jpg 594w, https:\/\/www.rwg-bayreuth.de\/home\/wp-content\/uploads\/2023\/07\/22-23-Prokekttage2022-Vielfalt-Bild3-338x450.jpg 338w, https:\/\/www.rwg-bayreuth.de\/home\/wp-content\/uploads\/2023\/07\/22-23-Prokekttage2022-Vielfalt-Bild3-113x150.jpg 113w, https:\/\/www.rwg-bayreuth.de\/home\/wp-content\/uploads\/2023\/07\/22-23-Prokekttage2022-Vielfalt-Bild3-250x333.jpg 250w\" sizes=\"(max-width: 594px) 100vw, 594px\" \/><\/a>W\u00e4hrend der Corona \u2013 Pandemie mussten die meisten Jugendlichen vollst\u00e4ndig auf soziale Kontakte verzichten, die Folge davon waren ungl\u00fcckliche Sch\u00fcler. Das merkten auch die Lehrer in der Schule, deswegen organisierten Frau Schmidt und Frau Keyser das Projekt \u201eGl\u00fcck erleben und ein eigenes Gl\u00fccksrezept entwickeln\u201c. Die Sch\u00fclerinnen und Sch\u00fcler lernten alles Rund ums Gl\u00fcck. Sie durften ihre eigenen Gl\u00fcckssteine entwerfen und diese dann auch mit nach Hause nehmen. Daf\u00fcr haben sie individuelle Muster und einzigartige Schriftarten mit bunten Acrylstiften auf kleine Steine gemalt. Danach durften sie sich in der Turnhalle auspowern, zuerst haben sie in Zweierteams einen Memorylauf absolvieren, dabei mussten sie verschiedene Motive erkenne, sich merken, zur anderen Seite der Turnhalle laufen und aufschreiben. Danach standen weitere Spiele in der Gruppe auf dem Programm, so durften die Sch\u00fclerinnen und Sch\u00fclern viel Zeit mit ihren Freunden verbringen. Die meisten Sch\u00fclerinnen und Sch\u00fcler begeisterten sich f\u00fcr das Projekt, weil sie viel \u00fcber die verschiedenen Facetten des Gl\u00fccks gelernt haben. Es muss nicht zwingend ein materielles Geschenk sein, das man bekommt, es kann auch ein wenig Zeit mit der Familie oder mit Freunden sein, damit man Gl\u00fcck erleben kann. Und schlie\u00dflich macht es einem selbst Freude, wenn man einem anderen Freude bereiten kann!<\/p>\n<p class=\"clear\"><em>Die \u201eRasenden Reporter\u201c Selia, Alina und Maya<\/em><\/p>\n<\/div>\n<p>&nbsp;<\/p>\n","protected":false},"excerpt":{"rendered":"<p>Liebe Schulfamilie, nach einer langen Pause haben die Projekttage letztes Schuljahr wieder stattfinden d\u00fcrfen\u2026 Au Mann, das ist bereits ein Jahr her! (Und unser Leben nimmt wieder normale Z\u00fcge an\u2026 Corona? Da gab\u00b4s was mit Bier, oder\u2026?) Auch in diesem Jahr gibt es einen Projekttag, ihr, liebe Sch\u00fcler, habt bereits gew\u00e4hlt, wir freuen uns auf&hellip;<\/p>\n","protected":false},"author":11,"featured_media":34094,"comment_status":"closed","ping_status":"closed","sticky":false,"template":"","format":"standard","meta":{"footnotes":""},"categories":[1],"tags":[51,40],"_links":{"self":[{"href":"https:\/\/www.rwg-bayreuth.de\/home\/index.php?rest_route=\/wp\/v2\/posts\/34060"}],"collection":[{"href":"https:\/\/www.rwg-bayreuth.de\/home\/index.php?rest_route=\/wp\/v2\/posts"}],"about":[{"href":"https:\/\/www.rwg-bayreuth.de\/home\/index.php?rest_route=\/wp\/v2\/types\/post"}],"author":[{"embeddable":true,"href":"https:\/\/www.rwg-bayreuth.de\/home\/index.php?rest_route=\/wp\/v2\/users\/11"}],"replies":[{"embeddable":true,"href":"https:\/\/www.rwg-bayreuth.de\/home\/index.php?rest_route=%2Fwp%2Fv2%2Fcomments&post=34060"}],"version-history":[{"count":20,"href":"https:\/\/www.rwg-bayreuth.de\/home\/index.php?rest_route=\/wp\/v2\/posts\/34060\/revisions"}],"predecessor-version":[{"id":34101,"href":"https:\/\/www.rwg-bayreuth.de\/home\/index.php?rest_route=\/wp\/v2\/posts\/34060\/revisions\/34101"}],"wp:featuredmedia":[{"embeddable":true,"href":"https:\/\/www.rwg-bayreuth.de\/home\/index.php?rest_route=\/wp\/v2\/media\/34094"}],"wp:attachment":[{"href":"https:\/\/www.rwg-bayreuth.de\/home\/index.php?rest_route=%2Fwp%2Fv2%2Fmedia&parent=34060"}],"wp:term":[{"taxonomy":"category","embeddable":true,"href":"https:\/\/www.rwg-bayreuth.de\/home\/index.php?rest_route=%2Fwp%2Fv2%2Fcategories&post=34060"},{"taxonomy":"post_tag","embeddable":true,"href":"https:\/\/www.rwg-bayreuth.de\/home\/index.php?rest_route=%2Fwp%2Fv2%2Ftags&post=34060"}],"curies":[{"name":"wp","href":"https:\/\/api.w.org\/{rel}","templated":true}]}}