{"id":34044,"date":"2023-06-26T22:09:42","date_gmt":"2023-06-26T20:09:42","guid":{"rendered":"http:\/\/www.rwg-bayreuth.de\/home\/?p=34044"},"modified":"2023-07-11T11:02:26","modified_gmt":"2023-07-11T09:02:26","slug":"sommerkonzert-2023","status":"publish","type":"post","link":"https:\/\/www.rwg-bayreuth.de\/home\/?p=34044","title":{"rendered":"Sommerkonzert 2023"},"content":{"rendered":"<p><a href=\"https:\/\/www.rwg-bayreuth.de\/home\/wp-content\/uploads\/2023\/06\/22-23-Sommerkonzert.jpg\"><img loading=\"lazy\" decoding=\"async\" src=\"https:\/\/www.rwg-bayreuth.de\/home\/wp-content\/uploads\/2023\/06\/22-23-Sommerkonzert.jpg\" alt=\"\" width=\"1280\" height=\"538\" class=\"aligncenter size-full wp-image-34046\" srcset=\"https:\/\/www.rwg-bayreuth.de\/home\/wp-content\/uploads\/2023\/06\/22-23-Sommerkonzert.jpg 1280w, https:\/\/www.rwg-bayreuth.de\/home\/wp-content\/uploads\/2023\/06\/22-23-Sommerkonzert-450x189.jpg 450w, https:\/\/www.rwg-bayreuth.de\/home\/wp-content\/uploads\/2023\/06\/22-23-Sommerkonzert-1024x430.jpg 1024w, https:\/\/www.rwg-bayreuth.de\/home\/wp-content\/uploads\/2023\/06\/22-23-Sommerkonzert-150x63.jpg 150w, https:\/\/www.rwg-bayreuth.de\/home\/wp-content\/uploads\/2023\/06\/22-23-Sommerkonzert-768x323.jpg 768w, https:\/\/www.rwg-bayreuth.de\/home\/wp-content\/uploads\/2023\/06\/22-23-Sommerkonzert-250x105.jpg 250w\" sizes=\"(max-width: 1280px) 100vw, 1280px\" \/><\/a><\/p>\n<p>Liebe Sch\u00fclerinnen und Sch\u00fcler, liebe Eltern, liebe Lehrkr\u00e4fte, liebe Mitglieder der Schulfamilie,<\/p>\n<p>am Mittwoch, den 5.7.2023, um 19 Uhr findet unser Sommerkonzert zum ersten Mal seit vier Jahren wieder im Zentrum (<a href=\"https:\/\/www.google.com\/maps\/place\/DAS+ZENTRUM+%E2%80%A2+Internationales+Jugendkulturzentrum+Bayreuth\/@49.9436188,11.5832161,15.51z\/data=!4m6!3m5!1s0x47a1a3289e068015:0x7e6a9aa8cba3970!8m2!3d49.9428658!4d11.5875572!16s%2Fg%2F1thmddg4?entry=ttu\" rel=\"noopener\" target=\"_blank\">Lageplan<\/a>) statt! Wir m\u00f6chten alle zu einem Abend mit viel Musik einladen, f\u00fcr den unsere Sch\u00fcler und Sch\u00fclerinnen schon flei\u00dfig proben.<\/p>\n<p>Kostenlose Karten gibt es wie immer im Sekretariat. Sie k\u00f6nnen ab Mittwoch, 28.6. abgeholt werden.<\/p>\n<p>Wir freuen uns auf Ihr\/Euer Kommen!<\/p>\n","protected":false},"excerpt":{"rendered":"<p>Liebe Sch\u00fclerinnen und Sch\u00fcler, liebe Eltern, liebe Lehrkr\u00e4fte, liebe Mitglieder der Schulfamilie, am Mittwoch, den 5.7.2023, um 19 Uhr findet unser Sommerkonzert zum ersten Mal seit vier Jahren wieder im Zentrum (Lageplan) statt! Wir m\u00f6chten alle zu einem Abend mit viel Musik einladen, f\u00fcr den unsere Sch\u00fcler und Sch\u00fclerinnen schon flei\u00dfig proben. Kostenlose Karten gibt&hellip;<\/p>\n","protected":false},"author":11,"featured_media":34045,"comment_status":"closed","ping_status":"closed","sticky":false,"template":"","format":"standard","meta":{"footnotes":""},"categories":[1],"tags":[51],"_links":{"self":[{"href":"https:\/\/www.rwg-bayreuth.de\/home\/index.php?rest_route=\/wp\/v2\/posts\/34044"}],"collection":[{"href":"https:\/\/www.rwg-bayreuth.de\/home\/index.php?rest_route=\/wp\/v2\/posts"}],"about":[{"href":"https:\/\/www.rwg-bayreuth.de\/home\/index.php?rest_route=\/wp\/v2\/types\/post"}],"author":[{"embeddable":true,"href":"https:\/\/www.rwg-bayreuth.de\/home\/index.php?rest_route=\/wp\/v2\/users\/11"}],"replies":[{"embeddable":true,"href":"https:\/\/www.rwg-bayreuth.de\/home\/index.php?rest_route=%2Fwp%2Fv2%2Fcomments&post=34044"}],"version-history":[{"count":3,"href":"https:\/\/www.rwg-bayreuth.de\/home\/index.php?rest_route=\/wp\/v2\/posts\/34044\/revisions"}],"predecessor-version":[{"id":34051,"href":"https:\/\/www.rwg-bayreuth.de\/home\/index.php?rest_route=\/wp\/v2\/posts\/34044\/revisions\/34051"}],"wp:featuredmedia":[{"embeddable":true,"href":"https:\/\/www.rwg-bayreuth.de\/home\/index.php?rest_route=\/wp\/v2\/media\/34045"}],"wp:attachment":[{"href":"https:\/\/www.rwg-bayreuth.de\/home\/index.php?rest_route=%2Fwp%2Fv2%2Fmedia&parent=34044"}],"wp:term":[{"taxonomy":"category","embeddable":true,"href":"https:\/\/www.rwg-bayreuth.de\/home\/index.php?rest_route=%2Fwp%2Fv2%2Fcategories&post=34044"},{"taxonomy":"post_tag","embeddable":true,"href":"https:\/\/www.rwg-bayreuth.de\/home\/index.php?rest_route=%2Fwp%2Fv2%2Ftags&post=34044"}],"curies":[{"name":"wp","href":"https:\/\/api.w.org\/{rel}","templated":true}]}}