{"id":34038,"date":"2023-06-21T20:25:29","date_gmt":"2023-06-21T18:25:29","guid":{"rendered":"http:\/\/www.rwg-bayreuth.de\/home\/?p=34038"},"modified":"2023-06-21T20:29:11","modified_gmt":"2023-06-21T18:29:11","slug":"ehre-wem-ehre-gebuehrt","status":"publish","type":"post","link":"https:\/\/www.rwg-bayreuth.de\/home\/?p=34038","title":{"rendered":"Ehre, wem Ehre geb\u00fchrt"},"content":{"rendered":"<p><a href=\"https:\/\/www.rwg-bayreuth.de\/home\/wp-content\/uploads\/2023\/06\/22-23-Ferienseminar_Hackl.jpg\"><img loading=\"lazy\" decoding=\"async\" src=\"https:\/\/www.rwg-bayreuth.de\/home\/wp-content\/uploads\/2023\/06\/22-23-Ferienseminar_Hackl-450x450.jpg\" alt=\"\" width=\"450\" height=\"450\" class=\"aligncenter size-medium wp-image-34039\" srcset=\"https:\/\/www.rwg-bayreuth.de\/home\/wp-content\/uploads\/2023\/06\/22-23-Ferienseminar_Hackl-450x450.jpg 450w, https:\/\/www.rwg-bayreuth.de\/home\/wp-content\/uploads\/2023\/06\/22-23-Ferienseminar_Hackl-150x150.jpg 150w, https:\/\/www.rwg-bayreuth.de\/home\/wp-content\/uploads\/2023\/06\/22-23-Ferienseminar_Hackl-768x767.jpg 768w, https:\/\/www.rwg-bayreuth.de\/home\/wp-content\/uploads\/2023\/06\/22-23-Ferienseminar_Hackl-250x250.jpg 250w, https:\/\/www.rwg-bayreuth.de\/home\/wp-content\/uploads\/2023\/06\/22-23-Ferienseminar_Hackl.jpg 1024w\" sizes=\"(max-width: 450px) 100vw, 450px\" \/><\/a><\/p>\n<p>In W\u00fcrdigung und Anerkennung ihrer herausragenden schulischen Leistungen wird Franziska Hackl aus der Q11 vom Bayerischen Staatsministerium f\u00fcr Unterricht und Kultus auf Vorschlag des Ministerialbeauftragten f\u00fcr die Gymnasien in Oberfranken zum 36. Ferienseminar f\u00fcr vielseitig interessierte und begabte GymnasiastInnen nach Pegnitz eingeladen. Circa 30 Sch\u00fclerInnen aus der 11. Jahrgangsstufe aller oberfr\u00e4nkischen Gymnasien wird diese Ehre zu teil, da sie aufgrund ihrer sehr guten Schulleistungen, ihrer k\u00fcnstlerisch-musischen Interessen und ihres gesellschaftlichen Engagements \u00fcberzeugen konnten. Franziska qualifizierte sich f\u00fcr das Seminar durch ihr gro\u00dfes Engagement als Mitglied der Umweltgruppe am RWG, au\u00dferdem gestaltet sie seit vielen Jahren in der SMV das Schulleben aktiv mit und vertritt als Oberstufensprecherin die Interessen der 11. Jahrgangsstufe. <\/p>\n<p>W\u00e4hrend des Aufenthalts in Pegnitz werden sich die Seminaristen mit gleichgesinnten k\u00fcnstlerisch-kreativ bet\u00e4tigen, bei einer Kanutour sowie einer H\u00f6hlenwanderung die Fr\u00e4nkische Schweiz erkunden, einen naturwissenschaftlichen Tag an der Universit\u00e4t Bayreuth verbringen und sich mit Themen wie Medizin, Politik und Wirtschaft auseinandersetzen.<\/p>\n<p><!--Viele spannende Eindr\u00fccke und gewinnbringende Erfahrungen erwarten die TeilnehmerInnen.--><\/p>\n<p>Liebe Franziska, f\u00fcr das Ferienseminar w\u00fcnschen wir dir viel Aufgeschlossenheit, Neugierde, viele gewinnbringende Erfahrungen und eine tolle Zeit mit den anderen SeminarteilnehmerInnen!<br \/>\nWir sind stolz auf dich!<\/p>\n<p>Deine Schulfamilie am RWG<\/p>\n","protected":false},"excerpt":{"rendered":"<p>In W\u00fcrdigung und Anerkennung ihrer herausragenden schulischen Leistungen wird Franziska Hackl aus der Q11 vom Bayerischen Staatsministerium f\u00fcr Unterricht und Kultus auf Vorschlag des Ministerialbeauftragten f\u00fcr die Gymnasien in Oberfranken zum 36. Ferienseminar f\u00fcr vielseitig interessierte und begabte GymnasiastInnen nach Pegnitz eingeladen. Circa 30 Sch\u00fclerInnen aus der 11. Jahrgangsstufe aller oberfr\u00e4nkischen Gymnasien wird diese Ehre&hellip;<\/p>\n","protected":false},"author":11,"featured_media":34040,"comment_status":"closed","ping_status":"closed","sticky":false,"template":"","format":"standard","meta":{"footnotes":""},"categories":[1],"tags":[51],"_links":{"self":[{"href":"https:\/\/www.rwg-bayreuth.de\/home\/index.php?rest_route=\/wp\/v2\/posts\/34038"}],"collection":[{"href":"https:\/\/www.rwg-bayreuth.de\/home\/index.php?rest_route=\/wp\/v2\/posts"}],"about":[{"href":"https:\/\/www.rwg-bayreuth.de\/home\/index.php?rest_route=\/wp\/v2\/types\/post"}],"author":[{"embeddable":true,"href":"https:\/\/www.rwg-bayreuth.de\/home\/index.php?rest_route=\/wp\/v2\/users\/11"}],"replies":[{"embeddable":true,"href":"https:\/\/www.rwg-bayreuth.de\/home\/index.php?rest_route=%2Fwp%2Fv2%2Fcomments&post=34038"}],"version-history":[{"count":3,"href":"https:\/\/www.rwg-bayreuth.de\/home\/index.php?rest_route=\/wp\/v2\/posts\/34038\/revisions"}],"predecessor-version":[{"id":34043,"href":"https:\/\/www.rwg-bayreuth.de\/home\/index.php?rest_route=\/wp\/v2\/posts\/34038\/revisions\/34043"}],"wp:featuredmedia":[{"embeddable":true,"href":"https:\/\/www.rwg-bayreuth.de\/home\/index.php?rest_route=\/wp\/v2\/media\/34040"}],"wp:attachment":[{"href":"https:\/\/www.rwg-bayreuth.de\/home\/index.php?rest_route=%2Fwp%2Fv2%2Fmedia&parent=34038"}],"wp:term":[{"taxonomy":"category","embeddable":true,"href":"https:\/\/www.rwg-bayreuth.de\/home\/index.php?rest_route=%2Fwp%2Fv2%2Fcategories&post=34038"},{"taxonomy":"post_tag","embeddable":true,"href":"https:\/\/www.rwg-bayreuth.de\/home\/index.php?rest_route=%2Fwp%2Fv2%2Ftags&post=34038"}],"curies":[{"name":"wp","href":"https:\/\/api.w.org\/{rel}","templated":true}]}}