{"id":34019,"date":"2023-06-15T10:44:21","date_gmt":"2023-06-15T08:44:21","guid":{"rendered":"http:\/\/www.rwg-bayreuth.de\/home\/?p=34019"},"modified":"2026-01-20T18:57:35","modified_gmt":"2026-01-20T17:57:35","slug":"rwg-wald-wir-machen-uns-schlau","status":"publish","type":"post","link":"https:\/\/www.rwg-bayreuth.de\/home\/?p=34019","title":{"rendered":"RWG-Wald \u2013 Wir machen uns schlau"},"content":{"rendered":"<br \/>\n<h2>ZUKUNFTS(TR\/B)\u00c4UME, so lautet das P-Seminar der Q11 zusammen mit Herrn Thiele.<\/h2>\n<p>Die Durchschnittstemperatur weltweit steigt seit Jahren und das Klima ver\u00e4ndert sich. Ein gro\u00dfer Faktor, der den Klimawandel best\u00e4rkt, ist das CO2 in der Atmosph\u00e4re. Neben nat\u00fcrlichen Quellen ist leider auch der Mensch ein Verursacher. Das Kohlenstoffdioxid kann zwar von B\u00e4umen in O2 umgewandelt werden, allerdings leiden auch unsere W\u00e4lder unter den Ver\u00e4nderungen und schrumpfen massiv. Nun dachten wir uns, wir wollen nicht immer nur dar\u00fcber reden, sondern auch aktiv etwas dagegen tun. <\/p>\n<p><a href=\"https:\/\/www.rwg-bayreuth.de\/home\/wp-content\/uploads\/2023\/06\/22-23-P-Seminar-Zukunftstr-baeume-Klimaerwaermung.jpg\"><img loading=\"lazy\" decoding=\"async\" src=\"https:\/\/www.rwg-bayreuth.de\/home\/wp-content\/uploads\/2023\/06\/22-23-P-Seminar-Zukunftstr-baeume-Klimaerwaermung-450x231.jpg\" alt=\"\" width=\"450\" height=\"231\" class=\"aligncenter size-medium wp-image-34023\" srcset=\"https:\/\/www.rwg-bayreuth.de\/home\/wp-content\/uploads\/2023\/06\/22-23-P-Seminar-Zukunftstr-baeume-Klimaerwaermung-450x231.jpg 450w, https:\/\/www.rwg-bayreuth.de\/home\/wp-content\/uploads\/2023\/06\/22-23-P-Seminar-Zukunftstr-baeume-Klimaerwaermung-150x77.jpg 150w, https:\/\/www.rwg-bayreuth.de\/home\/wp-content\/uploads\/2023\/06\/22-23-P-Seminar-Zukunftstr-baeume-Klimaerwaermung-768x394.jpg 768w, https:\/\/www.rwg-bayreuth.de\/home\/wp-content\/uploads\/2023\/06\/22-23-P-Seminar-Zukunftstr-baeume-Klimaerwaermung-250x128.jpg 250w, https:\/\/www.rwg-bayreuth.de\/home\/wp-content\/uploads\/2023\/06\/22-23-P-Seminar-Zukunftstr-baeume-Klimaerwaermung.jpg 1024w\" sizes=\"(max-width: 450px) 100vw, 450px\" \/><\/a><\/p>\n<p>Doch bevor es mit dem Pflanzen los gehen kann, hei\u00dft es Experten befragen, Informationen zusammentragen und Baumarten ausw\u00e4hlen. Gern m\u00f6chten wir euch an unseren Ausfl\u00fcgen und Besuchen teilhaben lassen:<\/p>\n<div style=\"transform: rotate(-2deg); margin:3px; padding: 20px; box-shadow: 3px 5px 10px gray; border: 1px solid #cccccc;\">\n<h2>Besuch vom Amt f\u00fcr Ern\u00e4hrung, Landwirtschaft und Forsten (AELF) am RWG<\/h2>\n<p>Schon in den ersten Stunden unseres Seminars fiel uns auf, dass das Projekt ohne Unterst\u00fctzung und ohne aktuelles Wissen schwierig werden w\u00fcrde. Deshalb luden wir den Leiter des AELF Dr. Michael Schmidt und F\u00f6rsterin Cornelia Ziegler zu uns ein, um mehr \u00fcber die Grundlagen des Klimawandels und dessen Einfluss auf unsere W\u00e4lder zu erfahren.<\/p>\n<\/div>\n<p>&nbsp;<\/p>\n<div style=\"transform: rotate(1deg); margin:3px; padding: 20px; box-shadow: 3px 5px 10px gray; border: 1px solid #cccccc;\">\n<h2>Ausflug zum \u00d6kologisch-Botanischen Garten der Universit\u00e4t Bayreuth<\/h2>\n<p><a href=\"https:\/\/www.rwg-bayreuth.de\/home\/wp-content\/uploads\/2023\/06\/22-23-P-Seminar-Zukunftstr-baeume-Botanischer-Garten.jpg\"><img loading=\"lazy\" decoding=\"async\" src=\"https:\/\/www.rwg-bayreuth.de\/home\/wp-content\/uploads\/2023\/06\/22-23-P-Seminar-Zukunftstr-baeume-Botanischer-Garten-450x322.jpg\" alt=\"\" width=\"450\" height=\"322\" class=\"aligncenter size-medium wp-image-34024\" srcset=\"https:\/\/www.rwg-bayreuth.de\/home\/wp-content\/uploads\/2023\/06\/22-23-P-Seminar-Zukunftstr-baeume-Botanischer-Garten-450x322.jpg 450w, https:\/\/www.rwg-bayreuth.de\/home\/wp-content\/uploads\/2023\/06\/22-23-P-Seminar-Zukunftstr-baeume-Botanischer-Garten-150x107.jpg 150w, https:\/\/www.rwg-bayreuth.de\/home\/wp-content\/uploads\/2023\/06\/22-23-P-Seminar-Zukunftstr-baeume-Botanischer-Garten-768x550.jpg 768w, https:\/\/www.rwg-bayreuth.de\/home\/wp-content\/uploads\/2023\/06\/22-23-P-Seminar-Zukunftstr-baeume-Botanischer-Garten-250x179.jpg 250w, https:\/\/www.rwg-bayreuth.de\/home\/wp-content\/uploads\/2023\/06\/22-23-P-Seminar-Zukunftstr-baeume-Botanischer-Garten.jpg 1024w\" sizes=\"(max-width: 450px) 100vw, 450px\" \/><\/a><\/p>\n<p><a href=\"https:\/\/www.rwg-bayreuth.de\/home\/wp-content\/uploads\/2023\/06\/22-23-P-Seminar-Zukunftstr-baeume-Herr-Aas.jpg\"><img loading=\"lazy\" decoding=\"async\" src=\"https:\/\/www.rwg-bayreuth.de\/home\/wp-content\/uploads\/2023\/06\/22-23-P-Seminar-Zukunftstr-baeume-Herr-Aas.jpg\" alt=\"\" width=\"198\" height=\"300\" class=\"alignright size-full wp-image-34025\" srcset=\"https:\/\/www.rwg-bayreuth.de\/home\/wp-content\/uploads\/2023\/06\/22-23-P-Seminar-Zukunftstr-baeume-Herr-Aas.jpg 677w, https:\/\/www.rwg-bayreuth.de\/home\/wp-content\/uploads\/2023\/06\/22-23-P-Seminar-Zukunftstr-baeume-Herr-Aas-298x450.jpg 298w, https:\/\/www.rwg-bayreuth.de\/home\/wp-content\/uploads\/2023\/06\/22-23-P-Seminar-Zukunftstr-baeume-Herr-Aas-99x150.jpg 99w, https:\/\/www.rwg-bayreuth.de\/home\/wp-content\/uploads\/2023\/06\/22-23-P-Seminar-Zukunftstr-baeume-Herr-Aas-250x378.jpg 250w\" sizes=\"(max-width: 198px) 100vw, 198px\" \/><\/a>Au\u00dferdem besuchten wir den \u00d6kologisch-botanischen Garten an der Universit\u00e4t Bayreuth und lernten durch Dr. Gregor Aas, welche B\u00e4ume sinnvoll sind zu pflanzen und welche in Zukunft hier wahrscheinlich nicht mehr \u00fcberlebensf\u00e4hig sind.<\/p>\n<p class=\"clear ohne\" style=\"height: 0px;\">&nbsp;<\/p>\n<\/div>\n<p>&nbsp;<\/p>\n<div style=\"transform: rotate(-1deg); margin:3px; padding: 20px; box-shadow: 3px 5px 10px gray; border: 1px solid #cccccc;\">\n<h2>Ausflug zu \u201eunserem\u201c Wald zwischen Eckersdorf und Geigenreuth<\/h2>\n<div class=\"su-image-carousel  su-image-carousel-has-spacing su-image-carousel-crop su-image-carousel-crop-3-4 su-image-carousel-has-lightbox su-image-carousel-has-outline su-image-carousel-adaptive su-image-carousel-slides-style-minimal su-image-carousel-controls-style-light su-image-carousel-align-right\" style=\"max-width:200px\" data-flickity-options='{\"groupCells\":true,\"cellSelector\":\".su-image-carousel-item\",\"adaptiveHeight\":false,\"cellAlign\":\"left\",\"prevNextButtons\":true,\"pageDots\":false,\"autoPlay\":4000,\"imagesLoaded\":true,\"contain\":true,\"selectedAttraction\":0.025000000000000001,\"friction\":0.28000000000000003}' id=\"su_image_carousel_69f1ca27e0b7e\"><div class=\"su-image-carousel-item\"><div class=\"su-image-carousel-item-content\"><a href=\"https:\/\/www.rwg-bayreuth.de\/home\/wp-content\/uploads\/2023\/06\/22-23-P-Seminar-Zukunftstr-baeume-Bodenbohrung-2.jpg\" data-caption=\"\"><img loading=\"lazy\" decoding=\"async\" width=\"701\" height=\"1024\" src=\"https:\/\/www.rwg-bayreuth.de\/home\/wp-content\/uploads\/2023\/06\/22-23-P-Seminar-Zukunftstr-baeume-Bodenbohrung-2.jpg\" class=\"\" alt=\"\" srcset=\"https:\/\/www.rwg-bayreuth.de\/home\/wp-content\/uploads\/2023\/06\/22-23-P-Seminar-Zukunftstr-baeume-Bodenbohrung-2.jpg 701w, https:\/\/www.rwg-bayreuth.de\/home\/wp-content\/uploads\/2023\/06\/22-23-P-Seminar-Zukunftstr-baeume-Bodenbohrung-2-308x450.jpg 308w, https:\/\/www.rwg-bayreuth.de\/home\/wp-content\/uploads\/2023\/06\/22-23-P-Seminar-Zukunftstr-baeume-Bodenbohrung-2-103x150.jpg 103w, https:\/\/www.rwg-bayreuth.de\/home\/wp-content\/uploads\/2023\/06\/22-23-P-Seminar-Zukunftstr-baeume-Bodenbohrung-2-250x365.jpg 250w\" sizes=\"(max-width: 701px) 100vw, 701px\" \/><\/a><\/div><\/div><div class=\"su-image-carousel-item\"><div class=\"su-image-carousel-item-content\"><a href=\"https:\/\/www.rwg-bayreuth.de\/home\/wp-content\/uploads\/2023\/06\/22-23-P-Seminar-Zukunftstr-baeume-Bodenbohrung.jpg\" data-caption=\"\"><img loading=\"lazy\" decoding=\"async\" width=\"768\" height=\"1024\" src=\"https:\/\/www.rwg-bayreuth.de\/home\/wp-content\/uploads\/2023\/06\/22-23-P-Seminar-Zukunftstr-baeume-Bodenbohrung.jpg\" class=\"\" alt=\"\" srcset=\"https:\/\/www.rwg-bayreuth.de\/home\/wp-content\/uploads\/2023\/06\/22-23-P-Seminar-Zukunftstr-baeume-Bodenbohrung.jpg 768w, https:\/\/www.rwg-bayreuth.de\/home\/wp-content\/uploads\/2023\/06\/22-23-P-Seminar-Zukunftstr-baeume-Bodenbohrung-338x450.jpg 338w, https:\/\/www.rwg-bayreuth.de\/home\/wp-content\/uploads\/2023\/06\/22-23-P-Seminar-Zukunftstr-baeume-Bodenbohrung-113x150.jpg 113w, https:\/\/www.rwg-bayreuth.de\/home\/wp-content\/uploads\/2023\/06\/22-23-P-Seminar-Zukunftstr-baeume-Bodenbohrung-250x333.jpg 250w\" sizes=\"(max-width: 768px) 100vw, 768px\" \/><\/a><\/div><\/div><\/div><script id=\"su_image_carousel_69f1ca27e0b7e_script\">if(window.SUImageCarousel){setTimeout(function() {window.SUImageCarousel.initGallery(document.getElementById(\"su_image_carousel_69f1ca27e0b7e\"))}, 0);}var su_image_carousel_69f1ca27e0b7e_script=document.getElementById(\"su_image_carousel_69f1ca27e0b7e_script\");if(su_image_carousel_69f1ca27e0b7e_script){su_image_carousel_69f1ca27e0b7e_script.parentNode.removeChild(su_image_carousel_69f1ca27e0b7e_script);}<\/script>\n<p>Die Fl\u00e4che, die wir bepflanzen wollen, liegt zwischen Eckersdorf und Geigenreuth. Sie muss wieder aufgeforstet werden, da ein Gro\u00dfteil der B\u00e4ume von Borkenk\u00e4fern befallen war. Gemeinsam mit F\u00f6rsterin Cornelia Ziegler entnahmen wir Bodenproben, um die Bodenbeschaffenheit zu bestimmen. Diese Erkenntnisse werden uns bei der Auswahl der richtigen B\u00e4ume hilfreich sein. Au\u00dferdem konnten wir mithilfe eines GPS-Senders die Grundfl\u00e4che des Waldst\u00fccks vermessen.<\/p>\n<p class=\"clear ohne\" style=\"height: 0px;\">&nbsp;<\/p>\n<p><!--\n[su_image_carousel source=\"media: 34029,34028\" limit=\"100\" slides_style=\"minimal\" controls_style=\"light\" crop=\"3:4\" columns=\"2\" align=\"center\" max_width=\"350px\" dots=\"no\" link=\"lightbox\" target=\"self\" autoplay=\"4\" image_size=\"full\"]\n--><\/p>\n<\/div>\n<p>&nbsp;<\/p>\n<div style=\"transform: rotate(2deg); margin:3px; padding: 20px; box-shadow: 3px 5px 10px gray; border: 1px solid #cccccc;\">\n<h2>Besuch der Initiative \u201eKlimawald Bayreuth\u201c am RWG<\/h2>\n<p><a href=\"https:\/\/www.rwg-bayreuth.de\/home\/wp-content\/uploads\/2023\/06\/22-23-P-Seminar-Zukunftstr-baeume-Studentenvortrag.jpg\"><img loading=\"lazy\" decoding=\"async\" src=\"https:\/\/www.rwg-bayreuth.de\/home\/wp-content\/uploads\/2023\/06\/22-23-P-Seminar-Zukunftstr-baeume-Studentenvortrag-450x323.jpg\" alt=\"\" width=\"450\" height=\"323\" class=\"aligncenter size-medium wp-image-34030\" srcset=\"https:\/\/www.rwg-bayreuth.de\/home\/wp-content\/uploads\/2023\/06\/22-23-P-Seminar-Zukunftstr-baeume-Studentenvortrag-450x323.jpg 450w, https:\/\/www.rwg-bayreuth.de\/home\/wp-content\/uploads\/2023\/06\/22-23-P-Seminar-Zukunftstr-baeume-Studentenvortrag-150x108.jpg 150w, https:\/\/www.rwg-bayreuth.de\/home\/wp-content\/uploads\/2023\/06\/22-23-P-Seminar-Zukunftstr-baeume-Studentenvortrag-768x552.jpg 768w, https:\/\/www.rwg-bayreuth.de\/home\/wp-content\/uploads\/2023\/06\/22-23-P-Seminar-Zukunftstr-baeume-Studentenvortrag-250x180.jpg 250w, https:\/\/www.rwg-bayreuth.de\/home\/wp-content\/uploads\/2023\/06\/22-23-P-Seminar-Zukunftstr-baeume-Studentenvortrag.jpg 1024w\" sizes=\"(max-width: 450px) 100vw, 450px\" \/><\/a><\/p>\n<p>Uns wurde bewusst, dass es in Bayreuth noch andere Initiativen mit unserer Idee gibt. Deshalb luden wir Clarissa Schmelzle und Jana Zeppan vom \u201eKlimawald Bayreuth\u201c zu uns ein, um mehr \u00fcber die Durchf\u00fchrung von Pflanzaktionen zu erfahren. Sie erkl\u00e4rten uns auf, worauf man achten sollte und wie das Projekt am besten gelingt.<\/p>\n<\/div>\n<p>&nbsp;<\/p>\n<h2>Wie geht es weiter?<\/h2>\n<p>Als n\u00e4chstes werden wir Baumarten ausw\u00e4hlen, die sowohl auf den Boden als auch auf die Lage und die in Zukunft herrschenden klimatischen Bedingungen angepasst sind. <\/p>\n<p>Mit der Unterst\u00fctzung von Profis aber auch durch Freiwillige, die uns im Herbst beim Pflanzen helfen, freuen wir uns etwas f\u00fcr unsere gemeinsame Zukunft zu tun und auch andere Menschen auf das Thema aufmerksam zu machen. Sobald ein Pflanztermin feststeht, geben wir der gesamten Schulfamilie Bescheid und freuen uns auf die Unterst\u00fctzung vieler RWG-Klimaretter!<\/p>\n<p><em>Nele, Helena und Leonie f\u00fcr das P-Seminar Zukunfts(tr\/b)\u00e4ume<\/em><\/p>\n","protected":false},"excerpt":{"rendered":"<p>ZUKUNFTS(TR\/B)\u00c4UME, so lautet das P-Seminar der Q11 zusammen mit Herrn Thiele. Die Durchschnittstemperatur weltweit steigt seit Jahren und das Klima ver\u00e4ndert sich. Ein gro\u00dfer Faktor, der den Klimawandel best\u00e4rkt, ist das CO2 in der Atmosph\u00e4re. Neben nat\u00fcrlichen Quellen ist leider auch der Mensch ein Verursacher. Das Kohlenstoffdioxid kann zwar von B\u00e4umen in O2 umgewandelt werden,&hellip;<\/p>\n","protected":false},"author":11,"featured_media":34020,"comment_status":"closed","ping_status":"closed","sticky":false,"template":"","format":"standard","meta":{"footnotes":""},"categories":[1],"tags":[119,51,64,136],"_links":{"self":[{"href":"https:\/\/www.rwg-bayreuth.de\/home\/index.php?rest_route=\/wp\/v2\/posts\/34019"}],"collection":[{"href":"https:\/\/www.rwg-bayreuth.de\/home\/index.php?rest_route=\/wp\/v2\/posts"}],"about":[{"href":"https:\/\/www.rwg-bayreuth.de\/home\/index.php?rest_route=\/wp\/v2\/types\/post"}],"author":[{"embeddable":true,"href":"https:\/\/www.rwg-bayreuth.de\/home\/index.php?rest_route=\/wp\/v2\/users\/11"}],"replies":[{"embeddable":true,"href":"https:\/\/www.rwg-bayreuth.de\/home\/index.php?rest_route=%2Fwp%2Fv2%2Fcomments&post=34019"}],"version-history":[{"count":10,"href":"https:\/\/www.rwg-bayreuth.de\/home\/index.php?rest_route=\/wp\/v2\/posts\/34019\/revisions"}],"predecessor-version":[{"id":34036,"href":"https:\/\/www.rwg-bayreuth.de\/home\/index.php?rest_route=\/wp\/v2\/posts\/34019\/revisions\/34036"}],"wp:featuredmedia":[{"embeddable":true,"href":"https:\/\/www.rwg-bayreuth.de\/home\/index.php?rest_route=\/wp\/v2\/media\/34020"}],"wp:attachment":[{"href":"https:\/\/www.rwg-bayreuth.de\/home\/index.php?rest_route=%2Fwp%2Fv2%2Fmedia&parent=34019"}],"wp:term":[{"taxonomy":"category","embeddable":true,"href":"https:\/\/www.rwg-bayreuth.de\/home\/index.php?rest_route=%2Fwp%2Fv2%2Fcategories&post=34019"},{"taxonomy":"post_tag","embeddable":true,"href":"https:\/\/www.rwg-bayreuth.de\/home\/index.php?rest_route=%2Fwp%2Fv2%2Ftags&post=34019"}],"curies":[{"name":"wp","href":"https:\/\/api.w.org\/{rel}","templated":true}]}}