{"id":33994,"date":"2023-06-06T05:06:50","date_gmt":"2023-06-06T03:06:50","guid":{"rendered":"http:\/\/www.rwg-bayreuth.de\/home\/?p=33994"},"modified":"2025-03-06T09:30:04","modified_gmt":"2025-03-06T08:30:04","slug":"banz-begruesst-begabte","status":"publish","type":"post","link":"https:\/\/www.rwg-bayreuth.de\/home\/?p=33994","title":{"rendered":"Banz begr\u00fc\u00dft Begabte"},"content":{"rendered":"<p><a href=\"https:\/\/www.rwg-bayreuth.de\/home\/wp-content\/uploads\/2023\/06\/22-23-BegabtentagBanz-Gruppenfoto.jpg\"><img loading=\"lazy\" decoding=\"async\" src=\"https:\/\/www.rwg-bayreuth.de\/home\/wp-content\/uploads\/2023\/06\/22-23-BegabtentagBanz-Gruppenfoto-450x242.jpg\" alt=\"\" width=\"450\" height=\"242\" class=\"aligncenter size-medium wp-image-33995\" srcset=\"https:\/\/www.rwg-bayreuth.de\/home\/wp-content\/uploads\/2023\/06\/22-23-BegabtentagBanz-Gruppenfoto-450x242.jpg 450w, https:\/\/www.rwg-bayreuth.de\/home\/wp-content\/uploads\/2023\/06\/22-23-BegabtentagBanz-Gruppenfoto-150x81.jpg 150w, https:\/\/www.rwg-bayreuth.de\/home\/wp-content\/uploads\/2023\/06\/22-23-BegabtentagBanz-Gruppenfoto-768x413.jpg 768w, https:\/\/www.rwg-bayreuth.de\/home\/wp-content\/uploads\/2023\/06\/22-23-BegabtentagBanz-Gruppenfoto-250x134.jpg 250w, https:\/\/www.rwg-bayreuth.de\/home\/wp-content\/uploads\/2023\/06\/22-23-BegabtentagBanz-Gruppenfoto.jpg 1024w\" sizes=\"(max-width: 450px) 100vw, 450px\" \/><\/a><\/p>\n<p>Auf nach Bad Staffelstein, genauer gesagt zum Bildungszentrum nach Kloster Banz, hie\u00df es dieses Jahr bereits Mitte Mai: Denn es fand dort wieder der allj\u00e4hrliche oberfr\u00e4nkische Tag der Begabtenf\u00f6rderung statt, zu dem mehrere Hundert Teilnehmer\/innen aus den verschiedenen Begabtenf\u00f6rderungskursen geladen waren \u2013 mit dabei waren nat\u00fcrlich auch einige unserer Sch\u00fcler\/innen aus den 6.-10. Klassen am RWG!<\/p>\n<div class=\"su-image-carousel  su-image-carousel-columns-4 su-image-carousel-has-spacing su-image-carousel-crop su-image-carousel-crop-4-3 su-image-carousel-has-lightbox su-image-carousel-has-outline su-image-carousel-adaptive su-image-carousel-slides-style-minimal su-image-carousel-controls-style-light su-image-carousel-align-center\" style=\"\" data-flickity-options='{\"groupCells\":true,\"cellSelector\":\".su-image-carousel-item\",\"adaptiveHeight\":false,\"cellAlign\":\"left\",\"prevNextButtons\":true,\"pageDots\":false,\"autoPlay\":4000,\"imagesLoaded\":true,\"contain\":true,\"selectedAttraction\":0.025000000000000001,\"friction\":0.28000000000000003}' id=\"su_image_carousel_69f1b2b3d0ab3\"><div class=\"su-image-carousel-item\"><div class=\"su-image-carousel-item-content\"><a href=\"https:\/\/www.rwg-bayreuth.de\/home\/wp-content\/uploads\/2023\/06\/22-23-BegabtentagBanz-Banz1.jpg\" data-caption=\"\"><img loading=\"lazy\" decoding=\"async\" width=\"1024\" height=\"768\" src=\"https:\/\/www.rwg-bayreuth.de\/home\/wp-content\/uploads\/2023\/06\/22-23-BegabtentagBanz-Banz1.jpg\" class=\"\" alt=\"\" srcset=\"https:\/\/www.rwg-bayreuth.de\/home\/wp-content\/uploads\/2023\/06\/22-23-BegabtentagBanz-Banz1.jpg 1024w, https:\/\/www.rwg-bayreuth.de\/home\/wp-content\/uploads\/2023\/06\/22-23-BegabtentagBanz-Banz1-450x338.jpg 450w, https:\/\/www.rwg-bayreuth.de\/home\/wp-content\/uploads\/2023\/06\/22-23-BegabtentagBanz-Banz1-150x113.jpg 150w, https:\/\/www.rwg-bayreuth.de\/home\/wp-content\/uploads\/2023\/06\/22-23-BegabtentagBanz-Banz1-768x576.jpg 768w, https:\/\/www.rwg-bayreuth.de\/home\/wp-content\/uploads\/2023\/06\/22-23-BegabtentagBanz-Banz1-250x188.jpg 250w\" sizes=\"(max-width: 1024px) 100vw, 1024px\" \/><\/a><\/div><\/div><div class=\"su-image-carousel-item\"><div class=\"su-image-carousel-item-content\"><a href=\"https:\/\/www.rwg-bayreuth.de\/home\/wp-content\/uploads\/2023\/06\/22-23-BegabtentagBanz-Banz2.jpg\" data-caption=\"\"><img loading=\"lazy\" decoding=\"async\" width=\"768\" height=\"1024\" src=\"https:\/\/www.rwg-bayreuth.de\/home\/wp-content\/uploads\/2023\/06\/22-23-BegabtentagBanz-Banz2.jpg\" class=\"\" alt=\"\" srcset=\"https:\/\/www.rwg-bayreuth.de\/home\/wp-content\/uploads\/2023\/06\/22-23-BegabtentagBanz-Banz2.jpg 768w, https:\/\/www.rwg-bayreuth.de\/home\/wp-content\/uploads\/2023\/06\/22-23-BegabtentagBanz-Banz2-338x450.jpg 338w, https:\/\/www.rwg-bayreuth.de\/home\/wp-content\/uploads\/2023\/06\/22-23-BegabtentagBanz-Banz2-113x150.jpg 113w, https:\/\/www.rwg-bayreuth.de\/home\/wp-content\/uploads\/2023\/06\/22-23-BegabtentagBanz-Banz2-250x333.jpg 250w\" sizes=\"(max-width: 768px) 100vw, 768px\" \/><\/a><\/div><\/div><div class=\"su-image-carousel-item\"><div class=\"su-image-carousel-item-content\"><a href=\"https:\/\/www.rwg-bayreuth.de\/home\/wp-content\/uploads\/2023\/06\/22-23-BegabtentagBanz-Banz3.jpg\" data-caption=\"\"><img loading=\"lazy\" decoding=\"async\" width=\"768\" height=\"1024\" src=\"https:\/\/www.rwg-bayreuth.de\/home\/wp-content\/uploads\/2023\/06\/22-23-BegabtentagBanz-Banz3.jpg\" class=\"\" alt=\"\" srcset=\"https:\/\/www.rwg-bayreuth.de\/home\/wp-content\/uploads\/2023\/06\/22-23-BegabtentagBanz-Banz3.jpg 768w, https:\/\/www.rwg-bayreuth.de\/home\/wp-content\/uploads\/2023\/06\/22-23-BegabtentagBanz-Banz3-338x450.jpg 338w, https:\/\/www.rwg-bayreuth.de\/home\/wp-content\/uploads\/2023\/06\/22-23-BegabtentagBanz-Banz3-113x150.jpg 113w, https:\/\/www.rwg-bayreuth.de\/home\/wp-content\/uploads\/2023\/06\/22-23-BegabtentagBanz-Banz3-250x333.jpg 250w\" sizes=\"(max-width: 768px) 100vw, 768px\" \/><\/a><\/div><\/div><div class=\"su-image-carousel-item\"><div class=\"su-image-carousel-item-content\"><a href=\"https:\/\/www.rwg-bayreuth.de\/home\/wp-content\/uploads\/2023\/06\/22-23-BegabtentagBanz-Banz4.jpg\" data-caption=\"\"><img loading=\"lazy\" decoding=\"async\" width=\"1024\" height=\"768\" src=\"https:\/\/www.rwg-bayreuth.de\/home\/wp-content\/uploads\/2023\/06\/22-23-BegabtentagBanz-Banz4.jpg\" class=\"\" alt=\"\" srcset=\"https:\/\/www.rwg-bayreuth.de\/home\/wp-content\/uploads\/2023\/06\/22-23-BegabtentagBanz-Banz4.jpg 1024w, https:\/\/www.rwg-bayreuth.de\/home\/wp-content\/uploads\/2023\/06\/22-23-BegabtentagBanz-Banz4-450x338.jpg 450w, https:\/\/www.rwg-bayreuth.de\/home\/wp-content\/uploads\/2023\/06\/22-23-BegabtentagBanz-Banz4-150x113.jpg 150w, https:\/\/www.rwg-bayreuth.de\/home\/wp-content\/uploads\/2023\/06\/22-23-BegabtentagBanz-Banz4-768x576.jpg 768w, https:\/\/www.rwg-bayreuth.de\/home\/wp-content\/uploads\/2023\/06\/22-23-BegabtentagBanz-Banz4-250x188.jpg 250w\" sizes=\"(max-width: 1024px) 100vw, 1024px\" \/><\/a><\/div><\/div><\/div><script id=\"su_image_carousel_69f1b2b3d0ab3_script\">if(window.SUImageCarousel){setTimeout(function() {window.SUImageCarousel.initGallery(document.getElementById(\"su_image_carousel_69f1b2b3d0ab3\"))}, 0);}var su_image_carousel_69f1b2b3d0ab3_script=document.getElementById(\"su_image_carousel_69f1b2b3d0ab3_script\");if(su_image_carousel_69f1b2b3d0ab3_script){su_image_carousel_69f1b2b3d0ab3_script.parentNode.removeChild(su_image_carousel_69f1b2b3d0ab3_script);}<\/script>\n<p>Begleitet von ihren Kursleiter(inne)n bzw. Betreuungslehrkr\u00e4ften trafen sich die Teilnehmer\/innen s\u00e4mtlicher Bayreuther Gymnasien am Volksfestplatz, um sich von dort aus per Bus gemeinsam auf den Weg zu einem gleicherma\u00dfen interessanten, wie kurzweiligen Veranstaltungstag zu machen. Das diesj\u00e4hrige Rahmenthema \u201aKommunikation\u2018 gestaltete sich dabei im Zeitalter der Digitalisierung h\u00f6chst aktuell!<\/p>\n<p>Vor Ort folgte nach einer kurzen Begr\u00fc\u00dfung aller Teilnehmenden durch den Ministerialbeauftragten f\u00fcr die Gymnasien in Oberfranken, Herrn Dr. Vorleuter, der Einf\u00fchrungsvortrag zum Thema: Frau Prof. Dr. Weinert vom Lehrstuhl Entwicklungspsychologie der Otto-Friedrich-Universit\u00e4t Bamberg referierte hierzu im gro\u00dfen Plenum \u00fcber die Entwicklung bzw. wichtige Bedeutung des Spracherwerbs im Kindesalter.<\/p>\n<p>Im Anschluss daran ging es in die Workshop-Phase, f\u00fcr die sich die Sch\u00fcler\/innen im Vorfeld eines der vielf\u00e4ltigen, unterschiedlichsten Angebote ausw\u00e4hlen konnten: Das bunte Spektrum der Inhalte beinhaltete hierbei neben Amateurfunk, Geb\u00e4rdensprache bzw. Brailleschrift, den verschiedenen Facetten der Kommunikation (u.a. interkulturell, digital, Kommunizieren im Team bzw. die Bedeutung der Physik f\u00fcr Kommunikation) auch Techniken des \u201aCode-Knackens\u2018 sowie die Entschl\u00fcsselung \u00e4gyptischer Hieroglyphen, bis hin zur St\u00e4rkung von Pr\u00e4sentationskompetenzen im schulischen Kontext u.v.m.<\/p>\n<p>Und weil ein solch intensives Arbeiten der wissbegierigen Teilnehmer\/innen auch ordentlich hungrig macht, war zwischendurch in einer Mittagspause nat\u00fcrlich auch wieder eine leckere Buffetverpflegung geboten! Au\u00dferdem war die Maintalterrasse f\u00fcr alle Besucher ge\u00f6ffnet, um dort u.a. sich mit den weiteren Teilnehmer\/innen im Gespr\u00e4ch auszutauschen oder aber um Panoramafotos der malerisch-idyllischen Landschaft rund um die ehemalige Benediktinerabtei auf dem Banzberg zu machen\u2026<\/p>\n<div class=\"su-image-carousel  su-image-carousel-columns-4 su-image-carousel-has-spacing su-image-carousel-crop su-image-carousel-crop-4-3 su-image-carousel-has-lightbox su-image-carousel-has-outline su-image-carousel-adaptive su-image-carousel-slides-style-minimal su-image-carousel-controls-style-light su-image-carousel-align-center\" style=\"\" data-flickity-options='{\"groupCells\":true,\"cellSelector\":\".su-image-carousel-item\",\"adaptiveHeight\":false,\"cellAlign\":\"left\",\"prevNextButtons\":true,\"pageDots\":false,\"autoPlay\":4000,\"imagesLoaded\":true,\"contain\":true,\"selectedAttraction\":0.025000000000000001,\"friction\":0.28000000000000003}' id=\"su_image_carousel_69f1b2b3d0e66\"><div class=\"su-image-carousel-item\"><div class=\"su-image-carousel-item-content\"><a href=\"https:\/\/www.rwg-bayreuth.de\/home\/wp-content\/uploads\/2023\/06\/22-23-BegabtentagBanz-Landschaft1.jpg\" data-caption=\"\"><img loading=\"lazy\" decoding=\"async\" width=\"1024\" height=\"768\" src=\"https:\/\/www.rwg-bayreuth.de\/home\/wp-content\/uploads\/2023\/06\/22-23-BegabtentagBanz-Landschaft1.jpg\" class=\"\" alt=\"\" srcset=\"https:\/\/www.rwg-bayreuth.de\/home\/wp-content\/uploads\/2023\/06\/22-23-BegabtentagBanz-Landschaft1.jpg 1024w, https:\/\/www.rwg-bayreuth.de\/home\/wp-content\/uploads\/2023\/06\/22-23-BegabtentagBanz-Landschaft1-450x338.jpg 450w, https:\/\/www.rwg-bayreuth.de\/home\/wp-content\/uploads\/2023\/06\/22-23-BegabtentagBanz-Landschaft1-150x113.jpg 150w, https:\/\/www.rwg-bayreuth.de\/home\/wp-content\/uploads\/2023\/06\/22-23-BegabtentagBanz-Landschaft1-768x576.jpg 768w, https:\/\/www.rwg-bayreuth.de\/home\/wp-content\/uploads\/2023\/06\/22-23-BegabtentagBanz-Landschaft1-250x188.jpg 250w\" sizes=\"(max-width: 1024px) 100vw, 1024px\" \/><\/a><\/div><\/div><div class=\"su-image-carousel-item\"><div class=\"su-image-carousel-item-content\"><a href=\"https:\/\/www.rwg-bayreuth.de\/home\/wp-content\/uploads\/2023\/06\/22-23-BegabtentagBanz-Landschaft3.jpg\" data-caption=\"\"><img loading=\"lazy\" decoding=\"async\" width=\"1024\" height=\"768\" src=\"https:\/\/www.rwg-bayreuth.de\/home\/wp-content\/uploads\/2023\/06\/22-23-BegabtentagBanz-Landschaft3.jpg\" class=\"\" alt=\"\" srcset=\"https:\/\/www.rwg-bayreuth.de\/home\/wp-content\/uploads\/2023\/06\/22-23-BegabtentagBanz-Landschaft3.jpg 1024w, https:\/\/www.rwg-bayreuth.de\/home\/wp-content\/uploads\/2023\/06\/22-23-BegabtentagBanz-Landschaft3-450x338.jpg 450w, https:\/\/www.rwg-bayreuth.de\/home\/wp-content\/uploads\/2023\/06\/22-23-BegabtentagBanz-Landschaft3-150x113.jpg 150w, https:\/\/www.rwg-bayreuth.de\/home\/wp-content\/uploads\/2023\/06\/22-23-BegabtentagBanz-Landschaft3-768x576.jpg 768w, https:\/\/www.rwg-bayreuth.de\/home\/wp-content\/uploads\/2023\/06\/22-23-BegabtentagBanz-Landschaft3-250x188.jpg 250w\" sizes=\"(max-width: 1024px) 100vw, 1024px\" \/><\/a><\/div><\/div><div class=\"su-image-carousel-item\"><div class=\"su-image-carousel-item-content\"><a href=\"https:\/\/www.rwg-bayreuth.de\/home\/wp-content\/uploads\/2023\/06\/22-23-BegabtentagBanz-Landschaft4.jpg\" data-caption=\"\"><img loading=\"lazy\" decoding=\"async\" width=\"1024\" height=\"768\" src=\"https:\/\/www.rwg-bayreuth.de\/home\/wp-content\/uploads\/2023\/06\/22-23-BegabtentagBanz-Landschaft4.jpg\" class=\"\" alt=\"\" srcset=\"https:\/\/www.rwg-bayreuth.de\/home\/wp-content\/uploads\/2023\/06\/22-23-BegabtentagBanz-Landschaft4.jpg 1024w, https:\/\/www.rwg-bayreuth.de\/home\/wp-content\/uploads\/2023\/06\/22-23-BegabtentagBanz-Landschaft4-450x338.jpg 450w, https:\/\/www.rwg-bayreuth.de\/home\/wp-content\/uploads\/2023\/06\/22-23-BegabtentagBanz-Landschaft4-150x113.jpg 150w, https:\/\/www.rwg-bayreuth.de\/home\/wp-content\/uploads\/2023\/06\/22-23-BegabtentagBanz-Landschaft4-768x576.jpg 768w, https:\/\/www.rwg-bayreuth.de\/home\/wp-content\/uploads\/2023\/06\/22-23-BegabtentagBanz-Landschaft4-250x188.jpg 250w\" sizes=\"(max-width: 1024px) 100vw, 1024px\" \/><\/a><\/div><\/div><div class=\"su-image-carousel-item\"><div class=\"su-image-carousel-item-content\"><a href=\"https:\/\/www.rwg-bayreuth.de\/home\/wp-content\/uploads\/2023\/06\/22-23-BegabtentagBanz-Mittagspause.jpg\" data-caption=\"\"><img loading=\"lazy\" decoding=\"async\" width=\"1024\" height=\"768\" src=\"https:\/\/www.rwg-bayreuth.de\/home\/wp-content\/uploads\/2023\/06\/22-23-BegabtentagBanz-Mittagspause.jpg\" class=\"\" alt=\"\" srcset=\"https:\/\/www.rwg-bayreuth.de\/home\/wp-content\/uploads\/2023\/06\/22-23-BegabtentagBanz-Mittagspause.jpg 1024w, https:\/\/www.rwg-bayreuth.de\/home\/wp-content\/uploads\/2023\/06\/22-23-BegabtentagBanz-Mittagspause-450x338.jpg 450w, https:\/\/www.rwg-bayreuth.de\/home\/wp-content\/uploads\/2023\/06\/22-23-BegabtentagBanz-Mittagspause-150x113.jpg 150w, https:\/\/www.rwg-bayreuth.de\/home\/wp-content\/uploads\/2023\/06\/22-23-BegabtentagBanz-Mittagspause-768x576.jpg 768w, https:\/\/www.rwg-bayreuth.de\/home\/wp-content\/uploads\/2023\/06\/22-23-BegabtentagBanz-Mittagspause-250x188.jpg 250w\" sizes=\"(max-width: 1024px) 100vw, 1024px\" \/><\/a><\/div><\/div><\/div><script id=\"su_image_carousel_69f1b2b3d0e66_script\">if(window.SUImageCarousel){setTimeout(function() {window.SUImageCarousel.initGallery(document.getElementById(\"su_image_carousel_69f1b2b3d0e66\"))}, 0);}var su_image_carousel_69f1b2b3d0e66_script=document.getElementById(\"su_image_carousel_69f1b2b3d0e66_script\");if(su_image_carousel_69f1b2b3d0e66_script){su_image_carousel_69f1b2b3d0e66_script.parentNode.removeChild(su_image_carousel_69f1b2b3d0e66_script);}<\/script>\n<p>\u2026, bevor sich dann \u2013 frisch gest\u00e4rkt f\u00fcr den Nachmittag \u2013  die \u201a2. Runde\u2018 der Workshops anschloss.<br \/>\nMit sicherlich einem reichen Input an neuem Wissen und Erfahrungen trat die Gruppe schlie\u00dflich gut gelaunt die Heimreise an \u2013 auf ein Wiedersehen hoffentlich im n\u00e4chsten Schuljahr :-)!<\/p>\n<p><em>S. Track<\/em><\/p>\n","protected":false},"excerpt":{"rendered":"<p>Auf nach Bad Staffelstein, genauer gesagt zum Bildungszentrum nach Kloster Banz, hie\u00df es dieses Jahr bereits Mitte Mai: Denn es fand dort wieder der allj\u00e4hrliche oberfr\u00e4nkische Tag der Begabtenf\u00f6rderung statt, zu dem mehrere Hundert Teilnehmer\/innen aus den verschiedenen Begabtenf\u00f6rderungskursen geladen waren \u2013 mit dabei waren nat\u00fcrlich auch einige unserer Sch\u00fcler\/innen aus den 6.-10. Klassen am&hellip;<\/p>\n","protected":false},"author":11,"featured_media":34005,"comment_status":"closed","ping_status":"closed","sticky":false,"template":"","format":"standard","meta":{"footnotes":""},"categories":[1],"tags":[155,51],"_links":{"self":[{"href":"https:\/\/www.rwg-bayreuth.de\/home\/index.php?rest_route=\/wp\/v2\/posts\/33994"}],"collection":[{"href":"https:\/\/www.rwg-bayreuth.de\/home\/index.php?rest_route=\/wp\/v2\/posts"}],"about":[{"href":"https:\/\/www.rwg-bayreuth.de\/home\/index.php?rest_route=\/wp\/v2\/types\/post"}],"author":[{"embeddable":true,"href":"https:\/\/www.rwg-bayreuth.de\/home\/index.php?rest_route=\/wp\/v2\/users\/11"}],"replies":[{"embeddable":true,"href":"https:\/\/www.rwg-bayreuth.de\/home\/index.php?rest_route=%2Fwp%2Fv2%2Fcomments&post=33994"}],"version-history":[{"count":1,"href":"https:\/\/www.rwg-bayreuth.de\/home\/index.php?rest_route=\/wp\/v2\/posts\/33994\/revisions"}],"predecessor-version":[{"id":34004,"href":"https:\/\/www.rwg-bayreuth.de\/home\/index.php?rest_route=\/wp\/v2\/posts\/33994\/revisions\/34004"}],"wp:featuredmedia":[{"embeddable":true,"href":"https:\/\/www.rwg-bayreuth.de\/home\/index.php?rest_route=\/wp\/v2\/media\/34005"}],"wp:attachment":[{"href":"https:\/\/www.rwg-bayreuth.de\/home\/index.php?rest_route=%2Fwp%2Fv2%2Fmedia&parent=33994"}],"wp:term":[{"taxonomy":"category","embeddable":true,"href":"https:\/\/www.rwg-bayreuth.de\/home\/index.php?rest_route=%2Fwp%2Fv2%2Fcategories&post=33994"},{"taxonomy":"post_tag","embeddable":true,"href":"https:\/\/www.rwg-bayreuth.de\/home\/index.php?rest_route=%2Fwp%2Fv2%2Ftags&post=33994"}],"curies":[{"name":"wp","href":"https:\/\/api.w.org\/{rel}","templated":true}]}}