{"id":33940,"date":"2023-04-25T06:24:34","date_gmt":"2023-04-25T04:24:34","guid":{"rendered":"http:\/\/www.rwg-bayreuth.de\/home\/?p=33940"},"modified":"2024-01-22T16:18:23","modified_gmt":"2024-01-22T15:18:23","slug":"welttag-des-buches-lies-mal-wieder","status":"publish","type":"post","link":"https:\/\/www.rwg-bayreuth.de\/home\/?p=33940","title":{"rendered":"Welttag des Buches: Lies mal wieder!"},"content":{"rendered":"<p><a href=\"https:\/\/www.rwg-bayreuth.de\/home\/wp-content\/uploads\/2023\/05\/22-23-Deutsch-Gruppenfoto.jpg\"><img loading=\"lazy\" decoding=\"async\" src=\"https:\/\/www.rwg-bayreuth.de\/home\/wp-content\/uploads\/2023\/05\/22-23-Deutsch-Gruppenfoto-450x300.jpg\" alt=\"\" width=\"450\" height=\"300\" class=\"aligncenter size-medium wp-image-33943\" srcset=\"https:\/\/www.rwg-bayreuth.de\/home\/wp-content\/uploads\/2023\/05\/22-23-Deutsch-Gruppenfoto-450x300.jpg 450w, https:\/\/www.rwg-bayreuth.de\/home\/wp-content\/uploads\/2023\/05\/22-23-Deutsch-Gruppenfoto-150x100.jpg 150w, https:\/\/www.rwg-bayreuth.de\/home\/wp-content\/uploads\/2023\/05\/22-23-Deutsch-Gruppenfoto-768x512.jpg 768w, https:\/\/www.rwg-bayreuth.de\/home\/wp-content\/uploads\/2023\/05\/22-23-Deutsch-Gruppenfoto-250x167.jpg 250w, https:\/\/www.rwg-bayreuth.de\/home\/wp-content\/uploads\/2023\/05\/22-23-Deutsch-Gruppenfoto-900x600.jpg 900w, https:\/\/www.rwg-bayreuth.de\/home\/wp-content\/uploads\/2023\/05\/22-23-Deutsch-Gruppenfoto.jpg 1024w\" sizes=\"(max-width: 450px) 100vw, 450px\" \/><\/a><\/p>\n<p>Allj\u00e4hrlich wird am 23. April mit dem Welttag des Buches an eine regionale Tradition erinnert, die zu einem internationalen Ereignis geworden ist: Seinen Ursprung hat der Feiertag f\u00fcr das Buch in einem katalanischen Brauch, wonach sich die Menschen zum Namenstag des Volksheiligen St. Jordi (Sankt Georg) zun\u00e4chst Rosen und sp\u00e4ter auch B\u00fccher verschenkten.<\/p>\n<p>Mittlerweile ist es am RWG dabei l\u00e4ngst zu einer festen Tradition geworden, vor dem Hintergrund dieses besonderen Tages, der seit 1995 durch Festlegung der UNESCO als offizieller Welttag bestimmt wurde, gemeinsam mit der Klasse eine Buchhandlung zu besuchen. Teilweise war dem Besuch auch das F\u00fchren eines Medientagebuches \u00fcber einen vorab festgelegten Zeitraum vorausgegangen, um feststellen zu k\u00f6nnen, wie viele Minuten in der Woche \u00fcberhaupt noch zum Medium Buch gegriffen wird\u2026 &#8211; was hierbei genau herausgekommen ist, wird jedoch im Einzelnen an dieser Stelle nicht verraten. \ud83d\ude09 Zudem hatten die Sch\u00fcler\/innen u.a. in der Klasse zusammengetragen, welche B\u00fccher derzeit von F\u00fcnftkl\u00e4ssler(inne)n gerne gelesen werden und ihre eigenen Lieblingsb\u00fccher genannt.  <\/p>\n<div class=\"su-image-carousel  su-image-carousel-columns-3 su-image-carousel-has-spacing su-image-carousel-crop su-image-carousel-crop-4-3 su-image-carousel-has-lightbox su-image-carousel-has-outline su-image-carousel-adaptive su-image-carousel-slides-style-minimal su-image-carousel-controls-style-light su-image-carousel-align-none\" style=\"\" data-flickity-options='{\"groupCells\":true,\"cellSelector\":\".su-image-carousel-item\",\"adaptiveHeight\":false,\"cellAlign\":\"left\",\"prevNextButtons\":true,\"pageDots\":false,\"autoPlay\":4000,\"imagesLoaded\":true,\"contain\":true,\"selectedAttraction\":0.025000000000000001,\"friction\":0.28000000000000003}' id=\"su_image_carousel_69f1ef614d00c\"><div class=\"su-image-carousel-item\"><div class=\"su-image-carousel-item-content\"><a href=\"https:\/\/www.rwg-bayreuth.de\/home\/wp-content\/uploads\/2023\/05\/22-23-Deutsch-Einfuehrung.jpg\" data-caption=\"\"><img loading=\"lazy\" decoding=\"async\" width=\"1024\" height=\"768\" src=\"https:\/\/www.rwg-bayreuth.de\/home\/wp-content\/uploads\/2023\/05\/22-23-Deutsch-Einfuehrung.jpg\" class=\"\" alt=\"\" srcset=\"https:\/\/www.rwg-bayreuth.de\/home\/wp-content\/uploads\/2023\/05\/22-23-Deutsch-Einfuehrung.jpg 1024w, https:\/\/www.rwg-bayreuth.de\/home\/wp-content\/uploads\/2023\/05\/22-23-Deutsch-Einfuehrung-450x338.jpg 450w, https:\/\/www.rwg-bayreuth.de\/home\/wp-content\/uploads\/2023\/05\/22-23-Deutsch-Einfuehrung-150x113.jpg 150w, https:\/\/www.rwg-bayreuth.de\/home\/wp-content\/uploads\/2023\/05\/22-23-Deutsch-Einfuehrung-768x576.jpg 768w, https:\/\/www.rwg-bayreuth.de\/home\/wp-content\/uploads\/2023\/05\/22-23-Deutsch-Einfuehrung-250x188.jpg 250w, https:\/\/www.rwg-bayreuth.de\/home\/wp-content\/uploads\/2023\/05\/22-23-Deutsch-Einfuehrung-600x450.jpg 600w\" sizes=\"(max-width: 1024px) 100vw, 1024px\" \/><\/a><\/div><\/div><div class=\"su-image-carousel-item\"><div class=\"su-image-carousel-item-content\"><a href=\"https:\/\/www.rwg-bayreuth.de\/home\/wp-content\/uploads\/2023\/05\/22-23-Deutsch-Einfuehrung2.jpg\" data-caption=\"\"><img loading=\"lazy\" decoding=\"async\" width=\"1024\" height=\"768\" src=\"https:\/\/www.rwg-bayreuth.de\/home\/wp-content\/uploads\/2023\/05\/22-23-Deutsch-Einfuehrung2.jpg\" class=\"\" alt=\"\" srcset=\"https:\/\/www.rwg-bayreuth.de\/home\/wp-content\/uploads\/2023\/05\/22-23-Deutsch-Einfuehrung2.jpg 1024w, https:\/\/www.rwg-bayreuth.de\/home\/wp-content\/uploads\/2023\/05\/22-23-Deutsch-Einfuehrung2-450x338.jpg 450w, https:\/\/www.rwg-bayreuth.de\/home\/wp-content\/uploads\/2023\/05\/22-23-Deutsch-Einfuehrung2-150x113.jpg 150w, https:\/\/www.rwg-bayreuth.de\/home\/wp-content\/uploads\/2023\/05\/22-23-Deutsch-Einfuehrung2-768x576.jpg 768w, https:\/\/www.rwg-bayreuth.de\/home\/wp-content\/uploads\/2023\/05\/22-23-Deutsch-Einfuehrung2-250x188.jpg 250w, https:\/\/www.rwg-bayreuth.de\/home\/wp-content\/uploads\/2023\/05\/22-23-Deutsch-Einfuehrung2-600x450.jpg 600w\" sizes=\"(max-width: 1024px) 100vw, 1024px\" \/><\/a><\/div><\/div><div class=\"su-image-carousel-item\"><div class=\"su-image-carousel-item-content\"><a href=\"https:\/\/www.rwg-bayreuth.de\/home\/wp-content\/uploads\/2023\/05\/22-23-Deutsch-Einfuehrung3.jpg\" data-caption=\"\"><img loading=\"lazy\" decoding=\"async\" width=\"1024\" height=\"768\" src=\"https:\/\/www.rwg-bayreuth.de\/home\/wp-content\/uploads\/2023\/05\/22-23-Deutsch-Einfuehrung3.jpg\" class=\"\" alt=\"\" srcset=\"https:\/\/www.rwg-bayreuth.de\/home\/wp-content\/uploads\/2023\/05\/22-23-Deutsch-Einfuehrung3.jpg 1024w, https:\/\/www.rwg-bayreuth.de\/home\/wp-content\/uploads\/2023\/05\/22-23-Deutsch-Einfuehrung3-450x338.jpg 450w, https:\/\/www.rwg-bayreuth.de\/home\/wp-content\/uploads\/2023\/05\/22-23-Deutsch-Einfuehrung3-150x113.jpg 150w, https:\/\/www.rwg-bayreuth.de\/home\/wp-content\/uploads\/2023\/05\/22-23-Deutsch-Einfuehrung3-768x576.jpg 768w, https:\/\/www.rwg-bayreuth.de\/home\/wp-content\/uploads\/2023\/05\/22-23-Deutsch-Einfuehrung3-250x188.jpg 250w, https:\/\/www.rwg-bayreuth.de\/home\/wp-content\/uploads\/2023\/05\/22-23-Deutsch-Einfuehrung3-600x450.jpg 600w\" sizes=\"(max-width: 1024px) 100vw, 1024px\" \/><\/a><\/div><\/div><\/div><script id=\"su_image_carousel_69f1ef614d00c_script\">if(window.SUImageCarousel){setTimeout(function() {window.SUImageCarousel.initGallery(document.getElementById(\"su_image_carousel_69f1ef614d00c\"))}, 0);}var su_image_carousel_69f1ef614d00c_script=document.getElementById(\"su_image_carousel_69f1ef614d00c_script\");if(su_image_carousel_69f1ef614d00c_script){su_image_carousel_69f1ef614d00c_script.parentNode.removeChild(su_image_carousel_69f1ef614d00c_script);}<\/script>\n<p>Somit machten sich die F\u00fcnftkl\u00e4ssler\/innen nun mit ihren Deutschlehrer(inne)n auf den Weg in eine der Buchhandlungen in der Innenstadt: Die Klasse 5c besuchte dabei Anfang Mai die Buchhandlung Breuer &#038; Sohn. Dort angekommen gab es bei bestem Wetter eine kurze, sehr informative  Einf\u00fchrung im Freien auf gem\u00fctlichen Sitzkissen: Die Kinder lernten dabei allerhand \u00fcber die konkreten Arbeitsschritte, die bei der Entstehung eines Buches n\u00f6tig sind \u2013 angefangen von der Idee des Autors, \u00fcber die einzelnen Stationen innerhalb eines Verlags, bis hin zum endg\u00fcltigen Druck des Leseexemplars, das es schlie\u00dflich in der Buchhandlung zu kaufen gibt. Nat\u00fcrlich wurde w\u00e4hrenddessen auch das eine oder andere Buch als Beispiel gezeigt und zur Ansicht in der Gruppe herumgereicht.Im Anschluss durften sich die Sch\u00fcler\/innen ausgiebig in der kleinen, aber feinen Buchhandlung umsehen, neue Lesestoffe entdecken und dabei gleich richtig in die  B\u00fccherwelten eintauchen bzw. in den Texten schm\u00f6kern  \u2013 und wer wollte, konnte sich selbstverst\u00e4ndlich an diesem Vormittag gleich neues \u201aLesefutter\u2018 f\u00fcr zuhause kaufen!<\/p>\n<div class=\"su-image-carousel  su-image-carousel-columns-3 su-image-carousel-has-spacing su-image-carousel-crop su-image-carousel-crop-4-3 su-image-carousel-has-lightbox su-image-carousel-has-outline su-image-carousel-adaptive su-image-carousel-slides-style-minimal su-image-carousel-controls-style-light su-image-carousel-align-none\" style=\"\" data-flickity-options='{\"groupCells\":true,\"cellSelector\":\".su-image-carousel-item\",\"adaptiveHeight\":false,\"cellAlign\":\"left\",\"prevNextButtons\":true,\"pageDots\":false,\"autoPlay\":4000,\"imagesLoaded\":true,\"contain\":true,\"selectedAttraction\":0.025000000000000001,\"friction\":0.28000000000000003}' id=\"su_image_carousel_69f1ef614d57e\"><div class=\"su-image-carousel-item\"><div class=\"su-image-carousel-item-content\"><a href=\"https:\/\/www.rwg-bayreuth.de\/home\/wp-content\/uploads\/2023\/05\/22-23-Deutsch-Buchladen1.jpg\" data-caption=\"\"><img loading=\"lazy\" decoding=\"async\" width=\"1024\" height=\"768\" src=\"https:\/\/www.rwg-bayreuth.de\/home\/wp-content\/uploads\/2023\/05\/22-23-Deutsch-Buchladen1.jpg\" class=\"\" alt=\"\" srcset=\"https:\/\/www.rwg-bayreuth.de\/home\/wp-content\/uploads\/2023\/05\/22-23-Deutsch-Buchladen1.jpg 1024w, https:\/\/www.rwg-bayreuth.de\/home\/wp-content\/uploads\/2023\/05\/22-23-Deutsch-Buchladen1-450x338.jpg 450w, https:\/\/www.rwg-bayreuth.de\/home\/wp-content\/uploads\/2023\/05\/22-23-Deutsch-Buchladen1-150x113.jpg 150w, https:\/\/www.rwg-bayreuth.de\/home\/wp-content\/uploads\/2023\/05\/22-23-Deutsch-Buchladen1-768x576.jpg 768w, https:\/\/www.rwg-bayreuth.de\/home\/wp-content\/uploads\/2023\/05\/22-23-Deutsch-Buchladen1-250x188.jpg 250w\" sizes=\"(max-width: 1024px) 100vw, 1024px\" \/><\/a><\/div><\/div><div class=\"su-image-carousel-item\"><div class=\"su-image-carousel-item-content\"><a href=\"https:\/\/www.rwg-bayreuth.de\/home\/wp-content\/uploads\/2023\/05\/22-23-Deutsch-Buchladen2.jpg\" data-caption=\"\"><img loading=\"lazy\" decoding=\"async\" width=\"1024\" height=\"768\" src=\"https:\/\/www.rwg-bayreuth.de\/home\/wp-content\/uploads\/2023\/05\/22-23-Deutsch-Buchladen2.jpg\" class=\"\" alt=\"\" srcset=\"https:\/\/www.rwg-bayreuth.de\/home\/wp-content\/uploads\/2023\/05\/22-23-Deutsch-Buchladen2.jpg 1024w, https:\/\/www.rwg-bayreuth.de\/home\/wp-content\/uploads\/2023\/05\/22-23-Deutsch-Buchladen2-450x338.jpg 450w, https:\/\/www.rwg-bayreuth.de\/home\/wp-content\/uploads\/2023\/05\/22-23-Deutsch-Buchladen2-150x113.jpg 150w, https:\/\/www.rwg-bayreuth.de\/home\/wp-content\/uploads\/2023\/05\/22-23-Deutsch-Buchladen2-768x576.jpg 768w, https:\/\/www.rwg-bayreuth.de\/home\/wp-content\/uploads\/2023\/05\/22-23-Deutsch-Buchladen2-250x188.jpg 250w\" sizes=\"(max-width: 1024px) 100vw, 1024px\" \/><\/a><\/div><\/div><div class=\"su-image-carousel-item\"><div class=\"su-image-carousel-item-content\"><a href=\"https:\/\/www.rwg-bayreuth.de\/home\/wp-content\/uploads\/2023\/05\/22-23-Deutsch-Buchladen3.jpg\" data-caption=\"\"><img loading=\"lazy\" decoding=\"async\" width=\"1024\" height=\"768\" src=\"https:\/\/www.rwg-bayreuth.de\/home\/wp-content\/uploads\/2023\/05\/22-23-Deutsch-Buchladen3.jpg\" class=\"\" alt=\"\" srcset=\"https:\/\/www.rwg-bayreuth.de\/home\/wp-content\/uploads\/2023\/05\/22-23-Deutsch-Buchladen3.jpg 1024w, https:\/\/www.rwg-bayreuth.de\/home\/wp-content\/uploads\/2023\/05\/22-23-Deutsch-Buchladen3-450x338.jpg 450w, https:\/\/www.rwg-bayreuth.de\/home\/wp-content\/uploads\/2023\/05\/22-23-Deutsch-Buchladen3-150x113.jpg 150w, https:\/\/www.rwg-bayreuth.de\/home\/wp-content\/uploads\/2023\/05\/22-23-Deutsch-Buchladen3-768x576.jpg 768w, https:\/\/www.rwg-bayreuth.de\/home\/wp-content\/uploads\/2023\/05\/22-23-Deutsch-Buchladen3-250x188.jpg 250w\" sizes=\"(max-width: 1024px) 100vw, 1024px\" \/><\/a><\/div><\/div><div class=\"su-image-carousel-item\"><div class=\"su-image-carousel-item-content\"><a href=\"https:\/\/www.rwg-bayreuth.de\/home\/wp-content\/uploads\/2023\/05\/22-23-Deutsch-Buchladen4.jpg\" data-caption=\"\"><img loading=\"lazy\" decoding=\"async\" width=\"1024\" height=\"768\" src=\"https:\/\/www.rwg-bayreuth.de\/home\/wp-content\/uploads\/2023\/05\/22-23-Deutsch-Buchladen4.jpg\" class=\"\" alt=\"\" srcset=\"https:\/\/www.rwg-bayreuth.de\/home\/wp-content\/uploads\/2023\/05\/22-23-Deutsch-Buchladen4.jpg 1024w, https:\/\/www.rwg-bayreuth.de\/home\/wp-content\/uploads\/2023\/05\/22-23-Deutsch-Buchladen4-450x338.jpg 450w, https:\/\/www.rwg-bayreuth.de\/home\/wp-content\/uploads\/2023\/05\/22-23-Deutsch-Buchladen4-150x113.jpg 150w, https:\/\/www.rwg-bayreuth.de\/home\/wp-content\/uploads\/2023\/05\/22-23-Deutsch-Buchladen4-768x576.jpg 768w, https:\/\/www.rwg-bayreuth.de\/home\/wp-content\/uploads\/2023\/05\/22-23-Deutsch-Buchladen4-250x188.jpg 250w\" sizes=\"(max-width: 1024px) 100vw, 1024px\" \/><\/a><\/div><\/div><div class=\"su-image-carousel-item\"><div class=\"su-image-carousel-item-content\"><a href=\"https:\/\/www.rwg-bayreuth.de\/home\/wp-content\/uploads\/2023\/05\/22-23-Deutsch-Buchladen5.jpg\" data-caption=\"\"><img loading=\"lazy\" decoding=\"async\" width=\"1024\" height=\"768\" src=\"https:\/\/www.rwg-bayreuth.de\/home\/wp-content\/uploads\/2023\/05\/22-23-Deutsch-Buchladen5.jpg\" class=\"\" alt=\"\" srcset=\"https:\/\/www.rwg-bayreuth.de\/home\/wp-content\/uploads\/2023\/05\/22-23-Deutsch-Buchladen5.jpg 1024w, https:\/\/www.rwg-bayreuth.de\/home\/wp-content\/uploads\/2023\/05\/22-23-Deutsch-Buchladen5-450x338.jpg 450w, https:\/\/www.rwg-bayreuth.de\/home\/wp-content\/uploads\/2023\/05\/22-23-Deutsch-Buchladen5-150x113.jpg 150w, https:\/\/www.rwg-bayreuth.de\/home\/wp-content\/uploads\/2023\/05\/22-23-Deutsch-Buchladen5-768x576.jpg 768w, https:\/\/www.rwg-bayreuth.de\/home\/wp-content\/uploads\/2023\/05\/22-23-Deutsch-Buchladen5-250x188.jpg 250w\" sizes=\"(max-width: 1024px) 100vw, 1024px\" \/><\/a><\/div><\/div><div class=\"su-image-carousel-item\"><div class=\"su-image-carousel-item-content\"><a href=\"https:\/\/www.rwg-bayreuth.de\/home\/wp-content\/uploads\/2023\/05\/22-23-Deutsch-Buchladen6.jpg\" data-caption=\"\"><img loading=\"lazy\" decoding=\"async\" width=\"1024\" height=\"768\" src=\"https:\/\/www.rwg-bayreuth.de\/home\/wp-content\/uploads\/2023\/05\/22-23-Deutsch-Buchladen6.jpg\" class=\"\" alt=\"\" srcset=\"https:\/\/www.rwg-bayreuth.de\/home\/wp-content\/uploads\/2023\/05\/22-23-Deutsch-Buchladen6.jpg 1024w, https:\/\/www.rwg-bayreuth.de\/home\/wp-content\/uploads\/2023\/05\/22-23-Deutsch-Buchladen6-450x338.jpg 450w, https:\/\/www.rwg-bayreuth.de\/home\/wp-content\/uploads\/2023\/05\/22-23-Deutsch-Buchladen6-150x113.jpg 150w, https:\/\/www.rwg-bayreuth.de\/home\/wp-content\/uploads\/2023\/05\/22-23-Deutsch-Buchladen6-768x576.jpg 768w, https:\/\/www.rwg-bayreuth.de\/home\/wp-content\/uploads\/2023\/05\/22-23-Deutsch-Buchladen6-250x188.jpg 250w\" sizes=\"(max-width: 1024px) 100vw, 1024px\" \/><\/a><\/div><\/div><div class=\"su-image-carousel-item\"><div class=\"su-image-carousel-item-content\"><a href=\"https:\/\/www.rwg-bayreuth.de\/home\/wp-content\/uploads\/2023\/05\/22-23-Deutsch-Buchladen7.jpg\" data-caption=\"\"><img loading=\"lazy\" decoding=\"async\" width=\"1024\" height=\"768\" src=\"https:\/\/www.rwg-bayreuth.de\/home\/wp-content\/uploads\/2023\/05\/22-23-Deutsch-Buchladen7.jpg\" class=\"\" alt=\"\" srcset=\"https:\/\/www.rwg-bayreuth.de\/home\/wp-content\/uploads\/2023\/05\/22-23-Deutsch-Buchladen7.jpg 1024w, https:\/\/www.rwg-bayreuth.de\/home\/wp-content\/uploads\/2023\/05\/22-23-Deutsch-Buchladen7-450x338.jpg 450w, https:\/\/www.rwg-bayreuth.de\/home\/wp-content\/uploads\/2023\/05\/22-23-Deutsch-Buchladen7-150x113.jpg 150w, https:\/\/www.rwg-bayreuth.de\/home\/wp-content\/uploads\/2023\/05\/22-23-Deutsch-Buchladen7-768x576.jpg 768w, https:\/\/www.rwg-bayreuth.de\/home\/wp-content\/uploads\/2023\/05\/22-23-Deutsch-Buchladen7-250x188.jpg 250w\" sizes=\"(max-width: 1024px) 100vw, 1024px\" \/><\/a><\/div><\/div><\/div><script id=\"su_image_carousel_69f1ef614d57e_script\">if(window.SUImageCarousel){setTimeout(function() {window.SUImageCarousel.initGallery(document.getElementById(\"su_image_carousel_69f1ef614d57e\"))}, 0);}var su_image_carousel_69f1ef614d57e_script=document.getElementById(\"su_image_carousel_69f1ef614d57e_script\");if(su_image_carousel_69f1ef614d57e_script){su_image_carousel_69f1ef614d57e_script.parentNode.removeChild(su_image_carousel_69f1ef614d57e_script);}<\/script>\n<p>Was schlie\u00dflich ebenso nicht fehlen durfte, war das Einl\u00f6sen der Buchgutscheine f\u00fcr die Aktion \u201aIch schenk dir eine Geschichte 2023\u2018 der Stiftung Lesen, bei der alle teilnehmenden Sch\u00fcler\/innen der 5. Klassen in diesem Jahr ein kostenloses Exemplar von Katharina Reschkes Comicroman \u201eVolle Fahrt ins Abenteuer\u201c erhielten, illustriert mit Comics von Timo Grubing \u2013 garantiert ist hier wie in jedem Jahr auch diesmal wieder ein spannendes Leseabenteuer geboten! Los geht\u2019s also: Ran an das Buch!<\/p>\n<p><em>S. Track<\/em><\/p>\n","protected":false},"excerpt":{"rendered":"<p>Allj\u00e4hrlich wird am 23. April mit dem Welttag des Buches an eine regionale Tradition erinnert, die zu einem internationalen Ereignis geworden ist: Seinen Ursprung hat der Feiertag f\u00fcr das Buch in einem katalanischen Brauch, wonach sich die Menschen zum Namenstag des Volksheiligen St. Jordi (Sankt Georg) zun\u00e4chst Rosen und sp\u00e4ter auch B\u00fccher verschenkten. Mittlerweile ist&hellip;<\/p>\n","protected":false},"author":11,"featured_media":33943,"comment_status":"closed","ping_status":"closed","sticky":false,"template":"","format":"standard","meta":{"footnotes":""},"categories":[1],"tags":[59,51],"_links":{"self":[{"href":"https:\/\/www.rwg-bayreuth.de\/home\/index.php?rest_route=\/wp\/v2\/posts\/33940"}],"collection":[{"href":"https:\/\/www.rwg-bayreuth.de\/home\/index.php?rest_route=\/wp\/v2\/posts"}],"about":[{"href":"https:\/\/www.rwg-bayreuth.de\/home\/index.php?rest_route=\/wp\/v2\/types\/post"}],"author":[{"embeddable":true,"href":"https:\/\/www.rwg-bayreuth.de\/home\/index.php?rest_route=\/wp\/v2\/users\/11"}],"replies":[{"embeddable":true,"href":"https:\/\/www.rwg-bayreuth.de\/home\/index.php?rest_route=%2Fwp%2Fv2%2Fcomments&post=33940"}],"version-history":[{"count":3,"href":"https:\/\/www.rwg-bayreuth.de\/home\/index.php?rest_route=\/wp\/v2\/posts\/33940\/revisions"}],"predecessor-version":[{"id":33954,"href":"https:\/\/www.rwg-bayreuth.de\/home\/index.php?rest_route=\/wp\/v2\/posts\/33940\/revisions\/33954"}],"wp:featuredmedia":[{"embeddable":true,"href":"https:\/\/www.rwg-bayreuth.de\/home\/index.php?rest_route=\/wp\/v2\/media\/33943"}],"wp:attachment":[{"href":"https:\/\/www.rwg-bayreuth.de\/home\/index.php?rest_route=%2Fwp%2Fv2%2Fmedia&parent=33940"}],"wp:term":[{"taxonomy":"category","embeddable":true,"href":"https:\/\/www.rwg-bayreuth.de\/home\/index.php?rest_route=%2Fwp%2Fv2%2Fcategories&post=33940"},{"taxonomy":"post_tag","embeddable":true,"href":"https:\/\/www.rwg-bayreuth.de\/home\/index.php?rest_route=%2Fwp%2Fv2%2Ftags&post=33940"}],"curies":[{"name":"wp","href":"https:\/\/api.w.org\/{rel}","templated":true}]}}