{"id":33771,"date":"2023-05-19T06:32:15","date_gmt":"2023-05-19T04:32:15","guid":{"rendered":"http:\/\/www.rwg-bayreuth.de\/home\/?p=33771"},"modified":"2023-05-13T13:22:17","modified_gmt":"2023-05-13T11:22:17","slug":"europaeisch-gleich-bunt-kreativ-lernend-europa-mitgestalten","status":"publish","type":"post","link":"https:\/\/www.rwg-bayreuth.de\/home\/?p=33771","title":{"rendered":"Europ\u00e4isch gleich bunt &#8211; kreativ lernend Europa mitgestalten"},"content":{"rendered":"<p> &hellip; oder<br \/>\nwie man mit tapferem Durchhalteverm\u00f6gen beim Aquarellieren, Ausschneiden, Kleben und Trickfilmen Sieger beim europ\u00e4ischen Wettbewerb werden kann<\/p>\n<div id=\"attachment_33772\" style=\"width: 319px\" class=\"wp-caption aligncenter\"><a href=\"https:\/\/www.rwg-bayreuth.de\/home\/wp-content\/uploads\/2023\/05\/22-23-Europawettbewerb-Jule-Wittauer-6b.jpg\"><img loading=\"lazy\" decoding=\"async\" aria-describedby=\"caption-attachment-33772\" src=\"https:\/\/www.rwg-bayreuth.de\/home\/wp-content\/uploads\/2023\/05\/22-23-Europawettbewerb-Jule-Wittauer-6b-309x450.jpg\" alt=\"\" width=\"309\" height=\"450\" class=\"size-medium wp-image-33772\" srcset=\"https:\/\/www.rwg-bayreuth.de\/home\/wp-content\/uploads\/2023\/05\/22-23-Europawettbewerb-Jule-Wittauer-6b-309x450.jpg 309w, https:\/\/www.rwg-bayreuth.de\/home\/wp-content\/uploads\/2023\/05\/22-23-Europawettbewerb-Jule-Wittauer-6b-103x150.jpg 103w, https:\/\/www.rwg-bayreuth.de\/home\/wp-content\/uploads\/2023\/05\/22-23-Europawettbewerb-Jule-Wittauer-6b-250x364.jpg 250w, https:\/\/www.rwg-bayreuth.de\/home\/wp-content\/uploads\/2023\/05\/22-23-Europawettbewerb-Jule-Wittauer-6b.jpg 704w\" sizes=\"(max-width: 309px) 100vw, 309px\" \/><\/a><p id=\"caption-attachment-33772\" class=\"wp-caption-text\">Jule Wittauer, 6b<\/p><\/div>\n<p>\u201eDas tapfere Schneewittchen\u201c:  Mit dem Thema des ersten Moduls f\u00fcr die Klasse 5 bis 7 beteiligten sich viele unserer Klassen am Europawettbewerb des Jahres 2022\/23 und einige Sch\u00fclerInnen konnten einen Sieg f\u00fcr ihre sch\u00f6nen Werke erhalten. <\/p>\n<p>Da gab es zum Beispiel das M\u00e4rchen Schneewittchen der Gebr\u00fcder Grimm, welches unter dem Motto einer Umformung der urspr\u00fcnglichen Ideen stand. Zugrunde lag der emanzipatorische Gedanke, dass Prinzessinnen vielleicht nicht immer gerettet werden wollen und gerne selbst dazu die Initiative ergreifen. Zudem k\u00f6nnten Prinzen durchaus auch einmal Hilfe gebrauchen. Die bekannten europ\u00e4ischen M\u00e4rchen wurden von unseren GewinnerInnen zun\u00e4chst auf die Eigenschaften ihrer Heldenfiguren untersucht, bevor sie neue Geschichten erfunden haben. Es wurden die eigenen Ideen in eine comichafte Heldendarstellung in Klasse 6 oder nach der Erstellung in einen Scherenschnitt von den Sch\u00fclerInnen unserer Klasse 5 in eine Stop-Motion Animation umgewandelt. Die Gewinnerfilme k\u00f6nnen auf unserer Homepage angeschaut werden. <\/p>\n<h6>Das doppelte freche Rapunzelchen <\/h6>\n<div class=\"su-youtube su-u-responsive-media-yes\"><iframe loading=\"lazy\" width=\"500\" height=\"400\" src=\"https:\/\/www.youtube.com\/embed\/xIuee1T0E9g?autohide=2&amp;autoplay=0&amp;mute=0&amp;controls=1&amp;fs=1&amp;loop=0&amp;modestbranding=1&amp;rel=0&amp;showinfo=1&amp;theme=light&amp;wmode=&amp;playsinline=1\" frameborder=\"0\" allowfullscreen allow=\"autoplay; encrypted-media; picture-in-picture\" title=\"RWG-Europawettbewerb\"><\/iframe><\/div>\n<h6>Das starke Schneewittchen und b\u00f6ser Prinz treffen zwei starke Zwerge <\/h6>\n<div class=\"su-youtube su-u-responsive-media-yes\"><iframe loading=\"lazy\" width=\"500\" height=\"400\" src=\"https:\/\/www.youtube.com\/embed\/25KthmKV-NM?autohide=2&amp;autoplay=0&amp;mute=0&amp;controls=1&amp;fs=1&amp;loop=0&amp;modestbranding=1&amp;rel=0&amp;showinfo=1&amp;theme=light&amp;wmode=&amp;playsinline=1\" frameborder=\"0\" allowfullscreen allow=\"autoplay; encrypted-media; picture-in-picture\" title=\"RWG-Europawettbewerb\"><\/iframe><\/div>\n<p><!--\n\n[su_youtube_advanced url=\"https:\/\/youtu.be\/Oj0zwMwLapY\" width=\"500\" rel=\"no\" modestbranding=\"yes\" theme=\"light\" playsinline=\"yes\" title=\"RWG-Europawettbewerb\"]\n\n\nhttps:\/\/youtu.be\/Oj0zwMwLapY  (k\u00f6nntet Ihr den Film irgendwie runterladen, das ist mein eigener Youtubekanal und ich h\u00e4tte den gerne nur f\u00fcr meinen eigenen Unterricht genutzt!?)\n\nhttps:\/\/youtu.be\/Ekb6S-Xy9vg (hier das gleiche!? Der Kanal ist nicht \u00f6ffentlich)\n\n--><\/p>\n<p>Gewonnen haben: Zehra G\u00fclatar (Klasse 5), Sara Jenne (Klasse 6), Sarah Liebold (Klasse 5), Lily Lora (Klasse 5), Marie N\u00fcssel (Klasse 5), Melanie Rothe (Klasse 6), Greta Rothenb\u00fccher Klasse 5), Julia Trahorsch (Klasse 5), Jule Wittauer (Klasse 6). <\/p>\n<div class=\"su-row\"><div class=\"su-column su-column-size-1-2\"><div class=\"su-column-inner su-u-clearfix su-u-trim\">\n<div id=\"attachment_33773\" style=\"width: 355px\" class=\"wp-caption aligncenter\"><a href=\"https:\/\/www.rwg-bayreuth.de\/home\/wp-content\/uploads\/2023\/05\/22-23-Europawettbewerb-Sara-Jenne-6c.jpg\"><img loading=\"lazy\" decoding=\"async\" aria-describedby=\"caption-attachment-33773\" src=\"https:\/\/www.rwg-bayreuth.de\/home\/wp-content\/uploads\/2023\/05\/22-23-Europawettbewerb-Sara-Jenne-6c-345x450.jpg\" alt=\"\" width=\"345\" height=\"450\" class=\"size-medium wp-image-33773\" srcset=\"https:\/\/www.rwg-bayreuth.de\/home\/wp-content\/uploads\/2023\/05\/22-23-Europawettbewerb-Sara-Jenne-6c-345x450.jpg 345w, https:\/\/www.rwg-bayreuth.de\/home\/wp-content\/uploads\/2023\/05\/22-23-Europawettbewerb-Sara-Jenne-6c-115x150.jpg 115w, https:\/\/www.rwg-bayreuth.de\/home\/wp-content\/uploads\/2023\/05\/22-23-Europawettbewerb-Sara-Jenne-6c-768x1001.jpg 768w, https:\/\/www.rwg-bayreuth.de\/home\/wp-content\/uploads\/2023\/05\/22-23-Europawettbewerb-Sara-Jenne-6c-250x326.jpg 250w, https:\/\/www.rwg-bayreuth.de\/home\/wp-content\/uploads\/2023\/05\/22-23-Europawettbewerb-Sara-Jenne-6c.jpg 786w\" sizes=\"(max-width: 345px) 100vw, 345px\" \/><\/a><p id=\"caption-attachment-33773\" class=\"wp-caption-text\">Sara Jenne, 6b<\/p><\/div>\n<\/div><\/div>\n<div class=\"su-column su-column-size-1-2\"><div class=\"su-column-inner su-u-clearfix su-u-trim\">\n<div id=\"attachment_33774\" style=\"width: 333px\" class=\"wp-caption aligncenter\"><a href=\"https:\/\/www.rwg-bayreuth.de\/home\/wp-content\/uploads\/2023\/05\/22-23-Europawettbewerb-Melanie-Rothe-6b.jpg\"><img loading=\"lazy\" decoding=\"async\" aria-describedby=\"caption-attachment-33774\" src=\"https:\/\/www.rwg-bayreuth.de\/home\/wp-content\/uploads\/2023\/05\/22-23-Europawettbewerb-Melanie-Rothe-6b-323x450.jpg\" alt=\"\" width=\"323\" height=\"450\" class=\"size-medium wp-image-33774\" srcset=\"https:\/\/www.rwg-bayreuth.de\/home\/wp-content\/uploads\/2023\/05\/22-23-Europawettbewerb-Melanie-Rothe-6b-323x450.jpg 323w, https:\/\/www.rwg-bayreuth.de\/home\/wp-content\/uploads\/2023\/05\/22-23-Europawettbewerb-Melanie-Rothe-6b-108x150.jpg 108w, https:\/\/www.rwg-bayreuth.de\/home\/wp-content\/uploads\/2023\/05\/22-23-Europawettbewerb-Melanie-Rothe-6b-250x349.jpg 250w, https:\/\/www.rwg-bayreuth.de\/home\/wp-content\/uploads\/2023\/05\/22-23-Europawettbewerb-Melanie-Rothe-6b.jpg 734w\" sizes=\"(max-width: 323px) 100vw, 323px\" \/><\/a><p id=\"caption-attachment-33774\" class=\"wp-caption-text\">Melanie Rothe, 6b<\/p><\/div>\n<\/div><\/div><\/div>\n<p>\u201eIt\u2019s my life\u201c, der bekannte Liedtitel von Bon Jovi, der m\u00f6glicherweise Namensgeber des 2. Modules im Wettbewerb war, deutet schon auf den inneren Konflikt hin, wie sehr die Selbstbestimmung durch die Festlegung in Beruf und privatem Leben auf Rollen fixiert ist. Mit der Bitte einmal aus der gewohnten Rolle rauszugehen und auf kreative Art zu zeigen, wie oder wer man ohne diese Begrenzungen sp\u00e4ter einmal sein m\u00f6chte, waren die Sch\u00fclerInnen in Klasse 7 angesprochen <\/p>\n<p>Gewonnen hat Franziska Dostal aus Klasse 7.<br \/>\n<a href=\"https:\/\/www.rwg-bayreuth.de\/home\/wp-content\/uploads\/2023\/05\/22-23-Europawettbewerb-Franziska-Dostal.jpg\"><img loading=\"lazy\" decoding=\"async\" src=\"https:\/\/www.rwg-bayreuth.de\/home\/wp-content\/uploads\/2023\/05\/22-23-Europawettbewerb-Franziska-Dostal-325x450.jpg\" alt=\"\" width=\"325\" height=\"450\" class=\"aligncenter size-medium wp-image-33775\" srcset=\"https:\/\/www.rwg-bayreuth.de\/home\/wp-content\/uploads\/2023\/05\/22-23-Europawettbewerb-Franziska-Dostal-325x450.jpg 325w, https:\/\/www.rwg-bayreuth.de\/home\/wp-content\/uploads\/2023\/05\/22-23-Europawettbewerb-Franziska-Dostal-108x150.jpg 108w, https:\/\/www.rwg-bayreuth.de\/home\/wp-content\/uploads\/2023\/05\/22-23-Europawettbewerb-Franziska-Dostal-250x346.jpg 250w, https:\/\/www.rwg-bayreuth.de\/home\/wp-content\/uploads\/2023\/05\/22-23-Europawettbewerb-Franziska-Dostal.jpg 739w\" sizes=\"(max-width: 325px) 100vw, 325px\" \/><\/a><\/p>\n<p> \u201eWe all come from the same root, but the leaves are all different. \u201c John Fire Lame Deer. Das Zitat stammt von dem heiligen Mann der Dacota, der im Rosebud-Indianerreservat geboren wurde. Er geh\u00f6rte zu denjenigen, die gezwungen wurden durch Bildung in den Reservaten in die vorherrschende Kultur zu integrieren. Mit Sitzstreiks versuchte er unter anderem die R\u00fcckgabe der Black Hills an die Sioux zu erwirken. <\/p>\n<p>Mit diesem Modul aus den Themenbereichen der Oberstufe sollten sich Sch\u00fclerInnen aus der Q11 auseinandersetzen und gleichsam M\u00f6glichkeiten aufzeigen, wie in einer demokratischen europ\u00e4ischen Zivilgesellschaft gewirkt werden kann. Die aktuelle Entwicklung der Sitzstreiks zu Umweltproblemen, war zum Zeitpunkt der Collagearbeiten noch nicht so publik, sonst h\u00e4tten sich vielleicht inhaltlich dazu auch Aussagen in den Bildwerken der Sch\u00fclerInnen gefunden. <\/p>\n<p>Gewonnen hat Laura Runge aus der Q11.<br \/>\n<a href=\"https:\/\/www.rwg-bayreuth.de\/home\/wp-content\/uploads\/2023\/05\/22-23-Europawettbewerb-Laura-Runge-Q11.jpg\"><img loading=\"lazy\" decoding=\"async\" src=\"https:\/\/www.rwg-bayreuth.de\/home\/wp-content\/uploads\/2023\/05\/22-23-Europawettbewerb-Laura-Runge-Q11-320x450.jpg\" alt=\"\" width=\"320\" height=\"450\" class=\"aligncenter size-medium wp-image-33776\" srcset=\"https:\/\/www.rwg-bayreuth.de\/home\/wp-content\/uploads\/2023\/05\/22-23-Europawettbewerb-Laura-Runge-Q11-320x450.jpg 320w, https:\/\/www.rwg-bayreuth.de\/home\/wp-content\/uploads\/2023\/05\/22-23-Europawettbewerb-Laura-Runge-Q11-107x150.jpg 107w, https:\/\/www.rwg-bayreuth.de\/home\/wp-content\/uploads\/2023\/05\/22-23-Europawettbewerb-Laura-Runge-Q11-250x352.jpg 250w, https:\/\/www.rwg-bayreuth.de\/home\/wp-content\/uploads\/2023\/05\/22-23-Europawettbewerb-Laura-Runge-Q11.jpg 728w\" sizes=\"(max-width: 320px) 100vw, 320px\" \/><\/a><\/p>\n<p>Wir freuen uns mit unseren Gewinnerinnen beim aktuellen Europawettbewerb und gratulieren ganz herzlich. <\/p>\n<p>Anne Gerdes <\/p>\n","protected":false},"excerpt":{"rendered":"<p>&hellip; oder wie man mit tapferem Durchhalteverm\u00f6gen beim Aquarellieren, Ausschneiden, Kleben und Trickfilmen Sieger beim europ\u00e4ischen Wettbewerb werden kann \u201eDas tapfere Schneewittchen\u201c: Mit dem Thema des ersten Moduls f\u00fcr die Klasse 5 bis 7 beteiligten sich viele unserer Klassen am Europawettbewerb des Jahres 2022\/23 und einige Sch\u00fclerInnen konnten einen Sieg f\u00fcr ihre sch\u00f6nen Werke erhalten.&hellip;<\/p>\n","protected":false},"author":11,"featured_media":33790,"comment_status":"closed","ping_status":"closed","sticky":false,"template":"","format":"standard","meta":{"footnotes":""},"categories":[1],"tags":[51,41,71],"_links":{"self":[{"href":"https:\/\/www.rwg-bayreuth.de\/home\/index.php?rest_route=\/wp\/v2\/posts\/33771"}],"collection":[{"href":"https:\/\/www.rwg-bayreuth.de\/home\/index.php?rest_route=\/wp\/v2\/posts"}],"about":[{"href":"https:\/\/www.rwg-bayreuth.de\/home\/index.php?rest_route=\/wp\/v2\/types\/post"}],"author":[{"embeddable":true,"href":"https:\/\/www.rwg-bayreuth.de\/home\/index.php?rest_route=\/wp\/v2\/users\/11"}],"replies":[{"embeddable":true,"href":"https:\/\/www.rwg-bayreuth.de\/home\/index.php?rest_route=%2Fwp%2Fv2%2Fcomments&post=33771"}],"version-history":[{"count":10,"href":"https:\/\/www.rwg-bayreuth.de\/home\/index.php?rest_route=\/wp\/v2\/posts\/33771\/revisions"}],"predecessor-version":[{"id":33934,"href":"https:\/\/www.rwg-bayreuth.de\/home\/index.php?rest_route=\/wp\/v2\/posts\/33771\/revisions\/33934"}],"wp:featuredmedia":[{"embeddable":true,"href":"https:\/\/www.rwg-bayreuth.de\/home\/index.php?rest_route=\/wp\/v2\/media\/33790"}],"wp:attachment":[{"href":"https:\/\/www.rwg-bayreuth.de\/home\/index.php?rest_route=%2Fwp%2Fv2%2Fmedia&parent=33771"}],"wp:term":[{"taxonomy":"category","embeddable":true,"href":"https:\/\/www.rwg-bayreuth.de\/home\/index.php?rest_route=%2Fwp%2Fv2%2Fcategories&post=33771"},{"taxonomy":"post_tag","embeddable":true,"href":"https:\/\/www.rwg-bayreuth.de\/home\/index.php?rest_route=%2Fwp%2Fv2%2Ftags&post=33771"}],"curies":[{"name":"wp","href":"https:\/\/api.w.org\/{rel}","templated":true}]}}