{"id":33644,"date":"2023-04-09T06:46:06","date_gmt":"2023-04-09T04:46:06","guid":{"rendered":"http:\/\/www.rwg-bayreuth.de\/home\/?p=33644"},"modified":"2023-04-10T12:52:07","modified_gmt":"2023-04-10T10:52:07","slug":"das-knobeln-und-mitraten-hat-sich-gelohnt","status":"publish","type":"post","link":"https:\/\/www.rwg-bayreuth.de\/home\/?p=33644","title":{"rendered":"Das Knobeln und Mitraten hat sich gelohnt!"},"content":{"rendered":"<p><a href=\"https:\/\/www.rwg-bayreuth.de\/home\/wp-content\/uploads\/2023\/03\/22-23-Latein-PreisverleihungAdventskalender-Gruppenbild.jpg\"><img loading=\"lazy\" decoding=\"async\" src=\"https:\/\/www.rwg-bayreuth.de\/home\/wp-content\/uploads\/2023\/03\/22-23-Latein-PreisverleihungAdventskalender-Gruppenbild-450x300.jpg\" alt=\"\" width=\"450\" height=\"300\" class=\"aligncenter size-medium wp-image-33646\" srcset=\"https:\/\/www.rwg-bayreuth.de\/home\/wp-content\/uploads\/2023\/03\/22-23-Latein-PreisverleihungAdventskalender-Gruppenbild-450x300.jpg 450w, https:\/\/www.rwg-bayreuth.de\/home\/wp-content\/uploads\/2023\/03\/22-23-Latein-PreisverleihungAdventskalender-Gruppenbild-150x100.jpg 150w, https:\/\/www.rwg-bayreuth.de\/home\/wp-content\/uploads\/2023\/03\/22-23-Latein-PreisverleihungAdventskalender-Gruppenbild-768x512.jpg 768w, https:\/\/www.rwg-bayreuth.de\/home\/wp-content\/uploads\/2023\/03\/22-23-Latein-PreisverleihungAdventskalender-Gruppenbild-250x167.jpg 250w, https:\/\/www.rwg-bayreuth.de\/home\/wp-content\/uploads\/2023\/03\/22-23-Latein-PreisverleihungAdventskalender-Gruppenbild-900x600.jpg 900w, https:\/\/www.rwg-bayreuth.de\/home\/wp-content\/uploads\/2023\/03\/22-23-Latein-PreisverleihungAdventskalender-Gruppenbild.jpg 1024w\" sizes=\"(max-width: 450px) 100vw, 450px\" \/><\/a><\/p>\n<p>Knifflige Aufgaben rund um die R\u00f6mer &#038; Co. gab es im vergangenen Kalenderjahr zu l\u00f6sen: Im Dezember des letzten Jahres ging unser r\u00f6misch-antiken Adventskalender bereits in die 3. Auflage; wie schon in den Vorjahren wurde auch diesmal u.a. nach Fremdw\u00f6rtern gefragt, die ihre Wurzeln im Lateinischen haben, aber auch das Weiterleben der antiken Sitten und Br\u00e4uche in den romanischen Sprachen des Italienischen, Franz\u00f6sischen und\/oder Spanischen fand sich dabei ebenso betrachtet. Und schlie\u00dflich durfte nat\u00fcrlich auch ein Abstecher in die K\u00fcche der R\u00f6mer nicht fehlen, genauso wie ein Blick in die B\u00fccherwelt der Kinder- und Jugendliteratur, die sich ebenfalls aus r\u00f6mischen Stoffen und Motiven speist\u2026 man denke hier v.a. an Harry-Potter-B\u00fccher und\/oder an die Comicwelt von Asterix und Obelix. Somit war also eine vielschichtige Bandbreite an Quizaufgaben geboten, mit denen sich unsere Sch\u00fcler\/innen auch in diesem Jahr wieder ausdauernd und eifrig \u2013 teils auch mitsamt der ganzen Familie zuhause \u2013 befassten.<\/p>\n<p>Hier findet sich eine Auswahl der Quizaufgaben zum eigenen Erproben:<br \/>\n<iframe src=\"https:\/\/learningapps.org\/watch?v=pe6jsfgac23\" style=\"border:0px;width:100%;height:500px\" allowfullscreen=\"true\" webkitallowfullscreen=\"true\" mozallowfullscreen=\"true\"><\/iframe><br \/>\nNach Auswertung aller erfolgreichen Einsendungen konnte nun die zehn besten Sch\u00fcler\/innen des RWG ausgezeichnet werden: Neben einer stilechten \u201aantik-r\u00f6mischen\u2018 Urkunde bekamen alle Pr\u00e4mierten jeweils auch einen Buchpreis und\/oder ein kleines Geschenk \u00fcberreicht\u2013 selbstverst\u00e4ndlich blieb auch herbei der Bezug zum Thema gewahrt \ud83d\ude42<\/p>\n<p>Eine herausragende Leistung boten dabei die vier Schulsiegerinnen des RWG, denen es tats\u00e4chlich gelungen war, die 25 Quizaufgaben vollst\u00e4ndig richtig zu beantworten:<\/p>\n<p>Eva Persau (7a)<br \/>\nNina Zeitler (7a)<br \/>\nLilli Seifert (7c)<br \/>\nLaura Popp (9a)<\/p>\n<p>Aber auch die weiteren Preistr\u00e4ger\/innen wussten durch tolle, nahezu fehlerfreie Leistungen zu \u00fcberzeugen; auf den weiteren Pl\u00e4tzen folgten: Sarah Liebold (5c), Joline Pitroff (6f), Jonas Liebold (7e), Josefa Bayer (10c) \u2013 jeweils Platz 2 \u2013 sowie Helen Hahn (7c) und Daniel Zacharias (6c), beide auf dem 3. Platz.<\/p>\n<p><a href=\"https:\/\/www.rwg-bayreuth.de\/home\/wp-content\/uploads\/2023\/03\/22-23-Latein-PreisverleihungAdventskalender-2.jpg\"><img loading=\"lazy\" decoding=\"async\" src=\"https:\/\/www.rwg-bayreuth.de\/home\/wp-content\/uploads\/2023\/03\/22-23-Latein-PreisverleihungAdventskalender-2-450x300.jpg\" alt=\"\" width=\"450\" height=\"300\" class=\"aligncenter size-medium wp-image-33647\" srcset=\"https:\/\/www.rwg-bayreuth.de\/home\/wp-content\/uploads\/2023\/03\/22-23-Latein-PreisverleihungAdventskalender-2-450x300.jpg 450w, https:\/\/www.rwg-bayreuth.de\/home\/wp-content\/uploads\/2023\/03\/22-23-Latein-PreisverleihungAdventskalender-2-150x100.jpg 150w, https:\/\/www.rwg-bayreuth.de\/home\/wp-content\/uploads\/2023\/03\/22-23-Latein-PreisverleihungAdventskalender-2-768x512.jpg 768w, https:\/\/www.rwg-bayreuth.de\/home\/wp-content\/uploads\/2023\/03\/22-23-Latein-PreisverleihungAdventskalender-2-250x167.jpg 250w, https:\/\/www.rwg-bayreuth.de\/home\/wp-content\/uploads\/2023\/03\/22-23-Latein-PreisverleihungAdventskalender-2-900x600.jpg 900w, https:\/\/www.rwg-bayreuth.de\/home\/wp-content\/uploads\/2023\/03\/22-23-Latein-PreisverleihungAdventskalender-2.jpg 1024w\" sizes=\"(max-width: 450px) 100vw, 450px\" \/><\/a><\/p>\n<p>Die Fachschaft Latein bedankt sich bei allen Teilnehmenden f\u00fcr ihre gro\u00dfe Motivation und ausdauernde Bereitschaft, sich mit Aufgabenstellungen zu befassen, bei denen auch manchmal \u201aum die Ecke gedacht\u2018 werden musste\u2026 &#8211; es hat auch in diesem Jahr den Kolleg(inn)en wieder gro\u00dfe Freude bereitet, die gesamte Schulfamilie zum Nachdenken und Mitr\u00e4tseln zu bewegen! \ud83d\ude09 Und dass daf\u00fcr nicht unbedingt vertiefte Lateinkenntnisse n\u00f6tig waren, zeigt nicht zuletzt die Tatsache, dass auch diesmal insbesondere wieder zahlreiche Sch\u00fcler\/innen aus der Spracherwerbsphase (Jgst.6\/7) erfolgreich waren \u2013 oder sogar F\u00fcnftkl\u00e4ssler\/innen, die (noch) gar kein Latein erlernt haben\u2026<\/p>\n<p><em>S. Track<\/em><\/p>\n","protected":false},"excerpt":{"rendered":"<p>Knifflige Aufgaben rund um die R\u00f6mer &#038; Co. gab es im vergangenen Kalenderjahr zu l\u00f6sen: Im Dezember des letzten Jahres ging unser r\u00f6misch-antiken Adventskalender bereits in die 3. Auflage; wie schon in den Vorjahren wurde auch diesmal u.a. nach Fremdw\u00f6rtern gefragt, die ihre Wurzeln im Lateinischen haben, aber auch das Weiterleben der antiken Sitten und&hellip;<\/p>\n","protected":false},"author":11,"featured_media":33646,"comment_status":"closed","ping_status":"closed","sticky":false,"template":"","format":"standard","meta":{"footnotes":""},"categories":[1],"tags":[51,67],"_links":{"self":[{"href":"https:\/\/www.rwg-bayreuth.de\/home\/index.php?rest_route=\/wp\/v2\/posts\/33644"}],"collection":[{"href":"https:\/\/www.rwg-bayreuth.de\/home\/index.php?rest_route=\/wp\/v2\/posts"}],"about":[{"href":"https:\/\/www.rwg-bayreuth.de\/home\/index.php?rest_route=\/wp\/v2\/types\/post"}],"author":[{"embeddable":true,"href":"https:\/\/www.rwg-bayreuth.de\/home\/index.php?rest_route=\/wp\/v2\/users\/11"}],"replies":[{"embeddable":true,"href":"https:\/\/www.rwg-bayreuth.de\/home\/index.php?rest_route=%2Fwp%2Fv2%2Fcomments&post=33644"}],"version-history":[{"count":2,"href":"https:\/\/www.rwg-bayreuth.de\/home\/index.php?rest_route=\/wp\/v2\/posts\/33644\/revisions"}],"predecessor-version":[{"id":33648,"href":"https:\/\/www.rwg-bayreuth.de\/home\/index.php?rest_route=\/wp\/v2\/posts\/33644\/revisions\/33648"}],"wp:featuredmedia":[{"embeddable":true,"href":"https:\/\/www.rwg-bayreuth.de\/home\/index.php?rest_route=\/wp\/v2\/media\/33646"}],"wp:attachment":[{"href":"https:\/\/www.rwg-bayreuth.de\/home\/index.php?rest_route=%2Fwp%2Fv2%2Fmedia&parent=33644"}],"wp:term":[{"taxonomy":"category","embeddable":true,"href":"https:\/\/www.rwg-bayreuth.de\/home\/index.php?rest_route=%2Fwp%2Fv2%2Fcategories&post=33644"},{"taxonomy":"post_tag","embeddable":true,"href":"https:\/\/www.rwg-bayreuth.de\/home\/index.php?rest_route=%2Fwp%2Fv2%2Ftags&post=33644"}],"curies":[{"name":"wp","href":"https:\/\/api.w.org\/{rel}","templated":true}]}}