{"id":33377,"date":"2023-03-04T06:07:54","date_gmt":"2023-03-04T05:07:54","guid":{"rendered":"http:\/\/www.rwg-bayreuth.de\/home\/?p=33377"},"modified":"2023-03-03T19:40:27","modified_gmt":"2023-03-03T18:40:27","slug":"zahlreiche-vortraege-kompetente-referentinnen-und-viele-neue-erkenntnisse-der-schulinterne-berufsinfotag-fuer-die-q11","status":"publish","type":"post","link":"https:\/\/www.rwg-bayreuth.de\/home\/?p=33377","title":{"rendered":"Zahlreiche Vortr\u00e4ge, kompetente Referent*innen und viele neue Erkenntnisse"},"content":{"rendered":"<p><img loading=\"lazy\" decoding=\"async\" src=\"https:\/\/www.rwg-bayreuth.de\/home\/wp-content\/uploads\/2023\/03\/22-23-BuS-Berufsinformationstag.jpg\" alt=\"\" width=\"1024\" height=\"683\" class=\"aligncenter size-full wp-image-33379\" srcset=\"https:\/\/www.rwg-bayreuth.de\/home\/wp-content\/uploads\/2023\/03\/22-23-BuS-Berufsinformationstag.jpg 1024w, https:\/\/www.rwg-bayreuth.de\/home\/wp-content\/uploads\/2023\/03\/22-23-BuS-Berufsinformationstag-450x300.jpg 450w, https:\/\/www.rwg-bayreuth.de\/home\/wp-content\/uploads\/2023\/03\/22-23-BuS-Berufsinformationstag-150x100.jpg 150w, https:\/\/www.rwg-bayreuth.de\/home\/wp-content\/uploads\/2023\/03\/22-23-BuS-Berufsinformationstag-768x512.jpg 768w, https:\/\/www.rwg-bayreuth.de\/home\/wp-content\/uploads\/2023\/03\/22-23-BuS-Berufsinformationstag-250x167.jpg 250w, https:\/\/www.rwg-bayreuth.de\/home\/wp-content\/uploads\/2023\/03\/22-23-BuS-Berufsinformationstag-900x600.jpg 900w, https:\/\/www.rwg-bayreuth.de\/home\/wp-content\/uploads\/2023\/03\/22-23-BuS-Berufsinformationstag-600x400.jpg 600w\" sizes=\"(max-width: 1024px) 100vw, 1024px\" \/><\/p>\n<p>Am Mittwoch, den 08.02.2023, fand an unserer Schule der schulinterne Berufsinfotag f\u00fcr die Q11 statt. Insgesamt haben sich 36 Unternehmen und Institutionen aus verschiedenen Berufsfeldern, wie Handwerk, Handel, Industrie und Dienstleistungen, beteiligt. Die Veranstaltung begann um 14:00 Uhr mit einer Begr\u00fc\u00dfung durch unsere Schulleiterin Frau Graf, die die Bedeutung der Berufsinformationsveranstaltung f\u00fcr die Sch\u00fclerinnen und Sch\u00fcler betonte. <\/p>\n<p>Die Vertreterinnen und Vertreter der Unternehmen und Institutionen pr\u00e4sentierten ihre T\u00e4tigkeitsbereiche und informierten \u00fcber m\u00f6gliche Ausbildungs- oder Studienm\u00f6glichkeiten. Dabei waren die Vortr\u00e4ge sehr praxisnah gestaltet und es gab auch die M\u00f6glichkeit, Fragen zu stellen. Besonders viele Sch\u00fclerinnen und Sch\u00fcler interessierten sich f\u00fcr die Pr\u00e4sentationen &#8222;Nach dem Abi ins Ausland&#8220;, &#8222;Ausbildung und Studium Psychotherapie, Gymnastik, Logop\u00e4die&#8220; und &#8222;Studieren an der Universit\u00e4t Bayreuth&#8220;. <\/p>\n<p class=\"ohne\">Ich pers\u00f6nlich habe die Vortr\u00e4ge<\/p>\n<ul class=\"ohne\">\n<li>Nach dem Abi ins Ausland (Frau von B\u00f6nninghausen, AIFS)<\/li>\n<li>Wie werde ich Beamtin\/er? \u2013 Einstellungsverfahren und Studium im \u00d6ffentlichen Dienst \u2013 DRV Nordbayern (Frau Hoffmann, Deutsche Rentenversicherung)<\/li>\n<li>Der Ausbildungsberuf EURO-Industriekauffrau kombinierter Berufsabschluss Industriekauffrau\/-mann; Studiengang Bachelor-Betriebswirt. (Frau Jahreis, Frenzelit GmbH)<\/li>\n<li>Geh auf eine Reise, die Dein Leben ver\u00e4ndert wird! \u2013 FSJ und BFD als M\u00f6glichkeiten nach dem Abi (Herr Skiba, Der Parit\u00e4tische Bayern Freiwilligendienst) <\/li>\n<\/ul>\n<p>besucht.<\/p>\n<p>Mir pers\u00f6nlich hat der Vortrag &#8222;FSJ und BFD als M\u00f6glichkeiten nach dem Abi&#8220;, am besten gefallen. Die 2 Vertreterinnen gestalteten die Pr\u00e4sentation sehr interessant. Dieser Vortrag hat mir einen guten Einblick in die verschiedenen T\u00e4tigkeitsfelder, in denen man ein FSJ oder BFD machen kann, erm\u00f6glicht. <\/p>\n<p>Der Vortrag &#8222;Nach dem Abi ins Ausland&#8220; hat mich \u00fcberraschenderweise am wenigsten angesprochen. In der Pr\u00e4sentation wurden Aspekte so grob angesprochen, dass man sich diese auch in 5 Minuten auf Google h\u00e4tte erarbeiten k\u00f6nnen. Trotz alledem hat mir der Vortrag einen guten \u00dcberblick \u00fcber die M\u00f6glichkeiten, die mir offenstehen, gegeben. <\/p>\n<p>Insgesamt war der Berufsinfotag ein Erfolg, bei dem den Sch\u00fclerinnen und Sch\u00fclern wertvolle Einblicke in verschiedene Berufsfelder erm\u00f6glicht wurden. Die Veranstaltung hat dazu beigetragen, dass die Sch\u00fclerinnen und Sch\u00fcler besser informierte Entscheidungen \u00fcber ihre berufliche Zukunft treffen k\u00f6nnen. Dar\u00fcber hinaus konnte auch der Kontakt zwischen Schule und Unternehmen verbessert werden. <\/p>\n<p><em>Valerie Busch, Q11<\/em><\/p>\n","protected":false},"excerpt":{"rendered":"<p>Am Mittwoch, den 08.02.2023, fand an unserer Schule der schulinterne Berufsinfotag f\u00fcr die Q11 statt. Insgesamt haben sich 36 Unternehmen und Institutionen aus verschiedenen Berufsfeldern, wie Handwerk, Handel, Industrie und Dienstleistungen, beteiligt. Die Veranstaltung begann um 14:00 Uhr mit einer Begr\u00fc\u00dfung durch unsere Schulleiterin Frau Graf, die die Bedeutung der Berufsinformationsveranstaltung f\u00fcr die Sch\u00fclerinnen und&hellip;<\/p>\n","protected":false},"author":11,"featured_media":33379,"comment_status":"closed","ping_status":"closed","sticky":false,"template":"","format":"standard","meta":{"footnotes":""},"categories":[1],"tags":[37,51],"_links":{"self":[{"href":"https:\/\/www.rwg-bayreuth.de\/home\/index.php?rest_route=\/wp\/v2\/posts\/33377"}],"collection":[{"href":"https:\/\/www.rwg-bayreuth.de\/home\/index.php?rest_route=\/wp\/v2\/posts"}],"about":[{"href":"https:\/\/www.rwg-bayreuth.de\/home\/index.php?rest_route=\/wp\/v2\/types\/post"}],"author":[{"embeddable":true,"href":"https:\/\/www.rwg-bayreuth.de\/home\/index.php?rest_route=\/wp\/v2\/users\/11"}],"replies":[{"embeddable":true,"href":"https:\/\/www.rwg-bayreuth.de\/home\/index.php?rest_route=%2Fwp%2Fv2%2Fcomments&post=33377"}],"version-history":[{"count":6,"href":"https:\/\/www.rwg-bayreuth.de\/home\/index.php?rest_route=\/wp\/v2\/posts\/33377\/revisions"}],"predecessor-version":[{"id":33384,"href":"https:\/\/www.rwg-bayreuth.de\/home\/index.php?rest_route=\/wp\/v2\/posts\/33377\/revisions\/33384"}],"wp:featuredmedia":[{"embeddable":true,"href":"https:\/\/www.rwg-bayreuth.de\/home\/index.php?rest_route=\/wp\/v2\/media\/33379"}],"wp:attachment":[{"href":"https:\/\/www.rwg-bayreuth.de\/home\/index.php?rest_route=%2Fwp%2Fv2%2Fmedia&parent=33377"}],"wp:term":[{"taxonomy":"category","embeddable":true,"href":"https:\/\/www.rwg-bayreuth.de\/home\/index.php?rest_route=%2Fwp%2Fv2%2Fcategories&post=33377"},{"taxonomy":"post_tag","embeddable":true,"href":"https:\/\/www.rwg-bayreuth.de\/home\/index.php?rest_route=%2Fwp%2Fv2%2Ftags&post=33377"}],"curies":[{"name":"wp","href":"https:\/\/api.w.org\/{rel}","templated":true}]}}