{"id":33338,"date":"2023-02-15T17:54:47","date_gmt":"2023-02-15T16:54:47","guid":{"rendered":"http:\/\/www.rwg-bayreuth.de\/home\/?p=33338"},"modified":"2024-01-22T16:24:01","modified_gmt":"2024-01-22T15:24:01","slug":"endlich-wieder-musikfahrt","status":"publish","type":"post","link":"https:\/\/www.rwg-bayreuth.de\/home\/?p=33338","title":{"rendered":"Endlich wieder Musikfahrt"},"content":{"rendered":"<p><a href=\"https:\/\/www.rwg-bayreuth.de\/home\/wp-content\/uploads\/2023\/02\/22-23-Musikfahrt-B.jpg\"><img loading=\"lazy\" decoding=\"async\" src=\"https:\/\/www.rwg-bayreuth.de\/home\/wp-content\/uploads\/2023\/02\/22-23-Musikfahrt-B-450x300.jpg\" alt=\"\" width=\"450\" height=\"300\" class=\"aligncenter size-medium wp-image-33346\" srcset=\"https:\/\/www.rwg-bayreuth.de\/home\/wp-content\/uploads\/2023\/02\/22-23-Musikfahrt-B-450x300.jpg 450w, https:\/\/www.rwg-bayreuth.de\/home\/wp-content\/uploads\/2023\/02\/22-23-Musikfahrt-B-150x100.jpg 150w, https:\/\/www.rwg-bayreuth.de\/home\/wp-content\/uploads\/2023\/02\/22-23-Musikfahrt-B-768x512.jpg 768w, https:\/\/www.rwg-bayreuth.de\/home\/wp-content\/uploads\/2023\/02\/22-23-Musikfahrt-B-250x167.jpg 250w, https:\/\/www.rwg-bayreuth.de\/home\/wp-content\/uploads\/2023\/02\/22-23-Musikfahrt-B-900x600.jpg 900w, https:\/\/www.rwg-bayreuth.de\/home\/wp-content\/uploads\/2023\/02\/22-23-Musikfahrt-B.jpg 1024w\" sizes=\"(max-width: 450px) 100vw, 450px\" \/><\/a><\/p>\n<p>Nach einer langen Corona-Pause konnte wir, die Sch\u00fcler und Sch\u00fclerinnen der Ch\u00f6re und<br \/>\nMusikensembles aus allen Jahrgangsstufen, endlich wieder eine Musikerfahrt veranstalten.<br \/>\nVoller Vorfreude fuhren wir am Mittwoch, den 08.02.2023, nach Mainleus zum Jugendhaus<br \/>\nWeiherm\u00fchle. Nach einer herzlichen Begr\u00fc\u00dfung und einem leckeren Mittagessen standen<br \/>\ndie kommenden Tage ganz im Zeichen der Musik. Flei\u00dfig probten wir an den<br \/>\nunterschiedlichsten Ensemble-St\u00fccken und Chor-Liedern. Auch der Spa\u00df kam nicht zu kurz \u2013<br \/>\nso erforschten wir die Anlage bei Sonnenschein, sangen Karaoke und spielten<br \/>\nGesellschaftsspiele. Ein sch\u00f6ner Abschluss war der Film, den wir am Donnerstagabend<br \/>\ngemeinsam ansahen. Am Freitag ging es nach zwei erlebnisreichen Tagen zur\u00fcck nach<br \/>\nBayreuth. <\/p>\n<div class=\"su-image-carousel  su-image-carousel-columns-3 su-image-carousel-has-spacing su-image-carousel-crop su-image-carousel-crop-4-3 su-image-carousel-has-lightbox su-image-carousel-has-outline su-image-carousel-adaptive su-image-carousel-slides-style-minimal su-image-carousel-controls-style-light su-image-carousel-align-none\" style=\"\" data-flickity-options='{\"groupCells\":true,\"cellSelector\":\".su-image-carousel-item\",\"adaptiveHeight\":false,\"cellAlign\":\"left\",\"prevNextButtons\":true,\"pageDots\":false,\"autoPlay\":4000,\"imagesLoaded\":true,\"contain\":true,\"selectedAttraction\":0.025000000000000001,\"friction\":0.28000000000000003}' id=\"su_image_carousel_69f1ca1e658c7\"><div class=\"su-image-carousel-item\"><div class=\"su-image-carousel-item-content\"><a href=\"https:\/\/www.rwg-bayreuth.de\/home\/wp-content\/uploads\/2023\/02\/22-23-Musikfahrt-Unterstufenchor.jpg\" data-caption=\"Unterstufenchor\"><img loading=\"lazy\" decoding=\"async\" width=\"1024\" height=\"768\" src=\"https:\/\/www.rwg-bayreuth.de\/home\/wp-content\/uploads\/2023\/02\/22-23-Musikfahrt-Unterstufenchor.jpg\" class=\"\" alt=\"\" srcset=\"https:\/\/www.rwg-bayreuth.de\/home\/wp-content\/uploads\/2023\/02\/22-23-Musikfahrt-Unterstufenchor.jpg 1024w, https:\/\/www.rwg-bayreuth.de\/home\/wp-content\/uploads\/2023\/02\/22-23-Musikfahrt-Unterstufenchor-450x338.jpg 450w, https:\/\/www.rwg-bayreuth.de\/home\/wp-content\/uploads\/2023\/02\/22-23-Musikfahrt-Unterstufenchor-150x113.jpg 150w, https:\/\/www.rwg-bayreuth.de\/home\/wp-content\/uploads\/2023\/02\/22-23-Musikfahrt-Unterstufenchor-768x576.jpg 768w, https:\/\/www.rwg-bayreuth.de\/home\/wp-content\/uploads\/2023\/02\/22-23-Musikfahrt-Unterstufenchor-250x188.jpg 250w\" sizes=\"(max-width: 1024px) 100vw, 1024px\" \/><span>Unterstufenchor<\/span><\/a><\/div><\/div><div class=\"su-image-carousel-item\"><div class=\"su-image-carousel-item-content\"><a href=\"https:\/\/www.rwg-bayreuth.de\/home\/wp-content\/uploads\/2023\/02\/22-23-Musikfahrt-Gemeinschaftschor.jpg\" data-caption=\"Gemeinschaftschor\"><img loading=\"lazy\" decoding=\"async\" width=\"1024\" height=\"768\" src=\"https:\/\/www.rwg-bayreuth.de\/home\/wp-content\/uploads\/2023\/02\/22-23-Musikfahrt-Gemeinschaftschor.jpg\" class=\"\" alt=\"\" srcset=\"https:\/\/www.rwg-bayreuth.de\/home\/wp-content\/uploads\/2023\/02\/22-23-Musikfahrt-Gemeinschaftschor.jpg 1024w, https:\/\/www.rwg-bayreuth.de\/home\/wp-content\/uploads\/2023\/02\/22-23-Musikfahrt-Gemeinschaftschor-450x338.jpg 450w, https:\/\/www.rwg-bayreuth.de\/home\/wp-content\/uploads\/2023\/02\/22-23-Musikfahrt-Gemeinschaftschor-150x113.jpg 150w, https:\/\/www.rwg-bayreuth.de\/home\/wp-content\/uploads\/2023\/02\/22-23-Musikfahrt-Gemeinschaftschor-768x576.jpg 768w, https:\/\/www.rwg-bayreuth.de\/home\/wp-content\/uploads\/2023\/02\/22-23-Musikfahrt-Gemeinschaftschor-250x188.jpg 250w\" sizes=\"(max-width: 1024px) 100vw, 1024px\" \/><span>Gemeinschaftschor<\/span><\/a><\/div><\/div><div class=\"su-image-carousel-item\"><div class=\"su-image-carousel-item-content\"><a href=\"https:\/\/www.rwg-bayreuth.de\/home\/wp-content\/uploads\/2023\/02\/22-23-Musikfahrt-Geigenduett.jpg\" data-caption=\"Geigenduett\"><img loading=\"lazy\" decoding=\"async\" width=\"1024\" height=\"768\" src=\"https:\/\/www.rwg-bayreuth.de\/home\/wp-content\/uploads\/2023\/02\/22-23-Musikfahrt-Geigenduett.jpg\" class=\"\" alt=\"\" srcset=\"https:\/\/www.rwg-bayreuth.de\/home\/wp-content\/uploads\/2023\/02\/22-23-Musikfahrt-Geigenduett.jpg 1024w, https:\/\/www.rwg-bayreuth.de\/home\/wp-content\/uploads\/2023\/02\/22-23-Musikfahrt-Geigenduett-450x338.jpg 450w, https:\/\/www.rwg-bayreuth.de\/home\/wp-content\/uploads\/2023\/02\/22-23-Musikfahrt-Geigenduett-150x113.jpg 150w, https:\/\/www.rwg-bayreuth.de\/home\/wp-content\/uploads\/2023\/02\/22-23-Musikfahrt-Geigenduett-768x576.jpg 768w, https:\/\/www.rwg-bayreuth.de\/home\/wp-content\/uploads\/2023\/02\/22-23-Musikfahrt-Geigenduett-250x188.jpg 250w\" sizes=\"(max-width: 1024px) 100vw, 1024px\" \/><span>Geigenduett<\/span><\/a><\/div><\/div><div class=\"su-image-carousel-item\"><div class=\"su-image-carousel-item-content\"><a href=\"https:\/\/www.rwg-bayreuth.de\/home\/wp-content\/uploads\/2023\/02\/22-23-Musikfahrt-Gitarrenensemble.jpg\" data-caption=\"Gitarrenensemble\"><img loading=\"lazy\" decoding=\"async\" width=\"1024\" height=\"768\" src=\"https:\/\/www.rwg-bayreuth.de\/home\/wp-content\/uploads\/2023\/02\/22-23-Musikfahrt-Gitarrenensemble.jpg\" class=\"\" alt=\"\" srcset=\"https:\/\/www.rwg-bayreuth.de\/home\/wp-content\/uploads\/2023\/02\/22-23-Musikfahrt-Gitarrenensemble.jpg 1024w, https:\/\/www.rwg-bayreuth.de\/home\/wp-content\/uploads\/2023\/02\/22-23-Musikfahrt-Gitarrenensemble-450x338.jpg 450w, https:\/\/www.rwg-bayreuth.de\/home\/wp-content\/uploads\/2023\/02\/22-23-Musikfahrt-Gitarrenensemble-150x113.jpg 150w, https:\/\/www.rwg-bayreuth.de\/home\/wp-content\/uploads\/2023\/02\/22-23-Musikfahrt-Gitarrenensemble-768x576.jpg 768w, https:\/\/www.rwg-bayreuth.de\/home\/wp-content\/uploads\/2023\/02\/22-23-Musikfahrt-Gitarrenensemble-250x188.jpg 250w\" sizes=\"(max-width: 1024px) 100vw, 1024px\" \/><span>Gitarrenensemble<\/span><\/a><\/div><\/div><div class=\"su-image-carousel-item\"><div class=\"su-image-carousel-item-content\"><a href=\"https:\/\/www.rwg-bayreuth.de\/home\/wp-content\/uploads\/2023\/02\/22-23-Musikfahrt-Floetenduett.jpg\" data-caption=\"Fl\u00f6tenduett\"><img loading=\"lazy\" decoding=\"async\" width=\"1024\" height=\"768\" src=\"https:\/\/www.rwg-bayreuth.de\/home\/wp-content\/uploads\/2023\/02\/22-23-Musikfahrt-Floetenduett.jpg\" class=\"\" alt=\"\" srcset=\"https:\/\/www.rwg-bayreuth.de\/home\/wp-content\/uploads\/2023\/02\/22-23-Musikfahrt-Floetenduett.jpg 1024w, https:\/\/www.rwg-bayreuth.de\/home\/wp-content\/uploads\/2023\/02\/22-23-Musikfahrt-Floetenduett-450x338.jpg 450w, https:\/\/www.rwg-bayreuth.de\/home\/wp-content\/uploads\/2023\/02\/22-23-Musikfahrt-Floetenduett-150x113.jpg 150w, https:\/\/www.rwg-bayreuth.de\/home\/wp-content\/uploads\/2023\/02\/22-23-Musikfahrt-Floetenduett-768x576.jpg 768w, https:\/\/www.rwg-bayreuth.de\/home\/wp-content\/uploads\/2023\/02\/22-23-Musikfahrt-Floetenduett-250x188.jpg 250w, https:\/\/www.rwg-bayreuth.de\/home\/wp-content\/uploads\/2023\/02\/22-23-Musikfahrt-Floetenduett-600x450.jpg 600w\" sizes=\"(max-width: 1024px) 100vw, 1024px\" \/><span>Fl\u00f6tenduett<\/span><\/a><\/div><\/div><div class=\"su-image-carousel-item\"><div class=\"su-image-carousel-item-content\"><a href=\"https:\/\/www.rwg-bayreuth.de\/home\/wp-content\/uploads\/2023\/02\/22-23-Musikfahrt-Floetenensemble.jpg\" data-caption=\"Fl\u00f6tenensemble\"><img loading=\"lazy\" decoding=\"async\" width=\"1024\" height=\"768\" src=\"https:\/\/www.rwg-bayreuth.de\/home\/wp-content\/uploads\/2023\/02\/22-23-Musikfahrt-Floetenensemble.jpg\" class=\"\" alt=\"\" srcset=\"https:\/\/www.rwg-bayreuth.de\/home\/wp-content\/uploads\/2023\/02\/22-23-Musikfahrt-Floetenensemble.jpg 1024w, https:\/\/www.rwg-bayreuth.de\/home\/wp-content\/uploads\/2023\/02\/22-23-Musikfahrt-Floetenensemble-450x338.jpg 450w, https:\/\/www.rwg-bayreuth.de\/home\/wp-content\/uploads\/2023\/02\/22-23-Musikfahrt-Floetenensemble-150x113.jpg 150w, https:\/\/www.rwg-bayreuth.de\/home\/wp-content\/uploads\/2023\/02\/22-23-Musikfahrt-Floetenensemble-768x576.jpg 768w, https:\/\/www.rwg-bayreuth.de\/home\/wp-content\/uploads\/2023\/02\/22-23-Musikfahrt-Floetenensemble-250x188.jpg 250w\" sizes=\"(max-width: 1024px) 100vw, 1024px\" \/><span>Fl\u00f6tenensemble<\/span><\/a><\/div><\/div><\/div><script id=\"su_image_carousel_69f1ca1e658c7_script\">if(window.SUImageCarousel){setTimeout(function() {window.SUImageCarousel.initGallery(document.getElementById(\"su_image_carousel_69f1ca1e658c7\"))}, 0);}var su_image_carousel_69f1ca1e658c7_script=document.getElementById(\"su_image_carousel_69f1ca1e658c7_script\");if(su_image_carousel_69f1ca1e658c7_script){su_image_carousel_69f1ca1e658c7_script.parentNode.removeChild(su_image_carousel_69f1ca1e658c7_script);}<\/script>\n<p>Alles in allem brachte uns die Musikfahrt gemeinschaftlich und musikalisch einen gro\u00dfen<br \/>\nSchritt voran, was sich sicherlich bei den n\u00e4chsten Proben und den Konzerten zeigen wird.<br \/>\nEin gro\u00dfer Dank geht an Herrn Pfister, Frau Fink-Porr, Frau Kircheis, das Jugendhaus<br \/>\nWeiherm\u00fchle und alle Mitorganisatoren f\u00fcr das Erm\u00f6glichen dieser tollen Fahrt. <\/p>\n<p> <em>Bettina Dostal und Mathilda Schertel (8a)<\/em><\/p>\n","protected":false},"excerpt":{"rendered":"<p>Nach einer langen Corona-Pause konnte wir, die Sch\u00fcler und Sch\u00fclerinnen der Ch\u00f6re und Musikensembles aus allen Jahrgangsstufen, endlich wieder eine Musikerfahrt veranstalten. Voller Vorfreude fuhren wir am Mittwoch, den 08.02.2023, nach Mainleus zum Jugendhaus Weiherm\u00fchle. Nach einer herzlichen Begr\u00fc\u00dfung und einem leckeren Mittagessen standen die kommenden Tage ganz im Zeichen der Musik. Flei\u00dfig probten wir&hellip;<\/p>\n","protected":false},"author":11,"featured_media":33346,"comment_status":"closed","ping_status":"closed","sticky":false,"template":"","format":"standard","meta":{"footnotes":""},"categories":[1],"tags":[51,44],"_links":{"self":[{"href":"https:\/\/www.rwg-bayreuth.de\/home\/index.php?rest_route=\/wp\/v2\/posts\/33338"}],"collection":[{"href":"https:\/\/www.rwg-bayreuth.de\/home\/index.php?rest_route=\/wp\/v2\/posts"}],"about":[{"href":"https:\/\/www.rwg-bayreuth.de\/home\/index.php?rest_route=\/wp\/v2\/types\/post"}],"author":[{"embeddable":true,"href":"https:\/\/www.rwg-bayreuth.de\/home\/index.php?rest_route=\/wp\/v2\/users\/11"}],"replies":[{"embeddable":true,"href":"https:\/\/www.rwg-bayreuth.de\/home\/index.php?rest_route=%2Fwp%2Fv2%2Fcomments&post=33338"}],"version-history":[{"count":6,"href":"https:\/\/www.rwg-bayreuth.de\/home\/index.php?rest_route=\/wp\/v2\/posts\/33338\/revisions"}],"predecessor-version":[{"id":33351,"href":"https:\/\/www.rwg-bayreuth.de\/home\/index.php?rest_route=\/wp\/v2\/posts\/33338\/revisions\/33351"}],"wp:featuredmedia":[{"embeddable":true,"href":"https:\/\/www.rwg-bayreuth.de\/home\/index.php?rest_route=\/wp\/v2\/media\/33346"}],"wp:attachment":[{"href":"https:\/\/www.rwg-bayreuth.de\/home\/index.php?rest_route=%2Fwp%2Fv2%2Fmedia&parent=33338"}],"wp:term":[{"taxonomy":"category","embeddable":true,"href":"https:\/\/www.rwg-bayreuth.de\/home\/index.php?rest_route=%2Fwp%2Fv2%2Fcategories&post=33338"},{"taxonomy":"post_tag","embeddable":true,"href":"https:\/\/www.rwg-bayreuth.de\/home\/index.php?rest_route=%2Fwp%2Fv2%2Ftags&post=33338"}],"curies":[{"name":"wp","href":"https:\/\/api.w.org\/{rel}","templated":true}]}}