{"id":33188,"date":"2023-01-30T06:08:37","date_gmt":"2023-01-30T05:08:37","guid":{"rendered":"http:\/\/www.rwg-bayreuth.de\/home\/?p=33188"},"modified":"2023-01-31T18:23:44","modified_gmt":"2023-01-31T17:23:44","slug":"eintauchen-in-das-leben-eines-echten-roemers","status":"publish","type":"post","link":"https:\/\/www.rwg-bayreuth.de\/home\/?p=33188","title":{"rendered":"Eintauchen in das Leben eines \u201aechten\u2018 R\u00f6mers\u2026"},"content":{"rendered":"<p><a href=\"https:\/\/www.rwg-bayreuth.de\/home\/wp-content\/uploads\/2023\/01\/22-23-Latein-Begabtenkurs-Gruppenbild.jpg\"><img loading=\"lazy\" decoding=\"async\" src=\"https:\/\/www.rwg-bayreuth.de\/home\/wp-content\/uploads\/2023\/01\/22-23-Latein-Begabtenkurs-Gruppenbild-450x300.jpg\" alt=\"\" width=\"450\" height=\"300\" class=\"aligncenter size-medium wp-image-33189\" srcset=\"https:\/\/www.rwg-bayreuth.de\/home\/wp-content\/uploads\/2023\/01\/22-23-Latein-Begabtenkurs-Gruppenbild-450x300.jpg 450w, https:\/\/www.rwg-bayreuth.de\/home\/wp-content\/uploads\/2023\/01\/22-23-Latein-Begabtenkurs-Gruppenbild-150x100.jpg 150w, https:\/\/www.rwg-bayreuth.de\/home\/wp-content\/uploads\/2023\/01\/22-23-Latein-Begabtenkurs-Gruppenbild-768x512.jpg 768w, https:\/\/www.rwg-bayreuth.de\/home\/wp-content\/uploads\/2023\/01\/22-23-Latein-Begabtenkurs-Gruppenbild-250x167.jpg 250w, https:\/\/www.rwg-bayreuth.de\/home\/wp-content\/uploads\/2023\/01\/22-23-Latein-Begabtenkurs-Gruppenbild-900x600.jpg 900w, https:\/\/www.rwg-bayreuth.de\/home\/wp-content\/uploads\/2023\/01\/22-23-Latein-Begabtenkurs-Gruppenbild.jpg 1024w\" sizes=\"(max-width: 450px) 100vw, 450px\" \/><\/a><\/p>\n<p>\u2026so lautet der Titel des diesj\u00e4hrigen Begabtenkurses, der in diesem Schuljahr im Rahmen der regionalen Begabtenf\u00f6rderung Oberfranken am RWG angeboten wird. So trafen sich Ende November die auf dem Gebiet der alten Sprachen\/Geschichte talentierten Sch\u00fcler\/innen aus Bayreuth, Kulmbach und Umgebung zu einem ersten Kurstag. <\/p>\n<p>Unter der Leitung von Frau Track sollten dabei zun\u00e4chst die Interessen der \u00fcber 20 Sechst- bis Zehntkl\u00e4ssler\/innen genauer abgesteckt werden, zumal schlie\u00dflich alle Sch\u00fcler\/innen sich mit unterschiedlichen Vorstellungen und Erwartungen bzw. aus verschiedenen Beweggr\u00fcnden zu einer Kursteilnahme angemeldet hatten: Schnell waren in einer kurzen Vorstellungsrunde jedoch gemeinsame Ziele und Ideen geb\u00fcndelt \u2013 denn eine gewisse Begeisterung f\u00fcr die antike Welt und die sie pr\u00e4gende Figur einte alle Teilnehmer\/innen \u2013 und schon war man mittendrin im Thema &#8211; \u201aabgetaucht\u2018  in gewisserma\u00dfen einer Zeitreise an unterschiedliche St\u00e4tten und Schaupl\u00e4tze der Antike, beginnend nat\u00fcrlich in der r\u00f6mischen Welt, \u00fcber die griechischen Mythen und G\u00f6ttergeschichten, bis hin zur Comicwelt von Asterix und Obelix oder aber dem politischen Wirkungszentrum C\u00e4sars in Gallien. Auch erinnerten sich wiederum einige Sch\u00fclerinnen an die im Vorjahr unternommene R\u00f6merfahrt an den Limes.  <\/p>\n<div class=\"su-image-carousel  su-image-carousel-columns-3 su-image-carousel-has-spacing su-image-carousel-crop su-image-carousel-crop-4-3 su-image-carousel-has-lightbox su-image-carousel-has-outline su-image-carousel-adaptive su-image-carousel-slides-style-minimal su-image-carousel-controls-style-light su-image-carousel-align-none\" style=\"\" data-flickity-options='{\"groupCells\":true,\"cellSelector\":\".su-image-carousel-item\",\"adaptiveHeight\":false,\"cellAlign\":\"left\",\"prevNextButtons\":true,\"pageDots\":false,\"autoPlay\":4000,\"imagesLoaded\":true,\"contain\":true,\"selectedAttraction\":0.025000000000000001,\"friction\":0.28000000000000003}' id=\"su_image_carousel_69f1cc3421663\"><div class=\"su-image-carousel-item\"><div class=\"su-image-carousel-item-content\"><a href=\"https:\/\/www.rwg-bayreuth.de\/home\/wp-content\/uploads\/2023\/01\/22-23-Latein-Begabtenkurs-Roma-caput-mundi1.jpg\" data-caption=\"\"><img loading=\"lazy\" decoding=\"async\" width=\"1024\" height=\"683\" src=\"https:\/\/www.rwg-bayreuth.de\/home\/wp-content\/uploads\/2023\/01\/22-23-Latein-Begabtenkurs-Roma-caput-mundi1.jpg\" class=\"\" alt=\"\" srcset=\"https:\/\/www.rwg-bayreuth.de\/home\/wp-content\/uploads\/2023\/01\/22-23-Latein-Begabtenkurs-Roma-caput-mundi1.jpg 1024w, https:\/\/www.rwg-bayreuth.de\/home\/wp-content\/uploads\/2023\/01\/22-23-Latein-Begabtenkurs-Roma-caput-mundi1-450x300.jpg 450w, https:\/\/www.rwg-bayreuth.de\/home\/wp-content\/uploads\/2023\/01\/22-23-Latein-Begabtenkurs-Roma-caput-mundi1-150x100.jpg 150w, https:\/\/www.rwg-bayreuth.de\/home\/wp-content\/uploads\/2023\/01\/22-23-Latein-Begabtenkurs-Roma-caput-mundi1-768x512.jpg 768w, https:\/\/www.rwg-bayreuth.de\/home\/wp-content\/uploads\/2023\/01\/22-23-Latein-Begabtenkurs-Roma-caput-mundi1-250x167.jpg 250w, https:\/\/www.rwg-bayreuth.de\/home\/wp-content\/uploads\/2023\/01\/22-23-Latein-Begabtenkurs-Roma-caput-mundi1-900x600.jpg 900w\" sizes=\"(max-width: 1024px) 100vw, 1024px\" \/><\/a><\/div><\/div><div class=\"su-image-carousel-item\"><div class=\"su-image-carousel-item-content\"><a href=\"https:\/\/www.rwg-bayreuth.de\/home\/wp-content\/uploads\/2023\/01\/22-23-Latein-Begabtenkurs-Roma-caput-mundi2.jpg\" data-caption=\"\"><img loading=\"lazy\" decoding=\"async\" width=\"768\" height=\"1024\" src=\"https:\/\/www.rwg-bayreuth.de\/home\/wp-content\/uploads\/2023\/01\/22-23-Latein-Begabtenkurs-Roma-caput-mundi2.jpg\" class=\"\" alt=\"\" srcset=\"https:\/\/www.rwg-bayreuth.de\/home\/wp-content\/uploads\/2023\/01\/22-23-Latein-Begabtenkurs-Roma-caput-mundi2.jpg 768w, https:\/\/www.rwg-bayreuth.de\/home\/wp-content\/uploads\/2023\/01\/22-23-Latein-Begabtenkurs-Roma-caput-mundi2-338x450.jpg 338w, https:\/\/www.rwg-bayreuth.de\/home\/wp-content\/uploads\/2023\/01\/22-23-Latein-Begabtenkurs-Roma-caput-mundi2-113x150.jpg 113w, https:\/\/www.rwg-bayreuth.de\/home\/wp-content\/uploads\/2023\/01\/22-23-Latein-Begabtenkurs-Roma-caput-mundi2-250x333.jpg 250w\" sizes=\"(max-width: 768px) 100vw, 768px\" \/><\/a><\/div><\/div><div class=\"su-image-carousel-item\"><div class=\"su-image-carousel-item-content\"><a href=\"https:\/\/www.rwg-bayreuth.de\/home\/wp-content\/uploads\/2023\/01\/22-23-Latein-Begabtenkurs-Alte-Geschichten1.jpg\" data-caption=\"\"><img loading=\"lazy\" decoding=\"async\" width=\"768\" height=\"1024\" src=\"https:\/\/www.rwg-bayreuth.de\/home\/wp-content\/uploads\/2023\/01\/22-23-Latein-Begabtenkurs-Alte-Geschichten1.jpg\" class=\"\" alt=\"\" srcset=\"https:\/\/www.rwg-bayreuth.de\/home\/wp-content\/uploads\/2023\/01\/22-23-Latein-Begabtenkurs-Alte-Geschichten1.jpg 768w, https:\/\/www.rwg-bayreuth.de\/home\/wp-content\/uploads\/2023\/01\/22-23-Latein-Begabtenkurs-Alte-Geschichten1-338x450.jpg 338w, https:\/\/www.rwg-bayreuth.de\/home\/wp-content\/uploads\/2023\/01\/22-23-Latein-Begabtenkurs-Alte-Geschichten1-113x150.jpg 113w, https:\/\/www.rwg-bayreuth.de\/home\/wp-content\/uploads\/2023\/01\/22-23-Latein-Begabtenkurs-Alte-Geschichten1-250x333.jpg 250w\" sizes=\"(max-width: 768px) 100vw, 768px\" \/><\/a><\/div><\/div><div class=\"su-image-carousel-item\"><div class=\"su-image-carousel-item-content\"><a href=\"https:\/\/www.rwg-bayreuth.de\/home\/wp-content\/uploads\/2023\/01\/22-23-Latein-Begabtenkurs-Antike-begreifbar3.jpg\" data-caption=\"\"><img loading=\"lazy\" decoding=\"async\" width=\"1024\" height=\"768\" src=\"https:\/\/www.rwg-bayreuth.de\/home\/wp-content\/uploads\/2023\/01\/22-23-Latein-Begabtenkurs-Antike-begreifbar3.jpg\" class=\"\" alt=\"\" srcset=\"https:\/\/www.rwg-bayreuth.de\/home\/wp-content\/uploads\/2023\/01\/22-23-Latein-Begabtenkurs-Antike-begreifbar3.jpg 1024w, https:\/\/www.rwg-bayreuth.de\/home\/wp-content\/uploads\/2023\/01\/22-23-Latein-Begabtenkurs-Antike-begreifbar3-450x338.jpg 450w, https:\/\/www.rwg-bayreuth.de\/home\/wp-content\/uploads\/2023\/01\/22-23-Latein-Begabtenkurs-Antike-begreifbar3-150x113.jpg 150w, https:\/\/www.rwg-bayreuth.de\/home\/wp-content\/uploads\/2023\/01\/22-23-Latein-Begabtenkurs-Antike-begreifbar3-768x576.jpg 768w, https:\/\/www.rwg-bayreuth.de\/home\/wp-content\/uploads\/2023\/01\/22-23-Latein-Begabtenkurs-Antike-begreifbar3-250x188.jpg 250w\" sizes=\"(max-width: 1024px) 100vw, 1024px\" \/><\/a><\/div><\/div><div class=\"su-image-carousel-item\"><div class=\"su-image-carousel-item-content\"><a href=\"https:\/\/www.rwg-bayreuth.de\/home\/wp-content\/uploads\/2023\/01\/22-23-Latein-Begabtenkurs-Antike-begreifbar4.jpg\" data-caption=\"\"><img loading=\"lazy\" decoding=\"async\" width=\"1024\" height=\"768\" src=\"https:\/\/www.rwg-bayreuth.de\/home\/wp-content\/uploads\/2023\/01\/22-23-Latein-Begabtenkurs-Antike-begreifbar4.jpg\" class=\"\" alt=\"\" srcset=\"https:\/\/www.rwg-bayreuth.de\/home\/wp-content\/uploads\/2023\/01\/22-23-Latein-Begabtenkurs-Antike-begreifbar4.jpg 1024w, https:\/\/www.rwg-bayreuth.de\/home\/wp-content\/uploads\/2023\/01\/22-23-Latein-Begabtenkurs-Antike-begreifbar4-450x338.jpg 450w, https:\/\/www.rwg-bayreuth.de\/home\/wp-content\/uploads\/2023\/01\/22-23-Latein-Begabtenkurs-Antike-begreifbar4-150x113.jpg 150w, https:\/\/www.rwg-bayreuth.de\/home\/wp-content\/uploads\/2023\/01\/22-23-Latein-Begabtenkurs-Antike-begreifbar4-768x576.jpg 768w, https:\/\/www.rwg-bayreuth.de\/home\/wp-content\/uploads\/2023\/01\/22-23-Latein-Begabtenkurs-Antike-begreifbar4-250x188.jpg 250w\" sizes=\"(max-width: 1024px) 100vw, 1024px\" \/><\/a><\/div><\/div><div class=\"su-image-carousel-item\"><div class=\"su-image-carousel-item-content\"><a href=\"https:\/\/www.rwg-bayreuth.de\/home\/wp-content\/uploads\/2023\/01\/22-23-Latein-Begabtenkurs-Antike-begreifbar4d.jpg\" data-caption=\"\"><img loading=\"lazy\" decoding=\"async\" width=\"1024\" height=\"768\" src=\"https:\/\/www.rwg-bayreuth.de\/home\/wp-content\/uploads\/2023\/01\/22-23-Latein-Begabtenkurs-Antike-begreifbar4d.jpg\" class=\"\" alt=\"\" srcset=\"https:\/\/www.rwg-bayreuth.de\/home\/wp-content\/uploads\/2023\/01\/22-23-Latein-Begabtenkurs-Antike-begreifbar4d.jpg 1024w, https:\/\/www.rwg-bayreuth.de\/home\/wp-content\/uploads\/2023\/01\/22-23-Latein-Begabtenkurs-Antike-begreifbar4d-450x338.jpg 450w, https:\/\/www.rwg-bayreuth.de\/home\/wp-content\/uploads\/2023\/01\/22-23-Latein-Begabtenkurs-Antike-begreifbar4d-150x113.jpg 150w, https:\/\/www.rwg-bayreuth.de\/home\/wp-content\/uploads\/2023\/01\/22-23-Latein-Begabtenkurs-Antike-begreifbar4d-768x576.jpg 768w, https:\/\/www.rwg-bayreuth.de\/home\/wp-content\/uploads\/2023\/01\/22-23-Latein-Begabtenkurs-Antike-begreifbar4d-250x188.jpg 250w\" sizes=\"(max-width: 1024px) 100vw, 1024px\" \/><\/a><\/div><\/div><\/div><script id=\"su_image_carousel_69f1cc3421663_script\">if(window.SUImageCarousel){setTimeout(function() {window.SUImageCarousel.initGallery(document.getElementById(\"su_image_carousel_69f1cc3421663\"))}, 0);}var su_image_carousel_69f1cc3421663_script=document.getElementById(\"su_image_carousel_69f1cc3421663_script\");if(su_image_carousel_69f1cc3421663_script){su_image_carousel_69f1cc3421663_script.parentNode.removeChild(su_image_carousel_69f1cc3421663_script);}<\/script>\n<p>Von gro\u00dfem Interesse war f\u00fcr die Jugendlichen zudem auch das Leben der Menschen in der damaligen Zeit, sodass die Gruppe sich zun\u00e4chst mit einem Ratekrimi befasste, der in Pompeji verwurzelt war und n\u00e4here Einblicke in das Leben rund um den Vesuv ca. im 1. Jahrhundert vor Christus brachte. Dabei versteht es sich von selbst, dass in diesem Zusammenhang auch auf die Wohnsituation von damals eingegangen wurden, genauso wie auf kultische Handlungen der Religion zur damaligen Zeit. Im Anschluss an diese k\u00fcrzere Input-Phase wurden die Sch\u00fcler\/innen dann selbst zu \u201aBaumeister(inne)n\u2018, indem unterschiedliche Bastelvorlagen rund um das Thema \u201ar\u00f6mische(s) Wohnhaus\/Tempelbauten\u2018 ausprobiert werden sollten: Hierzu brauchte es neben der n\u00f6tigen Geduld v.a. auch Bastelgeschick eine gute Auffassungsgabe f\u00fcr 3D-Bauten sowie auch die entsprechende Geduld beim flei\u00dfigen Ausschneiden, Falten und Zusammenkleben mit Schere, Papier und Klebstoff \u2013 alles kein Problem jedoch f\u00fcr die eifrigen Teilnehmer\/innen, die mit sich mit einer Akribie und h\u00f6chst motiviert ans Werk machten! Im Nu wurde bereits das erste Mauerwerk in die H\u00f6he gezogen, die rund um das Impluvium des Wohnhauses offene Dachdeckel montiert oder aber mit dem Cuttermesser vorsichtig hantiert, um die entsprechenden Stecklaschen vorzubereiten. Der guten Stimmung tat auch der eine oder andere Irrweg (\u201edas h\u00e4lt irgendwie nicht richtig \u2013 woran kann das nur liegen?!\u201c) keinen Abbruch, f\u00fcr entsprechende vorweihnachtliche Verpflegung war mit Mandarinen, Lebkuchen und Bonbons ebenfalls gesorgt, sodass der Vormittag f\u00fcr alle Teilnehmenden wie im Fluge verging und eiligst vor Schulschluss noch die restlichen Papierschnipsel vom Boden zusammengesammelt wurden. <\/p>\n<div class=\"su-image-carousel  su-image-carousel-columns-3 su-image-carousel-has-spacing su-image-carousel-crop su-image-carousel-crop-4-3 su-image-carousel-has-lightbox su-image-carousel-has-outline su-image-carousel-adaptive su-image-carousel-slides-style-minimal su-image-carousel-controls-style-light su-image-carousel-align-none\" style=\"\" data-flickity-options='{\"groupCells\":true,\"cellSelector\":\".su-image-carousel-item\",\"adaptiveHeight\":false,\"cellAlign\":\"left\",\"prevNextButtons\":true,\"pageDots\":false,\"autoPlay\":4000,\"imagesLoaded\":true,\"contain\":true,\"selectedAttraction\":0.025000000000000001,\"friction\":0.28000000000000003}' id=\"su_image_carousel_69f1cc3421b38\"><div class=\"su-image-carousel-item\"><div class=\"su-image-carousel-item-content\"><a href=\"https:\/\/www.rwg-bayreuth.de\/home\/wp-content\/uploads\/2023\/01\/22-23-Latein-Begabtenkurs-Antike-begreifbar1a.jpg\" data-caption=\"\"><img loading=\"lazy\" decoding=\"async\" width=\"1024\" height=\"768\" src=\"https:\/\/www.rwg-bayreuth.de\/home\/wp-content\/uploads\/2023\/01\/22-23-Latein-Begabtenkurs-Antike-begreifbar1a.jpg\" class=\"\" alt=\"\" srcset=\"https:\/\/www.rwg-bayreuth.de\/home\/wp-content\/uploads\/2023\/01\/22-23-Latein-Begabtenkurs-Antike-begreifbar1a.jpg 1024w, https:\/\/www.rwg-bayreuth.de\/home\/wp-content\/uploads\/2023\/01\/22-23-Latein-Begabtenkurs-Antike-begreifbar1a-450x338.jpg 450w, https:\/\/www.rwg-bayreuth.de\/home\/wp-content\/uploads\/2023\/01\/22-23-Latein-Begabtenkurs-Antike-begreifbar1a-150x113.jpg 150w, https:\/\/www.rwg-bayreuth.de\/home\/wp-content\/uploads\/2023\/01\/22-23-Latein-Begabtenkurs-Antike-begreifbar1a-768x576.jpg 768w, https:\/\/www.rwg-bayreuth.de\/home\/wp-content\/uploads\/2023\/01\/22-23-Latein-Begabtenkurs-Antike-begreifbar1a-250x188.jpg 250w\" sizes=\"(max-width: 1024px) 100vw, 1024px\" \/><\/a><\/div><\/div><div class=\"su-image-carousel-item\"><div class=\"su-image-carousel-item-content\"><a href=\"https:\/\/www.rwg-bayreuth.de\/home\/wp-content\/uploads\/2023\/01\/22-23-Latein-Begabtenkurs-Antike-begreifbar1c.jpg\" data-caption=\"\"><img loading=\"lazy\" decoding=\"async\" width=\"1024\" height=\"768\" src=\"https:\/\/www.rwg-bayreuth.de\/home\/wp-content\/uploads\/2023\/01\/22-23-Latein-Begabtenkurs-Antike-begreifbar1c.jpg\" class=\"\" alt=\"\" srcset=\"https:\/\/www.rwg-bayreuth.de\/home\/wp-content\/uploads\/2023\/01\/22-23-Latein-Begabtenkurs-Antike-begreifbar1c.jpg 1024w, https:\/\/www.rwg-bayreuth.de\/home\/wp-content\/uploads\/2023\/01\/22-23-Latein-Begabtenkurs-Antike-begreifbar1c-450x338.jpg 450w, https:\/\/www.rwg-bayreuth.de\/home\/wp-content\/uploads\/2023\/01\/22-23-Latein-Begabtenkurs-Antike-begreifbar1c-150x113.jpg 150w, https:\/\/www.rwg-bayreuth.de\/home\/wp-content\/uploads\/2023\/01\/22-23-Latein-Begabtenkurs-Antike-begreifbar1c-768x576.jpg 768w, https:\/\/www.rwg-bayreuth.de\/home\/wp-content\/uploads\/2023\/01\/22-23-Latein-Begabtenkurs-Antike-begreifbar1c-250x188.jpg 250w\" sizes=\"(max-width: 1024px) 100vw, 1024px\" \/><\/a><\/div><\/div><div class=\"su-image-carousel-item\"><div class=\"su-image-carousel-item-content\"><a href=\"https:\/\/www.rwg-bayreuth.de\/home\/wp-content\/uploads\/2023\/01\/22-23-Latein-Begabtenkurs-Modellbau1.jpg\" data-caption=\"\"><img loading=\"lazy\" decoding=\"async\" width=\"1024\" height=\"768\" src=\"https:\/\/www.rwg-bayreuth.de\/home\/wp-content\/uploads\/2023\/01\/22-23-Latein-Begabtenkurs-Modellbau1.jpg\" class=\"\" alt=\"\" srcset=\"https:\/\/www.rwg-bayreuth.de\/home\/wp-content\/uploads\/2023\/01\/22-23-Latein-Begabtenkurs-Modellbau1.jpg 1024w, https:\/\/www.rwg-bayreuth.de\/home\/wp-content\/uploads\/2023\/01\/22-23-Latein-Begabtenkurs-Modellbau1-450x338.jpg 450w, https:\/\/www.rwg-bayreuth.de\/home\/wp-content\/uploads\/2023\/01\/22-23-Latein-Begabtenkurs-Modellbau1-150x113.jpg 150w, https:\/\/www.rwg-bayreuth.de\/home\/wp-content\/uploads\/2023\/01\/22-23-Latein-Begabtenkurs-Modellbau1-768x576.jpg 768w, https:\/\/www.rwg-bayreuth.de\/home\/wp-content\/uploads\/2023\/01\/22-23-Latein-Begabtenkurs-Modellbau1-250x188.jpg 250w\" sizes=\"(max-width: 1024px) 100vw, 1024px\" \/><\/a><\/div><\/div><div class=\"su-image-carousel-item\"><div class=\"su-image-carousel-item-content\"><a href=\"https:\/\/www.rwg-bayreuth.de\/home\/wp-content\/uploads\/2023\/01\/22-23-Latein-Begabtenkurs-Modellbau2.jpg\" data-caption=\"\"><img loading=\"lazy\" decoding=\"async\" width=\"1024\" height=\"768\" src=\"https:\/\/www.rwg-bayreuth.de\/home\/wp-content\/uploads\/2023\/01\/22-23-Latein-Begabtenkurs-Modellbau2.jpg\" class=\"\" alt=\"\" srcset=\"https:\/\/www.rwg-bayreuth.de\/home\/wp-content\/uploads\/2023\/01\/22-23-Latein-Begabtenkurs-Modellbau2.jpg 1024w, https:\/\/www.rwg-bayreuth.de\/home\/wp-content\/uploads\/2023\/01\/22-23-Latein-Begabtenkurs-Modellbau2-450x338.jpg 450w, https:\/\/www.rwg-bayreuth.de\/home\/wp-content\/uploads\/2023\/01\/22-23-Latein-Begabtenkurs-Modellbau2-150x113.jpg 150w, https:\/\/www.rwg-bayreuth.de\/home\/wp-content\/uploads\/2023\/01\/22-23-Latein-Begabtenkurs-Modellbau2-768x576.jpg 768w, https:\/\/www.rwg-bayreuth.de\/home\/wp-content\/uploads\/2023\/01\/22-23-Latein-Begabtenkurs-Modellbau2-250x188.jpg 250w\" sizes=\"(max-width: 1024px) 100vw, 1024px\" \/><\/a><\/div><\/div><div class=\"su-image-carousel-item\"><div class=\"su-image-carousel-item-content\"><a href=\"https:\/\/www.rwg-bayreuth.de\/home\/wp-content\/uploads\/2023\/01\/22-23-Latein-Begabtenkurs-Modellbau3.jpg\" data-caption=\"\"><img loading=\"lazy\" decoding=\"async\" width=\"1024\" height=\"693\" src=\"https:\/\/www.rwg-bayreuth.de\/home\/wp-content\/uploads\/2023\/01\/22-23-Latein-Begabtenkurs-Modellbau3.jpg\" class=\"\" alt=\"\" srcset=\"https:\/\/www.rwg-bayreuth.de\/home\/wp-content\/uploads\/2023\/01\/22-23-Latein-Begabtenkurs-Modellbau3.jpg 1024w, https:\/\/www.rwg-bayreuth.de\/home\/wp-content\/uploads\/2023\/01\/22-23-Latein-Begabtenkurs-Modellbau3-450x305.jpg 450w, https:\/\/www.rwg-bayreuth.de\/home\/wp-content\/uploads\/2023\/01\/22-23-Latein-Begabtenkurs-Modellbau3-150x102.jpg 150w, https:\/\/www.rwg-bayreuth.de\/home\/wp-content\/uploads\/2023\/01\/22-23-Latein-Begabtenkurs-Modellbau3-768x520.jpg 768w, https:\/\/www.rwg-bayreuth.de\/home\/wp-content\/uploads\/2023\/01\/22-23-Latein-Begabtenkurs-Modellbau3-250x169.jpg 250w\" sizes=\"(max-width: 1024px) 100vw, 1024px\" \/><\/a><\/div><\/div><div class=\"su-image-carousel-item\"><div class=\"su-image-carousel-item-content\"><a href=\"https:\/\/www.rwg-bayreuth.de\/home\/wp-content\/uploads\/2023\/01\/22-23-Latein-Begabtenkurs-Modellbau4.jpg\" data-caption=\"\"><img loading=\"lazy\" decoding=\"async\" width=\"1024\" height=\"768\" src=\"https:\/\/www.rwg-bayreuth.de\/home\/wp-content\/uploads\/2023\/01\/22-23-Latein-Begabtenkurs-Modellbau4.jpg\" class=\"\" alt=\"\" srcset=\"https:\/\/www.rwg-bayreuth.de\/home\/wp-content\/uploads\/2023\/01\/22-23-Latein-Begabtenkurs-Modellbau4.jpg 1024w, https:\/\/www.rwg-bayreuth.de\/home\/wp-content\/uploads\/2023\/01\/22-23-Latein-Begabtenkurs-Modellbau4-450x338.jpg 450w, https:\/\/www.rwg-bayreuth.de\/home\/wp-content\/uploads\/2023\/01\/22-23-Latein-Begabtenkurs-Modellbau4-150x113.jpg 150w, https:\/\/www.rwg-bayreuth.de\/home\/wp-content\/uploads\/2023\/01\/22-23-Latein-Begabtenkurs-Modellbau4-768x576.jpg 768w, https:\/\/www.rwg-bayreuth.de\/home\/wp-content\/uploads\/2023\/01\/22-23-Latein-Begabtenkurs-Modellbau4-250x188.jpg 250w\" sizes=\"(max-width: 1024px) 100vw, 1024px\" \/><\/a><\/div><\/div><\/div><script id=\"su_image_carousel_69f1cc3421b38_script\">if(window.SUImageCarousel){setTimeout(function() {window.SUImageCarousel.initGallery(document.getElementById(\"su_image_carousel_69f1cc3421b38\"))}, 0);}var su_image_carousel_69f1cc3421b38_script=document.getElementById(\"su_image_carousel_69f1cc3421b38_script\");if(su_image_carousel_69f1cc3421b38_script){su_image_carousel_69f1cc3421b38_script.parentNode.removeChild(su_image_carousel_69f1cc3421b38_script);}<\/script>\n<p>Im Ergebnis waren somit bereits tolle Exponate entstanden, die sicherlich in der einen oder anderen Unterrichtsstunde in Latein und\/oder Geschichte zum Einsatz kommen werden oder aber beim n\u00e4chsten Treffen noch mit weiteren Details versehen werden \u2013 eine Fortsetzung folgt garantiert \ud83d\ude42<\/p>\n<p><em>S. Track<\/em> <\/p>\n","protected":false},"excerpt":{"rendered":"<p>\u2026so lautet der Titel des diesj\u00e4hrigen Begabtenkurses, der in diesem Schuljahr im Rahmen der regionalen Begabtenf\u00f6rderung Oberfranken am RWG angeboten wird. So trafen sich Ende November die auf dem Gebiet der alten Sprachen\/Geschichte talentierten Sch\u00fcler\/innen aus Bayreuth, Kulmbach und Umgebung zu einem ersten Kurstag. Unter der Leitung von Frau Track sollten dabei zun\u00e4chst die Interessen&hellip;<\/p>\n","protected":false},"author":11,"featured_media":33189,"comment_status":"closed","ping_status":"closed","sticky":false,"template":"","format":"standard","meta":{"footnotes":""},"categories":[1],"tags":[51,67],"_links":{"self":[{"href":"https:\/\/www.rwg-bayreuth.de\/home\/index.php?rest_route=\/wp\/v2\/posts\/33188"}],"collection":[{"href":"https:\/\/www.rwg-bayreuth.de\/home\/index.php?rest_route=\/wp\/v2\/posts"}],"about":[{"href":"https:\/\/www.rwg-bayreuth.de\/home\/index.php?rest_route=\/wp\/v2\/types\/post"}],"author":[{"embeddable":true,"href":"https:\/\/www.rwg-bayreuth.de\/home\/index.php?rest_route=\/wp\/v2\/users\/11"}],"replies":[{"embeddable":true,"href":"https:\/\/www.rwg-bayreuth.de\/home\/index.php?rest_route=%2Fwp%2Fv2%2Fcomments&post=33188"}],"version-history":[{"count":2,"href":"https:\/\/www.rwg-bayreuth.de\/home\/index.php?rest_route=\/wp\/v2\/posts\/33188\/revisions"}],"predecessor-version":[{"id":33203,"href":"https:\/\/www.rwg-bayreuth.de\/home\/index.php?rest_route=\/wp\/v2\/posts\/33188\/revisions\/33203"}],"wp:featuredmedia":[{"embeddable":true,"href":"https:\/\/www.rwg-bayreuth.de\/home\/index.php?rest_route=\/wp\/v2\/media\/33189"}],"wp:attachment":[{"href":"https:\/\/www.rwg-bayreuth.de\/home\/index.php?rest_route=%2Fwp%2Fv2%2Fmedia&parent=33188"}],"wp:term":[{"taxonomy":"category","embeddable":true,"href":"https:\/\/www.rwg-bayreuth.de\/home\/index.php?rest_route=%2Fwp%2Fv2%2Fcategories&post=33188"},{"taxonomy":"post_tag","embeddable":true,"href":"https:\/\/www.rwg-bayreuth.de\/home\/index.php?rest_route=%2Fwp%2Fv2%2Ftags&post=33188"}],"curies":[{"name":"wp","href":"https:\/\/api.w.org\/{rel}","templated":true}]}}