{"id":33171,"date":"2023-01-27T06:30:47","date_gmt":"2023-01-27T05:30:47","guid":{"rendered":"http:\/\/www.rwg-bayreuth.de\/home\/?p=33171"},"modified":"2023-01-26T08:37:36","modified_gmt":"2023-01-26T07:37:36","slug":"der-deutsch-franzoesische-tag-am-rwg","status":"publish","type":"post","link":"https:\/\/www.rwg-bayreuth.de\/home\/?p=33171","title":{"rendered":"Der deutsch-franz\u00f6sische Tag am RWG"},"content":{"rendered":"<p><a href=\"https:\/\/www.rwg-bayreuth.de\/home\/wp-content\/uploads\/2023\/01\/22-23-DeutschFranzoesischerTag-B.jpg\"><img loading=\"lazy\" decoding=\"async\" src=\"https:\/\/www.rwg-bayreuth.de\/home\/wp-content\/uploads\/2023\/01\/22-23-DeutschFranzoesischerTag-B-450x300.jpg\" alt=\"\" width=\"450\" height=\"300\" class=\"aligncenter size-medium wp-image-33178\" srcset=\"https:\/\/www.rwg-bayreuth.de\/home\/wp-content\/uploads\/2023\/01\/22-23-DeutschFranzoesischerTag-B-450x300.jpg 450w, https:\/\/www.rwg-bayreuth.de\/home\/wp-content\/uploads\/2023\/01\/22-23-DeutschFranzoesischerTag-B-150x100.jpg 150w, https:\/\/www.rwg-bayreuth.de\/home\/wp-content\/uploads\/2023\/01\/22-23-DeutschFranzoesischerTag-B-768x512.jpg 768w, https:\/\/www.rwg-bayreuth.de\/home\/wp-content\/uploads\/2023\/01\/22-23-DeutschFranzoesischerTag-B-250x167.jpg 250w, https:\/\/www.rwg-bayreuth.de\/home\/wp-content\/uploads\/2023\/01\/22-23-DeutschFranzoesischerTag-B-900x600.jpg 900w, https:\/\/www.rwg-bayreuth.de\/home\/wp-content\/uploads\/2023\/01\/22-23-DeutschFranzoesischerTag-B.jpg 1024w\" sizes=\"(max-width: 450px) 100vw, 450px\" \/><\/a><\/p>\n<p>Am Montag, den 23. Januar 2023 wurde der deutsch-franz\u00f6sische Tag am RWG ausgiebig gefeiert! Hintergrund f\u00fcr diese Feier ist der am 22. Januar 1963 unterzeichnete \u00c9lys\u00e9e-Vertrag, der die deutsch-franz\u00f6sische Freundschaft besiegelte. <\/p>\n<p>Das P-Seminar Franz\u00f6sisch hatte im Vorfeld am\u00fcsante deutsch-franz\u00f6sische Spiele erstellt, u.a. Monopoly, Vokabel-Dart, Activity, Memory und Kahoot, und begeisterte die Klassen und Lehrkr\u00e4fte mit deutsch-franz\u00f6sischen Lernplakaten und Tattoos. F\u00fcr das leibliche Wohl war au\u00dferdem dank Croissants und Cr\u00eapes gesorgt. Eine gro\u00dfz\u00fcgige Spende der in Mistelgau ans\u00e4ssigen Firma Hermos erm\u00f6glichte die Finanzierung des Events im Vorfeld. Danke \u2013 merci, et vive l\u2019amiti\u00e9 franco-allemande!<\/p>\n<div class=\"su-image-carousel  su-image-carousel-columns-3 su-image-carousel-has-spacing su-image-carousel-crop su-image-carousel-crop-4-3 su-image-carousel-has-lightbox su-image-carousel-has-outline su-image-carousel-adaptive su-image-carousel-slides-style-minimal su-image-carousel-controls-style-light su-image-carousel-align-right\" style=\"\" data-flickity-options='{\"groupCells\":true,\"cellSelector\":\".su-image-carousel-item\",\"adaptiveHeight\":false,\"cellAlign\":\"left\",\"prevNextButtons\":true,\"pageDots\":false,\"autoPlay\":4000,\"imagesLoaded\":true,\"contain\":true,\"selectedAttraction\":0.025000000000000001,\"friction\":0.28000000000000003}' id=\"su_image_carousel_69f1be5e46a9d\"><div class=\"su-image-carousel-item\"><div class=\"su-image-carousel-item-content\"><a href=\"https:\/\/www.rwg-bayreuth.de\/home\/wp-content\/uploads\/2023\/01\/22-23-DeutschFranzoesischerTag-1.jpg\" data-caption=\"\"><img loading=\"lazy\" decoding=\"async\" width=\"450\" height=\"338\" src=\"https:\/\/www.rwg-bayreuth.de\/home\/wp-content\/uploads\/2023\/01\/22-23-DeutschFranzoesischerTag-1-450x338.jpg\" class=\"\" alt=\"\" srcset=\"https:\/\/www.rwg-bayreuth.de\/home\/wp-content\/uploads\/2023\/01\/22-23-DeutschFranzoesischerTag-1-450x338.jpg 450w, https:\/\/www.rwg-bayreuth.de\/home\/wp-content\/uploads\/2023\/01\/22-23-DeutschFranzoesischerTag-1-150x113.jpg 150w, https:\/\/www.rwg-bayreuth.de\/home\/wp-content\/uploads\/2023\/01\/22-23-DeutschFranzoesischerTag-1-768x576.jpg 768w, https:\/\/www.rwg-bayreuth.de\/home\/wp-content\/uploads\/2023\/01\/22-23-DeutschFranzoesischerTag-1-250x188.jpg 250w, https:\/\/www.rwg-bayreuth.de\/home\/wp-content\/uploads\/2023\/01\/22-23-DeutschFranzoesischerTag-1.jpg 1024w\" sizes=\"(max-width: 450px) 100vw, 450px\" \/><\/a><\/div><\/div><div class=\"su-image-carousel-item\"><div class=\"su-image-carousel-item-content\"><a href=\"https:\/\/www.rwg-bayreuth.de\/home\/wp-content\/uploads\/2023\/01\/22-23-DeutschFranzoesischerTag-2.jpg\" data-caption=\"\"><img loading=\"lazy\" decoding=\"async\" width=\"338\" height=\"450\" src=\"https:\/\/www.rwg-bayreuth.de\/home\/wp-content\/uploads\/2023\/01\/22-23-DeutschFranzoesischerTag-2-338x450.jpg\" class=\"\" alt=\"\" srcset=\"https:\/\/www.rwg-bayreuth.de\/home\/wp-content\/uploads\/2023\/01\/22-23-DeutschFranzoesischerTag-2-338x450.jpg 338w, https:\/\/www.rwg-bayreuth.de\/home\/wp-content\/uploads\/2023\/01\/22-23-DeutschFranzoesischerTag-2-113x150.jpg 113w, https:\/\/www.rwg-bayreuth.de\/home\/wp-content\/uploads\/2023\/01\/22-23-DeutschFranzoesischerTag-2-250x333.jpg 250w, https:\/\/www.rwg-bayreuth.de\/home\/wp-content\/uploads\/2023\/01\/22-23-DeutschFranzoesischerTag-2.jpg 768w\" sizes=\"(max-width: 338px) 100vw, 338px\" \/><\/a><\/div><\/div><div class=\"su-image-carousel-item\"><div class=\"su-image-carousel-item-content\"><a href=\"https:\/\/www.rwg-bayreuth.de\/home\/wp-content\/uploads\/2023\/01\/22-23-DeutschFranzoesischerTag-3.jpg\" data-caption=\"\"><img loading=\"lazy\" decoding=\"async\" width=\"450\" height=\"338\" src=\"https:\/\/www.rwg-bayreuth.de\/home\/wp-content\/uploads\/2023\/01\/22-23-DeutschFranzoesischerTag-3-450x338.jpg\" class=\"\" alt=\"\" srcset=\"https:\/\/www.rwg-bayreuth.de\/home\/wp-content\/uploads\/2023\/01\/22-23-DeutschFranzoesischerTag-3-450x338.jpg 450w, https:\/\/www.rwg-bayreuth.de\/home\/wp-content\/uploads\/2023\/01\/22-23-DeutschFranzoesischerTag-3-150x113.jpg 150w, https:\/\/www.rwg-bayreuth.de\/home\/wp-content\/uploads\/2023\/01\/22-23-DeutschFranzoesischerTag-3-768x576.jpg 768w, https:\/\/www.rwg-bayreuth.de\/home\/wp-content\/uploads\/2023\/01\/22-23-DeutschFranzoesischerTag-3-250x188.jpg 250w, https:\/\/www.rwg-bayreuth.de\/home\/wp-content\/uploads\/2023\/01\/22-23-DeutschFranzoesischerTag-3.jpg 1024w\" sizes=\"(max-width: 450px) 100vw, 450px\" \/><\/a><\/div><\/div><div class=\"su-image-carousel-item\"><div class=\"su-image-carousel-item-content\"><a href=\"https:\/\/www.rwg-bayreuth.de\/home\/wp-content\/uploads\/2023\/01\/22-23-DeutschFranzoesischerTag-4.jpg\" data-caption=\"\"><img loading=\"lazy\" decoding=\"async\" width=\"450\" height=\"338\" src=\"https:\/\/www.rwg-bayreuth.de\/home\/wp-content\/uploads\/2023\/01\/22-23-DeutschFranzoesischerTag-4-450x338.jpg\" class=\"\" alt=\"\" srcset=\"https:\/\/www.rwg-bayreuth.de\/home\/wp-content\/uploads\/2023\/01\/22-23-DeutschFranzoesischerTag-4-450x338.jpg 450w, https:\/\/www.rwg-bayreuth.de\/home\/wp-content\/uploads\/2023\/01\/22-23-DeutschFranzoesischerTag-4-150x113.jpg 150w, https:\/\/www.rwg-bayreuth.de\/home\/wp-content\/uploads\/2023\/01\/22-23-DeutschFranzoesischerTag-4-768x576.jpg 768w, https:\/\/www.rwg-bayreuth.de\/home\/wp-content\/uploads\/2023\/01\/22-23-DeutschFranzoesischerTag-4-250x188.jpg 250w, https:\/\/www.rwg-bayreuth.de\/home\/wp-content\/uploads\/2023\/01\/22-23-DeutschFranzoesischerTag-4.jpg 1024w\" sizes=\"(max-width: 450px) 100vw, 450px\" \/><\/a><\/div><\/div><div class=\"su-image-carousel-item\"><div class=\"su-image-carousel-item-content\"><a href=\"https:\/\/www.rwg-bayreuth.de\/home\/wp-content\/uploads\/2023\/01\/22-23-DeutschFranzoesischerTag-5.jpg\" data-caption=\"\"><img loading=\"lazy\" decoding=\"async\" width=\"450\" height=\"338\" src=\"https:\/\/www.rwg-bayreuth.de\/home\/wp-content\/uploads\/2023\/01\/22-23-DeutschFranzoesischerTag-5-450x338.jpg\" class=\"\" alt=\"\" srcset=\"https:\/\/www.rwg-bayreuth.de\/home\/wp-content\/uploads\/2023\/01\/22-23-DeutschFranzoesischerTag-5-450x338.jpg 450w, https:\/\/www.rwg-bayreuth.de\/home\/wp-content\/uploads\/2023\/01\/22-23-DeutschFranzoesischerTag-5-150x113.jpg 150w, https:\/\/www.rwg-bayreuth.de\/home\/wp-content\/uploads\/2023\/01\/22-23-DeutschFranzoesischerTag-5-768x576.jpg 768w, https:\/\/www.rwg-bayreuth.de\/home\/wp-content\/uploads\/2023\/01\/22-23-DeutschFranzoesischerTag-5-250x188.jpg 250w, https:\/\/www.rwg-bayreuth.de\/home\/wp-content\/uploads\/2023\/01\/22-23-DeutschFranzoesischerTag-5.jpg 1024w\" sizes=\"(max-width: 450px) 100vw, 450px\" \/><\/a><\/div><\/div><div class=\"su-image-carousel-item\"><div class=\"su-image-carousel-item-content\"><a href=\"https:\/\/www.rwg-bayreuth.de\/home\/wp-content\/uploads\/2023\/01\/22-23-DeutschFranzoesischerTag-6.jpg\" data-caption=\"\"><img loading=\"lazy\" decoding=\"async\" width=\"338\" height=\"450\" src=\"https:\/\/www.rwg-bayreuth.de\/home\/wp-content\/uploads\/2023\/01\/22-23-DeutschFranzoesischerTag-6-338x450.jpg\" class=\"\" alt=\"\" srcset=\"https:\/\/www.rwg-bayreuth.de\/home\/wp-content\/uploads\/2023\/01\/22-23-DeutschFranzoesischerTag-6-338x450.jpg 338w, https:\/\/www.rwg-bayreuth.de\/home\/wp-content\/uploads\/2023\/01\/22-23-DeutschFranzoesischerTag-6-113x150.jpg 113w, https:\/\/www.rwg-bayreuth.de\/home\/wp-content\/uploads\/2023\/01\/22-23-DeutschFranzoesischerTag-6-250x333.jpg 250w, https:\/\/www.rwg-bayreuth.de\/home\/wp-content\/uploads\/2023\/01\/22-23-DeutschFranzoesischerTag-6.jpg 768w\" sizes=\"(max-width: 338px) 100vw, 338px\" \/><\/a><\/div><\/div><\/div><script id=\"su_image_carousel_69f1be5e46a9d_script\">if(window.SUImageCarousel){setTimeout(function() {window.SUImageCarousel.initGallery(document.getElementById(\"su_image_carousel_69f1be5e46a9d\"))}, 0);}var su_image_carousel_69f1be5e46a9d_script=document.getElementById(\"su_image_carousel_69f1be5e46a9d_script\");if(su_image_carousel_69f1be5e46a9d_script){su_image_carousel_69f1be5e46a9d_script.parentNode.removeChild(su_image_carousel_69f1be5e46a9d_script);}<\/script>\n","protected":false},"excerpt":{"rendered":"<p>Am Montag, den 23. Januar 2023 wurde der deutsch-franz\u00f6sische Tag am RWG ausgiebig gefeiert! Hintergrund f\u00fcr diese Feier ist der am 22. Januar 1963 unterzeichnete \u00c9lys\u00e9e-Vertrag, der die deutsch-franz\u00f6sische Freundschaft besiegelte. Das P-Seminar Franz\u00f6sisch hatte im Vorfeld am\u00fcsante deutsch-franz\u00f6sische Spiele erstellt, u.a. Monopoly, Vokabel-Dart, Activity, Memory und Kahoot, und begeisterte die Klassen und Lehrkr\u00e4fte mit&hellip;<\/p>\n","protected":false},"author":11,"featured_media":33178,"comment_status":"closed","ping_status":"closed","sticky":false,"template":"","format":"standard","meta":{"footnotes":""},"categories":[1],"tags":[93,51],"_links":{"self":[{"href":"https:\/\/www.rwg-bayreuth.de\/home\/index.php?rest_route=\/wp\/v2\/posts\/33171"}],"collection":[{"href":"https:\/\/www.rwg-bayreuth.de\/home\/index.php?rest_route=\/wp\/v2\/posts"}],"about":[{"href":"https:\/\/www.rwg-bayreuth.de\/home\/index.php?rest_route=\/wp\/v2\/types\/post"}],"author":[{"embeddable":true,"href":"https:\/\/www.rwg-bayreuth.de\/home\/index.php?rest_route=\/wp\/v2\/users\/11"}],"replies":[{"embeddable":true,"href":"https:\/\/www.rwg-bayreuth.de\/home\/index.php?rest_route=%2Fwp%2Fv2%2Fcomments&post=33171"}],"version-history":[{"count":1,"href":"https:\/\/www.rwg-bayreuth.de\/home\/index.php?rest_route=\/wp\/v2\/posts\/33171\/revisions"}],"predecessor-version":[{"id":33179,"href":"https:\/\/www.rwg-bayreuth.de\/home\/index.php?rest_route=\/wp\/v2\/posts\/33171\/revisions\/33179"}],"wp:featuredmedia":[{"embeddable":true,"href":"https:\/\/www.rwg-bayreuth.de\/home\/index.php?rest_route=\/wp\/v2\/media\/33178"}],"wp:attachment":[{"href":"https:\/\/www.rwg-bayreuth.de\/home\/index.php?rest_route=%2Fwp%2Fv2%2Fmedia&parent=33171"}],"wp:term":[{"taxonomy":"category","embeddable":true,"href":"https:\/\/www.rwg-bayreuth.de\/home\/index.php?rest_route=%2Fwp%2Fv2%2Fcategories&post=33171"},{"taxonomy":"post_tag","embeddable":true,"href":"https:\/\/www.rwg-bayreuth.de\/home\/index.php?rest_route=%2Fwp%2Fv2%2Ftags&post=33171"}],"curies":[{"name":"wp","href":"https:\/\/api.w.org\/{rel}","templated":true}]}}