{"id":33163,"date":"2023-01-24T06:30:30","date_gmt":"2023-01-24T05:30:30","guid":{"rendered":"http:\/\/www.rwg-bayreuth.de\/home\/?p=33163"},"modified":"2023-01-24T21:49:02","modified_gmt":"2023-01-24T20:49:02","slug":"rechtschreib-challenge-in-den-deutschkursen","status":"publish","type":"post","link":"https:\/\/www.rwg-bayreuth.de\/home\/?p=33163","title":{"rendered":"\u201aRechtschreib-Challenge\u2018 in den Deutschkursen"},"content":{"rendered":"<p><a href=\"https:\/\/www.rwg-bayreuth.de\/home\/wp-content\/uploads\/2023\/01\/22-23-Deutsch-Wettbewerbssiegerinnen-Rechtschreib-Challenge.jpg\"><img loading=\"lazy\" decoding=\"async\" src=\"https:\/\/www.rwg-bayreuth.de\/home\/wp-content\/uploads\/2023\/01\/22-23-Deutsch-Wettbewerbssiegerinnen-Rechtschreib-Challenge-450x348.jpg\" alt=\"\" width=\"450\" height=\"348\" class=\"aligncenter size-medium wp-image-33165\" srcset=\"https:\/\/www.rwg-bayreuth.de\/home\/wp-content\/uploads\/2023\/01\/22-23-Deutsch-Wettbewerbssiegerinnen-Rechtschreib-Challenge-450x348.jpg 450w, https:\/\/www.rwg-bayreuth.de\/home\/wp-content\/uploads\/2023\/01\/22-23-Deutsch-Wettbewerbssiegerinnen-Rechtschreib-Challenge-150x116.jpg 150w, https:\/\/www.rwg-bayreuth.de\/home\/wp-content\/uploads\/2023\/01\/22-23-Deutsch-Wettbewerbssiegerinnen-Rechtschreib-Challenge-250x193.jpg 250w, https:\/\/www.rwg-bayreuth.de\/home\/wp-content\/uploads\/2023\/01\/22-23-Deutsch-Wettbewerbssiegerinnen-Rechtschreib-Challenge.jpg 726w\" sizes=\"(max-width: 450px) 100vw, 450px\" \/><\/a><\/p>\n<p>Um den Unterricht f\u00fcr unsere klausurengeplagten Oberstufensch\u00fcler\/innen wenigstens in der letzten Deutschstunde vor den Weihnachtsferien etwas aufzulockern, wurde in diesem Jahr erstmals eine besondere Aktion gestartet: F\u00fcr heitere Stimmung im Unterricht sorgte dabei die schulinterne Durchf\u00fchrung des Wettbewerbs \u201aDeutschland schreibt\u2018, der allj\u00e4hrlich vonseiten des Ausrichters, der Stiftung Polytechnische Gesellschaft, speziell als Rechtschreibtraining f\u00fcr Oberstufensch\u00fcler\/innen konzipiert wird. Bundesweit findet die digitale Variante in einem bestimmten Zeitraum in der 2. Jahresh\u00e4lfte Mitte Juni statt. Doch warum nicht das Ganze einmal \u2013 im nostalgischen Sinn \u2013 noch ganz traditionell mit Stift und Papier nach klassischem Diktat durchf\u00fchren?!<br \/>\nGesagt, getan \u2013 und schon war die Idee geboren, all unsere Oberstufensch\u00fcler\/innen kursweise antreten zu lassen w\u00e4hrend einer gemeinsamen Deutschstunde\u2026 somit ging es damit letztlich auch um die Ehre, das eigene orthographisches Wissen und K\u00f6nnen in Echtzeit auf Diktat einer kniffligen Textvorlage unter Beweis stellen zu k\u00f6nnen! Und immerhin wollte sich hier sicherlich niemand die Bl\u00f6\u00dfe geben, als bayerischer Gymnasiast ausgerechnet im Bereich der \u201aFallstricke der deutschen Sprache\u2018 zu scheitern \u2013 fast die gesamte Sch\u00fclerschaft der Q11+Q12 trat also mehr oder minder hochmotiviert und mit der einen oder anderen gespannten Erwartungshaltung zur \u201aRechtschreib-Challenge\u2018 an\u2026<\/p>\n<p>&#091;die K\u00f6pfe rauchten, die Finger gl\u00fchten, Kugelschreiber und\/oder Tinte flogen nur so \u00fcber das offizielle Wettbewerbspapier und es herrschte allenthalben eine beeindruckende Konzentration auf das vonseiten der Lehrkraft Diktierte, sodass man teils beinahe eine Stecknadel h\u00e4tte fallen h\u00f6ren k\u00f6nnen im Raum\u2026 &#8211; Respekt, liebe Sch\u00fcler\/innen!&#093;<\/p>\n<p>\u2026 und knapp eine halbe Stunde sp\u00e4ter erfolgte ebenfalls in der jeweiligen Kursgruppe die gemeinsame Auswertung dessen, was unsere Oberstufensch\u00fcler\/innen zu Papier gebracht hatten: Nach dem Ranking  aller Teilnehmer\/innen standen schlie\u00dflich die Kurs- bzw. Schulsieger\/innen fest:<br \/>\nAls \u00fcberragende Siegerin des Wettbewerbs ging Laura aus der Q11 hervor, der es tats\u00e4chlich gelungen war, den Text nahezu fehlerfrei zu notieren \u2013 es unterlief ihr wahrhaftig nur ein einziger (!) Fehler \u2013 Chapeau, Laura!<br \/>\nAuf dem weiteren \u201aSiegertreppchen\u2018 landeten Leni (Q12) und Selina (Q11); auch sie erhielten Urkunden und Buchpreise von der Fachschaftsleitung, die den Sch\u00fclerinnen herzlich gratulierte.<\/p>\n<p>Au\u00dferdem erhielten noch alle Kurssieger\/innen in den einzelnen Deutschkursen Urkunden f\u00fcr ihre erfolgreiche Teilnahme am Wettbewerb.<br \/>\nAufgrund der durchweg positiven Resonanz wird die \u201aRechtschreib-Challenge\u2018 am RWG sicherlich zu einem festen Termin im Kalender der Oberstufen-Deutschkurse werden! <\/p>\n<p>Vielen Dank nochmals an alle, die sich an dem Wettbewerb beteiligt haben, f\u00fcr ihre Bereitschaft, sich auf eine wesentliche Kulturtechnik zur\u00fcckzubesinnen und die eigenen Orthographiekenntnisse zu erweitern.<br \/>\nWer sich nun selbst auch (noch) einmal an besonders kniffligen F\u00e4llen des ausgesuchten Rechtschreibtests versuchen m\u00f6chte, kann sich gerne HIER einmal testen:<\/p>\n<p><iframe src=\"https:\/\/learningapps.org\/watch?v=pocr55tm523\" style=\"border:0px;width:100%;height:500px\" allowfullscreen=\"true\" webkitallowfullscreen=\"true\" mozallowfullscreen=\"true\"><\/iframe><\/p>\n<p><em>S. Track (im Namen aller D-Kolleginnen der Q11\/Q12)<\/em><\/p>\n","protected":false},"excerpt":{"rendered":"<p>Um den Unterricht f\u00fcr unsere klausurengeplagten Oberstufensch\u00fcler\/innen wenigstens in der letzten Deutschstunde vor den Weihnachtsferien etwas aufzulockern, wurde in diesem Jahr erstmals eine besondere Aktion gestartet: F\u00fcr heitere Stimmung im Unterricht sorgte dabei die schulinterne Durchf\u00fchrung des Wettbewerbs \u201aDeutschland schreibt\u2018, der allj\u00e4hrlich vonseiten des Ausrichters, der Stiftung Polytechnische Gesellschaft, speziell als Rechtschreibtraining f\u00fcr Oberstufensch\u00fcler\/innen konzipiert&hellip;<\/p>\n","protected":false},"author":11,"featured_media":33170,"comment_status":"closed","ping_status":"closed","sticky":false,"template":"","format":"standard","meta":{"footnotes":""},"categories":[1],"tags":[59,51],"_links":{"self":[{"href":"https:\/\/www.rwg-bayreuth.de\/home\/index.php?rest_route=\/wp\/v2\/posts\/33163"}],"collection":[{"href":"https:\/\/www.rwg-bayreuth.de\/home\/index.php?rest_route=\/wp\/v2\/posts"}],"about":[{"href":"https:\/\/www.rwg-bayreuth.de\/home\/index.php?rest_route=\/wp\/v2\/types\/post"}],"author":[{"embeddable":true,"href":"https:\/\/www.rwg-bayreuth.de\/home\/index.php?rest_route=\/wp\/v2\/users\/11"}],"replies":[{"embeddable":true,"href":"https:\/\/www.rwg-bayreuth.de\/home\/index.php?rest_route=%2Fwp%2Fv2%2Fcomments&post=33163"}],"version-history":[{"count":5,"href":"https:\/\/www.rwg-bayreuth.de\/home\/index.php?rest_route=\/wp\/v2\/posts\/33163\/revisions"}],"predecessor-version":[{"id":33169,"href":"https:\/\/www.rwg-bayreuth.de\/home\/index.php?rest_route=\/wp\/v2\/posts\/33163\/revisions\/33169"}],"wp:featuredmedia":[{"embeddable":true,"href":"https:\/\/www.rwg-bayreuth.de\/home\/index.php?rest_route=\/wp\/v2\/media\/33170"}],"wp:attachment":[{"href":"https:\/\/www.rwg-bayreuth.de\/home\/index.php?rest_route=%2Fwp%2Fv2%2Fmedia&parent=33163"}],"wp:term":[{"taxonomy":"category","embeddable":true,"href":"https:\/\/www.rwg-bayreuth.de\/home\/index.php?rest_route=%2Fwp%2Fv2%2Fcategories&post=33163"},{"taxonomy":"post_tag","embeddable":true,"href":"https:\/\/www.rwg-bayreuth.de\/home\/index.php?rest_route=%2Fwp%2Fv2%2Ftags&post=33163"}],"curies":[{"name":"wp","href":"https:\/\/api.w.org\/{rel}","templated":true}]}}