{"id":32895,"date":"2022-12-16T17:09:47","date_gmt":"2022-12-16T16:09:47","guid":{"rendered":"http:\/\/www.rwg-bayreuth.de\/home\/?p=32895"},"modified":"2022-12-18T10:24:49","modified_gmt":"2022-12-18T09:24:49","slug":"rwg-weihnachtskonzert","status":"publish","type":"post","link":"https:\/\/www.rwg-bayreuth.de\/home\/?p=32895","title":{"rendered":"RWG-Weihnachtskonzert"},"content":{"rendered":"<p><img decoding=\"async\" src=\"https:\/\/www.rwg-bayreuth.de\/home\/wp-content\/uploads\/2022\/12\/22-23-Weihnachtskonzert-s1.jpg\" alt=\"\" width=\"100%\" height=\"auto\" class=\"alignnone size-full wp-image-32904\" style=\"transform: scaleX(-1);\" srcset=\"https:\/\/www.rwg-bayreuth.de\/home\/wp-content\/uploads\/2022\/12\/22-23-Weihnachtskonzert-s1.jpg 1024w, https:\/\/www.rwg-bayreuth.de\/home\/wp-content\/uploads\/2022\/12\/22-23-Weihnachtskonzert-s1-450x189.jpg 450w, https:\/\/www.rwg-bayreuth.de\/home\/wp-content\/uploads\/2022\/12\/22-23-Weihnachtskonzert-s1-150x63.jpg 150w, https:\/\/www.rwg-bayreuth.de\/home\/wp-content\/uploads\/2022\/12\/22-23-Weihnachtskonzert-s1-768x322.jpg 768w, https:\/\/www.rwg-bayreuth.de\/home\/wp-content\/uploads\/2022\/12\/22-23-Weihnachtskonzert-s1-250x105.jpg 250w\" sizes=\"(max-width: 1024px) 100vw, 1024px\" \/><\/p>\n<p>Liebe Sch\u00fclerInnen, liebe Eltern, liebe Freunde des RWG,<\/p>\n<p>endlich ist es wieder soweit! Dieses Jahr ist es uns gl\u00fccklicherweise wieder m\u00f6glich ein Weihnachtskonzert zu veranstalten. Deshalb proben unsere Sch\u00fclerInnen schon seit Wochen flei\u00dfig um Ihnen ein vielseitiges und kurzweiliges Programm bieten zu k\u00f6nnen. Es werden bekannte und eher unbekanntere weihnachtliche Melodien zu Geh\u00f6r gebracht werden, um uns alle auf das herannahende Fest einzustimmen! Die Fachschaft Musik und die musizierenden Sch\u00fclerInnen unserer Schule freuen sich auf Ihr Kommen! <\/p>\n<p>Die Karten f\u00fcr das Konzert k\u00f6nnen ab sofort kostenlos im Sekretariat abgeholt werden. <\/p>\n<p>Um m\u00f6glichst vielen Mitgliedern der Schulfamilie das Kommen zu erm\u00f6glichen, wird das Konzert zweimal stattfinden.<\/p>\n<p><strong>Wann? Mittwoch 21.12.2022,  17&nbsp;Uhr&nbsp;(1.&nbsp;Konzert)  19&nbsp;Uhr&nbsp;(2.&nbsp;Konzert)<br \/>\nWo? Aula des Richard-Wagner-Gymnasiums<\/strong><\/p>\n<p>Eine ruhige und besinnliche vorweihnachtliche Zeit w\u00fcnscht<br \/>\ndie Fachschaft Musik<\/p>\n<p><img decoding=\"async\" src=\"https:\/\/www.rwg-bayreuth.de\/home\/wp-content\/uploads\/2022\/12\/22-23-Weihnachtskonzert-s2.jpg\" alt=\"\" width=\"100%\" height=\"auto\" class=\"alignnone size-full wp-image-32900\" style=\"transform: scaleX(-1);\" srcset=\"https:\/\/www.rwg-bayreuth.de\/home\/wp-content\/uploads\/2022\/12\/22-23-Weihnachtskonzert-s2.jpg 1024w, https:\/\/www.rwg-bayreuth.de\/home\/wp-content\/uploads\/2022\/12\/22-23-Weihnachtskonzert-s2-450x118.jpg 450w, https:\/\/www.rwg-bayreuth.de\/home\/wp-content\/uploads\/2022\/12\/22-23-Weihnachtskonzert-s2-150x39.jpg 150w, https:\/\/www.rwg-bayreuth.de\/home\/wp-content\/uploads\/2022\/12\/22-23-Weihnachtskonzert-s2-768x201.jpg 768w, https:\/\/www.rwg-bayreuth.de\/home\/wp-content\/uploads\/2022\/12\/22-23-Weihnachtskonzert-s2-250x65.jpg 250w\" sizes=\"(max-width: 1024px) 100vw, 1024px\" \/><\/p>\n","protected":false},"excerpt":{"rendered":"<p>Liebe Sch\u00fclerInnen, liebe Eltern, liebe Freunde des RWG, endlich ist es wieder soweit! Dieses Jahr ist es uns gl\u00fccklicherweise wieder m\u00f6glich ein Weihnachtskonzert zu veranstalten. Deshalb proben unsere Sch\u00fclerInnen schon seit Wochen flei\u00dfig um Ihnen ein vielseitiges und kurzweiliges Programm bieten zu k\u00f6nnen. Es werden bekannte und eher unbekanntere weihnachtliche Melodien zu Geh\u00f6r gebracht werden,&hellip;<\/p>\n","protected":false},"author":11,"featured_media":32897,"comment_status":"closed","ping_status":"closed","sticky":false,"template":"","format":"standard","meta":{"footnotes":""},"categories":[1],"tags":[44],"_links":{"self":[{"href":"https:\/\/www.rwg-bayreuth.de\/home\/index.php?rest_route=\/wp\/v2\/posts\/32895"}],"collection":[{"href":"https:\/\/www.rwg-bayreuth.de\/home\/index.php?rest_route=\/wp\/v2\/posts"}],"about":[{"href":"https:\/\/www.rwg-bayreuth.de\/home\/index.php?rest_route=\/wp\/v2\/types\/post"}],"author":[{"embeddable":true,"href":"https:\/\/www.rwg-bayreuth.de\/home\/index.php?rest_route=\/wp\/v2\/users\/11"}],"replies":[{"embeddable":true,"href":"https:\/\/www.rwg-bayreuth.de\/home\/index.php?rest_route=%2Fwp%2Fv2%2Fcomments&post=32895"}],"version-history":[{"count":8,"href":"https:\/\/www.rwg-bayreuth.de\/home\/index.php?rest_route=\/wp\/v2\/posts\/32895\/revisions"}],"predecessor-version":[{"id":32913,"href":"https:\/\/www.rwg-bayreuth.de\/home\/index.php?rest_route=\/wp\/v2\/posts\/32895\/revisions\/32913"}],"wp:featuredmedia":[{"embeddable":true,"href":"https:\/\/www.rwg-bayreuth.de\/home\/index.php?rest_route=\/wp\/v2\/media\/32897"}],"wp:attachment":[{"href":"https:\/\/www.rwg-bayreuth.de\/home\/index.php?rest_route=%2Fwp%2Fv2%2Fmedia&parent=32895"}],"wp:term":[{"taxonomy":"category","embeddable":true,"href":"https:\/\/www.rwg-bayreuth.de\/home\/index.php?rest_route=%2Fwp%2Fv2%2Fcategories&post=32895"},{"taxonomy":"post_tag","embeddable":true,"href":"https:\/\/www.rwg-bayreuth.de\/home\/index.php?rest_route=%2Fwp%2Fv2%2Ftags&post=32895"}],"curies":[{"name":"wp","href":"https:\/\/api.w.org\/{rel}","templated":true}]}}