{"id":32849,"date":"2022-12-21T06:40:24","date_gmt":"2022-12-21T05:40:24","guid":{"rendered":"http:\/\/www.rwg-bayreuth.de\/home\/?p=32849"},"modified":"2022-12-31T17:49:41","modified_gmt":"2022-12-31T16:49:41","slug":"feierliche-ehrung-zur-umweltschule","status":"publish","type":"post","link":"https:\/\/www.rwg-bayreuth.de\/home\/?p=32849","title":{"rendered":"Ehrung RWG als Umweltschule"},"content":{"rendered":"<div id=\"attachment_32851\" style=\"width: 460px\" class=\"wp-caption aligncenter\"><a href=\"https:\/\/www.rwg-bayreuth.de\/home\/wp-content\/uploads\/2022\/12\/22-23-Rede-Schulleiterin-zur-Auszeichnung-Umweltschule.jpg\"><img loading=\"lazy\" decoding=\"async\" aria-describedby=\"caption-attachment-32851\" src=\"https:\/\/www.rwg-bayreuth.de\/home\/wp-content\/uploads\/2022\/12\/22-23-Rede-Schulleiterin-zur-Auszeichnung-Umweltschule-450x298.jpg\" alt=\"\" width=\"450\" height=\"298\" class=\"size-medium wp-image-32851\" srcset=\"https:\/\/www.rwg-bayreuth.de\/home\/wp-content\/uploads\/2022\/12\/22-23-Rede-Schulleiterin-zur-Auszeichnung-Umweltschule-450x298.jpg 450w, https:\/\/www.rwg-bayreuth.de\/home\/wp-content\/uploads\/2022\/12\/22-23-Rede-Schulleiterin-zur-Auszeichnung-Umweltschule-150x99.jpg 150w, https:\/\/www.rwg-bayreuth.de\/home\/wp-content\/uploads\/2022\/12\/22-23-Rede-Schulleiterin-zur-Auszeichnung-Umweltschule-768x509.jpg 768w, https:\/\/www.rwg-bayreuth.de\/home\/wp-content\/uploads\/2022\/12\/22-23-Rede-Schulleiterin-zur-Auszeichnung-Umweltschule-250x166.jpg 250w, https:\/\/www.rwg-bayreuth.de\/home\/wp-content\/uploads\/2022\/12\/22-23-Rede-Schulleiterin-zur-Auszeichnung-Umweltschule.jpg 1024w\" sizes=\"(max-width: 450px) 100vw, 450px\" \/><\/a><p id=\"caption-attachment-32851\" class=\"wp-caption-text\">Rede Schulleiterin zur Auszeichnung Umweltschule<\/p><\/div>\n<p>Das Richard-Wagner-Gymnasium wurde als &#8222;Umweltschule in Europa\/Internationale Nachhaltigkeitsschule 2021\/2022&#8220; ausgezeichnet und damit das gro\u00dfe Engagement des Teams Umweltschule gew\u00fcrdigt. Im Team Umweltschule arbeiten Sch\u00fcler*innen mit ihren Lehrkr\u00e4ften eng zusammen, um die Themen Nachhaltigkeit und Umweltschutz noch st\u00e4rker in den Fokus der Schulfamilie zu r\u00fccken. Die Ehrung fand am 07.12.22 statt.<\/p>\n<div class=\"su-image-carousel  su-image-carousel-columns-3 su-image-carousel-has-spacing su-image-carousel-crop su-image-carousel-crop-2-3 su-image-carousel-has-lightbox su-image-carousel-has-outline su-image-carousel-adaptive su-image-carousel-slides-style-minimal su-image-carousel-controls-style-light su-image-carousel-align-none\" style=\"max-width:600px\" data-flickity-options='{\"groupCells\":true,\"cellSelector\":\".su-image-carousel-item\",\"adaptiveHeight\":false,\"cellAlign\":\"left\",\"prevNextButtons\":true,\"pageDots\":false,\"autoPlay\":4000,\"imagesLoaded\":true,\"contain\":true,\"selectedAttraction\":0.025000000000000001,\"friction\":0.28000000000000003}' id=\"su_image_carousel_69f1cab1c016b\"><div class=\"su-image-carousel-item\"><div class=\"su-image-carousel-item-content\"><a href=\"https:\/\/www.rwg-bayreuth.de\/home\/wp-content\/uploads\/2022\/12\/22-23-Ehrung-Umweltschule.jpg\" data-caption=\"Ehrung Umweltschule\"><img loading=\"lazy\" decoding=\"async\" width=\"678\" height=\"1024\" src=\"https:\/\/www.rwg-bayreuth.de\/home\/wp-content\/uploads\/2022\/12\/22-23-Ehrung-Umweltschule.jpg\" class=\"\" alt=\"\" srcset=\"https:\/\/www.rwg-bayreuth.de\/home\/wp-content\/uploads\/2022\/12\/22-23-Ehrung-Umweltschule.jpg 678w, https:\/\/www.rwg-bayreuth.de\/home\/wp-content\/uploads\/2022\/12\/22-23-Ehrung-Umweltschule-298x450.jpg 298w, https:\/\/www.rwg-bayreuth.de\/home\/wp-content\/uploads\/2022\/12\/22-23-Ehrung-Umweltschule-99x150.jpg 99w, https:\/\/www.rwg-bayreuth.de\/home\/wp-content\/uploads\/2022\/12\/22-23-Ehrung-Umweltschule-250x378.jpg 250w\" sizes=\"(max-width: 678px) 100vw, 678px\" \/><span>Ehrung Umweltschule<\/span><\/a><\/div><\/div><div class=\"su-image-carousel-item\"><div class=\"su-image-carousel-item-content\"><a href=\"https:\/\/www.rwg-bayreuth.de\/home\/wp-content\/uploads\/2022\/12\/22-23-Die-Flagge-der-Umweltschule-wird-gehisst.jpg\" data-caption=\"Die Flagge der Umweltschule wird gehisst\"><img loading=\"lazy\" decoding=\"async\" width=\"678\" height=\"1024\" src=\"https:\/\/www.rwg-bayreuth.de\/home\/wp-content\/uploads\/2022\/12\/22-23-Die-Flagge-der-Umweltschule-wird-gehisst.jpg\" class=\"\" alt=\"\" srcset=\"https:\/\/www.rwg-bayreuth.de\/home\/wp-content\/uploads\/2022\/12\/22-23-Die-Flagge-der-Umweltschule-wird-gehisst.jpg 678w, https:\/\/www.rwg-bayreuth.de\/home\/wp-content\/uploads\/2022\/12\/22-23-Die-Flagge-der-Umweltschule-wird-gehisst-298x450.jpg 298w, https:\/\/www.rwg-bayreuth.de\/home\/wp-content\/uploads\/2022\/12\/22-23-Die-Flagge-der-Umweltschule-wird-gehisst-99x150.jpg 99w, https:\/\/www.rwg-bayreuth.de\/home\/wp-content\/uploads\/2022\/12\/22-23-Die-Flagge-der-Umweltschule-wird-gehisst-250x378.jpg 250w\" sizes=\"(max-width: 678px) 100vw, 678px\" \/><span>Die Flagge der Umweltschule wird gehisst<\/span><\/a><\/div><\/div><div class=\"su-image-carousel-item\"><div class=\"su-image-carousel-item-content\"><a href=\"https:\/\/www.rwg-bayreuth.de\/home\/wp-content\/uploads\/2022\/12\/22-23-Team_Umweltschule.jpg\" data-caption=\"Team Umweltschule\"><img loading=\"lazy\" decoding=\"async\" width=\"735\" height=\"1024\" src=\"https:\/\/www.rwg-bayreuth.de\/home\/wp-content\/uploads\/2022\/12\/22-23-Team_Umweltschule.jpg\" class=\"\" alt=\"\" srcset=\"https:\/\/www.rwg-bayreuth.de\/home\/wp-content\/uploads\/2022\/12\/22-23-Team_Umweltschule.jpg 735w, https:\/\/www.rwg-bayreuth.de\/home\/wp-content\/uploads\/2022\/12\/22-23-Team_Umweltschule-323x450.jpg 323w, https:\/\/www.rwg-bayreuth.de\/home\/wp-content\/uploads\/2022\/12\/22-23-Team_Umweltschule-108x150.jpg 108w, https:\/\/www.rwg-bayreuth.de\/home\/wp-content\/uploads\/2022\/12\/22-23-Team_Umweltschule-250x348.jpg 250w\" sizes=\"(max-width: 735px) 100vw, 735px\" \/><span>Team Umweltschule<\/span><\/a><\/div><\/div><\/div><script id=\"su_image_carousel_69f1cab1c016b_script\">if(window.SUImageCarousel){setTimeout(function() {window.SUImageCarousel.initGallery(document.getElementById(\"su_image_carousel_69f1cab1c016b\"))}, 0);}var su_image_carousel_69f1cab1c016b_script=document.getElementById(\"su_image_carousel_69f1cab1c016b_script\");if(su_image_carousel_69f1cab1c016b_script){su_image_carousel_69f1cab1c016b_script.parentNode.removeChild(su_image_carousel_69f1cab1c016b_script);}<\/script>\n","protected":false},"excerpt":{"rendered":"<p>Das Richard-Wagner-Gymnasium wurde als &#8222;Umweltschule in Europa\/Internationale Nachhaltigkeitsschule 2021\/2022&#8220; ausgezeichnet und damit das gro\u00dfe Engagement des Teams Umweltschule gew\u00fcrdigt. Im Team Umweltschule arbeiten Sch\u00fcler*innen mit ihren Lehrkr\u00e4ften eng zusammen, um die Themen Nachhaltigkeit und Umweltschutz noch st\u00e4rker in den Fokus der Schulfamilie zu r\u00fccken. Die Ehrung fand am 07.12.22 statt.<\/p>\n","protected":false},"author":11,"featured_media":32850,"comment_status":"closed","ping_status":"closed","sticky":false,"template":"","format":"standard","meta":{"footnotes":""},"categories":[1],"tags":[51,136],"_links":{"self":[{"href":"https:\/\/www.rwg-bayreuth.de\/home\/index.php?rest_route=\/wp\/v2\/posts\/32849"}],"collection":[{"href":"https:\/\/www.rwg-bayreuth.de\/home\/index.php?rest_route=\/wp\/v2\/posts"}],"about":[{"href":"https:\/\/www.rwg-bayreuth.de\/home\/index.php?rest_route=\/wp\/v2\/types\/post"}],"author":[{"embeddable":true,"href":"https:\/\/www.rwg-bayreuth.de\/home\/index.php?rest_route=\/wp\/v2\/users\/11"}],"replies":[{"embeddable":true,"href":"https:\/\/www.rwg-bayreuth.de\/home\/index.php?rest_route=%2Fwp%2Fv2%2Fcomments&post=32849"}],"version-history":[{"count":5,"href":"https:\/\/www.rwg-bayreuth.de\/home\/index.php?rest_route=\/wp\/v2\/posts\/32849\/revisions"}],"predecessor-version":[{"id":32859,"href":"https:\/\/www.rwg-bayreuth.de\/home\/index.php?rest_route=\/wp\/v2\/posts\/32849\/revisions\/32859"}],"wp:featuredmedia":[{"embeddable":true,"href":"https:\/\/www.rwg-bayreuth.de\/home\/index.php?rest_route=\/wp\/v2\/media\/32850"}],"wp:attachment":[{"href":"https:\/\/www.rwg-bayreuth.de\/home\/index.php?rest_route=%2Fwp%2Fv2%2Fmedia&parent=32849"}],"wp:term":[{"taxonomy":"category","embeddable":true,"href":"https:\/\/www.rwg-bayreuth.de\/home\/index.php?rest_route=%2Fwp%2Fv2%2Fcategories&post=32849"},{"taxonomy":"post_tag","embeddable":true,"href":"https:\/\/www.rwg-bayreuth.de\/home\/index.php?rest_route=%2Fwp%2Fv2%2Ftags&post=32849"}],"curies":[{"name":"wp","href":"https:\/\/api.w.org\/{rel}","templated":true}]}}