{"id":32712,"date":"2022-11-28T11:58:23","date_gmt":"2022-11-28T10:58:23","guid":{"rendered":"http:\/\/www.rwg-bayreuth.de\/home\/?p=32712"},"modified":"2025-05-22T17:04:54","modified_gmt":"2025-05-22T15:04:54","slug":"mathe-im-advent-2","status":"publish","type":"post","link":"https:\/\/www.rwg-bayreuth.de\/home\/?p=32712","title":{"rendered":"Mathe im Advent"},"content":{"rendered":"<p><a href=\"https:\/\/www.mathe-im-advent.de\/\" rel=\"noopener noreferrer\" target=\"_blank\"><img decoding=\"async\" src=\"https:\/\/www.rwg-bayreuth.de\/home\/wp-content\/uploads\/2021\/12\/MiA-2021.jpg\" alt=\"\" width=\"310\" height=\"auto\" class=\"alignright size-full wp-image-30105\" srcset=\"https:\/\/www.rwg-bayreuth.de\/home\/wp-content\/uploads\/2021\/12\/MiA-2021.jpg 930w, https:\/\/www.rwg-bayreuth.de\/home\/wp-content\/uploads\/2021\/12\/MiA-2021-450x194.jpg 450w, https:\/\/www.rwg-bayreuth.de\/home\/wp-content\/uploads\/2021\/12\/MiA-2021-768x330.jpg 768w, https:\/\/www.rwg-bayreuth.de\/home\/wp-content\/uploads\/2021\/12\/MiA-2021-250x108.jpg 250w, https:\/\/www.rwg-bayreuth.de\/home\/wp-content\/uploads\/2021\/12\/MiA-2021-600x258.jpg 600w\" sizes=\"(max-width: 930px) 100vw, 930px\" \/><\/a>Am 1. Dezember geht das erste T\u00fcrchen auf! Viele Sch\u00fcler und Sch\u00fclerinnen des RWG sind schon gespannt, welches Mathe-R\u00e4tsel sich dahinter verbirgt. <a href=\"https:\/\/www.mathe-im-advent.de\/\" rel=\"noopener noreferrer\" target=\"_blank\">Mathe im Advent<\/a> bietet 24 Tage lang in lustige Geschichten verpackte Aufgaben rund um den Weihnachtsmann, die Weihnachtswichtel, den Nordpol und die Rentiere. Dabei geht es vor allem um Spa\u00df an der Mathematik und ihren vielen verschiedenen Fragestellungen. Die Klassen aus den Jahrgangsstufen 5 und 6 nehmen mit ihren Mathelehrkr\u00e4ften am Klassenspiel teil und spielen um tolle Preise. Welche Klasse wohl am n\u00e4chsten Wandertag Eis essen gehen kann? (Beachtet zur Anmeldung bitte die Klassen-Links, die ihr von eurem Mathelehrer \u00fcbermittelt bekommen habt.)<br \/>\nAlle Sch\u00fclerinnen und Sch\u00fcler bis einschlie\u00dflich 9. Klasse k\u00f6nnen als Einzelspieler ebenfalls kostenlos mitmachen.<\/p>\n<ul class=\"linkliste\">\n<li><a href=\"https:\/\/www.mathe-im-advent.de\/de-fo\/info\/\" rel=\"noopener noreferrer\" target=\"_blank\">So funktioniert \u201eMathe im Advent 2022\u201c<\/a><\/li>\n<li><a href=\"https:\/\/www.mathe-im-advent.de\/de-fo\/info\/bewertungsmodus\/sus\/\" rel=\"noopener noreferrer\" target=\"_blank\">Bewertungsmodus<\/a><\/li>\n<li><a href=\"https:\/\/www.mathe-im-advent.de\/de-fo\/kalender\/4-6\/\" rel=\"noopener noreferrer\" target=\"_blank\">Aufgaben der Klassen 5 und 6<\/a><\/li>\n<li><a href=\"https:\/\/www.mathe-im-advent.de\/de-fo\/kalender\/7-9\/\" rel=\"noopener noreferrer\" target=\"_blank\">Aufgaben der Klassen 7 bis 9<\/a><\/li>\n<\/ul>\n<p>PS: Einen Mathekalender gibt es auch f\u00fcr \u00e4ltere Jugendliche und Erwachsene<br \/>\n<a href=\"https:\/\/www.mathekalender.de\/\" rel=\"noopener\" target=\"_blank\">https:\/\/www.mathekalender.de\/ <\/a><\/p>\n<p>&nbsp;<\/p>\n","protected":false},"excerpt":{"rendered":"<p>Am 1. Dezember geht das erste T\u00fcrchen auf! Viele Sch\u00fcler und Sch\u00fclerinnen des RWG sind schon gespannt, welches Mathe-R\u00e4tsel sich dahinter verbirgt. Mathe im Advent bietet 24 Tage lang in lustige Geschichten verpackte Aufgaben rund um den Weihnachtsmann, die Weihnachtswichtel, den Nordpol und die Rentiere. Dabei geht es vor allem um Spa\u00df an der Mathematik&hellip;<\/p>\n","protected":false},"author":11,"featured_media":30049,"comment_status":"closed","ping_status":"closed","sticky":false,"template":"","format":"standard","meta":{"footnotes":""},"categories":[1],"tags":[51,158,70,96],"_links":{"self":[{"href":"https:\/\/www.rwg-bayreuth.de\/home\/index.php?rest_route=\/wp\/v2\/posts\/32712"}],"collection":[{"href":"https:\/\/www.rwg-bayreuth.de\/home\/index.php?rest_route=\/wp\/v2\/posts"}],"about":[{"href":"https:\/\/www.rwg-bayreuth.de\/home\/index.php?rest_route=\/wp\/v2\/types\/post"}],"author":[{"embeddable":true,"href":"https:\/\/www.rwg-bayreuth.de\/home\/index.php?rest_route=\/wp\/v2\/users\/11"}],"replies":[{"embeddable":true,"href":"https:\/\/www.rwg-bayreuth.de\/home\/index.php?rest_route=%2Fwp%2Fv2%2Fcomments&post=32712"}],"version-history":[{"count":4,"href":"https:\/\/www.rwg-bayreuth.de\/home\/index.php?rest_route=\/wp\/v2\/posts\/32712\/revisions"}],"predecessor-version":[{"id":32799,"href":"https:\/\/www.rwg-bayreuth.de\/home\/index.php?rest_route=\/wp\/v2\/posts\/32712\/revisions\/32799"}],"wp:featuredmedia":[{"embeddable":true,"href":"https:\/\/www.rwg-bayreuth.de\/home\/index.php?rest_route=\/wp\/v2\/media\/30049"}],"wp:attachment":[{"href":"https:\/\/www.rwg-bayreuth.de\/home\/index.php?rest_route=%2Fwp%2Fv2%2Fmedia&parent=32712"}],"wp:term":[{"taxonomy":"category","embeddable":true,"href":"https:\/\/www.rwg-bayreuth.de\/home\/index.php?rest_route=%2Fwp%2Fv2%2Fcategories&post=32712"},{"taxonomy":"post_tag","embeddable":true,"href":"https:\/\/www.rwg-bayreuth.de\/home\/index.php?rest_route=%2Fwp%2Fv2%2Ftags&post=32712"}],"curies":[{"name":"wp","href":"https:\/\/api.w.org\/{rel}","templated":true}]}}