{"id":32622,"date":"2022-11-28T22:45:01","date_gmt":"2022-11-28T21:45:01","guid":{"rendered":"http:\/\/www.rwg-bayreuth.de\/home\/?p=32622"},"modified":"2025-11-30T22:15:43","modified_gmt":"2025-11-30T21:15:43","slug":"32622","status":"publish","type":"post","link":"https:\/\/www.rwg-bayreuth.de\/home\/?p=32622","title":{"rendered":"calendario dell&#8217;avvento"},"content":{"rendered":"<div class=\"su-expand su-expand-collapsed su-expand-link-style-dashed\" data-height=\"127\"><div class=\"su-expand-content su-u-trim\" style=\"color:#1a1a1a;max-height:127px;overflow:hidden\">\n<p><strong>Liebe Schulgemeinschaft, liebe Sch\u00fcler, liebe Eltern,<br \/>\nCari amici, <\/strong><\/p>\n<p>Natale si sta avvicinando. Weihnachten r\u00fcckt mit gro\u00dfen Schritten n\u00e4her. <\/p>\n<p>Um euch\/ Ihnen die Adventszeit etwas zu verk\u00fcrzen, hat das Studienseminar und die Fachschaft Italienisch einen kleinen digitalen Adventskalender (calendario dell`avvento) zusammengestellt.<br \/>\nGenie\u00dfen Sie die kleinen \u201epillole italiane\u201c und frischen Sie zugleich Ihre Italienisch- Kenntnisse auf. <\/p>\n<p>Buon divertimento! Viel Spa\u00df! <\/p>\n<p>W\u00fcnscht die Fachschaft Italienisch am RWG <\/p>\n<p><em>Katrin Klamt <\/em> <\/p>\n<\/div><div class=\"su-expand-link su-expand-link-more\" style=\"text-align:left\"><a href=\"javascript:;\" style=\"color:#2b2b2b;border-color:#2b2b2b\"><i class=\"sui sui-angle-right\" style=\"\" aria-label=\"\"><\/i><span style=\"border-color:#2b2b2b\">Text vollst\u00e4ndig anzeigen<\/span><\/a><\/div><div class=\"su-expand-link su-expand-link-less\" style=\"text-align:left\"><a href=\"javascript:;\" style=\"color:#2b2b2b;border-color:#2b2b2b\"><i class=\"sui sui-angle-up\" style=\"\" aria-label=\"\"><\/i><span style=\"border-color:#2b2b2b\">weniger anzeigen<\/span><\/a><\/div><\/div>\n<p><!-- nur Bilder anzeigen --><\/p>\n\n<p><!-- \n\nKalender mit den sich \u00f6ffnenden T\u00fcrchen \n\n\n<a href=\"https:\/\/www.rwg-bayreuth.de\/home\/wp-content\/uploads\/2022\/11\/22-23-Italienisch-Adventskalender-24.pdf\">22-23-Italienisch-Adventskalender-24<\/a>\n\n\n\n\n<div style=\"width: 24%; margin: 0px; padding: 0px; display: inline-block\">\n[su_scheduler days_month=\"1-31\" months=\"12\" years=\"2022\" alt=\"\"]<a \nhref=\"https:\/\/www.rwg-bayreuth.de\/home\/wp-content\/uploads\/2022\/11\/22-23-Italienisch-Adventskalender-1.pdf\"\n><img loading=\"lazy\" decoding=\"async\" src=\"https:\/\/www.rwg-bayreuth.de\/home\/wp-content\/uploads\/2021\/12\/ItalienischAdventskalender2021-1.jpg\" alt=\"\" width=\"600\" height=\"600\" class=\"alignnone size-full wp-image-29907\" srcset=\"https:\/\/www.rwg-bayreuth.de\/home\/wp-content\/uploads\/2021\/12\/ItalienischAdventskalender2021-1.jpg 600w, https:\/\/www.rwg-bayreuth.de\/home\/wp-content\/uploads\/2021\/12\/ItalienischAdventskalender2021-1-450x450.jpg 450w, https:\/\/www.rwg-bayreuth.de\/home\/wp-content\/uploads\/2021\/12\/ItalienischAdventskalender2021-1-150x150.jpg 150w, https:\/\/www.rwg-bayreuth.de\/home\/wp-content\/uploads\/2021\/12\/ItalienischAdventskalender2021-1-250x250.jpg 250w\" sizes=\"(max-width: 600px) 100vw, 600px\" \/><\/a>[\/su_scheduler]\n<\/div>\n\n\n\n\n<div style=\"width: 24%; margin: 0px; padding: 0px; display: inline-block\">\n[su_scheduler days_month=\"1\" months=\"12\" years=\"2022\" alt=\"\"]<img loading=\"lazy\" decoding=\"async\" src=\"https:\/\/www.rwg-bayreuth.de\/home\/wp-content\/uploads\/2021\/12\/ItalienischAdventskalender2021-2.jpg\" alt=\"\" width=\"600\" height=\"600\" class=\"alignnone size-full wp-image-29908\" srcset=\"https:\/\/www.rwg-bayreuth.de\/home\/wp-content\/uploads\/2021\/12\/ItalienischAdventskalender2021-2.jpg 600w, https:\/\/www.rwg-bayreuth.de\/home\/wp-content\/uploads\/2021\/12\/ItalienischAdventskalender2021-2-450x450.jpg 450w, https:\/\/www.rwg-bayreuth.de\/home\/wp-content\/uploads\/2021\/12\/ItalienischAdventskalender2021-2-150x150.jpg 150w, https:\/\/www.rwg-bayreuth.de\/home\/wp-content\/uploads\/2021\/12\/ItalienischAdventskalender2021-2-250x250.jpg 250w\" sizes=\"(max-width: 600px) 100vw, 600px\" \/>[\/su_scheduler][su_scheduler days_month=\"2-31\" months=\"12\" years=\"2022\" alt=\"\"]<a \nhref=\"https:\/\/www.rwg-bayreuth.de\/home\/wp-content\/uploads\/2022\/11\/22-23-Italienisch-Adventskalender-2.pdf\"\n><img loading=\"lazy\" decoding=\"async\" src=\"https:\/\/www.rwg-bayreuth.de\/home\/wp-content\/uploads\/2021\/12\/ItalienischAdventskalender2021-2.jpg\" alt=\"\" width=\"600\" height=\"600\" class=\"alignnone size-full wp-image-29908\" srcset=\"https:\/\/www.rwg-bayreuth.de\/home\/wp-content\/uploads\/2021\/12\/ItalienischAdventskalender2021-2.jpg 600w, https:\/\/www.rwg-bayreuth.de\/home\/wp-content\/uploads\/2021\/12\/ItalienischAdventskalender2021-2-450x450.jpg 450w, https:\/\/www.rwg-bayreuth.de\/home\/wp-content\/uploads\/2021\/12\/ItalienischAdventskalender2021-2-150x150.jpg 150w, https:\/\/www.rwg-bayreuth.de\/home\/wp-content\/uploads\/2021\/12\/ItalienischAdventskalender2021-2-250x250.jpg 250w\" sizes=\"(max-width: 600px) 100vw, 600px\" \/><\/a>[\/su_scheduler]\n<\/div>\n\n\n\n\n<div style=\"width: 24%; margin: 0px; padding: 0px; display: inline-block\">\n[su_scheduler days_month=\"1-2\" months=\"12\" years=\"2022\" alt=\"\"]<img loading=\"lazy\" decoding=\"async\" src=\"https:\/\/www.rwg-bayreuth.de\/home\/wp-content\/uploads\/2021\/12\/ItalienischAdventskalender2021-3.jpg\" alt=\"\" width=\"600\" height=\"600\" class=\"alignnone size-full wp-image-29909\" srcset=\"https:\/\/www.rwg-bayreuth.de\/home\/wp-content\/uploads\/2021\/12\/ItalienischAdventskalender2021-3.jpg 600w, https:\/\/www.rwg-bayreuth.de\/home\/wp-content\/uploads\/2021\/12\/ItalienischAdventskalender2021-3-450x450.jpg 450w, https:\/\/www.rwg-bayreuth.de\/home\/wp-content\/uploads\/2021\/12\/ItalienischAdventskalender2021-3-150x150.jpg 150w, https:\/\/www.rwg-bayreuth.de\/home\/wp-content\/uploads\/2021\/12\/ItalienischAdventskalender2021-3-250x250.jpg 250w\" sizes=\"(max-width: 600px) 100vw, 600px\" \/>[\/su_scheduler][su_scheduler days_month=\"3-31\" months=\"12\" years=\"2022\" alt=\"\"]<a \nhref=\"https:\/\/www.rwg-bayreuth.de\/home\/wp-content\/uploads\/2022\/11\/22-23-Italienisch-Adventskalender-3.pdf\"\n><img loading=\"lazy\" decoding=\"async\" src=\"https:\/\/www.rwg-bayreuth.de\/home\/wp-content\/uploads\/2021\/12\/ItalienischAdventskalender2021-3.jpg\" alt=\"\" width=\"600\" height=\"600\" class=\"alignnone size-full wp-image-29909\" srcset=\"https:\/\/www.rwg-bayreuth.de\/home\/wp-content\/uploads\/2021\/12\/ItalienischAdventskalender2021-3.jpg 600w, https:\/\/www.rwg-bayreuth.de\/home\/wp-content\/uploads\/2021\/12\/ItalienischAdventskalender2021-3-450x450.jpg 450w, https:\/\/www.rwg-bayreuth.de\/home\/wp-content\/uploads\/2021\/12\/ItalienischAdventskalender2021-3-150x150.jpg 150w, https:\/\/www.rwg-bayreuth.de\/home\/wp-content\/uploads\/2021\/12\/ItalienischAdventskalender2021-3-250x250.jpg 250w\" sizes=\"(max-width: 600px) 100vw, 600px\" \/><\/a>[\/su_scheduler]\n<\/div>\n\n\n\n\n<div style=\"width: 24%; margin: 0px; padding: 0px; display: inline-block\">\n[su_scheduler days_month=\"1-3\" months=\"12\" years=\"2022\" alt=\"\"]<img loading=\"lazy\" decoding=\"async\" src=\"https:\/\/www.rwg-bayreuth.de\/home\/wp-content\/uploads\/2021\/12\/ItalienischAdventskalender2021-4.jpg\" alt=\"\" width=\"600\" height=\"600\" class=\"alignnone size-full wp-image-29910\" srcset=\"https:\/\/www.rwg-bayreuth.de\/home\/wp-content\/uploads\/2021\/12\/ItalienischAdventskalender2021-4.jpg 600w, https:\/\/www.rwg-bayreuth.de\/home\/wp-content\/uploads\/2021\/12\/ItalienischAdventskalender2021-4-450x450.jpg 450w, https:\/\/www.rwg-bayreuth.de\/home\/wp-content\/uploads\/2021\/12\/ItalienischAdventskalender2021-4-150x150.jpg 150w, https:\/\/www.rwg-bayreuth.de\/home\/wp-content\/uploads\/2021\/12\/ItalienischAdventskalender2021-4-250x250.jpg 250w\" sizes=\"(max-width: 600px) 100vw, 600px\" \/>[\/su_scheduler][su_scheduler days_month=\"4-31\" months=\"12\" years=\"2022\" alt=\"\"]<a \nhref=\"https:\/\/www.rwg-bayreuth.de\/home\/wp-content\/uploads\/2022\/11\/22-23-Italienisch-Adventskalender-4.pdf\"\n><img loading=\"lazy\" decoding=\"async\" src=\"https:\/\/www.rwg-bayreuth.de\/home\/wp-content\/uploads\/2021\/12\/ItalienischAdventskalender2021-4.jpg\" alt=\"\" width=\"600\" height=\"600\" class=\"alignnone size-full wp-image-29910\" srcset=\"https:\/\/www.rwg-bayreuth.de\/home\/wp-content\/uploads\/2021\/12\/ItalienischAdventskalender2021-4.jpg 600w, https:\/\/www.rwg-bayreuth.de\/home\/wp-content\/uploads\/2021\/12\/ItalienischAdventskalender2021-4-450x450.jpg 450w, https:\/\/www.rwg-bayreuth.de\/home\/wp-content\/uploads\/2021\/12\/ItalienischAdventskalender2021-4-150x150.jpg 150w, https:\/\/www.rwg-bayreuth.de\/home\/wp-content\/uploads\/2021\/12\/ItalienischAdventskalender2021-4-250x250.jpg 250w\" sizes=\"(max-width: 600px) 100vw, 600px\" \/><\/a>[\/su_scheduler]\n<\/div>\n\n\n\n\n<div style=\"width: 24%; margin: 0px; padding: 0px; display: inline-block\">\n[su_scheduler days_month=\"1-4\" months=\"12\" years=\"2022\" alt=\"\"]<img loading=\"lazy\" decoding=\"async\" src=\"https:\/\/www.rwg-bayreuth.de\/home\/wp-content\/uploads\/2021\/12\/ItalienischAdventskalender2021-5.jpg\" alt=\"\" width=\"600\" height=\"600\" class=\"alignnone size-full wp-image-29911\" srcset=\"https:\/\/www.rwg-bayreuth.de\/home\/wp-content\/uploads\/2021\/12\/ItalienischAdventskalender2021-5.jpg 600w, https:\/\/www.rwg-bayreuth.de\/home\/wp-content\/uploads\/2021\/12\/ItalienischAdventskalender2021-5-450x450.jpg 450w, https:\/\/www.rwg-bayreuth.de\/home\/wp-content\/uploads\/2021\/12\/ItalienischAdventskalender2021-5-150x150.jpg 150w, https:\/\/www.rwg-bayreuth.de\/home\/wp-content\/uploads\/2021\/12\/ItalienischAdventskalender2021-5-250x250.jpg 250w\" sizes=\"(max-width: 600px) 100vw, 600px\" \/>[\/su_scheduler][su_scheduler days_month=\"5-31\" months=\"12\" years=\"2022\" alt=\"\"]<a \nhref=\"https:\/\/www.rwg-bayreuth.de\/home\/wp-content\/uploads\/2022\/11\/22-23-Italienisch-Adventskalender-5.pdf\"\n><img loading=\"lazy\" decoding=\"async\" src=\"https:\/\/www.rwg-bayreuth.de\/home\/wp-content\/uploads\/2021\/12\/ItalienischAdventskalender2021-5.jpg\" alt=\"\" width=\"600\" height=\"600\" class=\"alignnone size-full wp-image-29911\" srcset=\"https:\/\/www.rwg-bayreuth.de\/home\/wp-content\/uploads\/2021\/12\/ItalienischAdventskalender2021-5.jpg 600w, https:\/\/www.rwg-bayreuth.de\/home\/wp-content\/uploads\/2021\/12\/ItalienischAdventskalender2021-5-450x450.jpg 450w, https:\/\/www.rwg-bayreuth.de\/home\/wp-content\/uploads\/2021\/12\/ItalienischAdventskalender2021-5-150x150.jpg 150w, https:\/\/www.rwg-bayreuth.de\/home\/wp-content\/uploads\/2021\/12\/ItalienischAdventskalender2021-5-250x250.jpg 250w\" sizes=\"(max-width: 600px) 100vw, 600px\" \/><\/a>[\/su_scheduler]\n<\/div>\n\n\n\n\n<div style=\"width: 24%; margin: 0px; padding: 0px; display: inline-block\">\n[su_scheduler days_month=\"1-5\" months=\"12\" years=\"2022\" alt=\"\"]<img loading=\"lazy\" decoding=\"async\" src=\"https:\/\/www.rwg-bayreuth.de\/home\/wp-content\/uploads\/2021\/12\/ItalienischAdventskalender2021-6.jpg\" alt=\"\" width=\"600\" height=\"600\" class=\"alignnone size-full wp-image-29912\" srcset=\"https:\/\/www.rwg-bayreuth.de\/home\/wp-content\/uploads\/2021\/12\/ItalienischAdventskalender2021-6.jpg 600w, https:\/\/www.rwg-bayreuth.de\/home\/wp-content\/uploads\/2021\/12\/ItalienischAdventskalender2021-6-450x450.jpg 450w, https:\/\/www.rwg-bayreuth.de\/home\/wp-content\/uploads\/2021\/12\/ItalienischAdventskalender2021-6-150x150.jpg 150w, https:\/\/www.rwg-bayreuth.de\/home\/wp-content\/uploads\/2021\/12\/ItalienischAdventskalender2021-6-250x250.jpg 250w\" sizes=\"(max-width: 600px) 100vw, 600px\" \/>[\/su_scheduler][su_scheduler days_month=\"6-31\" months=\"12\" years=\"2022\" alt=\"\"]<a \nhref=\"https:\/\/www.rwg-bayreuth.de\/home\/wp-content\/uploads\/2022\/11\/22-23-Italienisch-Adventskalender-6.pdf\"\n><img loading=\"lazy\" decoding=\"async\" src=\"https:\/\/www.rwg-bayreuth.de\/home\/wp-content\/uploads\/2021\/12\/ItalienischAdventskalender2021-6.jpg\" alt=\"\" width=\"600\" height=\"600\" class=\"alignnone size-full wp-image-29912\" srcset=\"https:\/\/www.rwg-bayreuth.de\/home\/wp-content\/uploads\/2021\/12\/ItalienischAdventskalender2021-6.jpg 600w, https:\/\/www.rwg-bayreuth.de\/home\/wp-content\/uploads\/2021\/12\/ItalienischAdventskalender2021-6-450x450.jpg 450w, https:\/\/www.rwg-bayreuth.de\/home\/wp-content\/uploads\/2021\/12\/ItalienischAdventskalender2021-6-150x150.jpg 150w, https:\/\/www.rwg-bayreuth.de\/home\/wp-content\/uploads\/2021\/12\/ItalienischAdventskalender2021-6-250x250.jpg 250w\" sizes=\"(max-width: 600px) 100vw, 600px\" \/><\/a>[\/su_scheduler]\n<\/div>\n\n\n\n\n<div style=\"width: 24%; margin: 0px; padding: 0px; display: inline-block\">\n[su_scheduler days_month=\"1-6\" months=\"12\" years=\"2022\" alt=\"\"]<img loading=\"lazy\" decoding=\"async\" src=\"https:\/\/www.rwg-bayreuth.de\/home\/wp-content\/uploads\/2021\/12\/ItalienischAdventskalender2021-7.jpg\" alt=\"\" width=\"600\" height=\"600\" class=\"alignnone size-full wp-image-29913\" srcset=\"https:\/\/www.rwg-bayreuth.de\/home\/wp-content\/uploads\/2021\/12\/ItalienischAdventskalender2021-7.jpg 600w, https:\/\/www.rwg-bayreuth.de\/home\/wp-content\/uploads\/2021\/12\/ItalienischAdventskalender2021-7-450x450.jpg 450w, https:\/\/www.rwg-bayreuth.de\/home\/wp-content\/uploads\/2021\/12\/ItalienischAdventskalender2021-7-150x150.jpg 150w, https:\/\/www.rwg-bayreuth.de\/home\/wp-content\/uploads\/2021\/12\/ItalienischAdventskalender2021-7-250x250.jpg 250w\" sizes=\"(max-width: 600px) 100vw, 600px\" \/>[\/su_scheduler][su_scheduler days_month=\"7-31\" months=\"12\" years=\"2022\" alt=\"\"]<a \nhref=\"https:\/\/www.rwg-bayreuth.de\/home\/wp-content\/uploads\/2022\/11\/22-23-Italienisch-Adventskalender-7.pdf\"\n><img loading=\"lazy\" decoding=\"async\" src=\"https:\/\/www.rwg-bayreuth.de\/home\/wp-content\/uploads\/2021\/12\/ItalienischAdventskalender2021-7.jpg\" alt=\"\" width=\"600\" height=\"600\" class=\"alignnone size-full wp-image-29913\" srcset=\"https:\/\/www.rwg-bayreuth.de\/home\/wp-content\/uploads\/2021\/12\/ItalienischAdventskalender2021-7.jpg 600w, https:\/\/www.rwg-bayreuth.de\/home\/wp-content\/uploads\/2021\/12\/ItalienischAdventskalender2021-7-450x450.jpg 450w, https:\/\/www.rwg-bayreuth.de\/home\/wp-content\/uploads\/2021\/12\/ItalienischAdventskalender2021-7-150x150.jpg 150w, https:\/\/www.rwg-bayreuth.de\/home\/wp-content\/uploads\/2021\/12\/ItalienischAdventskalender2021-7-250x250.jpg 250w\" sizes=\"(max-width: 600px) 100vw, 600px\" \/><\/a>[\/su_scheduler]\n<\/div>\n\n\n\n\n<div style=\"width: 24%; margin: 0px; padding: 0px; display: inline-block\">\n[su_scheduler days_month=\"1-7\" months=\"12\" years=\"2022\" alt=\"\"]<img loading=\"lazy\" decoding=\"async\" src=\"https:\/\/www.rwg-bayreuth.de\/home\/wp-content\/uploads\/2021\/12\/ItalienischAdventskalender2021-8.jpg\" alt=\"\" width=\"600\" height=\"600\" class=\"alignnone size-full wp-image-29914\" srcset=\"https:\/\/www.rwg-bayreuth.de\/home\/wp-content\/uploads\/2021\/12\/ItalienischAdventskalender2021-8.jpg 600w, https:\/\/www.rwg-bayreuth.de\/home\/wp-content\/uploads\/2021\/12\/ItalienischAdventskalender2021-8-450x450.jpg 450w, https:\/\/www.rwg-bayreuth.de\/home\/wp-content\/uploads\/2021\/12\/ItalienischAdventskalender2021-8-150x150.jpg 150w, https:\/\/www.rwg-bayreuth.de\/home\/wp-content\/uploads\/2021\/12\/ItalienischAdventskalender2021-8-250x250.jpg 250w\" sizes=\"(max-width: 600px) 100vw, 600px\" \/>[\/su_scheduler][su_scheduler days_month=\"8-31\" months=\"12\" years=\"2022\" alt=\"\"]<a \nhref=\"https:\/\/www.rwg-bayreuth.de\/home\/wp-content\/uploads\/2022\/11\/22-23-Italienisch-Adventskalender-8.pdf\"\n><img loading=\"lazy\" decoding=\"async\" src=\"https:\/\/www.rwg-bayreuth.de\/home\/wp-content\/uploads\/2021\/12\/ItalienischAdventskalender2021-8.jpg\" alt=\"\" width=\"600\" height=\"600\" class=\"alignnone size-full wp-image-29914\" srcset=\"https:\/\/www.rwg-bayreuth.de\/home\/wp-content\/uploads\/2021\/12\/ItalienischAdventskalender2021-8.jpg 600w, https:\/\/www.rwg-bayreuth.de\/home\/wp-content\/uploads\/2021\/12\/ItalienischAdventskalender2021-8-450x450.jpg 450w, https:\/\/www.rwg-bayreuth.de\/home\/wp-content\/uploads\/2021\/12\/ItalienischAdventskalender2021-8-150x150.jpg 150w, https:\/\/www.rwg-bayreuth.de\/home\/wp-content\/uploads\/2021\/12\/ItalienischAdventskalender2021-8-250x250.jpg 250w\" sizes=\"(max-width: 600px) 100vw, 600px\" \/><\/a>[\/su_scheduler]\n<\/div>\n\n\n\n\n<div style=\"width: 24%; margin: 0px; padding: 0px; display: inline-block\">\n[su_scheduler days_month=\"1-8\" months=\"12\" years=\"2022\" alt=\"\"]<img loading=\"lazy\" decoding=\"async\" src=\"https:\/\/www.rwg-bayreuth.de\/home\/wp-content\/uploads\/2021\/12\/ItalienischAdventskalender2021-9.jpg\" alt=\"\" width=\"600\" height=\"600\" class=\"alignnone size-full wp-image-29915\" srcset=\"https:\/\/www.rwg-bayreuth.de\/home\/wp-content\/uploads\/2021\/12\/ItalienischAdventskalender2021-9.jpg 600w, https:\/\/www.rwg-bayreuth.de\/home\/wp-content\/uploads\/2021\/12\/ItalienischAdventskalender2021-9-450x450.jpg 450w, https:\/\/www.rwg-bayreuth.de\/home\/wp-content\/uploads\/2021\/12\/ItalienischAdventskalender2021-9-150x150.jpg 150w, https:\/\/www.rwg-bayreuth.de\/home\/wp-content\/uploads\/2021\/12\/ItalienischAdventskalender2021-9-250x250.jpg 250w\" sizes=\"(max-width: 600px) 100vw, 600px\" \/>[\/su_scheduler][su_scheduler days_month=\"9-31\" months=\"12\" years=\"2022\" alt=\"\"]<a \nhref=\"https:\/\/www.rwg-bayreuth.de\/home\/wp-content\/uploads\/2022\/11\/22-23-Italienisch-Adventskalender-9.pdf\"\n><img loading=\"lazy\" decoding=\"async\" src=\"https:\/\/www.rwg-bayreuth.de\/home\/wp-content\/uploads\/2021\/12\/ItalienischAdventskalender2021-9.jpg\" alt=\"\" width=\"600\" height=\"600\" class=\"alignnone size-full wp-image-29915\" srcset=\"https:\/\/www.rwg-bayreuth.de\/home\/wp-content\/uploads\/2021\/12\/ItalienischAdventskalender2021-9.jpg 600w, https:\/\/www.rwg-bayreuth.de\/home\/wp-content\/uploads\/2021\/12\/ItalienischAdventskalender2021-9-450x450.jpg 450w, https:\/\/www.rwg-bayreuth.de\/home\/wp-content\/uploads\/2021\/12\/ItalienischAdventskalender2021-9-150x150.jpg 150w, https:\/\/www.rwg-bayreuth.de\/home\/wp-content\/uploads\/2021\/12\/ItalienischAdventskalender2021-9-250x250.jpg 250w\" sizes=\"(max-width: 600px) 100vw, 600px\" \/><\/a>[\/su_scheduler]\n<\/div>\n\n\n\n\n<div style=\"width: 24%; margin: 0px; padding: 0px; display: inline-block\">\n[su_scheduler days_month=\"1-9\" months=\"12\" years=\"2022\" alt=\"\"]<img loading=\"lazy\" decoding=\"async\" src=\"https:\/\/www.rwg-bayreuth.de\/home\/wp-content\/uploads\/2021\/12\/ItalienischAdventskalender2021-10.jpg\" alt=\"\" width=\"600\" height=\"600\" class=\"alignnone size-full wp-image-29916\" srcset=\"https:\/\/www.rwg-bayreuth.de\/home\/wp-content\/uploads\/2021\/12\/ItalienischAdventskalender2021-10.jpg 600w, https:\/\/www.rwg-bayreuth.de\/home\/wp-content\/uploads\/2021\/12\/ItalienischAdventskalender2021-10-450x450.jpg 450w, https:\/\/www.rwg-bayreuth.de\/home\/wp-content\/uploads\/2021\/12\/ItalienischAdventskalender2021-10-150x150.jpg 150w, https:\/\/www.rwg-bayreuth.de\/home\/wp-content\/uploads\/2021\/12\/ItalienischAdventskalender2021-10-250x250.jpg 250w\" sizes=\"(max-width: 600px) 100vw, 600px\" \/>[\/su_scheduler][su_scheduler days_month=\"10-31\" months=\"12\" years=\"2022\" alt=\"\"]<a \nhref=\"https:\/\/www.rwg-bayreuth.de\/home\/wp-content\/uploads\/2022\/11\/22-23-Italienisch-Adventskalender-10.pdf\"\n><img loading=\"lazy\" decoding=\"async\" src=\"https:\/\/www.rwg-bayreuth.de\/home\/wp-content\/uploads\/2021\/12\/ItalienischAdventskalender2021-10.jpg\" alt=\"\" width=\"600\" height=\"600\" class=\"alignnone size-full wp-image-29916\" srcset=\"https:\/\/www.rwg-bayreuth.de\/home\/wp-content\/uploads\/2021\/12\/ItalienischAdventskalender2021-10.jpg 600w, https:\/\/www.rwg-bayreuth.de\/home\/wp-content\/uploads\/2021\/12\/ItalienischAdventskalender2021-10-450x450.jpg 450w, https:\/\/www.rwg-bayreuth.de\/home\/wp-content\/uploads\/2021\/12\/ItalienischAdventskalender2021-10-150x150.jpg 150w, https:\/\/www.rwg-bayreuth.de\/home\/wp-content\/uploads\/2021\/12\/ItalienischAdventskalender2021-10-250x250.jpg 250w\" sizes=\"(max-width: 600px) 100vw, 600px\" \/><\/a>[\/su_scheduler]\n<\/div>\n\n\n\n\n<div style=\"width: 24%; margin: 0px; padding: 0px; display: inline-block\">\n[su_scheduler days_month=\"1-10\" months=\"12\" years=\"2022\" alt=\"\"]<img loading=\"lazy\" decoding=\"async\" src=\"https:\/\/www.rwg-bayreuth.de\/home\/wp-content\/uploads\/2021\/12\/ItalienischAdventskalender2021-11.jpg\" alt=\"\" width=\"600\" height=\"600\" class=\"alignnone size-full wp-image-29917\" srcset=\"https:\/\/www.rwg-bayreuth.de\/home\/wp-content\/uploads\/2021\/12\/ItalienischAdventskalender2021-11.jpg 600w, https:\/\/www.rwg-bayreuth.de\/home\/wp-content\/uploads\/2021\/12\/ItalienischAdventskalender2021-11-450x450.jpg 450w, https:\/\/www.rwg-bayreuth.de\/home\/wp-content\/uploads\/2021\/12\/ItalienischAdventskalender2021-11-150x150.jpg 150w, https:\/\/www.rwg-bayreuth.de\/home\/wp-content\/uploads\/2021\/12\/ItalienischAdventskalender2021-11-250x250.jpg 250w\" sizes=\"(max-width: 600px) 100vw, 600px\" \/>[\/su_scheduler][su_scheduler days_month=\"11-31\" months=\"12\" years=\"2022\" alt=\"\"]<a \nhref=\"https:\/\/www.rwg-bayreuth.de\/home\/wp-content\/uploads\/2022\/11\/22-23-Italienisch-Adventskalender-11.pdf\"\n><img loading=\"lazy\" decoding=\"async\" src=\"https:\/\/www.rwg-bayreuth.de\/home\/wp-content\/uploads\/2021\/12\/ItalienischAdventskalender2021-11.jpg\" alt=\"\" width=\"600\" height=\"600\" class=\"alignnone size-full wp-image-29917\" srcset=\"https:\/\/www.rwg-bayreuth.de\/home\/wp-content\/uploads\/2021\/12\/ItalienischAdventskalender2021-11.jpg 600w, https:\/\/www.rwg-bayreuth.de\/home\/wp-content\/uploads\/2021\/12\/ItalienischAdventskalender2021-11-450x450.jpg 450w, https:\/\/www.rwg-bayreuth.de\/home\/wp-content\/uploads\/2021\/12\/ItalienischAdventskalender2021-11-150x150.jpg 150w, https:\/\/www.rwg-bayreuth.de\/home\/wp-content\/uploads\/2021\/12\/ItalienischAdventskalender2021-11-250x250.jpg 250w\" sizes=\"(max-width: 600px) 100vw, 600px\" \/><\/a>[\/su_scheduler]\n<\/div>\n\n\n\n\n<div style=\"width: 24%; margin: 0px; padding: 0px; display: inline-block\">\n[su_scheduler days_month=\"1-11\" months=\"12\" years=\"2022\" alt=\"\"]<img loading=\"lazy\" decoding=\"async\" src=\"https:\/\/www.rwg-bayreuth.de\/home\/wp-content\/uploads\/2021\/12\/ItalienischAdventskalender2021-12.jpg\" alt=\"\" width=\"600\" height=\"600\" class=\"alignnone size-full wp-image-29947\" srcset=\"https:\/\/www.rwg-bayreuth.de\/home\/wp-content\/uploads\/2021\/12\/ItalienischAdventskalender2021-12.jpg 600w, https:\/\/www.rwg-bayreuth.de\/home\/wp-content\/uploads\/2021\/12\/ItalienischAdventskalender2021-12-450x450.jpg 450w, https:\/\/www.rwg-bayreuth.de\/home\/wp-content\/uploads\/2021\/12\/ItalienischAdventskalender2021-12-150x150.jpg 150w, https:\/\/www.rwg-bayreuth.de\/home\/wp-content\/uploads\/2021\/12\/ItalienischAdventskalender2021-12-250x250.jpg 250w\" sizes=\"(max-width: 600px) 100vw, 600px\" \/>[\/su_scheduler][su_scheduler days_month=\"12-31\" months=\"12\" years=\"2022\" alt=\"\"]<a \nhref=\"https:\/\/www.rwg-bayreuth.de\/home\/wp-content\/uploads\/2022\/11\/22-23-Adventskalender-Italienisch-12.pdf\"\n><img loading=\"lazy\" decoding=\"async\" src=\"https:\/\/www.rwg-bayreuth.de\/home\/wp-content\/uploads\/2021\/12\/ItalienischAdventskalender2021-12.jpg\" alt=\"\" width=\"600\" height=\"600\" class=\"alignnone size-full wp-image-29947\" srcset=\"https:\/\/www.rwg-bayreuth.de\/home\/wp-content\/uploads\/2021\/12\/ItalienischAdventskalender2021-12.jpg 600w, https:\/\/www.rwg-bayreuth.de\/home\/wp-content\/uploads\/2021\/12\/ItalienischAdventskalender2021-12-450x450.jpg 450w, https:\/\/www.rwg-bayreuth.de\/home\/wp-content\/uploads\/2021\/12\/ItalienischAdventskalender2021-12-150x150.jpg 150w, https:\/\/www.rwg-bayreuth.de\/home\/wp-content\/uploads\/2021\/12\/ItalienischAdventskalender2021-12-250x250.jpg 250w\" sizes=\"(max-width: 600px) 100vw, 600px\" \/><\/a>[\/su_scheduler]\n<\/div>\n\n\n\n\n<div style=\"width: 24%; margin: 0px; padding: 0px; display: inline-block\">\n[su_scheduler days_month=\"1-12\" months=\"12\" years=\"2022\" alt=\"\"]<img loading=\"lazy\" decoding=\"async\" src=\"https:\/\/www.rwg-bayreuth.de\/home\/wp-content\/uploads\/2021\/12\/ItalienischAdventskalender2021-13.jpg\" alt=\"\" width=\"600\" height=\"600\" class=\"alignnone size-full wp-image-29935\" srcset=\"https:\/\/www.rwg-bayreuth.de\/home\/wp-content\/uploads\/2021\/12\/ItalienischAdventskalender2021-13.jpg 600w, https:\/\/www.rwg-bayreuth.de\/home\/wp-content\/uploads\/2021\/12\/ItalienischAdventskalender2021-13-450x450.jpg 450w, https:\/\/www.rwg-bayreuth.de\/home\/wp-content\/uploads\/2021\/12\/ItalienischAdventskalender2021-13-150x150.jpg 150w, https:\/\/www.rwg-bayreuth.de\/home\/wp-content\/uploads\/2021\/12\/ItalienischAdventskalender2021-13-250x250.jpg 250w\" sizes=\"(max-width: 600px) 100vw, 600px\" \/>[\/su_scheduler][su_scheduler days_month=\"13-31\" months=\"12\" years=\"2022\" alt=\"\"]<a \nhref=\"https:\/\/www.rwg-bayreuth.de\/home\/wp-content\/uploads\/2022\/11\/22-23-Adventskalender-Italienisch-13.pdf\"\n><img loading=\"lazy\" decoding=\"async\" src=\"https:\/\/www.rwg-bayreuth.de\/home\/wp-content\/uploads\/2021\/12\/ItalienischAdventskalender2021-13.jpg\" alt=\"\" width=\"600\" height=\"600\" class=\"alignnone size-full wp-image-29935\" srcset=\"https:\/\/www.rwg-bayreuth.de\/home\/wp-content\/uploads\/2021\/12\/ItalienischAdventskalender2021-13.jpg 600w, https:\/\/www.rwg-bayreuth.de\/home\/wp-content\/uploads\/2021\/12\/ItalienischAdventskalender2021-13-450x450.jpg 450w, https:\/\/www.rwg-bayreuth.de\/home\/wp-content\/uploads\/2021\/12\/ItalienischAdventskalender2021-13-150x150.jpg 150w, https:\/\/www.rwg-bayreuth.de\/home\/wp-content\/uploads\/2021\/12\/ItalienischAdventskalender2021-13-250x250.jpg 250w\" sizes=\"(max-width: 600px) 100vw, 600px\" \/><\/a>[\/su_scheduler]\n<\/div>\n\n\n\n\n<div style=\"width: 24%; margin: 0px; padding: 0px; display: inline-block\">\n[su_scheduler days_month=\"1-13\" months=\"12\" years=\"2022\" alt=\"\"]<img loading=\"lazy\" decoding=\"async\" src=\"https:\/\/www.rwg-bayreuth.de\/home\/wp-content\/uploads\/2021\/12\/ItalienischAdventskalender2021-14.jpg\" alt=\"\" width=\"600\" height=\"600\" class=\"alignnone size-full wp-image-29936\" srcset=\"https:\/\/www.rwg-bayreuth.de\/home\/wp-content\/uploads\/2021\/12\/ItalienischAdventskalender2021-14.jpg 600w, https:\/\/www.rwg-bayreuth.de\/home\/wp-content\/uploads\/2021\/12\/ItalienischAdventskalender2021-14-450x450.jpg 450w, https:\/\/www.rwg-bayreuth.de\/home\/wp-content\/uploads\/2021\/12\/ItalienischAdventskalender2021-14-150x150.jpg 150w, https:\/\/www.rwg-bayreuth.de\/home\/wp-content\/uploads\/2021\/12\/ItalienischAdventskalender2021-14-250x250.jpg 250w\" sizes=\"(max-width: 600px) 100vw, 600px\" \/>[\/su_scheduler][su_scheduler days_month=\"14-31\" months=\"12\" years=\"2022\" alt=\"\"]<a \nhref=\"https:\/\/www.rwg-bayreuth.de\/home\/wp-content\/uploads\/2022\/11\/22-23-Italienisch-Adventskalender-14.pdf\"\n><img loading=\"lazy\" decoding=\"async\" src=\"https:\/\/www.rwg-bayreuth.de\/home\/wp-content\/uploads\/2021\/12\/ItalienischAdventskalender2021-14.jpg\" alt=\"\" width=\"600\" height=\"600\" class=\"alignnone size-full wp-image-29936\" srcset=\"https:\/\/www.rwg-bayreuth.de\/home\/wp-content\/uploads\/2021\/12\/ItalienischAdventskalender2021-14.jpg 600w, https:\/\/www.rwg-bayreuth.de\/home\/wp-content\/uploads\/2021\/12\/ItalienischAdventskalender2021-14-450x450.jpg 450w, https:\/\/www.rwg-bayreuth.de\/home\/wp-content\/uploads\/2021\/12\/ItalienischAdventskalender2021-14-150x150.jpg 150w, https:\/\/www.rwg-bayreuth.de\/home\/wp-content\/uploads\/2021\/12\/ItalienischAdventskalender2021-14-250x250.jpg 250w\" sizes=\"(max-width: 600px) 100vw, 600px\" \/><\/a>[\/su_scheduler]\n<\/div>\n\n\n\n\n<div style=\"width: 24%; margin: 0px; padding: 0px; display: inline-block\">\n[su_scheduler days_month=\"1-14\" months=\"12\" years=\"2022\" alt=\"\"]<img loading=\"lazy\" decoding=\"async\" src=\"https:\/\/www.rwg-bayreuth.de\/home\/wp-content\/uploads\/2021\/12\/ItalienischAdventskalender2021-15.jpg\" alt=\"\" width=\"600\" height=\"600\" class=\"size-full wp-image-29937\" srcset=\"https:\/\/www.rwg-bayreuth.de\/home\/wp-content\/uploads\/2021\/12\/ItalienischAdventskalender2021-15.jpg 600w, https:\/\/www.rwg-bayreuth.de\/home\/wp-content\/uploads\/2021\/12\/ItalienischAdventskalender2021-15-450x450.jpg 450w, https:\/\/www.rwg-bayreuth.de\/home\/wp-content\/uploads\/2021\/12\/ItalienischAdventskalender2021-15-150x150.jpg 150w, https:\/\/www.rwg-bayreuth.de\/home\/wp-content\/uploads\/2021\/12\/ItalienischAdventskalender2021-15-250x250.jpg 250w\" sizes=\"(max-width: 600px) 100vw, 600px\" \/>[\/su_scheduler][su_scheduler days_month=\"15-31\" months=\"12\" years=\"2022\" alt=\"\"]<a \nhref=\"https:\/\/www.rwg-bayreuth.de\/home\/wp-content\/uploads\/2022\/11\/22-23-Adventskalender-Italienisch-15.pdf\"\n><img loading=\"lazy\" decoding=\"async\" src=\"https:\/\/www.rwg-bayreuth.de\/home\/wp-content\/uploads\/2021\/12\/ItalienischAdventskalender2021-15.jpg\" alt=\"\" width=\"600\" height=\"600\" class=\"size-full wp-image-29937\" srcset=\"https:\/\/www.rwg-bayreuth.de\/home\/wp-content\/uploads\/2021\/12\/ItalienischAdventskalender2021-15.jpg 600w, https:\/\/www.rwg-bayreuth.de\/home\/wp-content\/uploads\/2021\/12\/ItalienischAdventskalender2021-15-450x450.jpg 450w, https:\/\/www.rwg-bayreuth.de\/home\/wp-content\/uploads\/2021\/12\/ItalienischAdventskalender2021-15-150x150.jpg 150w, https:\/\/www.rwg-bayreuth.de\/home\/wp-content\/uploads\/2021\/12\/ItalienischAdventskalender2021-15-250x250.jpg 250w\" sizes=\"(max-width: 600px) 100vw, 600px\" \/><\/a>[\/su_scheduler]\n<\/div>\n\n\n\n\n<div style=\"width: 24%; margin: 0px; padding: 0px; display: inline-block\">\n[su_scheduler days_month=\"1-15\" months=\"12\" years=\"2022\" alt=\"\"]<img loading=\"lazy\" decoding=\"async\" src=\"https:\/\/www.rwg-bayreuth.de\/home\/wp-content\/uploads\/2021\/12\/ItalienischAdventskalender2021-16.jpg\" alt=\"\" width=\"600\" height=\"600\" class=\"size-full wp-image-29938\" srcset=\"https:\/\/www.rwg-bayreuth.de\/home\/wp-content\/uploads\/2021\/12\/ItalienischAdventskalender2021-16.jpg 600w, https:\/\/www.rwg-bayreuth.de\/home\/wp-content\/uploads\/2021\/12\/ItalienischAdventskalender2021-16-450x450.jpg 450w, https:\/\/www.rwg-bayreuth.de\/home\/wp-content\/uploads\/2021\/12\/ItalienischAdventskalender2021-16-150x150.jpg 150w, https:\/\/www.rwg-bayreuth.de\/home\/wp-content\/uploads\/2021\/12\/ItalienischAdventskalender2021-16-250x250.jpg 250w\" sizes=\"(max-width: 600px) 100vw, 600px\" \/>[\/su_scheduler][su_scheduler days_month=\"16-31\" months=\"12\" years=\"2022\" alt=\"\"]<a \nhref=\"https:\/\/www.rwg-bayreuth.de\/home\/wp-content\/uploads\/2022\/11\/22-23-Italienisch_Adventskalender-16.pdf\"\n><img loading=\"lazy\" decoding=\"async\" src=\"https:\/\/www.rwg-bayreuth.de\/home\/wp-content\/uploads\/2021\/12\/ItalienischAdventskalender2021-16.jpg\" alt=\"\" width=\"600\" height=\"600\" class=\"size-full wp-image-29938\" srcset=\"https:\/\/www.rwg-bayreuth.de\/home\/wp-content\/uploads\/2021\/12\/ItalienischAdventskalender2021-16.jpg 600w, https:\/\/www.rwg-bayreuth.de\/home\/wp-content\/uploads\/2021\/12\/ItalienischAdventskalender2021-16-450x450.jpg 450w, https:\/\/www.rwg-bayreuth.de\/home\/wp-content\/uploads\/2021\/12\/ItalienischAdventskalender2021-16-150x150.jpg 150w, https:\/\/www.rwg-bayreuth.de\/home\/wp-content\/uploads\/2021\/12\/ItalienischAdventskalender2021-16-250x250.jpg 250w\" sizes=\"(max-width: 600px) 100vw, 600px\" \/><\/a>[\/su_scheduler]\n<\/div>\n\n\n\n\n<div style=\"width: 24%; margin: 0px; padding: 0px; display: inline-block\">\n[su_scheduler days_month=\"1-16\" months=\"12\" years=\"2022\" alt=\"\"]<img loading=\"lazy\" decoding=\"async\" src=\"https:\/\/www.rwg-bayreuth.de\/home\/wp-content\/uploads\/2021\/12\/ItalienischAdventskalender2021-17.jpg\" alt=\"\" width=\"600\" height=\"600\" class=\"size-full wp-image-29939\" srcset=\"https:\/\/www.rwg-bayreuth.de\/home\/wp-content\/uploads\/2021\/12\/ItalienischAdventskalender2021-17.jpg 600w, https:\/\/www.rwg-bayreuth.de\/home\/wp-content\/uploads\/2021\/12\/ItalienischAdventskalender2021-17-450x450.jpg 450w, https:\/\/www.rwg-bayreuth.de\/home\/wp-content\/uploads\/2021\/12\/ItalienischAdventskalender2021-17-150x150.jpg 150w, https:\/\/www.rwg-bayreuth.de\/home\/wp-content\/uploads\/2021\/12\/ItalienischAdventskalender2021-17-250x250.jpg 250w\" sizes=\"(max-width: 600px) 100vw, 600px\" \/>[\/su_scheduler][su_scheduler days_month=\"17-31\" months=\"12\" years=\"2022\" alt=\"\"]<a \nhref=\"https:\/\/www.rwg-bayreuth.de\/home\/wp-content\/uploads\/2022\/11\/22-23.-Italienisch_Adventskalender-17.pdf\"\n><img loading=\"lazy\" decoding=\"async\" src=\"https:\/\/www.rwg-bayreuth.de\/home\/wp-content\/uploads\/2021\/12\/ItalienischAdventskalender2021-17.jpg\" alt=\"\" width=\"600\" height=\"600\" class=\"size-full wp-image-29939\" srcset=\"https:\/\/www.rwg-bayreuth.de\/home\/wp-content\/uploads\/2021\/12\/ItalienischAdventskalender2021-17.jpg 600w, https:\/\/www.rwg-bayreuth.de\/home\/wp-content\/uploads\/2021\/12\/ItalienischAdventskalender2021-17-450x450.jpg 450w, https:\/\/www.rwg-bayreuth.de\/home\/wp-content\/uploads\/2021\/12\/ItalienischAdventskalender2021-17-150x150.jpg 150w, https:\/\/www.rwg-bayreuth.de\/home\/wp-content\/uploads\/2021\/12\/ItalienischAdventskalender2021-17-250x250.jpg 250w\" sizes=\"(max-width: 600px) 100vw, 600px\" \/><\/a>[\/su_scheduler]\n<\/div>\n\n\n\n\n<div style=\"width: 24%; margin: 0px; padding: 0px; display: inline-block\">\n[su_scheduler days_month=\"1-17\" months=\"12\" years=\"2022\" alt=\"\"]<img loading=\"lazy\" decoding=\"async\" src=\"https:\/\/www.rwg-bayreuth.de\/home\/wp-content\/uploads\/2021\/12\/ItalienischAdventskalender2021-18.jpg\" alt=\"\" width=\"600\" height=\"600\" class=\"size-full wp-image-29940\" srcset=\"https:\/\/www.rwg-bayreuth.de\/home\/wp-content\/uploads\/2021\/12\/ItalienischAdventskalender2021-18.jpg 600w, https:\/\/www.rwg-bayreuth.de\/home\/wp-content\/uploads\/2021\/12\/ItalienischAdventskalender2021-18-450x450.jpg 450w, https:\/\/www.rwg-bayreuth.de\/home\/wp-content\/uploads\/2021\/12\/ItalienischAdventskalender2021-18-150x150.jpg 150w, https:\/\/www.rwg-bayreuth.de\/home\/wp-content\/uploads\/2021\/12\/ItalienischAdventskalender2021-18-250x250.jpg 250w\" sizes=\"(max-width: 600px) 100vw, 600px\" \/>[\/su_scheduler][su_scheduler days_month=\"18-31\" months=\"12\" years=\"2022\" alt=\"\"]<a \nhref=\"https:\/\/www.rwg-bayreuth.de\/home\/wp-content\/uploads\/2022\/11\/22-23-Adventskalender-Italienisch-18.pdf\"\n><img loading=\"lazy\" decoding=\"async\" src=\"https:\/\/www.rwg-bayreuth.de\/home\/wp-content\/uploads\/2021\/12\/ItalienischAdventskalender2021-18.jpg\" alt=\"\" width=\"600\" height=\"600\" class=\"size-full wp-image-29940\" srcset=\"https:\/\/www.rwg-bayreuth.de\/home\/wp-content\/uploads\/2021\/12\/ItalienischAdventskalender2021-18.jpg 600w, https:\/\/www.rwg-bayreuth.de\/home\/wp-content\/uploads\/2021\/12\/ItalienischAdventskalender2021-18-450x450.jpg 450w, https:\/\/www.rwg-bayreuth.de\/home\/wp-content\/uploads\/2021\/12\/ItalienischAdventskalender2021-18-150x150.jpg 150w, https:\/\/www.rwg-bayreuth.de\/home\/wp-content\/uploads\/2021\/12\/ItalienischAdventskalender2021-18-250x250.jpg 250w\" sizes=\"(max-width: 600px) 100vw, 600px\" \/><\/a>[\/su_scheduler]\n<\/div>\n\n\n\n\n<div style=\"width: 24%; margin: 0px; padding: 0px; display: inline-block\">\n[su_scheduler days_month=\"1-18\" months=\"12\" years=\"2022\" alt=\"\"]<img loading=\"lazy\" decoding=\"async\" src=\"https:\/\/www.rwg-bayreuth.de\/home\/wp-content\/uploads\/2021\/12\/ItalienischAdventskalender2021-19.jpg\" alt=\"\" width=\"600\" height=\"600\" class=\"size-full wp-image-29941\" srcset=\"https:\/\/www.rwg-bayreuth.de\/home\/wp-content\/uploads\/2021\/12\/ItalienischAdventskalender2021-19.jpg 600w, https:\/\/www.rwg-bayreuth.de\/home\/wp-content\/uploads\/2021\/12\/ItalienischAdventskalender2021-19-450x450.jpg 450w, https:\/\/www.rwg-bayreuth.de\/home\/wp-content\/uploads\/2021\/12\/ItalienischAdventskalender2021-19-150x150.jpg 150w, https:\/\/www.rwg-bayreuth.de\/home\/wp-content\/uploads\/2021\/12\/ItalienischAdventskalender2021-19-250x250.jpg 250w\" sizes=\"(max-width: 600px) 100vw, 600px\" \/>[\/su_scheduler][su_scheduler days_month=\"19-31\" months=\"12\" years=\"2022\" alt=\"\"]<a \nhref=\"https:\/\/www.rwg-bayreuth.de\/home\/wp-content\/uploads\/2022\/11\/22-23-Adventskalender-Italienisch-19.pdf\"\n><img loading=\"lazy\" decoding=\"async\" src=\"https:\/\/www.rwg-bayreuth.de\/home\/wp-content\/uploads\/2021\/12\/ItalienischAdventskalender2021-19.jpg\" alt=\"\" width=\"600\" height=\"600\" class=\"alignnone size-full wp-image-29941\" srcset=\"https:\/\/www.rwg-bayreuth.de\/home\/wp-content\/uploads\/2021\/12\/ItalienischAdventskalender2021-19.jpg 600w, https:\/\/www.rwg-bayreuth.de\/home\/wp-content\/uploads\/2021\/12\/ItalienischAdventskalender2021-19-450x450.jpg 450w, https:\/\/www.rwg-bayreuth.de\/home\/wp-content\/uploads\/2021\/12\/ItalienischAdventskalender2021-19-150x150.jpg 150w, https:\/\/www.rwg-bayreuth.de\/home\/wp-content\/uploads\/2021\/12\/ItalienischAdventskalender2021-19-250x250.jpg 250w\" sizes=\"(max-width: 600px) 100vw, 600px\" \/><\/a>[\/su_scheduler]\n<\/div>\n\n\n\n\n<div style=\"width: 24%; margin: 0px; padding: 0px; display: inline-block\">\n[su_scheduler days_month=\"1-19\" months=\"12\" years=\"2022\" alt=\"\"]<img loading=\"lazy\" decoding=\"async\" src=\"https:\/\/www.rwg-bayreuth.de\/home\/wp-content\/uploads\/2021\/12\/ItalienischAdventskalender2021-20.jpg\" alt=\"\" width=\"600\" height=\"600\" class=\"size-full wp-image-29942\" srcset=\"https:\/\/www.rwg-bayreuth.de\/home\/wp-content\/uploads\/2021\/12\/ItalienischAdventskalender2021-20.jpg 600w, https:\/\/www.rwg-bayreuth.de\/home\/wp-content\/uploads\/2021\/12\/ItalienischAdventskalender2021-20-450x450.jpg 450w, https:\/\/www.rwg-bayreuth.de\/home\/wp-content\/uploads\/2021\/12\/ItalienischAdventskalender2021-20-150x150.jpg 150w, https:\/\/www.rwg-bayreuth.de\/home\/wp-content\/uploads\/2021\/12\/ItalienischAdventskalender2021-20-250x250.jpg 250w\" sizes=\"(max-width: 600px) 100vw, 600px\" \/>[\/su_scheduler][su_scheduler days_month=\"20-31\" months=\"12\" years=\"2022\" alt=\"\"]<a \nhref=\"https:\/\/www.rwg-bayreuth.de\/home\/wp-content\/uploads\/2022\/11\/22-23-Italienisch_Adventskalender-20.pdf\"\n><img loading=\"lazy\" decoding=\"async\" src=\"https:\/\/www.rwg-bayreuth.de\/home\/wp-content\/uploads\/2021\/12\/ItalienischAdventskalender2021-20.jpg\" alt=\"\" width=\"600\" height=\"600\" class=\"size-full wp-image-29942\" srcset=\"https:\/\/www.rwg-bayreuth.de\/home\/wp-content\/uploads\/2021\/12\/ItalienischAdventskalender2021-20.jpg 600w, https:\/\/www.rwg-bayreuth.de\/home\/wp-content\/uploads\/2021\/12\/ItalienischAdventskalender2021-20-450x450.jpg 450w, https:\/\/www.rwg-bayreuth.de\/home\/wp-content\/uploads\/2021\/12\/ItalienischAdventskalender2021-20-150x150.jpg 150w, https:\/\/www.rwg-bayreuth.de\/home\/wp-content\/uploads\/2021\/12\/ItalienischAdventskalender2021-20-250x250.jpg 250w\" sizes=\"(max-width: 600px) 100vw, 600px\" \/><\/a>[\/su_scheduler]\n<\/div>\n\n\n\n\n<div style=\"width: 24%; margin: 0px; padding: 0px; display: inline-block\">\n[su_scheduler days_month=\"1-20\" months=\"12\" years=\"2022\" alt=\"\"]<img loading=\"lazy\" decoding=\"async\" src=\"https:\/\/www.rwg-bayreuth.de\/home\/wp-content\/uploads\/2021\/12\/ItalienischAdventskalender2021-21.jpg\" alt=\"\" width=\"600\" height=\"600\" class=\"size-full wp-image-29943\" srcset=\"https:\/\/www.rwg-bayreuth.de\/home\/wp-content\/uploads\/2021\/12\/ItalienischAdventskalender2021-21.jpg 600w, https:\/\/www.rwg-bayreuth.de\/home\/wp-content\/uploads\/2021\/12\/ItalienischAdventskalender2021-21-450x450.jpg 450w, https:\/\/www.rwg-bayreuth.de\/home\/wp-content\/uploads\/2021\/12\/ItalienischAdventskalender2021-21-150x150.jpg 150w, https:\/\/www.rwg-bayreuth.de\/home\/wp-content\/uploads\/2021\/12\/ItalienischAdventskalender2021-21-250x250.jpg 250w\" sizes=\"(max-width: 600px) 100vw, 600px\" \/>[\/su_scheduler][su_scheduler days_month=\"21-31\" months=\"12\" years=\"2022\" alt=\"\"]<a \nhref=\"https:\/\/www.rwg-bayreuth.de\/home\/wp-content\/uploads\/2022\/11\/22-23-Italienisch-Adventskalender-21.pdf\"\n><img loading=\"lazy\" decoding=\"async\" src=\"https:\/\/www.rwg-bayreuth.de\/home\/wp-content\/uploads\/2021\/12\/ItalienischAdventskalender2021-21.jpg\" alt=\"\" width=\"600\" height=\"600\" class=\"size-full wp-image-29943\" srcset=\"https:\/\/www.rwg-bayreuth.de\/home\/wp-content\/uploads\/2021\/12\/ItalienischAdventskalender2021-21.jpg 600w, https:\/\/www.rwg-bayreuth.de\/home\/wp-content\/uploads\/2021\/12\/ItalienischAdventskalender2021-21-450x450.jpg 450w, https:\/\/www.rwg-bayreuth.de\/home\/wp-content\/uploads\/2021\/12\/ItalienischAdventskalender2021-21-150x150.jpg 150w, https:\/\/www.rwg-bayreuth.de\/home\/wp-content\/uploads\/2021\/12\/ItalienischAdventskalender2021-21-250x250.jpg 250w\" sizes=\"(max-width: 600px) 100vw, 600px\" \/><\/a>[\/su_scheduler]\n<\/div>\n\n\n\n\n<div style=\"width: 24%; margin: 0px; padding: 0px; display: inline-block\">\n[su_scheduler days_month=\"1-21\" months=\"12\" years=\"2022\" alt=\"\"]<img loading=\"lazy\" decoding=\"async\" src=\"https:\/\/www.rwg-bayreuth.de\/home\/wp-content\/uploads\/2021\/12\/ItalienischAdventskalender2021-22.jpg\" alt=\"\" width=\"600\" height=\"600\" class=\"size-full wp-image-29944\" srcset=\"https:\/\/www.rwg-bayreuth.de\/home\/wp-content\/uploads\/2021\/12\/ItalienischAdventskalender2021-22.jpg 600w, https:\/\/www.rwg-bayreuth.de\/home\/wp-content\/uploads\/2021\/12\/ItalienischAdventskalender2021-22-450x450.jpg 450w, https:\/\/www.rwg-bayreuth.de\/home\/wp-content\/uploads\/2021\/12\/ItalienischAdventskalender2021-22-150x150.jpg 150w, https:\/\/www.rwg-bayreuth.de\/home\/wp-content\/uploads\/2021\/12\/ItalienischAdventskalender2021-22-250x250.jpg 250w\" sizes=\"(max-width: 600px) 100vw, 600px\" \/>[\/su_scheduler][su_scheduler days_month=\"22-31\" months=\"12\" years=\"2022\" alt=\"\"]<a \nhref=\"https:\/\/www.rwg-bayreuth.de\/home\/wp-content\/uploads\/2022\/11\/22-23-Italienisch-Adventskalender-22.pdf\"\n><img loading=\"lazy\" decoding=\"async\" src=\"https:\/\/www.rwg-bayreuth.de\/home\/wp-content\/uploads\/2021\/12\/ItalienischAdventskalender2021-22.jpg\" alt=\"\" width=\"600\" height=\"600\" class=\"size-full wp-image-29944\" srcset=\"https:\/\/www.rwg-bayreuth.de\/home\/wp-content\/uploads\/2021\/12\/ItalienischAdventskalender2021-22.jpg 600w, https:\/\/www.rwg-bayreuth.de\/home\/wp-content\/uploads\/2021\/12\/ItalienischAdventskalender2021-22-450x450.jpg 450w, https:\/\/www.rwg-bayreuth.de\/home\/wp-content\/uploads\/2021\/12\/ItalienischAdventskalender2021-22-150x150.jpg 150w, https:\/\/www.rwg-bayreuth.de\/home\/wp-content\/uploads\/2021\/12\/ItalienischAdventskalender2021-22-250x250.jpg 250w\" sizes=\"(max-width: 600px) 100vw, 600px\" \/><\/a>[\/su_scheduler]\n<\/div>\n\n\n\n\n<div style=\"width: 24%; margin: 0px; padding: 0px; display: inline-block\">\n[su_scheduler days_month=\"1-22\" months=\"12\" years=\"2022\" alt=\"\"]<img loading=\"lazy\" decoding=\"async\" src=\"https:\/\/www.rwg-bayreuth.de\/home\/wp-content\/uploads\/2021\/12\/ItalienischAdventskalender2021-23.jpg\" alt=\"\" width=\"600\" height=\"600\" class=\"size-full wp-image-29945\" srcset=\"https:\/\/www.rwg-bayreuth.de\/home\/wp-content\/uploads\/2021\/12\/ItalienischAdventskalender2021-23.jpg 600w, https:\/\/www.rwg-bayreuth.de\/home\/wp-content\/uploads\/2021\/12\/ItalienischAdventskalender2021-23-450x450.jpg 450w, https:\/\/www.rwg-bayreuth.de\/home\/wp-content\/uploads\/2021\/12\/ItalienischAdventskalender2021-23-150x150.jpg 150w, https:\/\/www.rwg-bayreuth.de\/home\/wp-content\/uploads\/2021\/12\/ItalienischAdventskalender2021-23-250x250.jpg 250w\" sizes=\"(max-width: 600px) 100vw, 600px\" \/>[\/su_scheduler][su_scheduler days_month=\"23-31\" months=\"12\" years=\"2022\" alt=\"\"]<a \nhref=\"https:\/\/www.rwg-bayreuth.de\/home\/wp-content\/uploads\/2022\/11\/22-23-Italienisch-Adventskalender-23.pdf\"\n><img loading=\"lazy\" decoding=\"async\" src=\"https:\/\/www.rwg-bayreuth.de\/home\/wp-content\/uploads\/2021\/12\/ItalienischAdventskalender2021-23.jpg\" alt=\"\" width=\"600\" height=\"600\" class=\"size-full wp-image-29945\" srcset=\"https:\/\/www.rwg-bayreuth.de\/home\/wp-content\/uploads\/2021\/12\/ItalienischAdventskalender2021-23.jpg 600w, https:\/\/www.rwg-bayreuth.de\/home\/wp-content\/uploads\/2021\/12\/ItalienischAdventskalender2021-23-450x450.jpg 450w, https:\/\/www.rwg-bayreuth.de\/home\/wp-content\/uploads\/2021\/12\/ItalienischAdventskalender2021-23-150x150.jpg 150w, https:\/\/www.rwg-bayreuth.de\/home\/wp-content\/uploads\/2021\/12\/ItalienischAdventskalender2021-23-250x250.jpg 250w\" sizes=\"(max-width: 600px) 100vw, 600px\" \/><\/a>[\/su_scheduler]\n<\/div>\n\n\n\n\n<div style=\"width: 24%; margin: 0px; padding: 0px; display: inline-block\">\n[su_scheduler days_month=\"1-23\" months=\"12\" years=\"2022\" alt=\"\"]<img loading=\"lazy\" decoding=\"async\" src=\"https:\/\/www.rwg-bayreuth.de\/home\/wp-content\/uploads\/2021\/12\/ItalienischAdventskalender2021-24.jpg\" alt=\"\" width=\"600\" height=\"600\" class=\"size-full wp-image-29946\" srcset=\"https:\/\/www.rwg-bayreuth.de\/home\/wp-content\/uploads\/2021\/12\/ItalienischAdventskalender2021-24.jpg 600w, https:\/\/www.rwg-bayreuth.de\/home\/wp-content\/uploads\/2021\/12\/ItalienischAdventskalender2021-24-450x450.jpg 450w, https:\/\/www.rwg-bayreuth.de\/home\/wp-content\/uploads\/2021\/12\/ItalienischAdventskalender2021-24-150x150.jpg 150w, https:\/\/www.rwg-bayreuth.de\/home\/wp-content\/uploads\/2021\/12\/ItalienischAdventskalender2021-24-250x250.jpg 250w\" sizes=\"(max-width: 600px) 100vw, 600px\" \/>[\/su_scheduler][su_scheduler days_month=\"24-31\" months=\"12\" years=\"2022\" alt=\"\"]<a \nhref=\"https:\/\/www.rwg-bayreuth.de\/home\/wp-content\/uploads\/2022\/11\/22-23-Italienisch-Adventskalender-24.pdf\"\n><img loading=\"lazy\" decoding=\"async\" src=\"https:\/\/www.rwg-bayreuth.de\/home\/wp-content\/uploads\/2021\/12\/ItalienischAdventskalender2021-24.jpg\" alt=\"\" width=\"600\" height=\"600\" class=\"size-full wp-image-29946\" srcset=\"https:\/\/www.rwg-bayreuth.de\/home\/wp-content\/uploads\/2021\/12\/ItalienischAdventskalender2021-24.jpg 600w, https:\/\/www.rwg-bayreuth.de\/home\/wp-content\/uploads\/2021\/12\/ItalienischAdventskalender2021-24-450x450.jpg 450w, https:\/\/www.rwg-bayreuth.de\/home\/wp-content\/uploads\/2021\/12\/ItalienischAdventskalender2021-24-150x150.jpg 150w, https:\/\/www.rwg-bayreuth.de\/home\/wp-content\/uploads\/2021\/12\/ItalienischAdventskalender2021-24-250x250.jpg 250w\" sizes=\"(max-width: 600px) 100vw, 600px\" \/><\/a>[\/su_scheduler]\n<\/div>\n\n\n\n\n\n\nab 2023 years=\"2023-2100\" \n\n\n\n-->\n<div style=\"width: 24%; margin: 0px; padding: 0px; display: inline-block\">\n<a href=\"https:\/\/www.rwg-bayreuth.de\/home\/wp-content\/uploads\/2022\/11\/22-23-Italienisch-Adventskalender-1.pdf\"><img loading=\"lazy\" decoding=\"async\" src=\"https:\/\/www.rwg-bayreuth.de\/home\/wp-content\/uploads\/2021\/12\/ItalienischAdventskalender2021-1.jpg\" alt=\"\" width=\"600\" height=\"600\" class=\"alignnone size-full wp-image-29907\" srcset=\"https:\/\/www.rwg-bayreuth.de\/home\/wp-content\/uploads\/2021\/12\/ItalienischAdventskalender2021-1.jpg 600w, https:\/\/www.rwg-bayreuth.de\/home\/wp-content\/uploads\/2021\/12\/ItalienischAdventskalender2021-1-450x450.jpg 450w, https:\/\/www.rwg-bayreuth.de\/home\/wp-content\/uploads\/2021\/12\/ItalienischAdventskalender2021-1-150x150.jpg 150w, https:\/\/www.rwg-bayreuth.de\/home\/wp-content\/uploads\/2021\/12\/ItalienischAdventskalender2021-1-250x250.jpg 250w\" sizes=\"(max-width: 600px) 100vw, 600px\" \/><\/a>\n<\/div>\n<div style=\"width: 24%; margin: 0px; padding: 0px; display: inline-block\">\n<a href=\"https:\/\/www.rwg-bayreuth.de\/home\/wp-content\/uploads\/2022\/11\/22-23-Italienisch-Adventskalender-2.pdf\"><img loading=\"lazy\" decoding=\"async\" src=\"https:\/\/www.rwg-bayreuth.de\/home\/wp-content\/uploads\/2021\/12\/ItalienischAdventskalender2021-2.jpg\" alt=\"\" width=\"600\" height=\"600\" class=\"alignnone size-full wp-image-29908\" srcset=\"https:\/\/www.rwg-bayreuth.de\/home\/wp-content\/uploads\/2021\/12\/ItalienischAdventskalender2021-2.jpg 600w, https:\/\/www.rwg-bayreuth.de\/home\/wp-content\/uploads\/2021\/12\/ItalienischAdventskalender2021-2-450x450.jpg 450w, https:\/\/www.rwg-bayreuth.de\/home\/wp-content\/uploads\/2021\/12\/ItalienischAdventskalender2021-2-150x150.jpg 150w, https:\/\/www.rwg-bayreuth.de\/home\/wp-content\/uploads\/2021\/12\/ItalienischAdventskalender2021-2-250x250.jpg 250w\" sizes=\"(max-width: 600px) 100vw, 600px\" \/><\/a>\n<\/div>\n<div style=\"width: 24%; margin: 0px; padding: 0px; display: inline-block\">\n<a href=\"https:\/\/www.rwg-bayreuth.de\/home\/wp-content\/uploads\/2022\/11\/22-23-Italienisch-Adventskalender-3.pdf\"><img loading=\"lazy\" decoding=\"async\" src=\"https:\/\/www.rwg-bayreuth.de\/home\/wp-content\/uploads\/2021\/12\/ItalienischAdventskalender2021-3.jpg\" alt=\"\" width=\"600\" height=\"600\" class=\"alignnone size-full wp-image-29909\" srcset=\"https:\/\/www.rwg-bayreuth.de\/home\/wp-content\/uploads\/2021\/12\/ItalienischAdventskalender2021-3.jpg 600w, https:\/\/www.rwg-bayreuth.de\/home\/wp-content\/uploads\/2021\/12\/ItalienischAdventskalender2021-3-450x450.jpg 450w, https:\/\/www.rwg-bayreuth.de\/home\/wp-content\/uploads\/2021\/12\/ItalienischAdventskalender2021-3-150x150.jpg 150w, https:\/\/www.rwg-bayreuth.de\/home\/wp-content\/uploads\/2021\/12\/ItalienischAdventskalender2021-3-250x250.jpg 250w\" sizes=\"(max-width: 600px) 100vw, 600px\" \/><\/a>\n<\/div>\n<div style=\"width: 24%; margin: 0px; padding: 0px; display: inline-block\">\n<a href=\"https:\/\/www.rwg-bayreuth.de\/home\/wp-content\/uploads\/2022\/11\/22-23-Italienisch-Adventskalender-4.pdf\"><img loading=\"lazy\" decoding=\"async\" src=\"https:\/\/www.rwg-bayreuth.de\/home\/wp-content\/uploads\/2021\/12\/ItalienischAdventskalender2021-4.jpg\" alt=\"\" width=\"600\" height=\"600\" class=\"alignnone size-full wp-image-29910\" srcset=\"https:\/\/www.rwg-bayreuth.de\/home\/wp-content\/uploads\/2021\/12\/ItalienischAdventskalender2021-4.jpg 600w, https:\/\/www.rwg-bayreuth.de\/home\/wp-content\/uploads\/2021\/12\/ItalienischAdventskalender2021-4-450x450.jpg 450w, https:\/\/www.rwg-bayreuth.de\/home\/wp-content\/uploads\/2021\/12\/ItalienischAdventskalender2021-4-150x150.jpg 150w, https:\/\/www.rwg-bayreuth.de\/home\/wp-content\/uploads\/2021\/12\/ItalienischAdventskalender2021-4-250x250.jpg 250w\" sizes=\"(max-width: 600px) 100vw, 600px\" \/><\/a>\n<\/div>\n<div style=\"width: 24%; margin: 0px; padding: 0px; display: inline-block\">\n<a href=\"https:\/\/www.rwg-bayreuth.de\/home\/wp-content\/uploads\/2022\/11\/22-23-Italienisch-Adventskalender-5.pdf\"><img loading=\"lazy\" decoding=\"async\" src=\"https:\/\/www.rwg-bayreuth.de\/home\/wp-content\/uploads\/2021\/12\/ItalienischAdventskalender2021-5.jpg\" alt=\"\" width=\"600\" height=\"600\" class=\"alignnone size-full wp-image-29911\" srcset=\"https:\/\/www.rwg-bayreuth.de\/home\/wp-content\/uploads\/2021\/12\/ItalienischAdventskalender2021-5.jpg 600w, https:\/\/www.rwg-bayreuth.de\/home\/wp-content\/uploads\/2021\/12\/ItalienischAdventskalender2021-5-450x450.jpg 450w, https:\/\/www.rwg-bayreuth.de\/home\/wp-content\/uploads\/2021\/12\/ItalienischAdventskalender2021-5-150x150.jpg 150w, https:\/\/www.rwg-bayreuth.de\/home\/wp-content\/uploads\/2021\/12\/ItalienischAdventskalender2021-5-250x250.jpg 250w\" sizes=\"(max-width: 600px) 100vw, 600px\" \/><\/a>\n<\/div>\n<div style=\"width: 24%; margin: 0px; padding: 0px; display: inline-block\">\n<a href=\"https:\/\/www.rwg-bayreuth.de\/home\/wp-content\/uploads\/2022\/11\/22-23-Italienisch-Adventskalender-6.pdf\"><img loading=\"lazy\" decoding=\"async\" src=\"https:\/\/www.rwg-bayreuth.de\/home\/wp-content\/uploads\/2021\/12\/ItalienischAdventskalender2021-6.jpg\" alt=\"\" width=\"600\" height=\"600\" class=\"alignnone size-full wp-image-29912\" srcset=\"https:\/\/www.rwg-bayreuth.de\/home\/wp-content\/uploads\/2021\/12\/ItalienischAdventskalender2021-6.jpg 600w, https:\/\/www.rwg-bayreuth.de\/home\/wp-content\/uploads\/2021\/12\/ItalienischAdventskalender2021-6-450x450.jpg 450w, https:\/\/www.rwg-bayreuth.de\/home\/wp-content\/uploads\/2021\/12\/ItalienischAdventskalender2021-6-150x150.jpg 150w, https:\/\/www.rwg-bayreuth.de\/home\/wp-content\/uploads\/2021\/12\/ItalienischAdventskalender2021-6-250x250.jpg 250w\" sizes=\"(max-width: 600px) 100vw, 600px\" \/><\/a>\n<\/div>\n<div style=\"width: 24%; margin: 0px; padding: 0px; display: inline-block\">\n<a href=\"https:\/\/www.rwg-bayreuth.de\/home\/wp-content\/uploads\/2022\/11\/22-23-Italienisch-Adventskalender-7.pdf\"><img loading=\"lazy\" decoding=\"async\" src=\"https:\/\/www.rwg-bayreuth.de\/home\/wp-content\/uploads\/2021\/12\/ItalienischAdventskalender2021-7.jpg\" alt=\"\" width=\"600\" height=\"600\" class=\"alignnone size-full wp-image-29913\" srcset=\"https:\/\/www.rwg-bayreuth.de\/home\/wp-content\/uploads\/2021\/12\/ItalienischAdventskalender2021-7.jpg 600w, https:\/\/www.rwg-bayreuth.de\/home\/wp-content\/uploads\/2021\/12\/ItalienischAdventskalender2021-7-450x450.jpg 450w, https:\/\/www.rwg-bayreuth.de\/home\/wp-content\/uploads\/2021\/12\/ItalienischAdventskalender2021-7-150x150.jpg 150w, https:\/\/www.rwg-bayreuth.de\/home\/wp-content\/uploads\/2021\/12\/ItalienischAdventskalender2021-7-250x250.jpg 250w\" sizes=\"(max-width: 600px) 100vw, 600px\" \/><\/a>\n<\/div>\n<div style=\"width: 24%; margin: 0px; padding: 0px; display: inline-block\">\n<a href=\"https:\/\/www.rwg-bayreuth.de\/home\/wp-content\/uploads\/2022\/11\/22-23-Italienisch-Adventskalender-8.pdf\"><img loading=\"lazy\" decoding=\"async\" src=\"https:\/\/www.rwg-bayreuth.de\/home\/wp-content\/uploads\/2021\/12\/ItalienischAdventskalender2021-8.jpg\" alt=\"\" width=\"600\" height=\"600\" class=\"alignnone size-full wp-image-29914\" srcset=\"https:\/\/www.rwg-bayreuth.de\/home\/wp-content\/uploads\/2021\/12\/ItalienischAdventskalender2021-8.jpg 600w, https:\/\/www.rwg-bayreuth.de\/home\/wp-content\/uploads\/2021\/12\/ItalienischAdventskalender2021-8-450x450.jpg 450w, https:\/\/www.rwg-bayreuth.de\/home\/wp-content\/uploads\/2021\/12\/ItalienischAdventskalender2021-8-150x150.jpg 150w, https:\/\/www.rwg-bayreuth.de\/home\/wp-content\/uploads\/2021\/12\/ItalienischAdventskalender2021-8-250x250.jpg 250w\" sizes=\"(max-width: 600px) 100vw, 600px\" \/><\/a>\n<\/div>\n<div style=\"width: 24%; margin: 0px; padding: 0px; display: inline-block\">\n<a href=\"https:\/\/www.rwg-bayreuth.de\/home\/wp-content\/uploads\/2022\/11\/22-23-Italienisch-Adventskalender-9.pdf\"><img loading=\"lazy\" decoding=\"async\" src=\"https:\/\/www.rwg-bayreuth.de\/home\/wp-content\/uploads\/2021\/12\/ItalienischAdventskalender2021-9.jpg\" alt=\"\" width=\"600\" height=\"600\" class=\"alignnone size-full wp-image-29915\" srcset=\"https:\/\/www.rwg-bayreuth.de\/home\/wp-content\/uploads\/2021\/12\/ItalienischAdventskalender2021-9.jpg 600w, https:\/\/www.rwg-bayreuth.de\/home\/wp-content\/uploads\/2021\/12\/ItalienischAdventskalender2021-9-450x450.jpg 450w, https:\/\/www.rwg-bayreuth.de\/home\/wp-content\/uploads\/2021\/12\/ItalienischAdventskalender2021-9-150x150.jpg 150w, https:\/\/www.rwg-bayreuth.de\/home\/wp-content\/uploads\/2021\/12\/ItalienischAdventskalender2021-9-250x250.jpg 250w\" sizes=\"(max-width: 600px) 100vw, 600px\" \/><\/a>\n<\/div>\n<div style=\"width: 24%; margin: 0px; padding: 0px; display: inline-block\">\n<a href=\"https:\/\/www.rwg-bayreuth.de\/home\/wp-content\/uploads\/2022\/11\/22-23-Italienisch-Adventskalender-10.pdf\"><img loading=\"lazy\" decoding=\"async\" src=\"https:\/\/www.rwg-bayreuth.de\/home\/wp-content\/uploads\/2021\/12\/ItalienischAdventskalender2021-10.jpg\" alt=\"\" width=\"600\" height=\"600\" class=\"alignnone size-full wp-image-29916\" srcset=\"https:\/\/www.rwg-bayreuth.de\/home\/wp-content\/uploads\/2021\/12\/ItalienischAdventskalender2021-10.jpg 600w, https:\/\/www.rwg-bayreuth.de\/home\/wp-content\/uploads\/2021\/12\/ItalienischAdventskalender2021-10-450x450.jpg 450w, https:\/\/www.rwg-bayreuth.de\/home\/wp-content\/uploads\/2021\/12\/ItalienischAdventskalender2021-10-150x150.jpg 150w, https:\/\/www.rwg-bayreuth.de\/home\/wp-content\/uploads\/2021\/12\/ItalienischAdventskalender2021-10-250x250.jpg 250w\" sizes=\"(max-width: 600px) 100vw, 600px\" \/><\/a>\n<\/div>\n<div style=\"width: 24%; margin: 0px; padding: 0px; display: inline-block\">\n<a href=\"https:\/\/www.rwg-bayreuth.de\/home\/wp-content\/uploads\/2022\/11\/22-23-Italienisch-Adventskalender-11.pdf\"><img loading=\"lazy\" decoding=\"async\" src=\"https:\/\/www.rwg-bayreuth.de\/home\/wp-content\/uploads\/2021\/12\/ItalienischAdventskalender2021-11.jpg\" alt=\"\" width=\"600\" height=\"600\" class=\"alignnone size-full wp-image-29917\" srcset=\"https:\/\/www.rwg-bayreuth.de\/home\/wp-content\/uploads\/2021\/12\/ItalienischAdventskalender2021-11.jpg 600w, https:\/\/www.rwg-bayreuth.de\/home\/wp-content\/uploads\/2021\/12\/ItalienischAdventskalender2021-11-450x450.jpg 450w, https:\/\/www.rwg-bayreuth.de\/home\/wp-content\/uploads\/2021\/12\/ItalienischAdventskalender2021-11-150x150.jpg 150w, https:\/\/www.rwg-bayreuth.de\/home\/wp-content\/uploads\/2021\/12\/ItalienischAdventskalender2021-11-250x250.jpg 250w\" sizes=\"(max-width: 600px) 100vw, 600px\" \/><\/a>\n<\/div>\n<div style=\"width: 24%; margin: 0px; padding: 0px; display: inline-block\">\n<a href=\"https:\/\/www.rwg-bayreuth.de\/home\/wp-content\/uploads\/2022\/11\/22-23-Adventskalender-Italienisch-12.pdf\"><img loading=\"lazy\" decoding=\"async\" src=\"https:\/\/www.rwg-bayreuth.de\/home\/wp-content\/uploads\/2021\/12\/ItalienischAdventskalender2021-12.jpg\" alt=\"\" width=\"600\" height=\"600\" class=\"alignnone size-full wp-image-29947\" srcset=\"https:\/\/www.rwg-bayreuth.de\/home\/wp-content\/uploads\/2021\/12\/ItalienischAdventskalender2021-12.jpg 600w, https:\/\/www.rwg-bayreuth.de\/home\/wp-content\/uploads\/2021\/12\/ItalienischAdventskalender2021-12-450x450.jpg 450w, https:\/\/www.rwg-bayreuth.de\/home\/wp-content\/uploads\/2021\/12\/ItalienischAdventskalender2021-12-150x150.jpg 150w, https:\/\/www.rwg-bayreuth.de\/home\/wp-content\/uploads\/2021\/12\/ItalienischAdventskalender2021-12-250x250.jpg 250w\" sizes=\"(max-width: 600px) 100vw, 600px\" \/><\/a>\n<\/div>\n<div style=\"width: 24%; margin: 0px; padding: 0px; display: inline-block\">\n<a href=\"https:\/\/www.rwg-bayreuth.de\/home\/wp-content\/uploads\/2022\/11\/22-23-Adventskalender-Italienisch-13.pdf\"><img loading=\"lazy\" decoding=\"async\" src=\"https:\/\/www.rwg-bayreuth.de\/home\/wp-content\/uploads\/2021\/12\/ItalienischAdventskalender2021-13.jpg\" alt=\"\" width=\"600\" height=\"600\" class=\"alignnone size-full wp-image-29935\" srcset=\"https:\/\/www.rwg-bayreuth.de\/home\/wp-content\/uploads\/2021\/12\/ItalienischAdventskalender2021-13.jpg 600w, https:\/\/www.rwg-bayreuth.de\/home\/wp-content\/uploads\/2021\/12\/ItalienischAdventskalender2021-13-450x450.jpg 450w, https:\/\/www.rwg-bayreuth.de\/home\/wp-content\/uploads\/2021\/12\/ItalienischAdventskalender2021-13-150x150.jpg 150w, https:\/\/www.rwg-bayreuth.de\/home\/wp-content\/uploads\/2021\/12\/ItalienischAdventskalender2021-13-250x250.jpg 250w\" sizes=\"(max-width: 600px) 100vw, 600px\" \/><\/a>\n<\/div>\n<div style=\"width: 24%; margin: 0px; padding: 0px; display: inline-block\">\n<a href=\"https:\/\/www.rwg-bayreuth.de\/home\/wp-content\/uploads\/2022\/11\/22-23-Italienisch-Adventskalender-14.pdf\"><img loading=\"lazy\" decoding=\"async\" src=\"https:\/\/www.rwg-bayreuth.de\/home\/wp-content\/uploads\/2021\/12\/ItalienischAdventskalender2021-14.jpg\" alt=\"\" width=\"600\" height=\"600\" class=\"alignnone size-full wp-image-29936\" srcset=\"https:\/\/www.rwg-bayreuth.de\/home\/wp-content\/uploads\/2021\/12\/ItalienischAdventskalender2021-14.jpg 600w, https:\/\/www.rwg-bayreuth.de\/home\/wp-content\/uploads\/2021\/12\/ItalienischAdventskalender2021-14-450x450.jpg 450w, https:\/\/www.rwg-bayreuth.de\/home\/wp-content\/uploads\/2021\/12\/ItalienischAdventskalender2021-14-150x150.jpg 150w, https:\/\/www.rwg-bayreuth.de\/home\/wp-content\/uploads\/2021\/12\/ItalienischAdventskalender2021-14-250x250.jpg 250w\" sizes=\"(max-width: 600px) 100vw, 600px\" \/><\/a>\n<\/div>\n<div style=\"width: 24%; margin: 0px; padding: 0px; display: inline-block\">\n<a href=\"https:\/\/www.rwg-bayreuth.de\/home\/wp-content\/uploads\/2022\/11\/22-23-Adventskalender-Italienisch-15.pdf\"><img loading=\"lazy\" decoding=\"async\" src=\"https:\/\/www.rwg-bayreuth.de\/home\/wp-content\/uploads\/2021\/12\/ItalienischAdventskalender2021-15.jpg\" alt=\"\" width=\"600\" height=\"600\" class=\"size-full wp-image-29937\" srcset=\"https:\/\/www.rwg-bayreuth.de\/home\/wp-content\/uploads\/2021\/12\/ItalienischAdventskalender2021-15.jpg 600w, https:\/\/www.rwg-bayreuth.de\/home\/wp-content\/uploads\/2021\/12\/ItalienischAdventskalender2021-15-450x450.jpg 450w, https:\/\/www.rwg-bayreuth.de\/home\/wp-content\/uploads\/2021\/12\/ItalienischAdventskalender2021-15-150x150.jpg 150w, https:\/\/www.rwg-bayreuth.de\/home\/wp-content\/uploads\/2021\/12\/ItalienischAdventskalender2021-15-250x250.jpg 250w\" sizes=\"(max-width: 600px) 100vw, 600px\" \/><\/a>\n<\/div>\n<div style=\"width: 24%; margin: 0px; padding: 0px; display: inline-block\">\n<a href=\"https:\/\/www.rwg-bayreuth.de\/home\/wp-content\/uploads\/2022\/11\/22-23-Italienisch_Adventskalender-16.pdf\"><img loading=\"lazy\" decoding=\"async\" src=\"https:\/\/www.rwg-bayreuth.de\/home\/wp-content\/uploads\/2021\/12\/ItalienischAdventskalender2021-16.jpg\" alt=\"\" width=\"600\" height=\"600\" class=\"size-full wp-image-29938\" srcset=\"https:\/\/www.rwg-bayreuth.de\/home\/wp-content\/uploads\/2021\/12\/ItalienischAdventskalender2021-16.jpg 600w, https:\/\/www.rwg-bayreuth.de\/home\/wp-content\/uploads\/2021\/12\/ItalienischAdventskalender2021-16-450x450.jpg 450w, https:\/\/www.rwg-bayreuth.de\/home\/wp-content\/uploads\/2021\/12\/ItalienischAdventskalender2021-16-150x150.jpg 150w, https:\/\/www.rwg-bayreuth.de\/home\/wp-content\/uploads\/2021\/12\/ItalienischAdventskalender2021-16-250x250.jpg 250w\" sizes=\"(max-width: 600px) 100vw, 600px\" \/><\/a>\n<\/div>\n<div style=\"width: 24%; margin: 0px; padding: 0px; display: inline-block\">\n<a href=\"https:\/\/www.rwg-bayreuth.de\/home\/wp-content\/uploads\/2022\/11\/22-23.-Italienisch_Adventskalender-17.pdf\"><img loading=\"lazy\" decoding=\"async\" src=\"https:\/\/www.rwg-bayreuth.de\/home\/wp-content\/uploads\/2021\/12\/ItalienischAdventskalender2021-17.jpg\" alt=\"\" width=\"600\" height=\"600\" class=\"size-full wp-image-29939\" srcset=\"https:\/\/www.rwg-bayreuth.de\/home\/wp-content\/uploads\/2021\/12\/ItalienischAdventskalender2021-17.jpg 600w, https:\/\/www.rwg-bayreuth.de\/home\/wp-content\/uploads\/2021\/12\/ItalienischAdventskalender2021-17-450x450.jpg 450w, https:\/\/www.rwg-bayreuth.de\/home\/wp-content\/uploads\/2021\/12\/ItalienischAdventskalender2021-17-150x150.jpg 150w, https:\/\/www.rwg-bayreuth.de\/home\/wp-content\/uploads\/2021\/12\/ItalienischAdventskalender2021-17-250x250.jpg 250w\" sizes=\"(max-width: 600px) 100vw, 600px\" \/><\/a>\n<\/div>\n<div style=\"width: 24%; margin: 0px; padding: 0px; display: inline-block\">\n<a href=\"https:\/\/www.rwg-bayreuth.de\/home\/wp-content\/uploads\/2022\/11\/22-23-Adventskalender-Italienisch-18.pdf\"><img loading=\"lazy\" decoding=\"async\" src=\"https:\/\/www.rwg-bayreuth.de\/home\/wp-content\/uploads\/2021\/12\/ItalienischAdventskalender2021-18.jpg\" alt=\"\" width=\"600\" height=\"600\" class=\"size-full wp-image-29940\" srcset=\"https:\/\/www.rwg-bayreuth.de\/home\/wp-content\/uploads\/2021\/12\/ItalienischAdventskalender2021-18.jpg 600w, https:\/\/www.rwg-bayreuth.de\/home\/wp-content\/uploads\/2021\/12\/ItalienischAdventskalender2021-18-450x450.jpg 450w, https:\/\/www.rwg-bayreuth.de\/home\/wp-content\/uploads\/2021\/12\/ItalienischAdventskalender2021-18-150x150.jpg 150w, https:\/\/www.rwg-bayreuth.de\/home\/wp-content\/uploads\/2021\/12\/ItalienischAdventskalender2021-18-250x250.jpg 250w\" sizes=\"(max-width: 600px) 100vw, 600px\" \/><\/a>\n<\/div>\n<div style=\"width: 24%; margin: 0px; padding: 0px; display: inline-block\">\n<a href=\"https:\/\/www.rwg-bayreuth.de\/home\/wp-content\/uploads\/2022\/11\/22-23-Adventskalender-Italienisch-19.pdf\"><img loading=\"lazy\" decoding=\"async\" src=\"https:\/\/www.rwg-bayreuth.de\/home\/wp-content\/uploads\/2021\/12\/ItalienischAdventskalender2021-19.jpg\" alt=\"\" width=\"600\" height=\"600\" class=\"alignnone size-full wp-image-29941\" srcset=\"https:\/\/www.rwg-bayreuth.de\/home\/wp-content\/uploads\/2021\/12\/ItalienischAdventskalender2021-19.jpg 600w, https:\/\/www.rwg-bayreuth.de\/home\/wp-content\/uploads\/2021\/12\/ItalienischAdventskalender2021-19-450x450.jpg 450w, https:\/\/www.rwg-bayreuth.de\/home\/wp-content\/uploads\/2021\/12\/ItalienischAdventskalender2021-19-150x150.jpg 150w, https:\/\/www.rwg-bayreuth.de\/home\/wp-content\/uploads\/2021\/12\/ItalienischAdventskalender2021-19-250x250.jpg 250w\" sizes=\"(max-width: 600px) 100vw, 600px\" \/><\/a>\n<\/div>\n<div style=\"width: 24%; margin: 0px; padding: 0px; display: inline-block\">\n<a href=\"https:\/\/www.rwg-bayreuth.de\/home\/wp-content\/uploads\/2022\/11\/22-23-Italienisch_Adventskalender-20.pdf\"><img loading=\"lazy\" decoding=\"async\" src=\"https:\/\/www.rwg-bayreuth.de\/home\/wp-content\/uploads\/2021\/12\/ItalienischAdventskalender2021-20.jpg\" alt=\"\" width=\"600\" height=\"600\" class=\"size-full wp-image-29942\" srcset=\"https:\/\/www.rwg-bayreuth.de\/home\/wp-content\/uploads\/2021\/12\/ItalienischAdventskalender2021-20.jpg 600w, https:\/\/www.rwg-bayreuth.de\/home\/wp-content\/uploads\/2021\/12\/ItalienischAdventskalender2021-20-450x450.jpg 450w, https:\/\/www.rwg-bayreuth.de\/home\/wp-content\/uploads\/2021\/12\/ItalienischAdventskalender2021-20-150x150.jpg 150w, https:\/\/www.rwg-bayreuth.de\/home\/wp-content\/uploads\/2021\/12\/ItalienischAdventskalender2021-20-250x250.jpg 250w\" sizes=\"(max-width: 600px) 100vw, 600px\" \/><\/a>\n<\/div>\n<div style=\"width: 24%; margin: 0px; padding: 0px; display: inline-block\">\n<a href=\"https:\/\/www.rwg-bayreuth.de\/home\/wp-content\/uploads\/2022\/11\/22-23-Italienisch-Adventskalender-21.pdf\"><img loading=\"lazy\" decoding=\"async\" src=\"https:\/\/www.rwg-bayreuth.de\/home\/wp-content\/uploads\/2021\/12\/ItalienischAdventskalender2021-21.jpg\" alt=\"\" width=\"600\" height=\"600\" class=\"size-full wp-image-29943\" srcset=\"https:\/\/www.rwg-bayreuth.de\/home\/wp-content\/uploads\/2021\/12\/ItalienischAdventskalender2021-21.jpg 600w, https:\/\/www.rwg-bayreuth.de\/home\/wp-content\/uploads\/2021\/12\/ItalienischAdventskalender2021-21-450x450.jpg 450w, https:\/\/www.rwg-bayreuth.de\/home\/wp-content\/uploads\/2021\/12\/ItalienischAdventskalender2021-21-150x150.jpg 150w, https:\/\/www.rwg-bayreuth.de\/home\/wp-content\/uploads\/2021\/12\/ItalienischAdventskalender2021-21-250x250.jpg 250w\" sizes=\"(max-width: 600px) 100vw, 600px\" \/><\/a>\n<\/div>\n<div style=\"width: 24%; margin: 0px; padding: 0px; display: inline-block\">\n<a href=\"https:\/\/www.rwg-bayreuth.de\/home\/wp-content\/uploads\/2022\/11\/22-23-Italienisch-Adventskalender-22.pdf\"><img loading=\"lazy\" decoding=\"async\" src=\"https:\/\/www.rwg-bayreuth.de\/home\/wp-content\/uploads\/2021\/12\/ItalienischAdventskalender2021-22.jpg\" alt=\"\" width=\"600\" height=\"600\" class=\"size-full wp-image-29944\" srcset=\"https:\/\/www.rwg-bayreuth.de\/home\/wp-content\/uploads\/2021\/12\/ItalienischAdventskalender2021-22.jpg 600w, https:\/\/www.rwg-bayreuth.de\/home\/wp-content\/uploads\/2021\/12\/ItalienischAdventskalender2021-22-450x450.jpg 450w, https:\/\/www.rwg-bayreuth.de\/home\/wp-content\/uploads\/2021\/12\/ItalienischAdventskalender2021-22-150x150.jpg 150w, https:\/\/www.rwg-bayreuth.de\/home\/wp-content\/uploads\/2021\/12\/ItalienischAdventskalender2021-22-250x250.jpg 250w\" sizes=\"(max-width: 600px) 100vw, 600px\" \/><\/a>\n<\/div>\n<div style=\"width: 24%; margin: 0px; padding: 0px; display: inline-block\">\n<a href=\"https:\/\/www.rwg-bayreuth.de\/home\/wp-content\/uploads\/2022\/11\/22-23-Italienisch-Adventskalender-23.pdf\"><img loading=\"lazy\" decoding=\"async\" src=\"https:\/\/www.rwg-bayreuth.de\/home\/wp-content\/uploads\/2021\/12\/ItalienischAdventskalender2021-23.jpg\" alt=\"\" width=\"600\" height=\"600\" class=\"size-full wp-image-29945\" srcset=\"https:\/\/www.rwg-bayreuth.de\/home\/wp-content\/uploads\/2021\/12\/ItalienischAdventskalender2021-23.jpg 600w, https:\/\/www.rwg-bayreuth.de\/home\/wp-content\/uploads\/2021\/12\/ItalienischAdventskalender2021-23-450x450.jpg 450w, https:\/\/www.rwg-bayreuth.de\/home\/wp-content\/uploads\/2021\/12\/ItalienischAdventskalender2021-23-150x150.jpg 150w, https:\/\/www.rwg-bayreuth.de\/home\/wp-content\/uploads\/2021\/12\/ItalienischAdventskalender2021-23-250x250.jpg 250w\" sizes=\"(max-width: 600px) 100vw, 600px\" \/><\/a>\n<\/div>\n<div style=\"width: 24%; margin: 0px; padding: 0px; display: inline-block\">\n<a href=\"https:\/\/www.rwg-bayreuth.de\/home\/wp-content\/uploads\/2022\/11\/22-23-Italienisch-Adventskalender-24.pdf\"><img loading=\"lazy\" decoding=\"async\" src=\"https:\/\/www.rwg-bayreuth.de\/home\/wp-content\/uploads\/2021\/12\/ItalienischAdventskalender2021-24.jpg\" alt=\"\" width=\"600\" height=\"600\" class=\"size-full wp-image-29946\" srcset=\"https:\/\/www.rwg-bayreuth.de\/home\/wp-content\/uploads\/2021\/12\/ItalienischAdventskalender2021-24.jpg 600w, https:\/\/www.rwg-bayreuth.de\/home\/wp-content\/uploads\/2021\/12\/ItalienischAdventskalender2021-24-450x450.jpg 450w, https:\/\/www.rwg-bayreuth.de\/home\/wp-content\/uploads\/2021\/12\/ItalienischAdventskalender2021-24-150x150.jpg 150w, https:\/\/www.rwg-bayreuth.de\/home\/wp-content\/uploads\/2021\/12\/ItalienischAdventskalender2021-24-250x250.jpg 250w\" sizes=\"(max-width: 600px) 100vw, 600px\" \/><\/a>\n<\/div>\n\n","protected":false},"excerpt":{"rendered":"<p>Liebe Schulgemeinschaft, liebe Sch\u00fcler, liebe Eltern,<br \/>\nCari amici, <\/p>\n<p>Natale si sta avvicinando. Weihnachten r\u00fcckt mit gro\u00dfen Schritten n\u00e4her. <\/p>\n<p>Um euch\/ Ihnen die Adventszeit etwas zu verk\u00fcrzen, hat das Studienseminar und die Fachschaft Italienisch einen kleinen digitalen Adventskalender (calendario dell`avvento) zusammengestellt. &hellip;<\/p>\n","protected":false},"author":11,"featured_media":29979,"comment_status":"closed","ping_status":"closed","sticky":false,"template":"","format":"standard","meta":{"footnotes":""},"categories":[1],"tags":[51,69],"_links":{"self":[{"href":"https:\/\/www.rwg-bayreuth.de\/home\/index.php?rest_route=\/wp\/v2\/posts\/32622"}],"collection":[{"href":"https:\/\/www.rwg-bayreuth.de\/home\/index.php?rest_route=\/wp\/v2\/posts"}],"about":[{"href":"https:\/\/www.rwg-bayreuth.de\/home\/index.php?rest_route=\/wp\/v2\/types\/post"}],"author":[{"embeddable":true,"href":"https:\/\/www.rwg-bayreuth.de\/home\/index.php?rest_route=\/wp\/v2\/users\/11"}],"replies":[{"embeddable":true,"href":"https:\/\/www.rwg-bayreuth.de\/home\/index.php?rest_route=%2Fwp%2Fv2%2Fcomments&post=32622"}],"version-history":[{"count":42,"href":"https:\/\/www.rwg-bayreuth.de\/home\/index.php?rest_route=\/wp\/v2\/posts\/32622\/revisions"}],"predecessor-version":[{"id":40272,"href":"https:\/\/www.rwg-bayreuth.de\/home\/index.php?rest_route=\/wp\/v2\/posts\/32622\/revisions\/40272"}],"wp:featuredmedia":[{"embeddable":true,"href":"https:\/\/www.rwg-bayreuth.de\/home\/index.php?rest_route=\/wp\/v2\/media\/29979"}],"wp:attachment":[{"href":"https:\/\/www.rwg-bayreuth.de\/home\/index.php?rest_route=%2Fwp%2Fv2%2Fmedia&parent=32622"}],"wp:term":[{"taxonomy":"category","embeddable":true,"href":"https:\/\/www.rwg-bayreuth.de\/home\/index.php?rest_route=%2Fwp%2Fv2%2Fcategories&post=32622"},{"taxonomy":"post_tag","embeddable":true,"href":"https:\/\/www.rwg-bayreuth.de\/home\/index.php?rest_route=%2Fwp%2Fv2%2Ftags&post=32622"}],"curies":[{"name":"wp","href":"https:\/\/api.w.org\/{rel}","templated":true}]}}