{"id":32594,"date":"2022-12-02T06:18:21","date_gmt":"2022-12-02T05:18:21","guid":{"rendered":"http:\/\/www.rwg-bayreuth.de\/home\/?p=32594"},"modified":"2022-11-23T17:19:27","modified_gmt":"2022-11-23T16:19:27","slug":"schueleraustausch-mit-la-spezia-2022","status":"publish","type":"post","link":"https:\/\/www.rwg-bayreuth.de\/home\/?p=32594","title":{"rendered":"Sch\u00fcleraustausch mit La Spezia 2022"},"content":{"rendered":"<div class=\"su-image-carousel  su-image-carousel-has-spacing su-image-carousel-crop su-image-carousel-crop-16-10 su-image-carousel-has-lightbox su-image-carousel-has-outline su-image-carousel-adaptive su-image-carousel-slides-style-minimal su-image-carousel-controls-style-light su-image-carousel-align-center\" style=\"max-width:450px\" data-flickity-options='{\"groupCells\":true,\"cellSelector\":\".su-image-carousel-item\",\"adaptiveHeight\":false,\"cellAlign\":\"left\",\"prevNextButtons\":true,\"pageDots\":false,\"autoPlay\":4000,\"imagesLoaded\":true,\"contain\":true,\"selectedAttraction\":0.025000000000000001,\"friction\":0.28000000000000003}' id=\"su_image_carousel_69f1b2b349aec\"><div class=\"su-image-carousel-item\"><div class=\"su-image-carousel-item-content\"><a href=\"https:\/\/www.rwg-bayreuth.de\/home\/wp-content\/uploads\/2022\/11\/22-23-LaSpezia-1.jpg\" data-caption=\"\"><img loading=\"lazy\" decoding=\"async\" width=\"1024\" height=\"640\" src=\"https:\/\/www.rwg-bayreuth.de\/home\/wp-content\/uploads\/2022\/11\/22-23-LaSpezia-1.jpg\" class=\"\" alt=\"\" srcset=\"https:\/\/www.rwg-bayreuth.de\/home\/wp-content\/uploads\/2022\/11\/22-23-LaSpezia-1.jpg 1024w, https:\/\/www.rwg-bayreuth.de\/home\/wp-content\/uploads\/2022\/11\/22-23-LaSpezia-1-450x281.jpg 450w, https:\/\/www.rwg-bayreuth.de\/home\/wp-content\/uploads\/2022\/11\/22-23-LaSpezia-1-150x94.jpg 150w, https:\/\/www.rwg-bayreuth.de\/home\/wp-content\/uploads\/2022\/11\/22-23-LaSpezia-1-768x480.jpg 768w, https:\/\/www.rwg-bayreuth.de\/home\/wp-content\/uploads\/2022\/11\/22-23-LaSpezia-1-250x156.jpg 250w\" sizes=\"(max-width: 1024px) 100vw, 1024px\" \/><\/a><\/div><\/div><div class=\"su-image-carousel-item\"><div class=\"su-image-carousel-item-content\"><a href=\"https:\/\/www.rwg-bayreuth.de\/home\/wp-content\/uploads\/2022\/11\/22-23-LaSpezia-2.jpg\" data-caption=\"\"><img loading=\"lazy\" decoding=\"async\" width=\"1024\" height=\"640\" src=\"https:\/\/www.rwg-bayreuth.de\/home\/wp-content\/uploads\/2022\/11\/22-23-LaSpezia-2.jpg\" class=\"\" alt=\"\" srcset=\"https:\/\/www.rwg-bayreuth.de\/home\/wp-content\/uploads\/2022\/11\/22-23-LaSpezia-2.jpg 1024w, https:\/\/www.rwg-bayreuth.de\/home\/wp-content\/uploads\/2022\/11\/22-23-LaSpezia-2-450x281.jpg 450w, https:\/\/www.rwg-bayreuth.de\/home\/wp-content\/uploads\/2022\/11\/22-23-LaSpezia-2-150x94.jpg 150w, https:\/\/www.rwg-bayreuth.de\/home\/wp-content\/uploads\/2022\/11\/22-23-LaSpezia-2-768x480.jpg 768w, https:\/\/www.rwg-bayreuth.de\/home\/wp-content\/uploads\/2022\/11\/22-23-LaSpezia-2-250x156.jpg 250w\" sizes=\"(max-width: 1024px) 100vw, 1024px\" \/><\/a><\/div><\/div><div class=\"su-image-carousel-item\"><div class=\"su-image-carousel-item-content\"><a href=\"https:\/\/www.rwg-bayreuth.de\/home\/wp-content\/uploads\/2022\/11\/22-23-LaSpezia-3.jpg\" data-caption=\"\"><img loading=\"lazy\" decoding=\"async\" width=\"1024\" height=\"640\" src=\"https:\/\/www.rwg-bayreuth.de\/home\/wp-content\/uploads\/2022\/11\/22-23-LaSpezia-3.jpg\" class=\"\" alt=\"\" srcset=\"https:\/\/www.rwg-bayreuth.de\/home\/wp-content\/uploads\/2022\/11\/22-23-LaSpezia-3.jpg 1024w, https:\/\/www.rwg-bayreuth.de\/home\/wp-content\/uploads\/2022\/11\/22-23-LaSpezia-3-450x281.jpg 450w, https:\/\/www.rwg-bayreuth.de\/home\/wp-content\/uploads\/2022\/11\/22-23-LaSpezia-3-150x94.jpg 150w, https:\/\/www.rwg-bayreuth.de\/home\/wp-content\/uploads\/2022\/11\/22-23-LaSpezia-3-768x480.jpg 768w, https:\/\/www.rwg-bayreuth.de\/home\/wp-content\/uploads\/2022\/11\/22-23-LaSpezia-3-250x156.jpg 250w\" sizes=\"(max-width: 1024px) 100vw, 1024px\" \/><\/a><\/div><\/div><\/div><script id=\"su_image_carousel_69f1b2b349aec_script\">if(window.SUImageCarousel){setTimeout(function() {window.SUImageCarousel.initGallery(document.getElementById(\"su_image_carousel_69f1b2b349aec\"))}, 0);}var su_image_carousel_69f1b2b349aec_script=document.getElementById(\"su_image_carousel_69f1b2b349aec_script\");if(su_image_carousel_69f1b2b349aec_script){su_image_carousel_69f1b2b349aec_script.parentNode.removeChild(su_image_carousel_69f1b2b349aec_script);}<\/script>\n<p>Nachdem der traditionsreiche Sch\u00fcleraustausch mit unserer Partnerschule, dem Istituto A. Fossati &#8211; M. Da Passano, in La Spezia 2 Jahre lang pausieren musste, konnten am 24.09.2022 endlich wieder 18 Sch\u00fclerinnen und Sch\u00fcler des RWG in unsere wundersch\u00f6ne Partnerstadt aufbrechen!<\/p>\n<p>Begr\u00fc\u00dft wurden wir mit strahlenden italienischen Gesichtern und Regenschirmen, denn leider hatten wir es am Anfang mit nicht ganz so sch\u00f6nem Wetter zu tun. <\/p>\n<p>Sonntag war erstmal ein Familientag angesagt oder ein freiwilliger Ausflug nach Portovenere. <\/p>\n<p>Montagmorgen begann der Tag mit einer Stadtf\u00fchrung quer durch la Spezia, vorbei an der \u201eUfo\u201c Kirche, der Richard Wagner Statue, zum sch\u00f6nen Hafen bis schlie\u00dflich hin zum Rathaus, wo die Gruppe von Vertretern der \u201aComune di La Spezia\u2018 begr\u00fc\u00dft wurde. Zur\u00fcck in der Schule wurden wir von einem absolut fantastischen Minikonzert der schulischen Musikgruppe \u00fcberrascht.<\/p>\n<p>Der erste Tagesausflug stand am Dienstag auf dem Programm und f\u00fchrte uns ins Aquarium nach Genua, das gr\u00f6\u00dfte Aquarium Europas! Am Mittwoch besuchten wir die Bibliothek \u201aBeghi\u2018 mit dem \u201aIstituto storico della Resistenza\u2018, wo wir einen Vortrag \u00fcber den italienischen Widerstandskampf im 2. Weltkrieg h\u00f6rten. Danach ging es mit dem Bus nach Lerici, einer wirklich sehr sch\u00f6nen kleinen Stadt mit einer malerischen Burg. <\/p>\n<p>Der Donnerstag war leider schon der letzte Tag mit gro\u00dfem Programm, aber definitiv eines der Highlights der Woche. Wir machten uns fr\u00fch auf und fuhren mit dem Zug in die Cinque Terre zum ersten Dorf: Manarola. Wir brachen zu einer kleinen Wanderung oberhalb der Stadt auf. Uns bot sich ein atemberaubendes Panorama \u00fcber dem tosenden Meer. Bevor wir weiter nach Monterosso fuhren, hatten wir noch kurz Zeit, uns selbst das kleine D\u00f6rfchen anzuschauen. Es wurden Souvenirs gekauft und Eis gegessen. An diesem Nachmittag wurden auch noch die letzten Geschenke und Andenken an diese wundersch\u00f6ne Woche gekauft und noch einmal von der leckeren italienischen K\u00fcche gekostet.<\/p>\n<p>Am Freitagmorgen ging es nach einem dramatischen Abschied unter dunklen Wolken und schweren Regentropfen wieder nach Hause ins kalte Deutschland. <\/p>\n<p>Der Gegenbesuch der Spezzini fand noch vor den Herbstferien statt und auch die italienischen Austauschsch\u00fcler wurden mit allen Ehren im Bayreuther Rathaus empfangen. Das Programm der Woche bestand weiterhin aus zwei Tagesfahrten nach N\u00fcrnberg und Bamberg, einer Stadtf\u00fchrung, einer Besichtigung des Opernhauses und einem Besuch der Leuschner-Gedenkst\u00e4tte.<\/p>\n<p>Es war eine rundum gelungene Wiederaufnahme des Austauschs nach der Pandemie! <\/p>\n<p><em>Paula Dellermann (Q12), Andrea R\u00fcger<\/em><\/p>\n","protected":false},"excerpt":{"rendered":"<p>Nachdem der traditionsreiche Sch\u00fcleraustausch mit unserer Partnerschule, dem Istituto A. Fossati &#8211; M. Da Passano, in La Spezia 2 Jahre lang pausieren musste, konnten am 24.09.2022 endlich wieder 18 Sch\u00fclerinnen und Sch\u00fcler des RWG in unsere wundersch\u00f6ne Partnerstadt aufbrechen! Begr\u00fc\u00dft wurden wir mit strahlenden italienischen Gesichtern und Regenschirmen, denn leider hatten wir es am Anfang&hellip;<\/p>\n","protected":false},"author":11,"featured_media":32599,"comment_status":"closed","ping_status":"closed","sticky":false,"template":"","format":"standard","meta":{"footnotes":""},"categories":[1],"tags":[68,51,69],"_links":{"self":[{"href":"https:\/\/www.rwg-bayreuth.de\/home\/index.php?rest_route=\/wp\/v2\/posts\/32594"}],"collection":[{"href":"https:\/\/www.rwg-bayreuth.de\/home\/index.php?rest_route=\/wp\/v2\/posts"}],"about":[{"href":"https:\/\/www.rwg-bayreuth.de\/home\/index.php?rest_route=\/wp\/v2\/types\/post"}],"author":[{"embeddable":true,"href":"https:\/\/www.rwg-bayreuth.de\/home\/index.php?rest_route=\/wp\/v2\/users\/11"}],"replies":[{"embeddable":true,"href":"https:\/\/www.rwg-bayreuth.de\/home\/index.php?rest_route=%2Fwp%2Fv2%2Fcomments&post=32594"}],"version-history":[{"count":1,"href":"https:\/\/www.rwg-bayreuth.de\/home\/index.php?rest_route=\/wp\/v2\/posts\/32594\/revisions"}],"predecessor-version":[{"id":32598,"href":"https:\/\/www.rwg-bayreuth.de\/home\/index.php?rest_route=\/wp\/v2\/posts\/32594\/revisions\/32598"}],"wp:featuredmedia":[{"embeddable":true,"href":"https:\/\/www.rwg-bayreuth.de\/home\/index.php?rest_route=\/wp\/v2\/media\/32599"}],"wp:attachment":[{"href":"https:\/\/www.rwg-bayreuth.de\/home\/index.php?rest_route=%2Fwp%2Fv2%2Fmedia&parent=32594"}],"wp:term":[{"taxonomy":"category","embeddable":true,"href":"https:\/\/www.rwg-bayreuth.de\/home\/index.php?rest_route=%2Fwp%2Fv2%2Fcategories&post=32594"},{"taxonomy":"post_tag","embeddable":true,"href":"https:\/\/www.rwg-bayreuth.de\/home\/index.php?rest_route=%2Fwp%2Fv2%2Ftags&post=32594"}],"curies":[{"name":"wp","href":"https:\/\/api.w.org\/{rel}","templated":true}]}}